{"id":81595,"date":"2025-04-24T13:28:12","date_gmt":"2025-04-24T13:28:12","guid":{"rendered":"https:\/\/www.ull.es\/portal\/noticias\/?p=81595"},"modified":"2025-04-24T13:28:42","modified_gmt":"2025-04-24T13:28:42","slug":"ull-asa-africa-colaboraran-conocimiento-relaciones","status":"publish","type":"post","link":"https:\/\/www.ull.es\/portal\/noticias\/2025\/ull-asa-africa-colaboraran-conocimiento-relaciones\/","title":{"rendered":"La ULL y Casa \u00c1frica colaborar\u00e1n para mejorar el conocimiento y relaciones con el continente vecino"},"content":{"rendered":"<p>El rector de la Universidad de La Laguna, Francisco Garc\u00eda, y el director general de Casa \u00c1frica, Jos\u00e9 Segura, firmaron recientemente un acuerdo general de colaboraci\u00f3n entre ambas instituciones que tendr\u00e1 una vigencia inicial de tres a\u00f1os y que ha sido incentivado dado el inter\u00e9s com\u00fan en promover el conocimiento y las relaciones con el continente vecino. En el acto tambi\u00e9n estuvo presente la vicerrectora de Internacionalizaci\u00f3n y Cooperaci\u00f3n del centro acad\u00e9mico, Inmaculada Gonz\u00e1lez.<\/p>\n<p>Ambos coincidieron en que el fortalecimiento de las relaciones con \u00c1frica resulta estrat\u00e9gico para Canarias y, al mismo tiempo, supone un fortalecimiento de la cooperaci\u00f3n al desarrollo que entronca perfectamente con la agenda 2030, cuyo cumplimiento forma parte de las estipulaciones del acuerdo. La formaci\u00f3n y la investigaci\u00f3n son, en este sentido, dos pilares b\u00e1sicos para lograr ese objetivo, sin olvidar acciones m\u00e1s concretas relacionadas con el voluntariado y el emprendimiento social en comunidades africanas.<\/p>\n<p>Este protocolo establece tres grandes l\u00edneas generales de posibles colaboraciones. La primera es organizar actividades relacionadas con el continente africano, con especial foco en \u00e1mbitos como difusi\u00f3n y sensibilizaci\u00f3n, educaci\u00f3n para la ciudadan\u00eda global; voluntariado internacional; movilidad de profesorado y alumnado; gobernanza y geopol\u00edtica, desarrollo social y econ\u00f3mico sostenible, cambio clim\u00e1tico, transici\u00f3n energ\u00e9tica, migraciones e igualdad, con especial referencia a las desarrolladas con entidades africanas o ubicadas en el continente.<\/p>\n<p>La segunda l\u00ednea de actuaci\u00f3n es la promoci\u00f3n de proyectos acordes con la actividad de ambas organizaciones, y la tercera, difundir las actividades desarrolladas por cada una de las partes.<\/p>\n<p>El acuerdo no contempla ninguna contraprestaci\u00f3n monetaria de ninguna de las partes y especifica que cada una de las actividades que puedan emanar de este acuerdo tendr\u00e1n que ser formalizadas a trav\u00e9s de un convenio espec\u00edfico. Tambi\u00e9n establece la formaci\u00f3n de una comisi\u00f3n de seguimiento que vele por el desarrollo de las acciones propuestas, y que estar\u00e1 integrado por dos personas de cada una de las dos instituciones firmantes.<\/p>\n","protected":false},"excerpt":{"rendered":"<p>El rector de la Universidad de La Laguna, Francisco Garc\u00eda, y el director general de Casa \u00c1frica, Jos\u00e9 Segura, firmaron&#8230;<\/p>\n","protected":false},"author":21,"featured_media":81596,"comment_status":"closed","ping_status":"closed","sticky":false,"template":"","format":"standard","meta":{"inline_featured_image":false,"footnotes":""},"categories":[345,349,2765],"tags":[403,6015,910,4878],"acf":[],"yoast_head":"<!-- This site is optimized with the Yoast SEO plugin v21.3 - https:\/\/yoast.com\/wordpress\/plugins\/seo\/ -->\n<title>La ULL y Casa \u00c1frica firman un convenio general de colaboraci\u00f3n<\/title>\n<meta name=\"description\" content=\"Francisco Garc\u00eda y Jos\u00e9 Segura rubricaron un acuerdo de, inicialmente, tres a\u00f1os para fortalecer el conocimiento y las relaciones con \u00c1frica.\" \/>\n<meta name=\"robots\" content=\"index, follow, max-snippet:-1, max-image-preview:large, max-video-preview:-1\" \/>\n<link rel=\"canonical\" href=\"https:\/\/www.ull.es\/portal\/noticias\/2025\/ull-asa-africa-colaboraran-conocimiento-relaciones\/\" \/>\n<meta property=\"og:locale\" content=\"es_ES\" \/>\n<meta property=\"og:type\" content=\"article\" \/>\n<meta property=\"og:title\" content=\"La ULL y Casa \u00c1frica firman un convenio general de colaboraci\u00f3n\" \/>\n<meta property=\"og:description\" content=\"Francisco Garc\u00eda y Jos\u00e9 Segura rubricaron un acuerdo de, inicialmente, tres a\u00f1os para fortalecer el conocimiento y las relaciones con \u00c1frica.\" \/>\n<meta property=\"og:url\" content=\"https:\/\/www.ull.es\/portal\/noticias\/2025\/ull-asa-africa-colaboraran-conocimiento-relaciones\/\" \/>\n<meta property=\"og:site_name\" content=\"ULL - Noticias\" \/>\n<meta property=\"article:publisher\" content=\"https:\/\/www.facebook.com\/universidaddelalaguna\/\" \/>\n<meta property=\"article:published_time\" content=\"2025-04-24T13:28:12+00:00\" \/>\n<meta property=\"article:modified_time\" content=\"2025-04-24T13:28:42+00:00\" \/>\n<meta property=\"og:image\" content=\"https:\/\/www.ull.es\/portal\/noticias\/wp-content\/uploads\/sites\/13\/2025\/04\/Casa-Africa-4.jpg\" \/>\n\t<meta property=\"og:image:width\" content=\"1200\" \/>\n\t<meta property=\"og:image:height\" content=\"823\" \/>\n\t<meta property=\"og:image:type\" content=\"image\/jpeg\" \/>\n<meta name=\"author\" content=\"prensa2\" \/>\n<meta name=\"twitter:card\" content=\"summary_large_image\" \/>\n<meta name=\"twitter:creator\" content=\"@CanalULL\" \/>\n<meta name=\"twitter:site\" content=\"@CanalULL\" \/>\n<meta name=\"twitter:label1\" content=\"Escrito por\" \/>\n\t<meta name=\"twitter:data1\" content=\"prensa2\" \/>\n\t<meta name=\"twitter:label2\" content=\"Tiempo de lectura\" \/>\n\t<meta name=\"twitter:data2\" content=\"2 minutos\" \/>\n<script type=\"application\/ld+json\" class=\"yoast-schema-graph\">{\"@context\":\"https:\/\/schema.org\",\"@graph\":[{\"@type\":\"WebPage\",\"@id\":\"https:\/\/www.ull.es\/portal\/noticias\/2025\/ull-asa-africa-colaboraran-conocimiento-relaciones\/\",\"url\":\"https:\/\/www.ull.es\/portal\/noticias\/2025\/ull-asa-africa-colaboraran-conocimiento-relaciones\/\",\"name\":\"La ULL y Casa \u00c1frica firman un convenio general de colaboraci\u00f3n\",\"isPartOf\":{\"@id\":\"https:\/\/www.ull.es\/portal\/noticias\/#website\"},\"datePublished\":\"2025-04-24T13:28:12+00:00\",\"dateModified\":\"2025-04-24T13:28:42+00:00\",\"author\":{\"@id\":\"https:\/\/www.ull.es\/portal\/noticias\/#\/schema\/person\/c3b2aa857797592927a03740d6664376\"},\"description\":\"Francisco Garc\u00eda y Jos\u00e9 Segura rubricaron un acuerdo de, inicialmente, tres a\u00f1os para fortalecer el conocimiento y las relaciones con \u00c1frica.\",\"breadcrumb\":{\"@id\":\"https:\/\/www.ull.es\/portal\/noticias\/2025\/ull-asa-africa-colaboraran-conocimiento-relaciones\/#breadcrumb\"},\"inLanguage\":\"es\",\"potentialAction\":[{\"@type\":\"ReadAction\",\"target\":[\"https:\/\/www.ull.es\/portal\/noticias\/2025\/ull-asa-africa-colaboraran-conocimiento-relaciones\/\"]}]},{\"@type\":\"BreadcrumbList\",\"@id\":\"https:\/\/www.ull.es\/portal\/noticias\/2025\/ull-asa-africa-colaboraran-conocimiento-relaciones\/#breadcrumb\",\"itemListElement\":[{\"@type\":\"ListItem\",\"position\":1,\"name\":\"Portada\",\"item\":\"https:\/\/www.ull.es\/portal\/noticias\/\"},{\"@type\":\"ListItem\",\"position\":2,\"name\":\"La ULL y Casa \u00c1frica colaborar\u00e1n para mejorar el conocimiento y relaciones con el continente vecino\"}]},{\"@type\":\"WebSite\",\"@id\":\"https:\/\/www.ull.es\/portal\/noticias\/#website\",\"url\":\"https:\/\/www.ull.es\/portal\/noticias\/\",\"name\":\"ULL - Noticias\",\"description\":\"\",\"potentialAction\":[{\"@type\":\"SearchAction\",\"target\":{\"@type\":\"EntryPoint\",\"urlTemplate\":\"https:\/\/www.ull.es\/portal\/noticias\/?s={search_term_string}\"},\"query-input\":\"required name=search_term_string\"}],\"inLanguage\":\"es\"},{\"@type\":\"Person\",\"@id\":\"https:\/\/www.ull.es\/portal\/noticias\/#\/schema\/person\/c3b2aa857797592927a03740d6664376\",\"name\":\"prensa2\",\"image\":{\"@type\":\"ImageObject\",\"inLanguage\":\"es\",\"@id\":\"https:\/\/www.ull.es\/portal\/noticias\/#\/schema\/person\/image\/\",\"url\":\"https:\/\/secure.gravatar.com\/avatar\/b58f310a5de5feb33d1e026d2493f23c?s=96&d=mm&r=g\",\"contentUrl\":\"https:\/\/secure.gravatar.com\/avatar\/b58f310a5de5feb33d1e026d2493f23c?s=96&d=mm&r=g\",\"caption\":\"prensa2\"},\"url\":\"https:\/\/www.ull.es\/portal\/noticias\/author\/prensa2\/\"}]}<\/script>\n<!-- \/ Yoast SEO plugin. -->","yoast_head_json":{"title":"La ULL y Casa \u00c1frica firman un convenio general de colaboraci\u00f3n","description":"Francisco Garc\u00eda y Jos\u00e9 Segura rubricaron un acuerdo de, inicialmente, tres a\u00f1os para fortalecer el conocimiento y las relaciones con \u00c1frica.","robots":{"index":"index","follow":"follow","max-snippet":"max-snippet:-1","max-image-preview":"max-image-preview:large","max-video-preview":"max-video-preview:-1"},"canonical":"https:\/\/www.ull.es\/portal\/noticias\/2025\/ull-asa-africa-colaboraran-conocimiento-relaciones\/","og_locale":"es_ES","og_type":"article","og_title":"La ULL y Casa \u00c1frica firman un convenio general de colaboraci\u00f3n","og_description":"Francisco Garc\u00eda y Jos\u00e9 Segura rubricaron un acuerdo de, inicialmente, tres a\u00f1os para fortalecer el conocimiento y las relaciones con \u00c1frica.","og_url":"https:\/\/www.ull.es\/portal\/noticias\/2025\/ull-asa-africa-colaboraran-conocimiento-relaciones\/","og_site_name":"ULL - Noticias","article_publisher":"https:\/\/www.facebook.com\/universidaddelalaguna\/","article_published_time":"2025-04-24T13:28:12+00:00","article_modified_time":"2025-04-24T13:28:42+00:00","og_image":[{"width":1200,"height":823,"url":"https:\/\/www.ull.es\/portal\/noticias\/wp-content\/uploads\/sites\/13\/2025\/04\/Casa-Africa-4.jpg","type":"image\/jpeg"}],"author":"prensa2","twitter_card":"summary_large_image","twitter_creator":"@CanalULL","twitter_site":"@CanalULL","twitter_misc":{"Escrito por":"prensa2","Tiempo de lectura":"2 minutos"},"schema":{"@context":"https:\/\/schema.org","@graph":[{"@type":"WebPage","@id":"https:\/\/www.ull.es\/portal\/noticias\/2025\/ull-asa-africa-colaboraran-conocimiento-relaciones\/","url":"https:\/\/www.ull.es\/portal\/noticias\/2025\/ull-asa-africa-colaboraran-conocimiento-relaciones\/","name":"La ULL y Casa \u00c1frica firman un convenio general de colaboraci\u00f3n","isPartOf":{"@id":"https:\/\/www.ull.es\/portal\/noticias\/#website"},"datePublished":"2025-04-24T13:28:12+00:00","dateModified":"2025-04-24T13:28:42+00:00","author":{"@id":"https:\/\/www.ull.es\/portal\/noticias\/#\/schema\/person\/c3b2aa857797592927a03740d6664376"},"description":"Francisco Garc\u00eda y Jos\u00e9 Segura rubricaron un acuerdo de, inicialmente, tres a\u00f1os para fortalecer el conocimiento y las relaciones con \u00c1frica.","breadcrumb":{"@id":"https:\/\/www.ull.es\/portal\/noticias\/2025\/ull-asa-africa-colaboraran-conocimiento-relaciones\/#breadcrumb"},"inLanguage":"es","potentialAction":[{"@type":"ReadAction","target":["https:\/\/www.ull.es\/portal\/noticias\/2025\/ull-asa-africa-colaboraran-conocimiento-relaciones\/"]}]},{"@type":"BreadcrumbList","@id":"https:\/\/www.ull.es\/portal\/noticias\/2025\/ull-asa-africa-colaboraran-conocimiento-relaciones\/#breadcrumb","itemListElement":[{"@type":"ListItem","position":1,"name":"Portada","item":"https:\/\/www.ull.es\/portal\/noticias\/"},{"@type":"ListItem","position":2,"name":"La ULL y Casa \u00c1frica colaborar\u00e1n para mejorar el conocimiento y relaciones con el continente vecino"}]},{"@type":"WebSite","@id":"https:\/\/www.ull.es\/portal\/noticias\/#website","url":"https:\/\/www.ull.es\/portal\/noticias\/","name":"ULL - Noticias","description":"","potentialAction":[{"@type":"SearchAction","target":{"@type":"EntryPoint","urlTemplate":"https:\/\/www.ull.es\/portal\/noticias\/?s={search_term_string}"},"query-input":"required name=search_term_string"}],"inLanguage":"es"},{"@type":"Person","@id":"https:\/\/www.ull.es\/portal\/noticias\/#\/schema\/person\/c3b2aa857797592927a03740d6664376","name":"prensa2","image":{"@type":"ImageObject","inLanguage":"es","@id":"https:\/\/www.ull.es\/portal\/noticias\/#\/schema\/person\/image\/","url":"https:\/\/secure.gravatar.com\/avatar\/b58f310a5de5feb33d1e026d2493f23c?s=96&d=mm&r=g","contentUrl":"https:\/\/secure.gravatar.com\/avatar\/b58f310a5de5feb33d1e026d2493f23c?s=96&d=mm&r=g","caption":"prensa2"},"url":"https:\/\/www.ull.es\/portal\/noticias\/author\/prensa2\/"}]}},"primary_category":{"id":345,"name":"Destacado","slug":"destacado","link":"https:\/\/www.ull.es\/portal\/noticias\/category\/destacado\/"},"featured_image_thumbnail_url":"https:\/\/www.ull.es\/portal\/noticias\/wp-content\/uploads\/sites\/13\/2025\/04\/Casa-Africa-4-300x206.jpg","_links":{"self":[{"href":"https:\/\/www.ull.es\/portal\/noticias\/wp-json\/wp\/v2\/posts\/81595"}],"collection":[{"href":"https:\/\/www.ull.es\/portal\/noticias\/wp-json\/wp\/v2\/posts"}],"about":[{"href":"https:\/\/www.ull.es\/portal\/noticias\/wp-json\/wp\/v2\/types\/post"}],"author":[{"embeddable":true,"href":"https:\/\/www.ull.es\/portal\/noticias\/wp-json\/wp\/v2\/users\/21"}],"replies":[{"embeddable":true,"href":"https:\/\/www.ull.es\/portal\/noticias\/wp-json\/wp\/v2\/comments?post=81595"}],"version-history":[{"count":1,"href":"https:\/\/www.ull.es\/portal\/noticias\/wp-json\/wp\/v2\/posts\/81595\/revisions"}],"predecessor-version":[{"id":81598,"href":"https:\/\/www.ull.es\/portal\/noticias\/wp-json\/wp\/v2\/posts\/81595\/revisions\/81598"}],"wp:featuredmedia":[{"embeddable":true,"href":"https:\/\/www.ull.es\/portal\/noticias\/wp-json\/wp\/v2\/media\/81596"}],"wp:attachment":[{"href":"https:\/\/www.ull.es\/portal\/noticias\/wp-json\/wp\/v2\/media?parent=81595"}],"wp:term":[{"taxonomy":"category","embeddable":true,"href":"https:\/\/www.ull.es\/portal\/noticias\/wp-json\/wp\/v2\/categories?post=81595"},{"taxonomy":"post_tag","embeddable":true,"href":"https:\/\/www.ull.es\/portal\/noticias\/wp-json\/wp\/v2\/tags?post=81595"}],"curies":[{"name":"wp","href":"https:\/\/api.w.org\/{rel}","templated":true}]}}