{"id":81609,"date":"2025-04-25T08:48:01","date_gmt":"2025-04-25T08:48:01","guid":{"rendered":"https:\/\/www.ull.es\/portal\/noticias\/?p=81609"},"modified":"2025-04-25T13:25:11","modified_gmt":"2025-04-25T13:25:11","slug":"concierto-de-voces-blancas-e-instrumentos-en-el-paraninfo-de-la-universidad-de-la-laguna","status":"publish","type":"post","link":"https:\/\/www.ull.es\/portal\/noticias\/2025\/concierto-de-voces-blancas-e-instrumentos-en-el-paraninfo-de-la-universidad-de-la-laguna\/","title":{"rendered":"Concierto de voces blancas e instrumentos en el Paraninfo de la Universidad de La Laguna"},"content":{"rendered":"<p>El <a href=\"https:\/\/www.ull.es\/cultura\/paraninfo\/\" target=\"_blank\" rel=\"noopener\">Paraninfo<\/a> de la Universidad de La Laguna acoger\u00e1 este domingo 27 de abril a las 18:00 horas un concierto protagonizado por el alumnado del <a href=\"https:\/\/www3.gobiernodecanarias.org\/medusa\/edublog\/cpmsantacruzdetenerife\/\" target=\"_blank\" rel=\"noopener\">Conservatorio Profesional de M\u00fasica (CPM) de Santa Cruz de Tenerife<\/a>. En esta velada el Coro de Voces Blancas y la Orquesta del CPM pretenden demostrar el fruto del esfuerzo y la dedicaci\u00f3n a lo largo del curso. Las entradas est\u00e1n disponibles a 5 euros, y 3 euros para el profesorado y alumnado del conservatorio en el siguiente <a href=\"https:\/\/www.ecoentradas.com\/elegirsesion\/2578\" target=\"_blank\" rel=\"noopener\">enlace<\/a>.<\/p>\n<p>La agrupaci\u00f3n coral, compuesta por alumnas del CPM, ha sido galardonada con m\u00faltiples premios nacionales, lo que le otorga el reconocimiento de estar considerada entre las cinco mejores agrupaciones del pa\u00eds. Interpretar\u00e1 este fin de semana obras de Levente Gy\u00f6ngy\u00f6si, Eva Ugalde y Kim Andr\u00e9 Arnesen, entre otros.<\/p>\n<p>Por su parte la Orquesta del CPM, compuesta por el alumnado de los \u00faltimos a\u00f1os de ense\u00f1anzas profesionales, demostrar\u00e1 su esfuerzo y dedicaci\u00f3n en este evento. Esta orquesta de alto nivel interpretativo, de la que destaca entre sus \u00faltimos proyectos el \u201cCartoon Concierto\u201d, interpretar\u00e1 en el Paraninfo este fin de semana obras de Beethoven, Guerrero, M\u00e1rquez y Prokofiev.<\/p>\n","protected":false},"excerpt":{"rendered":"<p>El Paraninfo de la Universidad de La Laguna acoger\u00e1 este domingo 27 de abril a las 18:00 horas un concierto&#8230;<\/p>\n","protected":false},"author":23,"featured_media":81629,"comment_status":"closed","ping_status":"closed","sticky":false,"template":"","format":"standard","meta":{"inline_featured_image":false,"footnotes":""},"categories":[344,345,2765],"tags":[],"acf":[],"yoast_head":"<!-- This site is optimized with the Yoast SEO plugin v21.3 - https:\/\/yoast.com\/wordpress\/plugins\/seo\/ -->\n<title>Concierto de voces blancas e instrumentos en el Paraninfo de la Universidad de La Laguna - ULL - Noticias<\/title>\n<meta name=\"robots\" content=\"index, follow, max-snippet:-1, max-image-preview:large, max-video-preview:-1\" \/>\n<link rel=\"canonical\" href=\"https:\/\/www.ull.es\/portal\/noticias\/2025\/concierto-de-voces-blancas-e-instrumentos-en-el-paraninfo-de-la-universidad-de-la-laguna\/\" \/>\n<meta property=\"og:locale\" content=\"es_ES\" \/>\n<meta property=\"og:type\" content=\"article\" \/>\n<meta property=\"og:title\" content=\"Concierto de voces blancas e instrumentos en el Paraninfo de la Universidad de La Laguna - ULL - Noticias\" \/>\n<meta property=\"og:description\" content=\"El Paraninfo de la Universidad de La Laguna acoger\u00e1 este domingo 27 de abril a las 18:00 horas un concierto...\" \/>\n<meta property=\"og:url\" content=\"https:\/\/www.ull.es\/portal\/noticias\/2025\/concierto-de-voces-blancas-e-instrumentos-en-el-paraninfo-de-la-universidad-de-la-laguna\/\" \/>\n<meta property=\"og:site_name\" content=\"ULL - Noticias\" \/>\n<meta property=\"article:publisher\" content=\"https:\/\/www.facebook.com\/universidaddelalaguna\/\" \/>\n<meta property=\"article:published_time\" content=\"2025-04-25T08:48:01+00:00\" \/>\n<meta property=\"article:modified_time\" content=\"2025-04-25T13:25:11+00:00\" \/>\n<meta property=\"og:image\" content=\"https:\/\/www.ull.es\/portal\/noticias\/wp-content\/uploads\/sites\/13\/2025\/04\/Concierto-Coro-de-Voces-Blancas_Banner-eventos.png\" \/>\n\t<meta property=\"og:image:width\" content=\"750\" \/>\n\t<meta property=\"og:image:height\" content=\"370\" \/>\n\t<meta property=\"og:image:type\" content=\"image\/png\" \/>\n<meta name=\"author\" content=\"gaprsa\" \/>\n<meta name=\"twitter:card\" content=\"summary_large_image\" \/>\n<meta name=\"twitter:creator\" content=\"@CanalULL\" \/>\n<meta name=\"twitter:site\" content=\"@CanalULL\" \/>\n<meta name=\"twitter:label1\" content=\"Escrito por\" \/>\n\t<meta name=\"twitter:data1\" content=\"gaprsa\" \/>\n\t<meta name=\"twitter:label2\" content=\"Tiempo de lectura\" \/>\n\t<meta name=\"twitter:data2\" content=\"1 minuto\" \/>\n<script type=\"application\/ld+json\" class=\"yoast-schema-graph\">{\"@context\":\"https:\/\/schema.org\",\"@graph\":[{\"@type\":\"WebPage\",\"@id\":\"https:\/\/www.ull.es\/portal\/noticias\/2025\/concierto-de-voces-blancas-e-instrumentos-en-el-paraninfo-de-la-universidad-de-la-laguna\/\",\"url\":\"https:\/\/www.ull.es\/portal\/noticias\/2025\/concierto-de-voces-blancas-e-instrumentos-en-el-paraninfo-de-la-universidad-de-la-laguna\/\",\"name\":\"Concierto de voces blancas e instrumentos en el Paraninfo de la Universidad de La Laguna - ULL - Noticias\",\"isPartOf\":{\"@id\":\"https:\/\/www.ull.es\/portal\/noticias\/#website\"},\"datePublished\":\"2025-04-25T08:48:01+00:00\",\"dateModified\":\"2025-04-25T13:25:11+00:00\",\"author\":{\"@id\":\"https:\/\/www.ull.es\/portal\/noticias\/#\/schema\/person\/b2b1a89d43ffa609e591f7df8ef3e817\"},\"breadcrumb\":{\"@id\":\"https:\/\/www.ull.es\/portal\/noticias\/2025\/concierto-de-voces-blancas-e-instrumentos-en-el-paraninfo-de-la-universidad-de-la-laguna\/#breadcrumb\"},\"inLanguage\":\"es\",\"potentialAction\":[{\"@type\":\"ReadAction\",\"target\":[\"https:\/\/www.ull.es\/portal\/noticias\/2025\/concierto-de-voces-blancas-e-instrumentos-en-el-paraninfo-de-la-universidad-de-la-laguna\/\"]}]},{\"@type\":\"BreadcrumbList\",\"@id\":\"https:\/\/www.ull.es\/portal\/noticias\/2025\/concierto-de-voces-blancas-e-instrumentos-en-el-paraninfo-de-la-universidad-de-la-laguna\/#breadcrumb\",\"itemListElement\":[{\"@type\":\"ListItem\",\"position\":1,\"name\":\"Portada\",\"item\":\"https:\/\/www.ull.es\/portal\/noticias\/\"},{\"@type\":\"ListItem\",\"position\":2,\"name\":\"Concierto de voces blancas e instrumentos en el Paraninfo de la Universidad de La Laguna\"}]},{\"@type\":\"WebSite\",\"@id\":\"https:\/\/www.ull.es\/portal\/noticias\/#website\",\"url\":\"https:\/\/www.ull.es\/portal\/noticias\/\",\"name\":\"ULL - Noticias\",\"description\":\"\",\"potentialAction\":[{\"@type\":\"SearchAction\",\"target\":{\"@type\":\"EntryPoint\",\"urlTemplate\":\"https:\/\/www.ull.es\/portal\/noticias\/?s={search_term_string}\"},\"query-input\":\"required name=search_term_string\"}],\"inLanguage\":\"es\"},{\"@type\":\"Person\",\"@id\":\"https:\/\/www.ull.es\/portal\/noticias\/#\/schema\/person\/b2b1a89d43ffa609e591f7df8ef3e817\",\"name\":\"gaprsa\",\"image\":{\"@type\":\"ImageObject\",\"inLanguage\":\"es\",\"@id\":\"https:\/\/www.ull.es\/portal\/noticias\/#\/schema\/person\/image\/\",\"url\":\"https:\/\/secure.gravatar.com\/avatar\/443820550921091458b4823867723b3d?s=96&d=mm&r=g\",\"contentUrl\":\"https:\/\/secure.gravatar.com\/avatar\/443820550921091458b4823867723b3d?s=96&d=mm&r=g\",\"caption\":\"gaprsa\"},\"url\":\"https:\/\/www.ull.es\/portal\/noticias\/author\/gaprsa\/\"}]}<\/script>\n<!-- \/ Yoast SEO plugin. -->","yoast_head_json":{"title":"Concierto de voces blancas e instrumentos en el Paraninfo de la Universidad de La Laguna - ULL - Noticias","robots":{"index":"index","follow":"follow","max-snippet":"max-snippet:-1","max-image-preview":"max-image-preview:large","max-video-preview":"max-video-preview:-1"},"canonical":"https:\/\/www.ull.es\/portal\/noticias\/2025\/concierto-de-voces-blancas-e-instrumentos-en-el-paraninfo-de-la-universidad-de-la-laguna\/","og_locale":"es_ES","og_type":"article","og_title":"Concierto de voces blancas e instrumentos en el Paraninfo de la Universidad de La Laguna - ULL - Noticias","og_description":"El Paraninfo de la Universidad de La Laguna acoger\u00e1 este domingo 27 de abril a las 18:00 horas un concierto...","og_url":"https:\/\/www.ull.es\/portal\/noticias\/2025\/concierto-de-voces-blancas-e-instrumentos-en-el-paraninfo-de-la-universidad-de-la-laguna\/","og_site_name":"ULL - Noticias","article_publisher":"https:\/\/www.facebook.com\/universidaddelalaguna\/","article_published_time":"2025-04-25T08:48:01+00:00","article_modified_time":"2025-04-25T13:25:11+00:00","og_image":[{"width":750,"height":370,"url":"https:\/\/www.ull.es\/portal\/noticias\/wp-content\/uploads\/sites\/13\/2025\/04\/Concierto-Coro-de-Voces-Blancas_Banner-eventos.png","type":"image\/png"}],"author":"gaprsa","twitter_card":"summary_large_image","twitter_creator":"@CanalULL","twitter_site":"@CanalULL","twitter_misc":{"Escrito por":"gaprsa","Tiempo de lectura":"1 minuto"},"schema":{"@context":"https:\/\/schema.org","@graph":[{"@type":"WebPage","@id":"https:\/\/www.ull.es\/portal\/noticias\/2025\/concierto-de-voces-blancas-e-instrumentos-en-el-paraninfo-de-la-universidad-de-la-laguna\/","url":"https:\/\/www.ull.es\/portal\/noticias\/2025\/concierto-de-voces-blancas-e-instrumentos-en-el-paraninfo-de-la-universidad-de-la-laguna\/","name":"Concierto de voces blancas e instrumentos en el Paraninfo de la Universidad de La Laguna - ULL - Noticias","isPartOf":{"@id":"https:\/\/www.ull.es\/portal\/noticias\/#website"},"datePublished":"2025-04-25T08:48:01+00:00","dateModified":"2025-04-25T13:25:11+00:00","author":{"@id":"https:\/\/www.ull.es\/portal\/noticias\/#\/schema\/person\/b2b1a89d43ffa609e591f7df8ef3e817"},"breadcrumb":{"@id":"https:\/\/www.ull.es\/portal\/noticias\/2025\/concierto-de-voces-blancas-e-instrumentos-en-el-paraninfo-de-la-universidad-de-la-laguna\/#breadcrumb"},"inLanguage":"es","potentialAction":[{"@type":"ReadAction","target":["https:\/\/www.ull.es\/portal\/noticias\/2025\/concierto-de-voces-blancas-e-instrumentos-en-el-paraninfo-de-la-universidad-de-la-laguna\/"]}]},{"@type":"BreadcrumbList","@id":"https:\/\/www.ull.es\/portal\/noticias\/2025\/concierto-de-voces-blancas-e-instrumentos-en-el-paraninfo-de-la-universidad-de-la-laguna\/#breadcrumb","itemListElement":[{"@type":"ListItem","position":1,"name":"Portada","item":"https:\/\/www.ull.es\/portal\/noticias\/"},{"@type":"ListItem","position":2,"name":"Concierto de voces blancas e instrumentos en el Paraninfo de la Universidad de La Laguna"}]},{"@type":"WebSite","@id":"https:\/\/www.ull.es\/portal\/noticias\/#website","url":"https:\/\/www.ull.es\/portal\/noticias\/","name":"ULL - Noticias","description":"","potentialAction":[{"@type":"SearchAction","target":{"@type":"EntryPoint","urlTemplate":"https:\/\/www.ull.es\/portal\/noticias\/?s={search_term_string}"},"query-input":"required name=search_term_string"}],"inLanguage":"es"},{"@type":"Person","@id":"https:\/\/www.ull.es\/portal\/noticias\/#\/schema\/person\/b2b1a89d43ffa609e591f7df8ef3e817","name":"gaprsa","image":{"@type":"ImageObject","inLanguage":"es","@id":"https:\/\/www.ull.es\/portal\/noticias\/#\/schema\/person\/image\/","url":"https:\/\/secure.gravatar.com\/avatar\/443820550921091458b4823867723b3d?s=96&d=mm&r=g","contentUrl":"https:\/\/secure.gravatar.com\/avatar\/443820550921091458b4823867723b3d?s=96&d=mm&r=g","caption":"gaprsa"},"url":"https:\/\/www.ull.es\/portal\/noticias\/author\/gaprsa\/"}]}},"primary_category":{"id":345,"name":"Destacado","slug":"destacado","link":"https:\/\/www.ull.es\/portal\/noticias\/category\/destacado\/"},"featured_image_thumbnail_url":"https:\/\/www.ull.es\/portal\/noticias\/wp-content\/uploads\/sites\/13\/2025\/04\/Concierto-Coro-de-Voces-Blancas_Banner-eventos-300x148.png","_links":{"self":[{"href":"https:\/\/www.ull.es\/portal\/noticias\/wp-json\/wp\/v2\/posts\/81609"}],"collection":[{"href":"https:\/\/www.ull.es\/portal\/noticias\/wp-json\/wp\/v2\/posts"}],"about":[{"href":"https:\/\/www.ull.es\/portal\/noticias\/wp-json\/wp\/v2\/types\/post"}],"author":[{"embeddable":true,"href":"https:\/\/www.ull.es\/portal\/noticias\/wp-json\/wp\/v2\/users\/23"}],"replies":[{"embeddable":true,"href":"https:\/\/www.ull.es\/portal\/noticias\/wp-json\/wp\/v2\/comments?post=81609"}],"version-history":[{"count":4,"href":"https:\/\/www.ull.es\/portal\/noticias\/wp-json\/wp\/v2\/posts\/81609\/revisions"}],"predecessor-version":[{"id":81614,"href":"https:\/\/www.ull.es\/portal\/noticias\/wp-json\/wp\/v2\/posts\/81609\/revisions\/81614"}],"wp:featuredmedia":[{"embeddable":true,"href":"https:\/\/www.ull.es\/portal\/noticias\/wp-json\/wp\/v2\/media\/81629"}],"wp:attachment":[{"href":"https:\/\/www.ull.es\/portal\/noticias\/wp-json\/wp\/v2\/media?parent=81609"}],"wp:term":[{"taxonomy":"category","embeddable":true,"href":"https:\/\/www.ull.es\/portal\/noticias\/wp-json\/wp\/v2\/categories?post=81609"},{"taxonomy":"post_tag","embeddable":true,"href":"https:\/\/www.ull.es\/portal\/noticias\/wp-json\/wp\/v2\/tags?post=81609"}],"curies":[{"name":"wp","href":"https:\/\/api.w.org\/{rel}","templated":true}]}}