{"id":81663,"date":"2025-04-29T11:30:26","date_gmt":"2025-04-29T11:30:26","guid":{"rendered":"https:\/\/www.ull.es\/portal\/noticias\/?p=81663"},"modified":"2025-04-29T11:32:44","modified_gmt":"2025-04-29T11:32:44","slug":"morgan-abre-las-puertas-de-su-hotel-musical-al-paraninfo-de-la-universidad-de-la-laguna","status":"publish","type":"post","link":"https:\/\/www.ull.es\/portal\/noticias\/2025\/morgan-abre-las-puertas-de-su-hotel-musical-al-paraninfo-de-la-universidad-de-la-laguna\/","title":{"rendered":"Morgan abre las puertas de su \u2018hotel musical\u2019 al Paraninfo de la Universidad de La Laguna"},"content":{"rendered":"<p>El grupo madrile\u00f1o<a href=\"https:\/\/wearemorgan.com\/es\/inicio\/\" target=\"_blank\" rel=\"noopener\"> Morgan<\/a> regresa a los escenarios tras m\u00e1s de un a\u00f1o de pausa y lo hace con su gira \u201cHotel Tour 2025\u201d, en la que presentar\u00e1n su nuevo \u00e1lbum, \u201cHotel Morgan\u201d. La agrupaci\u00f3n actuar\u00e1 el pr\u00f3ximo viernes 2 de mayo a las 21:00 horas en el Paraninfo de la Universidad de La Laguna. Las entradas del concierto est\u00e1n disponibles desde 30 euros en el siguiente <a href=\"https:\/\/www.ecoentradas.com\/elegirsesion\/2488\" target=\"_blank\" rel=\"noopener\">enlace<\/a>.<\/p>\n<p>La banda, formada por Carolina de Juan, Paco L\u00f3pez, Ekain Elorza y David Schulthess, se encuentra en una nueva parada en el viaje musical del grupo. \u201cHotel Morgan\u201d re\u00fane once canciones en las que cada tema encuentra su propio espacio contando su historia.<\/p>\n<p>El disco, en el que se alternan el castellano y el ingl\u00e9s, conserva su caracter\u00edstico sonido soul, rock y folk. Seg\u00fan las palabras del grupo, \u201ces el hotel desde el que saldremos a tocar. El lugar en el que viviremos, trasnocharemos, descansaremos y so\u00f1aremos con lo siguiente. Esperamos que os sint\u00e1is c\u00f3modos en alguna de nuestras habitaciones y que disfrut\u00e9is de la estancia\u201d.<\/p>\n<p>Morgan es una banda madrile\u00f1a nacida en 2012, surgi\u00f3 de la complicidad de tres de sus participantes, Carolina de Juan m\u00e1s conocida como Nina, Paco L\u00f3pez y Ekain Elorza, que ya hab\u00edan contactado antes. Un d\u00eda Nina mostr\u00f3 unos temas a sus compa\u00f1eros, que gustaron mucho, y decidieron formar un grupo musical. Poco despu\u00e9s se uni\u00f3 el teclista David Schulthess. Hasta la fecha cuentan con cuatro trabajos de estudio y \u201cHotel Morgan\u201d es la guinda de su discograf\u00eda.<\/p>\n","protected":false},"excerpt":{"rendered":"<p>El grupo madrile\u00f1o Morgan regresa a los escenarios tras m\u00e1s de un a\u00f1o de pausa y lo hace con su&#8230;<\/p>\n","protected":false},"author":23,"featured_media":81664,"comment_status":"closed","ping_status":"closed","sticky":false,"template":"","format":"standard","meta":{"inline_featured_image":false,"footnotes":""},"categories":[344,345,2765],"tags":[],"acf":[],"yoast_head":"<!-- This site is optimized with the Yoast SEO plugin v21.3 - https:\/\/yoast.com\/wordpress\/plugins\/seo\/ -->\n<title>Morgan abre las puertas de su \u2018hotel musical\u2019 al Paraninfo de la Universidad de La Laguna - ULL - Noticias<\/title>\n<meta name=\"robots\" content=\"index, follow, max-snippet:-1, max-image-preview:large, max-video-preview:-1\" \/>\n<link rel=\"canonical\" href=\"https:\/\/www.ull.es\/portal\/noticias\/2025\/morgan-abre-las-puertas-de-su-hotel-musical-al-paraninfo-de-la-universidad-de-la-laguna\/\" \/>\n<meta property=\"og:locale\" content=\"es_ES\" \/>\n<meta property=\"og:type\" content=\"article\" \/>\n<meta property=\"og:title\" content=\"Morgan abre las puertas de su \u2018hotel musical\u2019 al Paraninfo de la Universidad de La Laguna - ULL - Noticias\" \/>\n<meta property=\"og:description\" content=\"El grupo madrile\u00f1o Morgan regresa a los escenarios tras m\u00e1s de un a\u00f1o de pausa y lo hace con su...\" \/>\n<meta property=\"og:url\" content=\"https:\/\/www.ull.es\/portal\/noticias\/2025\/morgan-abre-las-puertas-de-su-hotel-musical-al-paraninfo-de-la-universidad-de-la-laguna\/\" \/>\n<meta property=\"og:site_name\" content=\"ULL - Noticias\" \/>\n<meta property=\"article:publisher\" content=\"https:\/\/www.facebook.com\/universidaddelalaguna\/\" \/>\n<meta property=\"article:published_time\" content=\"2025-04-29T11:30:26+00:00\" \/>\n<meta property=\"article:modified_time\" content=\"2025-04-29T11:32:44+00:00\" \/>\n<meta property=\"og:image\" content=\"https:\/\/www.ull.es\/portal\/noticias\/wp-content\/uploads\/sites\/13\/2025\/04\/hotel_morgan_paraninfo.jpg\" \/>\n\t<meta property=\"og:image:width\" content=\"750\" \/>\n\t<meta property=\"og:image:height\" content=\"370\" \/>\n\t<meta property=\"og:image:type\" content=\"image\/jpeg\" \/>\n<meta name=\"author\" content=\"gaprsa\" \/>\n<meta name=\"twitter:card\" content=\"summary_large_image\" \/>\n<meta name=\"twitter:creator\" content=\"@CanalULL\" \/>\n<meta name=\"twitter:site\" content=\"@CanalULL\" \/>\n<meta name=\"twitter:label1\" content=\"Escrito por\" \/>\n\t<meta name=\"twitter:data1\" content=\"gaprsa\" \/>\n\t<meta name=\"twitter:label2\" content=\"Tiempo de lectura\" \/>\n\t<meta name=\"twitter:data2\" content=\"2 minutos\" \/>\n<script type=\"application\/ld+json\" class=\"yoast-schema-graph\">{\"@context\":\"https:\/\/schema.org\",\"@graph\":[{\"@type\":\"WebPage\",\"@id\":\"https:\/\/www.ull.es\/portal\/noticias\/2025\/morgan-abre-las-puertas-de-su-hotel-musical-al-paraninfo-de-la-universidad-de-la-laguna\/\",\"url\":\"https:\/\/www.ull.es\/portal\/noticias\/2025\/morgan-abre-las-puertas-de-su-hotel-musical-al-paraninfo-de-la-universidad-de-la-laguna\/\",\"name\":\"Morgan abre las puertas de su \u2018hotel musical\u2019 al Paraninfo de la Universidad de La Laguna - ULL - Noticias\",\"isPartOf\":{\"@id\":\"https:\/\/www.ull.es\/portal\/noticias\/#website\"},\"datePublished\":\"2025-04-29T11:30:26+00:00\",\"dateModified\":\"2025-04-29T11:32:44+00:00\",\"author\":{\"@id\":\"https:\/\/www.ull.es\/portal\/noticias\/#\/schema\/person\/b2b1a89d43ffa609e591f7df8ef3e817\"},\"breadcrumb\":{\"@id\":\"https:\/\/www.ull.es\/portal\/noticias\/2025\/morgan-abre-las-puertas-de-su-hotel-musical-al-paraninfo-de-la-universidad-de-la-laguna\/#breadcrumb\"},\"inLanguage\":\"es\",\"potentialAction\":[{\"@type\":\"ReadAction\",\"target\":[\"https:\/\/www.ull.es\/portal\/noticias\/2025\/morgan-abre-las-puertas-de-su-hotel-musical-al-paraninfo-de-la-universidad-de-la-laguna\/\"]}]},{\"@type\":\"BreadcrumbList\",\"@id\":\"https:\/\/www.ull.es\/portal\/noticias\/2025\/morgan-abre-las-puertas-de-su-hotel-musical-al-paraninfo-de-la-universidad-de-la-laguna\/#breadcrumb\",\"itemListElement\":[{\"@type\":\"ListItem\",\"position\":1,\"name\":\"Portada\",\"item\":\"https:\/\/www.ull.es\/portal\/noticias\/\"},{\"@type\":\"ListItem\",\"position\":2,\"name\":\"Morgan abre las puertas de su \u2018hotel musical\u2019 al Paraninfo de la Universidad de La Laguna\"}]},{\"@type\":\"WebSite\",\"@id\":\"https:\/\/www.ull.es\/portal\/noticias\/#website\",\"url\":\"https:\/\/www.ull.es\/portal\/noticias\/\",\"name\":\"ULL - Noticias\",\"description\":\"\",\"potentialAction\":[{\"@type\":\"SearchAction\",\"target\":{\"@type\":\"EntryPoint\",\"urlTemplate\":\"https:\/\/www.ull.es\/portal\/noticias\/?s={search_term_string}\"},\"query-input\":\"required name=search_term_string\"}],\"inLanguage\":\"es\"},{\"@type\":\"Person\",\"@id\":\"https:\/\/www.ull.es\/portal\/noticias\/#\/schema\/person\/b2b1a89d43ffa609e591f7df8ef3e817\",\"name\":\"gaprsa\",\"image\":{\"@type\":\"ImageObject\",\"inLanguage\":\"es\",\"@id\":\"https:\/\/www.ull.es\/portal\/noticias\/#\/schema\/person\/image\/\",\"url\":\"https:\/\/secure.gravatar.com\/avatar\/443820550921091458b4823867723b3d?s=96&d=mm&r=g\",\"contentUrl\":\"https:\/\/secure.gravatar.com\/avatar\/443820550921091458b4823867723b3d?s=96&d=mm&r=g\",\"caption\":\"gaprsa\"},\"url\":\"https:\/\/www.ull.es\/portal\/noticias\/author\/gaprsa\/\"}]}<\/script>\n<!-- \/ Yoast SEO plugin. -->","yoast_head_json":{"title":"Morgan abre las puertas de su \u2018hotel musical\u2019 al Paraninfo de la Universidad de La Laguna - ULL - Noticias","robots":{"index":"index","follow":"follow","max-snippet":"max-snippet:-1","max-image-preview":"max-image-preview:large","max-video-preview":"max-video-preview:-1"},"canonical":"https:\/\/www.ull.es\/portal\/noticias\/2025\/morgan-abre-las-puertas-de-su-hotel-musical-al-paraninfo-de-la-universidad-de-la-laguna\/","og_locale":"es_ES","og_type":"article","og_title":"Morgan abre las puertas de su \u2018hotel musical\u2019 al Paraninfo de la Universidad de La Laguna - ULL - Noticias","og_description":"El grupo madrile\u00f1o Morgan regresa a los escenarios tras m\u00e1s de un a\u00f1o de pausa y lo hace con su...","og_url":"https:\/\/www.ull.es\/portal\/noticias\/2025\/morgan-abre-las-puertas-de-su-hotel-musical-al-paraninfo-de-la-universidad-de-la-laguna\/","og_site_name":"ULL - Noticias","article_publisher":"https:\/\/www.facebook.com\/universidaddelalaguna\/","article_published_time":"2025-04-29T11:30:26+00:00","article_modified_time":"2025-04-29T11:32:44+00:00","og_image":[{"width":750,"height":370,"url":"https:\/\/www.ull.es\/portal\/noticias\/wp-content\/uploads\/sites\/13\/2025\/04\/hotel_morgan_paraninfo.jpg","type":"image\/jpeg"}],"author":"gaprsa","twitter_card":"summary_large_image","twitter_creator":"@CanalULL","twitter_site":"@CanalULL","twitter_misc":{"Escrito por":"gaprsa","Tiempo de lectura":"2 minutos"},"schema":{"@context":"https:\/\/schema.org","@graph":[{"@type":"WebPage","@id":"https:\/\/www.ull.es\/portal\/noticias\/2025\/morgan-abre-las-puertas-de-su-hotel-musical-al-paraninfo-de-la-universidad-de-la-laguna\/","url":"https:\/\/www.ull.es\/portal\/noticias\/2025\/morgan-abre-las-puertas-de-su-hotel-musical-al-paraninfo-de-la-universidad-de-la-laguna\/","name":"Morgan abre las puertas de su \u2018hotel musical\u2019 al Paraninfo de la Universidad de La Laguna - ULL - Noticias","isPartOf":{"@id":"https:\/\/www.ull.es\/portal\/noticias\/#website"},"datePublished":"2025-04-29T11:30:26+00:00","dateModified":"2025-04-29T11:32:44+00:00","author":{"@id":"https:\/\/www.ull.es\/portal\/noticias\/#\/schema\/person\/b2b1a89d43ffa609e591f7df8ef3e817"},"breadcrumb":{"@id":"https:\/\/www.ull.es\/portal\/noticias\/2025\/morgan-abre-las-puertas-de-su-hotel-musical-al-paraninfo-de-la-universidad-de-la-laguna\/#breadcrumb"},"inLanguage":"es","potentialAction":[{"@type":"ReadAction","target":["https:\/\/www.ull.es\/portal\/noticias\/2025\/morgan-abre-las-puertas-de-su-hotel-musical-al-paraninfo-de-la-universidad-de-la-laguna\/"]}]},{"@type":"BreadcrumbList","@id":"https:\/\/www.ull.es\/portal\/noticias\/2025\/morgan-abre-las-puertas-de-su-hotel-musical-al-paraninfo-de-la-universidad-de-la-laguna\/#breadcrumb","itemListElement":[{"@type":"ListItem","position":1,"name":"Portada","item":"https:\/\/www.ull.es\/portal\/noticias\/"},{"@type":"ListItem","position":2,"name":"Morgan abre las puertas de su \u2018hotel musical\u2019 al Paraninfo de la Universidad de La Laguna"}]},{"@type":"WebSite","@id":"https:\/\/www.ull.es\/portal\/noticias\/#website","url":"https:\/\/www.ull.es\/portal\/noticias\/","name":"ULL - Noticias","description":"","potentialAction":[{"@type":"SearchAction","target":{"@type":"EntryPoint","urlTemplate":"https:\/\/www.ull.es\/portal\/noticias\/?s={search_term_string}"},"query-input":"required name=search_term_string"}],"inLanguage":"es"},{"@type":"Person","@id":"https:\/\/www.ull.es\/portal\/noticias\/#\/schema\/person\/b2b1a89d43ffa609e591f7df8ef3e817","name":"gaprsa","image":{"@type":"ImageObject","inLanguage":"es","@id":"https:\/\/www.ull.es\/portal\/noticias\/#\/schema\/person\/image\/","url":"https:\/\/secure.gravatar.com\/avatar\/443820550921091458b4823867723b3d?s=96&d=mm&r=g","contentUrl":"https:\/\/secure.gravatar.com\/avatar\/443820550921091458b4823867723b3d?s=96&d=mm&r=g","caption":"gaprsa"},"url":"https:\/\/www.ull.es\/portal\/noticias\/author\/gaprsa\/"}]}},"primary_category":{"id":345,"name":"Destacado","slug":"destacado","link":"https:\/\/www.ull.es\/portal\/noticias\/category\/destacado\/"},"featured_image_thumbnail_url":"https:\/\/www.ull.es\/portal\/noticias\/wp-content\/uploads\/sites\/13\/2025\/04\/hotel_morgan_paraninfo-300x148.jpg","_links":{"self":[{"href":"https:\/\/www.ull.es\/portal\/noticias\/wp-json\/wp\/v2\/posts\/81663"}],"collection":[{"href":"https:\/\/www.ull.es\/portal\/noticias\/wp-json\/wp\/v2\/posts"}],"about":[{"href":"https:\/\/www.ull.es\/portal\/noticias\/wp-json\/wp\/v2\/types\/post"}],"author":[{"embeddable":true,"href":"https:\/\/www.ull.es\/portal\/noticias\/wp-json\/wp\/v2\/users\/23"}],"replies":[{"embeddable":true,"href":"https:\/\/www.ull.es\/portal\/noticias\/wp-json\/wp\/v2\/comments?post=81663"}],"version-history":[{"count":1,"href":"https:\/\/www.ull.es\/portal\/noticias\/wp-json\/wp\/v2\/posts\/81663\/revisions"}],"predecessor-version":[{"id":81665,"href":"https:\/\/www.ull.es\/portal\/noticias\/wp-json\/wp\/v2\/posts\/81663\/revisions\/81665"}],"wp:featuredmedia":[{"embeddable":true,"href":"https:\/\/www.ull.es\/portal\/noticias\/wp-json\/wp\/v2\/media\/81664"}],"wp:attachment":[{"href":"https:\/\/www.ull.es\/portal\/noticias\/wp-json\/wp\/v2\/media?parent=81663"}],"wp:term":[{"taxonomy":"category","embeddable":true,"href":"https:\/\/www.ull.es\/portal\/noticias\/wp-json\/wp\/v2\/categories?post=81663"},{"taxonomy":"post_tag","embeddable":true,"href":"https:\/\/www.ull.es\/portal\/noticias\/wp-json\/wp\/v2\/tags?post=81663"}],"curies":[{"name":"wp","href":"https:\/\/api.w.org\/{rel}","templated":true}]}}