{"id":81685,"date":"2025-04-30T07:55:58","date_gmt":"2025-04-30T07:55:58","guid":{"rendered":"https:\/\/www.ull.es\/portal\/noticias\/?p=81685"},"modified":"2025-04-30T07:56:34","modified_gmt":"2025-04-30T07:56:34","slug":"resolucion-definitiva-del-director-de-la-escuela-politecnica-superior-de-ingenieria-por-la-que-se-resuelven-las-solicitudes-de-admision-convocatoria-ordinaria-por-cambio-de-universidad-y-o-estudios","status":"publish","type":"post","link":"https:\/\/www.ull.es\/portal\/noticias\/2025\/resolucion-definitiva-del-director-de-la-escuela-politecnica-superior-de-ingenieria-por-la-que-se-resuelven-las-solicitudes-de-admision-convocatoria-ordinaria-por-cambio-de-universidad-y-o-estudios\/","title":{"rendered":"Resoluci\u00f3n definitiva del director de la Escuela Polit\u00e9cnica Superior de Ingenier\u00eda, por la que se resuelven las solicitudes de admisi\u00f3n, convocatoria ordinaria, por cambio de universidad y\/o estudios universitarios oficiales espa\u00f1oles o extranjeros para el curso acad\u00e9mico 2025-2026 en el grado en Ingenier\u00eda Civil"},"content":{"rendered":"<p><a href=\"https:\/\/drive.google.com\/file\/d\/1MlMslhfbOud0ojp7XSdRXdb6-ZbltPKd\/view?usp=drive_link\" target=\"_blank\" rel=\"noopener\" data-saferedirecturl=\"https:\/\/www.google.com\/url?q=https:\/\/drive.google.com\/file\/d\/1MlMslhfbOud0ojp7XSdRXdb6-ZbltPKd\/view?usp%3Ddrive_link&amp;source=gmail&amp;ust=1746084890139000&amp;usg=AOvVaw3cm0Lvrf6Aed7J0hsp32VW\" target=\"_blank\" rel=\"noopener\">Resoluci\u00f3n definitiva, de 29 abril de 2025 del director de la Escuela Polit\u00e9cnica Superior de Ingenier\u00eda, por la que se resuelven las solicitudes de admisi\u00f3n, convocatoria ordinaria, por cambio de universidad y\/o estudios universitarios oficiales espa\u00f1oles o extranjeros a estudios oficiales de grado de la Universidad de La Laguna para el curso acad\u00e9mico 2025-2026 en el grado en Ingenier\u00eda Civil<\/a>.<\/p>\n","protected":false},"excerpt":{"rendered":"<p>Resoluci\u00f3n definitiva, de 29 abril de 2025 del director de la Escuela Polit\u00e9cnica Superior de Ingenier\u00eda, por la que se&#8230;<\/p>\n","protected":false},"author":65,"featured_media":0,"comment_status":"closed","ping_status":"closed","sticky":false,"template":"","format":"standard","meta":{"inline_featured_image":false,"footnotes":""},"categories":[3897,3846],"tags":[],"acf":[],"yoast_head":"<!-- This site is optimized with the Yoast SEO plugin v21.3 - https:\/\/yoast.com\/wordpress\/plugins\/seo\/ -->\n<title>Resoluci\u00f3n definitiva del director de la Escuela Polit\u00e9cnica Superior de Ingenier\u00eda, por la que se resuelven las solicitudes de admisi\u00f3n, convocatoria ordinaria, por cambio de universidad y\/o estudios universitarios oficiales espa\u00f1oles o extranjeros para el curso acad\u00e9mico 2025-2026 en el grado en Ingenier\u00eda Civil - ULL - Noticias<\/title>\n<meta name=\"robots\" content=\"index, follow, max-snippet:-1, max-image-preview:large, max-video-preview:-1\" \/>\n<link rel=\"canonical\" href=\"https:\/\/www.ull.es\/portal\/noticias\/2025\/resolucion-definitiva-del-director-de-la-escuela-politecnica-superior-de-ingenieria-por-la-que-se-resuelven-las-solicitudes-de-admision-convocatoria-ordinaria-por-cambio-de-universidad-y-o-estudios\/\" \/>\n<meta property=\"og:locale\" content=\"es_ES\" \/>\n<meta property=\"og:type\" content=\"article\" \/>\n<meta property=\"og:title\" content=\"Resoluci\u00f3n definitiva del director de la Escuela Polit\u00e9cnica Superior de Ingenier\u00eda, por la que se resuelven las solicitudes de admisi\u00f3n, convocatoria ordinaria, por cambio de universidad y\/o estudios universitarios oficiales espa\u00f1oles o extranjeros para el curso acad\u00e9mico 2025-2026 en el grado en Ingenier\u00eda Civil - ULL - Noticias\" \/>\n<meta property=\"og:description\" content=\"Resoluci\u00f3n definitiva, de 29 abril de 2025 del director de la Escuela Polit\u00e9cnica Superior de Ingenier\u00eda, por la que se...\" \/>\n<meta property=\"og:url\" content=\"https:\/\/www.ull.es\/portal\/noticias\/2025\/resolucion-definitiva-del-director-de-la-escuela-politecnica-superior-de-ingenieria-por-la-que-se-resuelven-las-solicitudes-de-admision-convocatoria-ordinaria-por-cambio-de-universidad-y-o-estudios\/\" \/>\n<meta property=\"og:site_name\" content=\"ULL - Noticias\" \/>\n<meta property=\"article:publisher\" content=\"https:\/\/www.facebook.com\/universidaddelalaguna\/\" \/>\n<meta property=\"article:published_time\" content=\"2025-04-30T07:55:58+00:00\" \/>\n<meta property=\"article:modified_time\" content=\"2025-04-30T07:56:34+00:00\" \/>\n<meta property=\"og:image\" content=\"https:\/\/www.ull.es\/portal\/noticias\/wp-content\/uploads\/sites\/13\/2023\/06\/logo-redimensionado.png\" \/>\n\t<meta property=\"og:image:width\" content=\"1200\" \/>\n\t<meta property=\"og:image:height\" content=\"630\" \/>\n\t<meta property=\"og:image:type\" content=\"image\/png\" \/>\n<meta name=\"author\" content=\"gcom4\" \/>\n<meta name=\"twitter:card\" content=\"summary_large_image\" \/>\n<meta name=\"twitter:creator\" content=\"@CanalULL\" \/>\n<meta name=\"twitter:site\" content=\"@CanalULL\" \/>\n<meta name=\"twitter:label1\" content=\"Escrito por\" \/>\n\t<meta name=\"twitter:data1\" content=\"gcom4\" \/>\n\t<meta name=\"twitter:label2\" content=\"Tiempo de lectura\" \/>\n\t<meta name=\"twitter:data2\" content=\"1 minuto\" \/>\n<script type=\"application\/ld+json\" class=\"yoast-schema-graph\">{\"@context\":\"https:\/\/schema.org\",\"@graph\":[{\"@type\":\"WebPage\",\"@id\":\"https:\/\/www.ull.es\/portal\/noticias\/2025\/resolucion-definitiva-del-director-de-la-escuela-politecnica-superior-de-ingenieria-por-la-que-se-resuelven-las-solicitudes-de-admision-convocatoria-ordinaria-por-cambio-de-universidad-y-o-estudios\/\",\"url\":\"https:\/\/www.ull.es\/portal\/noticias\/2025\/resolucion-definitiva-del-director-de-la-escuela-politecnica-superior-de-ingenieria-por-la-que-se-resuelven-las-solicitudes-de-admision-convocatoria-ordinaria-por-cambio-de-universidad-y-o-estudios\/\",\"name\":\"Resoluci\u00f3n definitiva del director de la Escuela Polit\u00e9cnica Superior de Ingenier\u00eda, por la que se resuelven las solicitudes de admisi\u00f3n, convocatoria ordinaria, por cambio de universidad y\/o estudios universitarios oficiales espa\u00f1oles o extranjeros para el curso acad\u00e9mico 2025-2026 en el grado en Ingenier\u00eda Civil - ULL - Noticias\",\"isPartOf\":{\"@id\":\"https:\/\/www.ull.es\/portal\/noticias\/#website\"},\"datePublished\":\"2025-04-30T07:55:58+00:00\",\"dateModified\":\"2025-04-30T07:56:34+00:00\",\"author\":{\"@id\":\"https:\/\/www.ull.es\/portal\/noticias\/#\/schema\/person\/9924518fb1ad37d4428e7b5d6f311773\"},\"breadcrumb\":{\"@id\":\"https:\/\/www.ull.es\/portal\/noticias\/2025\/resolucion-definitiva-del-director-de-la-escuela-politecnica-superior-de-ingenieria-por-la-que-se-resuelven-las-solicitudes-de-admision-convocatoria-ordinaria-por-cambio-de-universidad-y-o-estudios\/#breadcrumb\"},\"inLanguage\":\"es\",\"potentialAction\":[{\"@type\":\"ReadAction\",\"target\":[\"https:\/\/www.ull.es\/portal\/noticias\/2025\/resolucion-definitiva-del-director-de-la-escuela-politecnica-superior-de-ingenieria-por-la-que-se-resuelven-las-solicitudes-de-admision-convocatoria-ordinaria-por-cambio-de-universidad-y-o-estudios\/\"]}]},{\"@type\":\"BreadcrumbList\",\"@id\":\"https:\/\/www.ull.es\/portal\/noticias\/2025\/resolucion-definitiva-del-director-de-la-escuela-politecnica-superior-de-ingenieria-por-la-que-se-resuelven-las-solicitudes-de-admision-convocatoria-ordinaria-por-cambio-de-universidad-y-o-estudios\/#breadcrumb\",\"itemListElement\":[{\"@type\":\"ListItem\",\"position\":1,\"name\":\"Portada\",\"item\":\"https:\/\/www.ull.es\/portal\/noticias\/\"},{\"@type\":\"ListItem\",\"position\":2,\"name\":\"Resoluci\u00f3n definitiva del director de la Escuela Polit\u00e9cnica Superior de Ingenier\u00eda, por la que se resuelven las solicitudes de admisi\u00f3n, convocatoria ordinaria, por cambio de universidad y\/o estudios universitarios oficiales espa\u00f1oles o extranjeros para el curso acad\u00e9mico 2025-2026 en el grado en Ingenier\u00eda Civil\"}]},{\"@type\":\"WebSite\",\"@id\":\"https:\/\/www.ull.es\/portal\/noticias\/#website\",\"url\":\"https:\/\/www.ull.es\/portal\/noticias\/\",\"name\":\"ULL - Noticias\",\"description\":\"\",\"potentialAction\":[{\"@type\":\"SearchAction\",\"target\":{\"@type\":\"EntryPoint\",\"urlTemplate\":\"https:\/\/www.ull.es\/portal\/noticias\/?s={search_term_string}\"},\"query-input\":\"required name=search_term_string\"}],\"inLanguage\":\"es\"},{\"@type\":\"Person\",\"@id\":\"https:\/\/www.ull.es\/portal\/noticias\/#\/schema\/person\/9924518fb1ad37d4428e7b5d6f311773\",\"name\":\"gcom4\",\"image\":{\"@type\":\"ImageObject\",\"inLanguage\":\"es\",\"@id\":\"https:\/\/www.ull.es\/portal\/noticias\/#\/schema\/person\/image\/\",\"url\":\"https:\/\/secure.gravatar.com\/avatar\/a5d1f5573f10617ccfcc209aaf6aa7fb?s=96&d=mm&r=g\",\"contentUrl\":\"https:\/\/secure.gravatar.com\/avatar\/a5d1f5573f10617ccfcc209aaf6aa7fb?s=96&d=mm&r=g\",\"caption\":\"gcom4\"},\"url\":\"https:\/\/www.ull.es\/portal\/noticias\/author\/gcom4\/\"}]}<\/script>\n<!-- \/ Yoast SEO plugin. -->","yoast_head_json":{"title":"Resoluci\u00f3n definitiva del director de la Escuela Polit\u00e9cnica Superior de Ingenier\u00eda, por la que se resuelven las solicitudes de admisi\u00f3n, convocatoria ordinaria, por cambio de universidad y\/o estudios universitarios oficiales espa\u00f1oles o extranjeros para el curso acad\u00e9mico 2025-2026 en el grado en Ingenier\u00eda Civil - ULL - Noticias","robots":{"index":"index","follow":"follow","max-snippet":"max-snippet:-1","max-image-preview":"max-image-preview:large","max-video-preview":"max-video-preview:-1"},"canonical":"https:\/\/www.ull.es\/portal\/noticias\/2025\/resolucion-definitiva-del-director-de-la-escuela-politecnica-superior-de-ingenieria-por-la-que-se-resuelven-las-solicitudes-de-admision-convocatoria-ordinaria-por-cambio-de-universidad-y-o-estudios\/","og_locale":"es_ES","og_type":"article","og_title":"Resoluci\u00f3n definitiva del director de la Escuela Polit\u00e9cnica Superior de Ingenier\u00eda, por la que se resuelven las solicitudes de admisi\u00f3n, convocatoria ordinaria, por cambio de universidad y\/o estudios universitarios oficiales espa\u00f1oles o extranjeros para el curso acad\u00e9mico 2025-2026 en el grado en Ingenier\u00eda Civil - ULL - Noticias","og_description":"Resoluci\u00f3n definitiva, de 29 abril de 2025 del director de la Escuela Polit\u00e9cnica Superior de Ingenier\u00eda, por la que se...","og_url":"https:\/\/www.ull.es\/portal\/noticias\/2025\/resolucion-definitiva-del-director-de-la-escuela-politecnica-superior-de-ingenieria-por-la-que-se-resuelven-las-solicitudes-de-admision-convocatoria-ordinaria-por-cambio-de-universidad-y-o-estudios\/","og_site_name":"ULL - Noticias","article_publisher":"https:\/\/www.facebook.com\/universidaddelalaguna\/","article_published_time":"2025-04-30T07:55:58+00:00","article_modified_time":"2025-04-30T07:56:34+00:00","og_image":[{"width":1200,"height":630,"url":"https:\/\/www.ull.es\/portal\/noticias\/wp-content\/uploads\/sites\/13\/2023\/06\/logo-redimensionado.png","type":"image\/png"}],"author":"gcom4","twitter_card":"summary_large_image","twitter_creator":"@CanalULL","twitter_site":"@CanalULL","twitter_misc":{"Escrito por":"gcom4","Tiempo de lectura":"1 minuto"},"schema":{"@context":"https:\/\/schema.org","@graph":[{"@type":"WebPage","@id":"https:\/\/www.ull.es\/portal\/noticias\/2025\/resolucion-definitiva-del-director-de-la-escuela-politecnica-superior-de-ingenieria-por-la-que-se-resuelven-las-solicitudes-de-admision-convocatoria-ordinaria-por-cambio-de-universidad-y-o-estudios\/","url":"https:\/\/www.ull.es\/portal\/noticias\/2025\/resolucion-definitiva-del-director-de-la-escuela-politecnica-superior-de-ingenieria-por-la-que-se-resuelven-las-solicitudes-de-admision-convocatoria-ordinaria-por-cambio-de-universidad-y-o-estudios\/","name":"Resoluci\u00f3n definitiva del director de la Escuela Polit\u00e9cnica Superior de Ingenier\u00eda, por la que se resuelven las solicitudes de admisi\u00f3n, convocatoria ordinaria, por cambio de universidad y\/o estudios universitarios oficiales espa\u00f1oles o extranjeros para el curso acad\u00e9mico 2025-2026 en el grado en Ingenier\u00eda Civil - ULL - Noticias","isPartOf":{"@id":"https:\/\/www.ull.es\/portal\/noticias\/#website"},"datePublished":"2025-04-30T07:55:58+00:00","dateModified":"2025-04-30T07:56:34+00:00","author":{"@id":"https:\/\/www.ull.es\/portal\/noticias\/#\/schema\/person\/9924518fb1ad37d4428e7b5d6f311773"},"breadcrumb":{"@id":"https:\/\/www.ull.es\/portal\/noticias\/2025\/resolucion-definitiva-del-director-de-la-escuela-politecnica-superior-de-ingenieria-por-la-que-se-resuelven-las-solicitudes-de-admision-convocatoria-ordinaria-por-cambio-de-universidad-y-o-estudios\/#breadcrumb"},"inLanguage":"es","potentialAction":[{"@type":"ReadAction","target":["https:\/\/www.ull.es\/portal\/noticias\/2025\/resolucion-definitiva-del-director-de-la-escuela-politecnica-superior-de-ingenieria-por-la-que-se-resuelven-las-solicitudes-de-admision-convocatoria-ordinaria-por-cambio-de-universidad-y-o-estudios\/"]}]},{"@type":"BreadcrumbList","@id":"https:\/\/www.ull.es\/portal\/noticias\/2025\/resolucion-definitiva-del-director-de-la-escuela-politecnica-superior-de-ingenieria-por-la-que-se-resuelven-las-solicitudes-de-admision-convocatoria-ordinaria-por-cambio-de-universidad-y-o-estudios\/#breadcrumb","itemListElement":[{"@type":"ListItem","position":1,"name":"Portada","item":"https:\/\/www.ull.es\/portal\/noticias\/"},{"@type":"ListItem","position":2,"name":"Resoluci\u00f3n definitiva del director de la Escuela Polit\u00e9cnica Superior de Ingenier\u00eda, por la que se resuelven las solicitudes de admisi\u00f3n, convocatoria ordinaria, por cambio de universidad y\/o estudios universitarios oficiales espa\u00f1oles o extranjeros para el curso acad\u00e9mico 2025-2026 en el grado en Ingenier\u00eda Civil"}]},{"@type":"WebSite","@id":"https:\/\/www.ull.es\/portal\/noticias\/#website","url":"https:\/\/www.ull.es\/portal\/noticias\/","name":"ULL - Noticias","description":"","potentialAction":[{"@type":"SearchAction","target":{"@type":"EntryPoint","urlTemplate":"https:\/\/www.ull.es\/portal\/noticias\/?s={search_term_string}"},"query-input":"required name=search_term_string"}],"inLanguage":"es"},{"@type":"Person","@id":"https:\/\/www.ull.es\/portal\/noticias\/#\/schema\/person\/9924518fb1ad37d4428e7b5d6f311773","name":"gcom4","image":{"@type":"ImageObject","inLanguage":"es","@id":"https:\/\/www.ull.es\/portal\/noticias\/#\/schema\/person\/image\/","url":"https:\/\/secure.gravatar.com\/avatar\/a5d1f5573f10617ccfcc209aaf6aa7fb?s=96&d=mm&r=g","contentUrl":"https:\/\/secure.gravatar.com\/avatar\/a5d1f5573f10617ccfcc209aaf6aa7fb?s=96&d=mm&r=g","caption":"gcom4"},"url":"https:\/\/www.ull.es\/portal\/noticias\/author\/gcom4\/"}]}},"primary_category":{"id":3897,"name":"Escuela Polit\u00e9cnica Superior de Ingenier\u00eda","slug":"escuela-politecnica-superior-de-ingenieria","link":"https:\/\/www.ull.es\/portal\/noticias\/category\/notificaciones-centros\/escuela-politecnica-superior-de-ingenieria\/"},"featured_image_thumbnail_url":null,"_links":{"self":[{"href":"https:\/\/www.ull.es\/portal\/noticias\/wp-json\/wp\/v2\/posts\/81685"}],"collection":[{"href":"https:\/\/www.ull.es\/portal\/noticias\/wp-json\/wp\/v2\/posts"}],"about":[{"href":"https:\/\/www.ull.es\/portal\/noticias\/wp-json\/wp\/v2\/types\/post"}],"author":[{"embeddable":true,"href":"https:\/\/www.ull.es\/portal\/noticias\/wp-json\/wp\/v2\/users\/65"}],"replies":[{"embeddable":true,"href":"https:\/\/www.ull.es\/portal\/noticias\/wp-json\/wp\/v2\/comments?post=81685"}],"version-history":[{"count":2,"href":"https:\/\/www.ull.es\/portal\/noticias\/wp-json\/wp\/v2\/posts\/81685\/revisions"}],"predecessor-version":[{"id":81687,"href":"https:\/\/www.ull.es\/portal\/noticias\/wp-json\/wp\/v2\/posts\/81685\/revisions\/81687"}],"wp:attachment":[{"href":"https:\/\/www.ull.es\/portal\/noticias\/wp-json\/wp\/v2\/media?parent=81685"}],"wp:term":[{"taxonomy":"category","embeddable":true,"href":"https:\/\/www.ull.es\/portal\/noticias\/wp-json\/wp\/v2\/categories?post=81685"},{"taxonomy":"post_tag","embeddable":true,"href":"https:\/\/www.ull.es\/portal\/noticias\/wp-json\/wp\/v2\/tags?post=81685"}],"curies":[{"name":"wp","href":"https:\/\/api.w.org\/{rel}","templated":true}]}}