{"id":81756,"date":"2025-05-05T09:55:44","date_gmt":"2025-05-05T09:55:44","guid":{"rendered":"https:\/\/www.ull.es\/portal\/noticias\/?p=81756"},"modified":"2025-05-05T09:55:44","modified_gmt":"2025-05-05T09:55:44","slug":"la-ost-culmina-con-la-grande-su-ciclo-a-full-con-la-sinfonica-en-el-paraninfo-de-la-ull","status":"publish","type":"post","link":"https:\/\/www.ull.es\/portal\/noticias\/2025\/la-ost-culmina-con-la-grande-su-ciclo-a-full-con-la-sinfonica-en-el-paraninfo-de-la-ull\/","title":{"rendered":"La OST culmina con \u201cLa Grande\u201d su ciclo \u2018A fULL con la Sinf\u00f3nica\u2019 en el Paraninfo de la ULL"},"content":{"rendered":"<p><a href=\"https:\/\/sinfonicadetenerife.es\/\" target=\"_blank\" rel=\"noopener\">La Orquesta Sinf\u00f3nica de Tenerife<\/a> actuar\u00e1 en el Paraninfo de la Universidad de La Laguna este jueves 8 de mayo a las 20:00 horas. El programa comenzar\u00e1 con \u2018Las constelaciones que m\u00e1s brillan\u2019, de Raquel Garc\u00eda Tom\u00e1s y la pieza principal de la noche ser\u00e1 \u2018La Sinfon\u00eda n\u00ba 9\u2019 conocida como \u201cLa Grande\u201d de Schubert, dirigida por la talentosa directora alemana Johanna Malangr\u00e9. El <a href=\"https:\/\/www.instagram.com\/gonzalo_lahoz\/\" target=\"_blank\" rel=\"noopener\">divulgador Gonzalo Lahoz<\/a> guiar\u00e1 al p\u00fablico en esta experiencia sonora dise\u00f1ada para acercar a los j\u00f3venes a la m\u00fasica cl\u00e1sica. Las entradas son gratuitas para el alumnado universitario con previa reserva, y desde 9 euros para el p\u00fablico general en este <a href=\"https:\/\/www.ecoentradas.com\/elegirsesion\/2547\" target=\"_blank\" rel=\"noopener\">enlace<\/a>.<\/p>\n<p><a href=\"https:\/\/www.ull.es\/portal\/noticias\/2024\/la-sinfonica-vuelve-a-su-casa-de-la-ull-con-un-ciclo-de-conciertos-disenado-para-atraer-al-publico-joven\/\" target=\"_blank\" rel=\"noopener\">A fULL con la Sinf\u00f3nica<\/a> es un proyecto que cuenta con el apoyo de la <a href=\"https:\/\/www.fundaciondisa.org\/\" target=\"_blank\" rel=\"noopener\">Fundaci\u00f3n DISA<\/a>. La relaci\u00f3n entre la formaci\u00f3n musical y esta universidad se remonta muchos a\u00f1os atr\u00e1s. Por ello no es de extra\u00f1ar que la reapertura del escenario del Paraninfo tras su remodelaci\u00f3n en 2009 estuviera protagonizada justamente por un concierto de la Sinf\u00f3nica.<\/p>\n<p>Este proyecto est\u00e1 formado por un ciclo de tres conciertos celebrados a lo largo del curso acad\u00e9mico. El de este 8 de mayo culmina el ciclo, precedido por los celebrados el 19 de septiembre de 2024, cuando se represent\u00f3 \u2018Porgy and Bess\u2019, y el celebrado el pasado 20 de febrero, con \u2018La S\u00e9ptima\u2019 de Dvo\u0159\u00e1k.<\/p>\n<p>\u2018La Sinfon\u00eda n\u00ba 9\u2019 de Schubert es una obra monumental, c\u00e9lebre por su majestuosa escala y profunda expresividad. Por su parte \u2018Las constelaciones que m\u00e1s brillan\u2019, de Raquel Garc\u00eda Tom\u00e1s, es una pieza que emplea juego de resonancia, bucles y capas en constante evoluci\u00f3n, creando una experiencia auditiva en perpetua transformaci\u00f3n.<\/p>\n<p>La Orquesta Sinf\u00f3nica de Tenerife, fundada en 1935, es una de las instituciones musicales m\u00e1s prestigiosas a nivel nacional, reconocida por su trayectoria, calidad y esp\u00edritu innovador. La formaci\u00f3n musical ha colaborado con numerosos artistas de renombre internacional y participa activamente en festivales de m\u00fasica tanto a nivel nacional como internacional.<\/p>\n","protected":false},"excerpt":{"rendered":"<p>La Orquesta Sinf\u00f3nica de Tenerife actuar\u00e1 en el Paraninfo de la Universidad de La Laguna este jueves 8 de mayo&#8230;<\/p>\n","protected":false},"author":23,"featured_media":81758,"comment_status":"closed","ping_status":"closed","sticky":false,"template":"","format":"standard","meta":{"inline_featured_image":false,"footnotes":""},"categories":[344,345,2765],"tags":[],"acf":[],"yoast_head":"<!-- This site is optimized with the Yoast SEO plugin v21.3 - https:\/\/yoast.com\/wordpress\/plugins\/seo\/ -->\n<title>La OST culmina con \u201cLa Grande\u201d su ciclo \u2018A fULL con la Sinf\u00f3nica\u2019 en el Paraninfo de la ULL - ULL - Noticias<\/title>\n<meta name=\"robots\" content=\"index, follow, max-snippet:-1, max-image-preview:large, max-video-preview:-1\" \/>\n<link rel=\"canonical\" href=\"https:\/\/www.ull.es\/portal\/noticias\/2025\/la-ost-culmina-con-la-grande-su-ciclo-a-full-con-la-sinfonica-en-el-paraninfo-de-la-ull\/\" \/>\n<meta property=\"og:locale\" content=\"es_ES\" \/>\n<meta property=\"og:type\" content=\"article\" \/>\n<meta property=\"og:title\" content=\"La OST culmina con \u201cLa Grande\u201d su ciclo \u2018A fULL con la Sinf\u00f3nica\u2019 en el Paraninfo de la ULL - ULL - Noticias\" \/>\n<meta property=\"og:description\" content=\"La Orquesta Sinf\u00f3nica de Tenerife actuar\u00e1 en el Paraninfo de la Universidad de La Laguna este jueves 8 de mayo...\" \/>\n<meta property=\"og:url\" content=\"https:\/\/www.ull.es\/portal\/noticias\/2025\/la-ost-culmina-con-la-grande-su-ciclo-a-full-con-la-sinfonica-en-el-paraninfo-de-la-ull\/\" \/>\n<meta property=\"og:site_name\" content=\"ULL - Noticias\" \/>\n<meta property=\"article:publisher\" content=\"https:\/\/www.facebook.com\/universidaddelalaguna\/\" \/>\n<meta property=\"article:published_time\" content=\"2025-05-05T09:55:44+00:00\" \/>\n<meta property=\"og:image\" content=\"https:\/\/www.ull.es\/portal\/noticias\/wp-content\/uploads\/sites\/13\/2025\/05\/a-full-sinfonica.jpg\" \/>\n\t<meta property=\"og:image:width\" content=\"750\" \/>\n\t<meta property=\"og:image:height\" content=\"370\" \/>\n\t<meta property=\"og:image:type\" content=\"image\/jpeg\" \/>\n<meta name=\"author\" content=\"gaprsa\" \/>\n<meta name=\"twitter:card\" content=\"summary_large_image\" \/>\n<meta name=\"twitter:creator\" content=\"@CanalULL\" \/>\n<meta name=\"twitter:site\" content=\"@CanalULL\" \/>\n<meta name=\"twitter:label1\" content=\"Escrito por\" \/>\n\t<meta name=\"twitter:data1\" content=\"gaprsa\" \/>\n\t<meta name=\"twitter:label2\" content=\"Tiempo de lectura\" \/>\n\t<meta name=\"twitter:data2\" content=\"2 minutos\" \/>\n<script type=\"application\/ld+json\" class=\"yoast-schema-graph\">{\"@context\":\"https:\/\/schema.org\",\"@graph\":[{\"@type\":\"WebPage\",\"@id\":\"https:\/\/www.ull.es\/portal\/noticias\/2025\/la-ost-culmina-con-la-grande-su-ciclo-a-full-con-la-sinfonica-en-el-paraninfo-de-la-ull\/\",\"url\":\"https:\/\/www.ull.es\/portal\/noticias\/2025\/la-ost-culmina-con-la-grande-su-ciclo-a-full-con-la-sinfonica-en-el-paraninfo-de-la-ull\/\",\"name\":\"La OST culmina con \u201cLa Grande\u201d su ciclo \u2018A fULL con la Sinf\u00f3nica\u2019 en el Paraninfo de la ULL - ULL - Noticias\",\"isPartOf\":{\"@id\":\"https:\/\/www.ull.es\/portal\/noticias\/#website\"},\"datePublished\":\"2025-05-05T09:55:44+00:00\",\"dateModified\":\"2025-05-05T09:55:44+00:00\",\"author\":{\"@id\":\"https:\/\/www.ull.es\/portal\/noticias\/#\/schema\/person\/b2b1a89d43ffa609e591f7df8ef3e817\"},\"breadcrumb\":{\"@id\":\"https:\/\/www.ull.es\/portal\/noticias\/2025\/la-ost-culmina-con-la-grande-su-ciclo-a-full-con-la-sinfonica-en-el-paraninfo-de-la-ull\/#breadcrumb\"},\"inLanguage\":\"es\",\"potentialAction\":[{\"@type\":\"ReadAction\",\"target\":[\"https:\/\/www.ull.es\/portal\/noticias\/2025\/la-ost-culmina-con-la-grande-su-ciclo-a-full-con-la-sinfonica-en-el-paraninfo-de-la-ull\/\"]}]},{\"@type\":\"BreadcrumbList\",\"@id\":\"https:\/\/www.ull.es\/portal\/noticias\/2025\/la-ost-culmina-con-la-grande-su-ciclo-a-full-con-la-sinfonica-en-el-paraninfo-de-la-ull\/#breadcrumb\",\"itemListElement\":[{\"@type\":\"ListItem\",\"position\":1,\"name\":\"Portada\",\"item\":\"https:\/\/www.ull.es\/portal\/noticias\/\"},{\"@type\":\"ListItem\",\"position\":2,\"name\":\"La OST culmina con \u201cLa Grande\u201d su ciclo \u2018A fULL con la Sinf\u00f3nica\u2019 en el Paraninfo de la ULL\"}]},{\"@type\":\"WebSite\",\"@id\":\"https:\/\/www.ull.es\/portal\/noticias\/#website\",\"url\":\"https:\/\/www.ull.es\/portal\/noticias\/\",\"name\":\"ULL - Noticias\",\"description\":\"\",\"potentialAction\":[{\"@type\":\"SearchAction\",\"target\":{\"@type\":\"EntryPoint\",\"urlTemplate\":\"https:\/\/www.ull.es\/portal\/noticias\/?s={search_term_string}\"},\"query-input\":\"required name=search_term_string\"}],\"inLanguage\":\"es\"},{\"@type\":\"Person\",\"@id\":\"https:\/\/www.ull.es\/portal\/noticias\/#\/schema\/person\/b2b1a89d43ffa609e591f7df8ef3e817\",\"name\":\"gaprsa\",\"image\":{\"@type\":\"ImageObject\",\"inLanguage\":\"es\",\"@id\":\"https:\/\/www.ull.es\/portal\/noticias\/#\/schema\/person\/image\/\",\"url\":\"https:\/\/secure.gravatar.com\/avatar\/443820550921091458b4823867723b3d?s=96&d=mm&r=g\",\"contentUrl\":\"https:\/\/secure.gravatar.com\/avatar\/443820550921091458b4823867723b3d?s=96&d=mm&r=g\",\"caption\":\"gaprsa\"},\"url\":\"https:\/\/www.ull.es\/portal\/noticias\/author\/gaprsa\/\"}]}<\/script>\n<!-- \/ Yoast SEO plugin. -->","yoast_head_json":{"title":"La OST culmina con \u201cLa Grande\u201d su ciclo \u2018A fULL con la Sinf\u00f3nica\u2019 en el Paraninfo de la ULL - ULL - Noticias","robots":{"index":"index","follow":"follow","max-snippet":"max-snippet:-1","max-image-preview":"max-image-preview:large","max-video-preview":"max-video-preview:-1"},"canonical":"https:\/\/www.ull.es\/portal\/noticias\/2025\/la-ost-culmina-con-la-grande-su-ciclo-a-full-con-la-sinfonica-en-el-paraninfo-de-la-ull\/","og_locale":"es_ES","og_type":"article","og_title":"La OST culmina con \u201cLa Grande\u201d su ciclo \u2018A fULL con la Sinf\u00f3nica\u2019 en el Paraninfo de la ULL - ULL - Noticias","og_description":"La Orquesta Sinf\u00f3nica de Tenerife actuar\u00e1 en el Paraninfo de la Universidad de La Laguna este jueves 8 de mayo...","og_url":"https:\/\/www.ull.es\/portal\/noticias\/2025\/la-ost-culmina-con-la-grande-su-ciclo-a-full-con-la-sinfonica-en-el-paraninfo-de-la-ull\/","og_site_name":"ULL - Noticias","article_publisher":"https:\/\/www.facebook.com\/universidaddelalaguna\/","article_published_time":"2025-05-05T09:55:44+00:00","og_image":[{"width":750,"height":370,"url":"https:\/\/www.ull.es\/portal\/noticias\/wp-content\/uploads\/sites\/13\/2025\/05\/a-full-sinfonica.jpg","type":"image\/jpeg"}],"author":"gaprsa","twitter_card":"summary_large_image","twitter_creator":"@CanalULL","twitter_site":"@CanalULL","twitter_misc":{"Escrito por":"gaprsa","Tiempo de lectura":"2 minutos"},"schema":{"@context":"https:\/\/schema.org","@graph":[{"@type":"WebPage","@id":"https:\/\/www.ull.es\/portal\/noticias\/2025\/la-ost-culmina-con-la-grande-su-ciclo-a-full-con-la-sinfonica-en-el-paraninfo-de-la-ull\/","url":"https:\/\/www.ull.es\/portal\/noticias\/2025\/la-ost-culmina-con-la-grande-su-ciclo-a-full-con-la-sinfonica-en-el-paraninfo-de-la-ull\/","name":"La OST culmina con \u201cLa Grande\u201d su ciclo \u2018A fULL con la Sinf\u00f3nica\u2019 en el Paraninfo de la ULL - ULL - Noticias","isPartOf":{"@id":"https:\/\/www.ull.es\/portal\/noticias\/#website"},"datePublished":"2025-05-05T09:55:44+00:00","dateModified":"2025-05-05T09:55:44+00:00","author":{"@id":"https:\/\/www.ull.es\/portal\/noticias\/#\/schema\/person\/b2b1a89d43ffa609e591f7df8ef3e817"},"breadcrumb":{"@id":"https:\/\/www.ull.es\/portal\/noticias\/2025\/la-ost-culmina-con-la-grande-su-ciclo-a-full-con-la-sinfonica-en-el-paraninfo-de-la-ull\/#breadcrumb"},"inLanguage":"es","potentialAction":[{"@type":"ReadAction","target":["https:\/\/www.ull.es\/portal\/noticias\/2025\/la-ost-culmina-con-la-grande-su-ciclo-a-full-con-la-sinfonica-en-el-paraninfo-de-la-ull\/"]}]},{"@type":"BreadcrumbList","@id":"https:\/\/www.ull.es\/portal\/noticias\/2025\/la-ost-culmina-con-la-grande-su-ciclo-a-full-con-la-sinfonica-en-el-paraninfo-de-la-ull\/#breadcrumb","itemListElement":[{"@type":"ListItem","position":1,"name":"Portada","item":"https:\/\/www.ull.es\/portal\/noticias\/"},{"@type":"ListItem","position":2,"name":"La OST culmina con \u201cLa Grande\u201d su ciclo \u2018A fULL con la Sinf\u00f3nica\u2019 en el Paraninfo de la ULL"}]},{"@type":"WebSite","@id":"https:\/\/www.ull.es\/portal\/noticias\/#website","url":"https:\/\/www.ull.es\/portal\/noticias\/","name":"ULL - Noticias","description":"","potentialAction":[{"@type":"SearchAction","target":{"@type":"EntryPoint","urlTemplate":"https:\/\/www.ull.es\/portal\/noticias\/?s={search_term_string}"},"query-input":"required name=search_term_string"}],"inLanguage":"es"},{"@type":"Person","@id":"https:\/\/www.ull.es\/portal\/noticias\/#\/schema\/person\/b2b1a89d43ffa609e591f7df8ef3e817","name":"gaprsa","image":{"@type":"ImageObject","inLanguage":"es","@id":"https:\/\/www.ull.es\/portal\/noticias\/#\/schema\/person\/image\/","url":"https:\/\/secure.gravatar.com\/avatar\/443820550921091458b4823867723b3d?s=96&d=mm&r=g","contentUrl":"https:\/\/secure.gravatar.com\/avatar\/443820550921091458b4823867723b3d?s=96&d=mm&r=g","caption":"gaprsa"},"url":"https:\/\/www.ull.es\/portal\/noticias\/author\/gaprsa\/"}]}},"primary_category":{"id":345,"name":"Destacado","slug":"destacado","link":"https:\/\/www.ull.es\/portal\/noticias\/category\/destacado\/"},"featured_image_thumbnail_url":"https:\/\/www.ull.es\/portal\/noticias\/wp-content\/uploads\/sites\/13\/2025\/05\/a-full-sinfonica-300x148.jpg","_links":{"self":[{"href":"https:\/\/www.ull.es\/portal\/noticias\/wp-json\/wp\/v2\/posts\/81756"}],"collection":[{"href":"https:\/\/www.ull.es\/portal\/noticias\/wp-json\/wp\/v2\/posts"}],"about":[{"href":"https:\/\/www.ull.es\/portal\/noticias\/wp-json\/wp\/v2\/types\/post"}],"author":[{"embeddable":true,"href":"https:\/\/www.ull.es\/portal\/noticias\/wp-json\/wp\/v2\/users\/23"}],"replies":[{"embeddable":true,"href":"https:\/\/www.ull.es\/portal\/noticias\/wp-json\/wp\/v2\/comments?post=81756"}],"version-history":[{"count":1,"href":"https:\/\/www.ull.es\/portal\/noticias\/wp-json\/wp\/v2\/posts\/81756\/revisions"}],"predecessor-version":[{"id":81757,"href":"https:\/\/www.ull.es\/portal\/noticias\/wp-json\/wp\/v2\/posts\/81756\/revisions\/81757"}],"wp:featuredmedia":[{"embeddable":true,"href":"https:\/\/www.ull.es\/portal\/noticias\/wp-json\/wp\/v2\/media\/81758"}],"wp:attachment":[{"href":"https:\/\/www.ull.es\/portal\/noticias\/wp-json\/wp\/v2\/media?parent=81756"}],"wp:term":[{"taxonomy":"category","embeddable":true,"href":"https:\/\/www.ull.es\/portal\/noticias\/wp-json\/wp\/v2\/categories?post=81756"},{"taxonomy":"post_tag","embeddable":true,"href":"https:\/\/www.ull.es\/portal\/noticias\/wp-json\/wp\/v2\/tags?post=81756"}],"curies":[{"name":"wp","href":"https:\/\/api.w.org\/{rel}","templated":true}]}}