{"id":81799,"date":"2025-05-06T08:13:18","date_gmt":"2025-05-06T08:13:18","guid":{"rendered":"https:\/\/www.ull.es\/portal\/noticias\/?p=81799"},"modified":"2025-05-06T08:13:18","modified_gmt":"2025-05-06T08:13:18","slug":"el-proyecto-de-las-dos-universidades-canbio-insiste-en-el-impacto-humano-sobre-la-biodiversidad-marina-y-terrestre-amenazada","status":"publish","type":"post","link":"https:\/\/www.ull.es\/portal\/noticias\/2025\/el-proyecto-de-las-dos-universidades-canbio-insiste-en-el-impacto-humano-sobre-la-biodiversidad-marina-y-terrestre-amenazada\/","title":{"rendered":"El proyecto de las dos universidades CanBIo insiste en el impacto humano sobre la biodiversidad marina y terrestre amenazada"},"content":{"rendered":"<p>La Universidad de Las Palmas de Gran Canaria\u00a0 acogi\u00f3 este viernes la V Jornada cient\u00edfico-divulgativa Un Viaje al Futuro Sostenible, centrada en los avances del mayor estudio sobre los efectos del cambio clim\u00e1tico en la biodiversidad marina y terrestre amenazada del Archipi\u00e9lago. El encuentro resalt\u00f3 c\u00f3mo el impacto humano contin\u00faa incidiendo negativamente en las especies, eje central del proyecto CanBIO, una iniciativa pionera en Canarias financiada a partes iguales por el Gobierno de Canarias y Loro Parque Fundaci\u00f3n y desarrollada por grupos de<br \/>\ninvestigaci\u00f3n de la ULPGC y la Universidad de La Laguna.<\/p>\n<div id=\"attachment_81801\" style=\"width: 310px\" class=\"wp-caption alignleft\"><a href=\"https:\/\/www.ull.es\/portal\/noticias\/wp-content\/uploads\/sites\/13\/2025\/05\/Mesa-Inaugural-en-el-stand-informativo-de-CanBio-1.jpg\" target=\"_blank\" rel=\"noopener\"><img aria-describedby=\"caption-attachment-81801\" decoding=\"async\" loading=\"lazy\" class=\"size-medium wp-image-81801\" src=\"https:\/\/www.ull.es\/portal\/noticias\/wp-content\/uploads\/sites\/13\/2025\/05\/Mesa-Inaugural-en-el-stand-informativo-de-CanBio-1-300x200.jpg\" alt=\"\" width=\"300\" height=\"200\" srcset=\"https:\/\/www.ull.es\/portal\/noticias\/wp-content\/uploads\/sites\/13\/2025\/05\/Mesa-Inaugural-en-el-stand-informativo-de-CanBio-1-300x200.jpg 300w, https:\/\/www.ull.es\/portal\/noticias\/wp-content\/uploads\/sites\/13\/2025\/05\/Mesa-Inaugural-en-el-stand-informativo-de-CanBio-1-1024x684.jpg 1024w, https:\/\/www.ull.es\/portal\/noticias\/wp-content\/uploads\/sites\/13\/2025\/05\/Mesa-Inaugural-en-el-stand-informativo-de-CanBio-1-768x513.jpg 768w, https:\/\/www.ull.es\/portal\/noticias\/wp-content\/uploads\/sites\/13\/2025\/05\/Mesa-Inaugural-en-el-stand-informativo-de-CanBio-1-1536x1025.jpg 1536w, https:\/\/www.ull.es\/portal\/noticias\/wp-content\/uploads\/sites\/13\/2025\/05\/Mesa-Inaugural-en-el-stand-informativo-de-CanBio-1-375x250.jpg 375w, https:\/\/www.ull.es\/portal\/noticias\/wp-content\/uploads\/sites\/13\/2025\/05\/Mesa-Inaugural-en-el-stand-informativo-de-CanBio-1-750x501.jpg 750w, https:\/\/www.ull.es\/portal\/noticias\/wp-content\/uploads\/sites\/13\/2025\/05\/Mesa-Inaugural-en-el-stand-informativo-de-CanBio-1-1140x761.jpg 1140w, https:\/\/www.ull.es\/portal\/noticias\/wp-content\/uploads\/sites\/13\/2025\/05\/Mesa-Inaugural-en-el-stand-informativo-de-CanBio-1.jpg 1600w\" sizes=\"(max-width: 300px) 100vw, 300px\" \/><\/a><p id=\"caption-attachment-81801\" class=\"wp-caption-text\">De izquierda a derecha, vicerrectora de Sostenibilidad de la ULL, viceconsejera de Transici\u00f3n Ecol\u00f3gica y rector de la ULPGC.<\/p><\/div>\n<p>El acto inaugural cont\u00f3 con la participaci\u00f3n del rector de la ULPGC, Llu\u00eds Serra Majem; la viceconsejera de Transici\u00f3n Ecol\u00f3gica, Lucha contra el Cambio Clim\u00e1tico y Energ\u00eda del Gobierno de Canarias, Julieta Schallenberg Rodr\u00edguez; la vicerrectora de Sostenibilidad e Infraestructuras de la Universidad de La Laguna, Marta Dom\u00ednguez Herrera y el director de Loro Parque Fundaci\u00f3n y coordinador del proyecto, Javier Almunia Portol\u00e9s.<\/p>\n<p>Durante la jornada, investigadores de la Universidad de La Laguna y la ULPGC compartieron los avances cient\u00edficos sobre acidificaci\u00f3n oce\u00e1nica, contaminaci\u00f3n ac\u00fastica marina, y su impacto en especies vulnerables y en peligro cr\u00edtico de extinci\u00f3n, todo ello enmarcado en los ocho subproyectos que conforman CanBIO. Con una inversi\u00f3n total de tres millones de euros desde 2019, el programa se consolida como la mayor apuesta regional por el estudio del cambio clim\u00e1tico en la Macaronesia.<\/p>\n<p>Entre las novedades expuestas por los investigadores, se indicaron los aumentos de la acidificaci\u00f3n con respecto a las sesiones de divulgaci\u00f3n de anteriores ediciones. Al mismo tiempo se valor\u00f3 el aumento de los efectos del ruido submarino en la biodiversidad gracias a los instrumentos de registro de paisajes sonoros instalados por el proyecto en las aguas del archipi\u00e9lago.<\/p>\n<p><strong>Los m\u00e1s peque\u00f1os, creando el cambio<\/strong><\/p>\n<p>En el encuentro, celebrado en el Edificio de Ciencias B\u00e1sicas del Campus de Tafira, participaron adem\u00e1s, medio centenar de alumnos de primaria del Centro Educativo Maestro F\u00e9lix Santana, quienes realizaron talleres organizados por el equipo educativo de Loro Parque Fundaci\u00f3n y el departamento de comunicaci\u00f3n de CanBio, incluyendo una muestra de r\u00e9plicas hinchables de cet\u00e1ceos a tama\u00f1o real, dise\u00f1ada para sensibilizar sobre la p\u00e9rdida de biodiversidad marina.<\/p>\n<p>Adem\u00e1s, los m\u00e1s peque\u00f1os disfrutaron de talleres de manualidades con plastilina, donde recrearon especies de caracoles terrestres en peligro cr\u00edtico de extinci\u00f3n, fomentando el<br \/>\nconocimiento y el respeto por la biodiversidad local. Para el p\u00fablico juvenil y adulto, el equipo de comunicaci\u00f3n del proyecto dise\u00f1\u00f3 un &#8216;escape room&#8217; tem\u00e1tico, una de las iniciativas<br \/>\nde innovaci\u00f3n en divulgaci\u00f3n cient\u00edfica basadas en t\u00e9cnicas de comunicaci\u00f3n transmedia. Estas propuestas permitieron acercar la ciencia de forma l\u00fadica, creativa y accesible a todos<br \/>\nlos p\u00fablicos. El alumnado brind\u00f3 a los presentes con una actuaci\u00f3n musical acorde a la tem\u00e1tica de cambio clim\u00e1tico para finalizar sus asistencia a las jornadas.<\/p>\n<p>El objetivo de CanBio es estudiar el cambio clim\u00e1tico, la acidificaci\u00f3n oce\u00e1nica y sus efectos en la biodiversidad marina y terrestre del archipi\u00e9lago. En este proyecto participan diferentes grupos de investigaci\u00f3n de la Universidad de La Laguna y la Universidad de Las Palmas de Gran Canaria, as\u00ed como colectivos de voluntariado ambiental.\u00a0Desde su inicio en 2019, CanBio ha trabajado para establecer una red de monitorizaci\u00f3n de par\u00e1metros clave vinculados al cambio clim\u00e1tico, la contaminaci\u00f3n ac\u00fastica submarina y su impacto en la biodiversidad. Adem\u00e1s, se ha convertido en una fuente de datos esenciales para los modelos clim\u00e1ticos de la regi\u00f3n macaron\u00e9sica y un referente en la protecci\u00f3n de especies marinas y terrestres ante los desaf\u00edos del cambio global.\u00a0Los subproyectos que conforman CanBio incluyen BuoyPAM, MacPAM, CanOA, BioACU, BioMAR, BioTER, SonMAR y BioModClim, cada uno de ellos enfocado en diferentes aspectos de la investigaci\u00f3n sobre el impacto del cambio clim\u00e1tico en los ecosistemas de Canarias.<\/p>\n","protected":false},"excerpt":{"rendered":"<p>La Universidad de Las Palmas de Gran Canaria\u00a0 acogi\u00f3 este viernes la V Jornada cient\u00edfico-divulgativa Un Viaje al Futuro Sostenible,&#8230;<\/p>\n","protected":false},"author":23,"featured_media":81800,"comment_status":"closed","ping_status":"closed","sticky":false,"template":"","format":"standard","meta":{"inline_featured_image":false,"footnotes":""},"categories":[345,350,2765],"tags":[],"acf":[],"yoast_head":"<!-- This site is optimized with the Yoast SEO plugin v21.3 - https:\/\/yoast.com\/wordpress\/plugins\/seo\/ -->\n<title>El proyecto de las dos universidades CanBIo insiste en el impacto humano sobre la biodiversidad marina y terrestre amenazada - ULL - Noticias<\/title>\n<meta name=\"robots\" content=\"index, follow, max-snippet:-1, max-image-preview:large, max-video-preview:-1\" \/>\n<link rel=\"canonical\" href=\"https:\/\/www.ull.es\/portal\/noticias\/2025\/el-proyecto-de-las-dos-universidades-canbio-insiste-en-el-impacto-humano-sobre-la-biodiversidad-marina-y-terrestre-amenazada\/\" \/>\n<meta property=\"og:locale\" content=\"es_ES\" \/>\n<meta property=\"og:type\" content=\"article\" \/>\n<meta property=\"og:title\" content=\"El proyecto de las dos universidades CanBIo insiste en el impacto humano sobre la biodiversidad marina y terrestre amenazada - ULL - Noticias\" \/>\n<meta property=\"og:description\" content=\"La Universidad de Las Palmas de Gran Canaria\u00a0 acogi\u00f3 este viernes la V Jornada cient\u00edfico-divulgativa Un Viaje al Futuro Sostenible,...\" \/>\n<meta property=\"og:url\" content=\"https:\/\/www.ull.es\/portal\/noticias\/2025\/el-proyecto-de-las-dos-universidades-canbio-insiste-en-el-impacto-humano-sobre-la-biodiversidad-marina-y-terrestre-amenazada\/\" \/>\n<meta property=\"og:site_name\" content=\"ULL - Noticias\" \/>\n<meta property=\"article:publisher\" content=\"https:\/\/www.facebook.com\/universidaddelalaguna\/\" \/>\n<meta property=\"article:published_time\" content=\"2025-05-06T08:13:18+00:00\" \/>\n<meta property=\"og:image\" content=\"https:\/\/www.ull.es\/portal\/noticias\/wp-content\/uploads\/sites\/13\/2025\/05\/Actividades-educativas-1.jpg\" \/>\n\t<meta property=\"og:image:width\" content=\"1600\" \/>\n\t<meta property=\"og:image:height\" content=\"1068\" \/>\n\t<meta property=\"og:image:type\" content=\"image\/jpeg\" \/>\n<meta name=\"author\" content=\"gaprsa\" \/>\n<meta name=\"twitter:card\" content=\"summary_large_image\" \/>\n<meta name=\"twitter:creator\" content=\"@CanalULL\" \/>\n<meta name=\"twitter:site\" content=\"@CanalULL\" \/>\n<meta name=\"twitter:label1\" content=\"Escrito por\" \/>\n\t<meta name=\"twitter:data1\" content=\"gaprsa\" \/>\n\t<meta name=\"twitter:label2\" content=\"Tiempo de lectura\" \/>\n\t<meta name=\"twitter:data2\" content=\"4 minutos\" \/>\n<script type=\"application\/ld+json\" class=\"yoast-schema-graph\">{\"@context\":\"https:\/\/schema.org\",\"@graph\":[{\"@type\":\"WebPage\",\"@id\":\"https:\/\/www.ull.es\/portal\/noticias\/2025\/el-proyecto-de-las-dos-universidades-canbio-insiste-en-el-impacto-humano-sobre-la-biodiversidad-marina-y-terrestre-amenazada\/\",\"url\":\"https:\/\/www.ull.es\/portal\/noticias\/2025\/el-proyecto-de-las-dos-universidades-canbio-insiste-en-el-impacto-humano-sobre-la-biodiversidad-marina-y-terrestre-amenazada\/\",\"name\":\"El proyecto de las dos universidades CanBIo insiste en el impacto humano sobre la biodiversidad marina y terrestre amenazada - ULL - Noticias\",\"isPartOf\":{\"@id\":\"https:\/\/www.ull.es\/portal\/noticias\/#website\"},\"datePublished\":\"2025-05-06T08:13:18+00:00\",\"dateModified\":\"2025-05-06T08:13:18+00:00\",\"author\":{\"@id\":\"https:\/\/www.ull.es\/portal\/noticias\/#\/schema\/person\/b2b1a89d43ffa609e591f7df8ef3e817\"},\"breadcrumb\":{\"@id\":\"https:\/\/www.ull.es\/portal\/noticias\/2025\/el-proyecto-de-las-dos-universidades-canbio-insiste-en-el-impacto-humano-sobre-la-biodiversidad-marina-y-terrestre-amenazada\/#breadcrumb\"},\"inLanguage\":\"es\",\"potentialAction\":[{\"@type\":\"ReadAction\",\"target\":[\"https:\/\/www.ull.es\/portal\/noticias\/2025\/el-proyecto-de-las-dos-universidades-canbio-insiste-en-el-impacto-humano-sobre-la-biodiversidad-marina-y-terrestre-amenazada\/\"]}]},{\"@type\":\"BreadcrumbList\",\"@id\":\"https:\/\/www.ull.es\/portal\/noticias\/2025\/el-proyecto-de-las-dos-universidades-canbio-insiste-en-el-impacto-humano-sobre-la-biodiversidad-marina-y-terrestre-amenazada\/#breadcrumb\",\"itemListElement\":[{\"@type\":\"ListItem\",\"position\":1,\"name\":\"Portada\",\"item\":\"https:\/\/www.ull.es\/portal\/noticias\/\"},{\"@type\":\"ListItem\",\"position\":2,\"name\":\"El proyecto de las dos universidades CanBIo insiste en el impacto humano sobre la biodiversidad marina y terrestre amenazada\"}]},{\"@type\":\"WebSite\",\"@id\":\"https:\/\/www.ull.es\/portal\/noticias\/#website\",\"url\":\"https:\/\/www.ull.es\/portal\/noticias\/\",\"name\":\"ULL - Noticias\",\"description\":\"\",\"potentialAction\":[{\"@type\":\"SearchAction\",\"target\":{\"@type\":\"EntryPoint\",\"urlTemplate\":\"https:\/\/www.ull.es\/portal\/noticias\/?s={search_term_string}\"},\"query-input\":\"required name=search_term_string\"}],\"inLanguage\":\"es\"},{\"@type\":\"Person\",\"@id\":\"https:\/\/www.ull.es\/portal\/noticias\/#\/schema\/person\/b2b1a89d43ffa609e591f7df8ef3e817\",\"name\":\"gaprsa\",\"image\":{\"@type\":\"ImageObject\",\"inLanguage\":\"es\",\"@id\":\"https:\/\/www.ull.es\/portal\/noticias\/#\/schema\/person\/image\/\",\"url\":\"https:\/\/secure.gravatar.com\/avatar\/443820550921091458b4823867723b3d?s=96&d=mm&r=g\",\"contentUrl\":\"https:\/\/secure.gravatar.com\/avatar\/443820550921091458b4823867723b3d?s=96&d=mm&r=g\",\"caption\":\"gaprsa\"},\"url\":\"https:\/\/www.ull.es\/portal\/noticias\/author\/gaprsa\/\"}]}<\/script>\n<!-- \/ Yoast SEO plugin. -->","yoast_head_json":{"title":"El proyecto de las dos universidades CanBIo insiste en el impacto humano sobre la biodiversidad marina y terrestre amenazada - ULL - Noticias","robots":{"index":"index","follow":"follow","max-snippet":"max-snippet:-1","max-image-preview":"max-image-preview:large","max-video-preview":"max-video-preview:-1"},"canonical":"https:\/\/www.ull.es\/portal\/noticias\/2025\/el-proyecto-de-las-dos-universidades-canbio-insiste-en-el-impacto-humano-sobre-la-biodiversidad-marina-y-terrestre-amenazada\/","og_locale":"es_ES","og_type":"article","og_title":"El proyecto de las dos universidades CanBIo insiste en el impacto humano sobre la biodiversidad marina y terrestre amenazada - ULL - Noticias","og_description":"La Universidad de Las Palmas de Gran Canaria\u00a0 acogi\u00f3 este viernes la V Jornada cient\u00edfico-divulgativa Un Viaje al Futuro Sostenible,...","og_url":"https:\/\/www.ull.es\/portal\/noticias\/2025\/el-proyecto-de-las-dos-universidades-canbio-insiste-en-el-impacto-humano-sobre-la-biodiversidad-marina-y-terrestre-amenazada\/","og_site_name":"ULL - Noticias","article_publisher":"https:\/\/www.facebook.com\/universidaddelalaguna\/","article_published_time":"2025-05-06T08:13:18+00:00","og_image":[{"width":1600,"height":1068,"url":"https:\/\/www.ull.es\/portal\/noticias\/wp-content\/uploads\/sites\/13\/2025\/05\/Actividades-educativas-1.jpg","type":"image\/jpeg"}],"author":"gaprsa","twitter_card":"summary_large_image","twitter_creator":"@CanalULL","twitter_site":"@CanalULL","twitter_misc":{"Escrito por":"gaprsa","Tiempo de lectura":"4 minutos"},"schema":{"@context":"https:\/\/schema.org","@graph":[{"@type":"WebPage","@id":"https:\/\/www.ull.es\/portal\/noticias\/2025\/el-proyecto-de-las-dos-universidades-canbio-insiste-en-el-impacto-humano-sobre-la-biodiversidad-marina-y-terrestre-amenazada\/","url":"https:\/\/www.ull.es\/portal\/noticias\/2025\/el-proyecto-de-las-dos-universidades-canbio-insiste-en-el-impacto-humano-sobre-la-biodiversidad-marina-y-terrestre-amenazada\/","name":"El proyecto de las dos universidades CanBIo insiste en el impacto humano sobre la biodiversidad marina y terrestre amenazada - ULL - Noticias","isPartOf":{"@id":"https:\/\/www.ull.es\/portal\/noticias\/#website"},"datePublished":"2025-05-06T08:13:18+00:00","dateModified":"2025-05-06T08:13:18+00:00","author":{"@id":"https:\/\/www.ull.es\/portal\/noticias\/#\/schema\/person\/b2b1a89d43ffa609e591f7df8ef3e817"},"breadcrumb":{"@id":"https:\/\/www.ull.es\/portal\/noticias\/2025\/el-proyecto-de-las-dos-universidades-canbio-insiste-en-el-impacto-humano-sobre-la-biodiversidad-marina-y-terrestre-amenazada\/#breadcrumb"},"inLanguage":"es","potentialAction":[{"@type":"ReadAction","target":["https:\/\/www.ull.es\/portal\/noticias\/2025\/el-proyecto-de-las-dos-universidades-canbio-insiste-en-el-impacto-humano-sobre-la-biodiversidad-marina-y-terrestre-amenazada\/"]}]},{"@type":"BreadcrumbList","@id":"https:\/\/www.ull.es\/portal\/noticias\/2025\/el-proyecto-de-las-dos-universidades-canbio-insiste-en-el-impacto-humano-sobre-la-biodiversidad-marina-y-terrestre-amenazada\/#breadcrumb","itemListElement":[{"@type":"ListItem","position":1,"name":"Portada","item":"https:\/\/www.ull.es\/portal\/noticias\/"},{"@type":"ListItem","position":2,"name":"El proyecto de las dos universidades CanBIo insiste en el impacto humano sobre la biodiversidad marina y terrestre amenazada"}]},{"@type":"WebSite","@id":"https:\/\/www.ull.es\/portal\/noticias\/#website","url":"https:\/\/www.ull.es\/portal\/noticias\/","name":"ULL - Noticias","description":"","potentialAction":[{"@type":"SearchAction","target":{"@type":"EntryPoint","urlTemplate":"https:\/\/www.ull.es\/portal\/noticias\/?s={search_term_string}"},"query-input":"required name=search_term_string"}],"inLanguage":"es"},{"@type":"Person","@id":"https:\/\/www.ull.es\/portal\/noticias\/#\/schema\/person\/b2b1a89d43ffa609e591f7df8ef3e817","name":"gaprsa","image":{"@type":"ImageObject","inLanguage":"es","@id":"https:\/\/www.ull.es\/portal\/noticias\/#\/schema\/person\/image\/","url":"https:\/\/secure.gravatar.com\/avatar\/443820550921091458b4823867723b3d?s=96&d=mm&r=g","contentUrl":"https:\/\/secure.gravatar.com\/avatar\/443820550921091458b4823867723b3d?s=96&d=mm&r=g","caption":"gaprsa"},"url":"https:\/\/www.ull.es\/portal\/noticias\/author\/gaprsa\/"}]}},"primary_category":{"id":350,"name":"Investigaci\u00f3n","slug":"investigacion","link":"https:\/\/www.ull.es\/portal\/noticias\/category\/investigacion\/"},"featured_image_thumbnail_url":"https:\/\/www.ull.es\/portal\/noticias\/wp-content\/uploads\/sites\/13\/2025\/05\/Actividades-educativas-1-300x200.jpg","_links":{"self":[{"href":"https:\/\/www.ull.es\/portal\/noticias\/wp-json\/wp\/v2\/posts\/81799"}],"collection":[{"href":"https:\/\/www.ull.es\/portal\/noticias\/wp-json\/wp\/v2\/posts"}],"about":[{"href":"https:\/\/www.ull.es\/portal\/noticias\/wp-json\/wp\/v2\/types\/post"}],"author":[{"embeddable":true,"href":"https:\/\/www.ull.es\/portal\/noticias\/wp-json\/wp\/v2\/users\/23"}],"replies":[{"embeddable":true,"href":"https:\/\/www.ull.es\/portal\/noticias\/wp-json\/wp\/v2\/comments?post=81799"}],"version-history":[{"count":1,"href":"https:\/\/www.ull.es\/portal\/noticias\/wp-json\/wp\/v2\/posts\/81799\/revisions"}],"predecessor-version":[{"id":81802,"href":"https:\/\/www.ull.es\/portal\/noticias\/wp-json\/wp\/v2\/posts\/81799\/revisions\/81802"}],"wp:featuredmedia":[{"embeddable":true,"href":"https:\/\/www.ull.es\/portal\/noticias\/wp-json\/wp\/v2\/media\/81800"}],"wp:attachment":[{"href":"https:\/\/www.ull.es\/portal\/noticias\/wp-json\/wp\/v2\/media?parent=81799"}],"wp:term":[{"taxonomy":"category","embeddable":true,"href":"https:\/\/www.ull.es\/portal\/noticias\/wp-json\/wp\/v2\/categories?post=81799"},{"taxonomy":"post_tag","embeddable":true,"href":"https:\/\/www.ull.es\/portal\/noticias\/wp-json\/wp\/v2\/tags?post=81799"}],"curies":[{"name":"wp","href":"https:\/\/api.w.org\/{rel}","templated":true}]}}