{"id":81868,"date":"2025-05-07T11:00:36","date_gmt":"2025-05-07T11:00:36","guid":{"rendered":"https:\/\/www.ull.es\/portal\/noticias\/?p=81868"},"modified":"2025-05-07T11:00:53","modified_gmt":"2025-05-07T11:00:53","slug":"nostalgia-musica-y-humor-se-unen-en-el-paraninfo-de-la-universidad-de-la-laguna-este-fin-de-semana","status":"publish","type":"post","link":"https:\/\/www.ull.es\/portal\/noticias\/2025\/nostalgia-musica-y-humor-se-unen-en-el-paraninfo-de-la-universidad-de-la-laguna-este-fin-de-semana\/","title":{"rendered":"Nostalgia, m\u00fasica y humor se unen en el Paraninfo de la Universidad de La Laguna este fin de semana"},"content":{"rendered":"<p>La agenda del Paraninfo de la Universidad de La Laguna est\u00e1 repleta de eventos durante todo el fin de semana. Este viernes 9 de mayo a las 21:00 horas <a href=\"https:\/\/www.ull.es\/portal\/noticias\/2025\/marwan-celebra-20-anos-de-musica-con-canciones-para-una-urgencia-en-el-paraninfo-de-la-ull\/\" target=\"_blank\" rel=\"noopener\">Marw\u00e1n presentar\u00e1 \u2018Canciones para una urgencia\u2019<\/a>, cuyas entradas a\u00fan est\u00e1n disponibles desde 30 euros en la web de <a href=\"https:\/\/www.ecoentradas.com\/elegirzona\/2813\" target=\"_blank\" rel=\"noopener\">ecoentradas<\/a>.<\/p>\n<p>Este s\u00e1bado 10 de mayo a las 20:00 horas el grupo de parranda de San Crist\u00f3bal de La Laguna <a href=\"https:\/\/grupo-parranda-ixemad.webnode.es\/\" target=\"_blank\" rel=\"noopener\">IXEMAD<\/a> interpretar\u00e1 en el escenario universitario la pieza \u201cEl emigrante\u201d. El evento cuenta con entradas a 10 euros en el siguiente <a href=\"https:\/\/www.ecoentradas.com\/elegirsesion\/2556\" target=\"_blank\" rel=\"noopener\">enlace<\/a>. Este musical es una emotiva puesta en escena que narra el regreso de un canario a su tierra, tras a\u00f1os en Cuba. A trav\u00e9s de la m\u00fasica, la danza y la interpretaci\u00f3n, el p\u00fablico recorrer\u00e1 los recuerdos y vivencias del protagonista en un viaje cargado de nostalgia y esperanza.<\/p>\n<p>El evento contar\u00e1 con la participaci\u00f3n de los solistas Badel Albelo, V\u00edctor Batista y Jos\u00e9 Luis de Madariaga. Adem\u00e1s, el espect\u00e1culo incluir\u00e1 tambi\u00e9n n\u00fameros de baile y sorpresas que completar\u00e1n una velada inolvidable para todos los asistentes.<\/p>\n<p>Ya el domingo 11 de mayo a las 19:00 horas, el reconocido humorista venezolano <a href=\"https:\/\/emilioloveraof.com\/#section1\" target=\"_blank\" rel=\"noopener\">Emilio Lovera<\/a> presenta su mon\u00f3logo \u201cAhora el malandro s\u00ed est\u00e1 asustado\u201d, cuyas entradas ya est\u00e1n agotadas. Se trata de un show imprescindible para los amantes del humor nost\u00e1lgico, en el que Lovera desplegar\u00e1 su caracter\u00edstico ingenio y carisma para analizar, entre risas, la famosa \u201cviveza criolla\u201d.<\/p>\n<p>La noche promete momentos memorables en los que Emilio recordar\u00e1 rutinas del mejor humor venezolano como \u201cEl carro de Dr\u00e1cula\u201d. Adem\u00e1s, Emilio sorprender\u00e1 con interpretaciones musicales que demuestran su versatilidad art\u00edstica.<\/p>\n","protected":false},"excerpt":{"rendered":"<p>La agenda del Paraninfo de la Universidad de La Laguna est\u00e1 repleta de eventos durante todo el fin de semana&#8230;.<\/p>\n","protected":false},"author":23,"featured_media":81869,"comment_status":"closed","ping_status":"closed","sticky":false,"template":"","format":"standard","meta":{"inline_featured_image":false,"footnotes":""},"categories":[344,345,2765],"tags":[],"acf":[],"yoast_head":"<!-- This site is optimized with the Yoast SEO plugin v21.3 - https:\/\/yoast.com\/wordpress\/plugins\/seo\/ -->\n<title>Nostalgia, m\u00fasica y humor se unen en el Paraninfo de la Universidad de La Laguna este fin de semana - ULL - Noticias<\/title>\n<meta name=\"robots\" content=\"index, follow, max-snippet:-1, max-image-preview:large, max-video-preview:-1\" \/>\n<link rel=\"canonical\" href=\"https:\/\/www.ull.es\/portal\/noticias\/2025\/nostalgia-musica-y-humor-se-unen-en-el-paraninfo-de-la-universidad-de-la-laguna-este-fin-de-semana\/\" \/>\n<meta property=\"og:locale\" content=\"es_ES\" \/>\n<meta property=\"og:type\" content=\"article\" \/>\n<meta property=\"og:title\" content=\"Nostalgia, m\u00fasica y humor se unen en el Paraninfo de la Universidad de La Laguna este fin de semana - ULL - Noticias\" \/>\n<meta property=\"og:description\" content=\"La agenda del Paraninfo de la Universidad de La Laguna est\u00e1 repleta de eventos durante todo el fin de semana....\" \/>\n<meta property=\"og:url\" content=\"https:\/\/www.ull.es\/portal\/noticias\/2025\/nostalgia-musica-y-humor-se-unen-en-el-paraninfo-de-la-universidad-de-la-laguna-este-fin-de-semana\/\" \/>\n<meta property=\"og:site_name\" content=\"ULL - Noticias\" \/>\n<meta property=\"article:publisher\" content=\"https:\/\/www.facebook.com\/universidaddelalaguna\/\" \/>\n<meta property=\"article:published_time\" content=\"2025-05-07T11:00:36+00:00\" \/>\n<meta property=\"article:modified_time\" content=\"2025-05-07T11:00:53+00:00\" \/>\n<meta property=\"og:image\" content=\"https:\/\/www.ull.es\/portal\/noticias\/wp-content\/uploads\/sites\/13\/2025\/05\/Emilio-Lovera-AEMSEA-TENERIFE.jpg\" \/>\n\t<meta property=\"og:image:width\" content=\"750\" \/>\n\t<meta property=\"og:image:height\" content=\"370\" \/>\n\t<meta property=\"og:image:type\" content=\"image\/jpeg\" \/>\n<meta name=\"author\" content=\"gaprsa\" \/>\n<meta name=\"twitter:card\" content=\"summary_large_image\" \/>\n<meta name=\"twitter:creator\" content=\"@CanalULL\" \/>\n<meta name=\"twitter:site\" content=\"@CanalULL\" \/>\n<meta name=\"twitter:label1\" content=\"Escrito por\" \/>\n\t<meta name=\"twitter:data1\" content=\"gaprsa\" \/>\n\t<meta name=\"twitter:label2\" content=\"Tiempo de lectura\" \/>\n\t<meta name=\"twitter:data2\" content=\"2 minutos\" \/>\n<script type=\"application\/ld+json\" class=\"yoast-schema-graph\">{\"@context\":\"https:\/\/schema.org\",\"@graph\":[{\"@type\":\"WebPage\",\"@id\":\"https:\/\/www.ull.es\/portal\/noticias\/2025\/nostalgia-musica-y-humor-se-unen-en-el-paraninfo-de-la-universidad-de-la-laguna-este-fin-de-semana\/\",\"url\":\"https:\/\/www.ull.es\/portal\/noticias\/2025\/nostalgia-musica-y-humor-se-unen-en-el-paraninfo-de-la-universidad-de-la-laguna-este-fin-de-semana\/\",\"name\":\"Nostalgia, m\u00fasica y humor se unen en el Paraninfo de la Universidad de La Laguna este fin de semana - ULL - Noticias\",\"isPartOf\":{\"@id\":\"https:\/\/www.ull.es\/portal\/noticias\/#website\"},\"datePublished\":\"2025-05-07T11:00:36+00:00\",\"dateModified\":\"2025-05-07T11:00:53+00:00\",\"author\":{\"@id\":\"https:\/\/www.ull.es\/portal\/noticias\/#\/schema\/person\/b2b1a89d43ffa609e591f7df8ef3e817\"},\"breadcrumb\":{\"@id\":\"https:\/\/www.ull.es\/portal\/noticias\/2025\/nostalgia-musica-y-humor-se-unen-en-el-paraninfo-de-la-universidad-de-la-laguna-este-fin-de-semana\/#breadcrumb\"},\"inLanguage\":\"es\",\"potentialAction\":[{\"@type\":\"ReadAction\",\"target\":[\"https:\/\/www.ull.es\/portal\/noticias\/2025\/nostalgia-musica-y-humor-se-unen-en-el-paraninfo-de-la-universidad-de-la-laguna-este-fin-de-semana\/\"]}]},{\"@type\":\"BreadcrumbList\",\"@id\":\"https:\/\/www.ull.es\/portal\/noticias\/2025\/nostalgia-musica-y-humor-se-unen-en-el-paraninfo-de-la-universidad-de-la-laguna-este-fin-de-semana\/#breadcrumb\",\"itemListElement\":[{\"@type\":\"ListItem\",\"position\":1,\"name\":\"Portada\",\"item\":\"https:\/\/www.ull.es\/portal\/noticias\/\"},{\"@type\":\"ListItem\",\"position\":2,\"name\":\"Nostalgia, m\u00fasica y humor se unen en el Paraninfo de la Universidad de La Laguna este fin de semana\"}]},{\"@type\":\"WebSite\",\"@id\":\"https:\/\/www.ull.es\/portal\/noticias\/#website\",\"url\":\"https:\/\/www.ull.es\/portal\/noticias\/\",\"name\":\"ULL - Noticias\",\"description\":\"\",\"potentialAction\":[{\"@type\":\"SearchAction\",\"target\":{\"@type\":\"EntryPoint\",\"urlTemplate\":\"https:\/\/www.ull.es\/portal\/noticias\/?s={search_term_string}\"},\"query-input\":\"required name=search_term_string\"}],\"inLanguage\":\"es\"},{\"@type\":\"Person\",\"@id\":\"https:\/\/www.ull.es\/portal\/noticias\/#\/schema\/person\/b2b1a89d43ffa609e591f7df8ef3e817\",\"name\":\"gaprsa\",\"image\":{\"@type\":\"ImageObject\",\"inLanguage\":\"es\",\"@id\":\"https:\/\/www.ull.es\/portal\/noticias\/#\/schema\/person\/image\/\",\"url\":\"https:\/\/secure.gravatar.com\/avatar\/443820550921091458b4823867723b3d?s=96&d=mm&r=g\",\"contentUrl\":\"https:\/\/secure.gravatar.com\/avatar\/443820550921091458b4823867723b3d?s=96&d=mm&r=g\",\"caption\":\"gaprsa\"},\"url\":\"https:\/\/www.ull.es\/portal\/noticias\/author\/gaprsa\/\"}]}<\/script>\n<!-- \/ Yoast SEO plugin. -->","yoast_head_json":{"title":"Nostalgia, m\u00fasica y humor se unen en el Paraninfo de la Universidad de La Laguna este fin de semana - ULL - Noticias","robots":{"index":"index","follow":"follow","max-snippet":"max-snippet:-1","max-image-preview":"max-image-preview:large","max-video-preview":"max-video-preview:-1"},"canonical":"https:\/\/www.ull.es\/portal\/noticias\/2025\/nostalgia-musica-y-humor-se-unen-en-el-paraninfo-de-la-universidad-de-la-laguna-este-fin-de-semana\/","og_locale":"es_ES","og_type":"article","og_title":"Nostalgia, m\u00fasica y humor se unen en el Paraninfo de la Universidad de La Laguna este fin de semana - ULL - Noticias","og_description":"La agenda del Paraninfo de la Universidad de La Laguna est\u00e1 repleta de eventos durante todo el fin de semana....","og_url":"https:\/\/www.ull.es\/portal\/noticias\/2025\/nostalgia-musica-y-humor-se-unen-en-el-paraninfo-de-la-universidad-de-la-laguna-este-fin-de-semana\/","og_site_name":"ULL - Noticias","article_publisher":"https:\/\/www.facebook.com\/universidaddelalaguna\/","article_published_time":"2025-05-07T11:00:36+00:00","article_modified_time":"2025-05-07T11:00:53+00:00","og_image":[{"width":750,"height":370,"url":"https:\/\/www.ull.es\/portal\/noticias\/wp-content\/uploads\/sites\/13\/2025\/05\/Emilio-Lovera-AEMSEA-TENERIFE.jpg","type":"image\/jpeg"}],"author":"gaprsa","twitter_card":"summary_large_image","twitter_creator":"@CanalULL","twitter_site":"@CanalULL","twitter_misc":{"Escrito por":"gaprsa","Tiempo de lectura":"2 minutos"},"schema":{"@context":"https:\/\/schema.org","@graph":[{"@type":"WebPage","@id":"https:\/\/www.ull.es\/portal\/noticias\/2025\/nostalgia-musica-y-humor-se-unen-en-el-paraninfo-de-la-universidad-de-la-laguna-este-fin-de-semana\/","url":"https:\/\/www.ull.es\/portal\/noticias\/2025\/nostalgia-musica-y-humor-se-unen-en-el-paraninfo-de-la-universidad-de-la-laguna-este-fin-de-semana\/","name":"Nostalgia, m\u00fasica y humor se unen en el Paraninfo de la Universidad de La Laguna este fin de semana - ULL - Noticias","isPartOf":{"@id":"https:\/\/www.ull.es\/portal\/noticias\/#website"},"datePublished":"2025-05-07T11:00:36+00:00","dateModified":"2025-05-07T11:00:53+00:00","author":{"@id":"https:\/\/www.ull.es\/portal\/noticias\/#\/schema\/person\/b2b1a89d43ffa609e591f7df8ef3e817"},"breadcrumb":{"@id":"https:\/\/www.ull.es\/portal\/noticias\/2025\/nostalgia-musica-y-humor-se-unen-en-el-paraninfo-de-la-universidad-de-la-laguna-este-fin-de-semana\/#breadcrumb"},"inLanguage":"es","potentialAction":[{"@type":"ReadAction","target":["https:\/\/www.ull.es\/portal\/noticias\/2025\/nostalgia-musica-y-humor-se-unen-en-el-paraninfo-de-la-universidad-de-la-laguna-este-fin-de-semana\/"]}]},{"@type":"BreadcrumbList","@id":"https:\/\/www.ull.es\/portal\/noticias\/2025\/nostalgia-musica-y-humor-se-unen-en-el-paraninfo-de-la-universidad-de-la-laguna-este-fin-de-semana\/#breadcrumb","itemListElement":[{"@type":"ListItem","position":1,"name":"Portada","item":"https:\/\/www.ull.es\/portal\/noticias\/"},{"@type":"ListItem","position":2,"name":"Nostalgia, m\u00fasica y humor se unen en el Paraninfo de la Universidad de La Laguna este fin de semana"}]},{"@type":"WebSite","@id":"https:\/\/www.ull.es\/portal\/noticias\/#website","url":"https:\/\/www.ull.es\/portal\/noticias\/","name":"ULL - Noticias","description":"","potentialAction":[{"@type":"SearchAction","target":{"@type":"EntryPoint","urlTemplate":"https:\/\/www.ull.es\/portal\/noticias\/?s={search_term_string}"},"query-input":"required name=search_term_string"}],"inLanguage":"es"},{"@type":"Person","@id":"https:\/\/www.ull.es\/portal\/noticias\/#\/schema\/person\/b2b1a89d43ffa609e591f7df8ef3e817","name":"gaprsa","image":{"@type":"ImageObject","inLanguage":"es","@id":"https:\/\/www.ull.es\/portal\/noticias\/#\/schema\/person\/image\/","url":"https:\/\/secure.gravatar.com\/avatar\/443820550921091458b4823867723b3d?s=96&d=mm&r=g","contentUrl":"https:\/\/secure.gravatar.com\/avatar\/443820550921091458b4823867723b3d?s=96&d=mm&r=g","caption":"gaprsa"},"url":"https:\/\/www.ull.es\/portal\/noticias\/author\/gaprsa\/"}]}},"primary_category":{"id":345,"name":"Destacado","slug":"destacado","link":"https:\/\/www.ull.es\/portal\/noticias\/category\/destacado\/"},"featured_image_thumbnail_url":"https:\/\/www.ull.es\/portal\/noticias\/wp-content\/uploads\/sites\/13\/2025\/05\/Emilio-Lovera-AEMSEA-TENERIFE-300x148.jpg","_links":{"self":[{"href":"https:\/\/www.ull.es\/portal\/noticias\/wp-json\/wp\/v2\/posts\/81868"}],"collection":[{"href":"https:\/\/www.ull.es\/portal\/noticias\/wp-json\/wp\/v2\/posts"}],"about":[{"href":"https:\/\/www.ull.es\/portal\/noticias\/wp-json\/wp\/v2\/types\/post"}],"author":[{"embeddable":true,"href":"https:\/\/www.ull.es\/portal\/noticias\/wp-json\/wp\/v2\/users\/23"}],"replies":[{"embeddable":true,"href":"https:\/\/www.ull.es\/portal\/noticias\/wp-json\/wp\/v2\/comments?post=81868"}],"version-history":[{"count":1,"href":"https:\/\/www.ull.es\/portal\/noticias\/wp-json\/wp\/v2\/posts\/81868\/revisions"}],"predecessor-version":[{"id":81870,"href":"https:\/\/www.ull.es\/portal\/noticias\/wp-json\/wp\/v2\/posts\/81868\/revisions\/81870"}],"wp:featuredmedia":[{"embeddable":true,"href":"https:\/\/www.ull.es\/portal\/noticias\/wp-json\/wp\/v2\/media\/81869"}],"wp:attachment":[{"href":"https:\/\/www.ull.es\/portal\/noticias\/wp-json\/wp\/v2\/media?parent=81868"}],"wp:term":[{"taxonomy":"category","embeddable":true,"href":"https:\/\/www.ull.es\/portal\/noticias\/wp-json\/wp\/v2\/categories?post=81868"},{"taxonomy":"post_tag","embeddable":true,"href":"https:\/\/www.ull.es\/portal\/noticias\/wp-json\/wp\/v2\/tags?post=81868"}],"curies":[{"name":"wp","href":"https:\/\/api.w.org\/{rel}","templated":true}]}}