{"id":82012,"date":"2025-05-14T06:00:35","date_gmt":"2025-05-14T06:00:35","guid":{"rendered":"https:\/\/www.ull.es\/portal\/noticias\/?p=82012"},"modified":"2025-05-14T09:26:20","modified_gmt":"2025-05-14T09:26:20","slug":"humanidades-epoca-ia","status":"publish","type":"post","link":"https:\/\/www.ull.es\/portal\/noticias\/2025\/humanidades-epoca-ia\/","title":{"rendered":"Las humanidades en \u00e9poca de IA"},"content":{"rendered":"<p><span style=\"font-weight: 400;\">Las humanidades no son un adorno del progreso, sino su br\u00fajula, algo que tiene muy claro <\/span><a href=\"https:\/\/www.crisaranda.com\/\" target=\"_blank\" rel=\"noopener\"><span style=\"font-weight: 400;\">Cristina Aranda<\/span><\/a><span style=\"font-weight: 400;\">, fil\u00f3loga y consultora tecnol\u00f3gica y cofundadora de Mujeres Tech y Big Onion. La experta visit\u00f3 la Universidad de La Laguna para hablarnos de emprendimiento cient\u00edfico, la IA y de retos que a\u00fan no vislumbramos. Lo hizo en el marco del programa <\/span><a href=\"https:\/\/www.ull.es\/servicios\/tekne\/\" target=\"_blank\" rel=\"noopener\"><span style=\"font-weight: 400;\">TEKNE<\/span><\/a><span style=\"font-weight: 400;\">, que impulsa el emprendimiento basado en conocimiento.\u00a0<\/span><\/p>\n<p><span style=\"font-weight: 400;\">El camino de Cristina Aranda hacia el mundo tecnol\u00f3gico no fue planificado, lleg\u00f3 a ese cruce entre palabras y m\u00e1quinas por necesidad, y su primer paso fue inscribirse a un curso de posicionamiento SEO. Aquello que parec\u00eda una salida pr\u00e1ctica, se convirti\u00f3 en un momento clave en el que encontr\u00f3 una conexi\u00f3n entre su tesis, que abord\u00f3 la creaci\u00f3n de palabras y nombres de marca, con el funcionamiento de los buscadores. \u201cNo hay nada m\u00e1s filol\u00f3gico que las palabras\u00bb, dice Aranda.\u00a0<\/span><\/p>\n<p><span style=\"font-weight: 400;\">Este descubrimiento la llev\u00f3 a formarse en Internet Business y a trabajar en empresas tecnol\u00f3gicas. \u201cFue ah\u00ed donde empec\u00e9 a involucrarme en proyectos de procesamiento natural\u201d, explica, una rama de la inteligencia artificial profundamente ligada a la ling\u00fc\u00edstica. Comenz\u00f3 con tareas de preventa y, m\u00e1s tarde, colaborando directamente con los equipos de desarrollo, donde encontr\u00f3 el modo de aplicar su mirada filol\u00f3gica a los sistemas autom\u00e1ticos de interpretaci\u00f3n y generaci\u00f3n de lenguaje.<\/span><\/p>\n<p><span style=\"font-weight: 400;\"><a href=\"https:\/\/www.ull.es\/portal\/noticias\/wp-content\/uploads\/sites\/13\/2025\/05\/Entrev-Cristina-Aranda-13.jpg\" target=\"_blank\" rel=\"noopener\"><img decoding=\"async\" loading=\"lazy\" class=\"size-medium wp-image-82018 alignleft\" src=\"https:\/\/www.ull.es\/portal\/noticias\/wp-content\/uploads\/sites\/13\/2025\/05\/Entrev-Cristina-Aranda-13-300x200.jpg\" alt=\"\" width=\"300\" height=\"200\" srcset=\"https:\/\/www.ull.es\/portal\/noticias\/wp-content\/uploads\/sites\/13\/2025\/05\/Entrev-Cristina-Aranda-13-300x200.jpg 300w, https:\/\/www.ull.es\/portal\/noticias\/wp-content\/uploads\/sites\/13\/2025\/05\/Entrev-Cristina-Aranda-13-1024x683.jpg 1024w, https:\/\/www.ull.es\/portal\/noticias\/wp-content\/uploads\/sites\/13\/2025\/05\/Entrev-Cristina-Aranda-13-768x512.jpg 768w, https:\/\/www.ull.es\/portal\/noticias\/wp-content\/uploads\/sites\/13\/2025\/05\/Entrev-Cristina-Aranda-13-375x250.jpg 375w, https:\/\/www.ull.es\/portal\/noticias\/wp-content\/uploads\/sites\/13\/2025\/05\/Entrev-Cristina-Aranda-13-750x500.jpg 750w, https:\/\/www.ull.es\/portal\/noticias\/wp-content\/uploads\/sites\/13\/2025\/05\/Entrev-Cristina-Aranda-13-1140x760.jpg 1140w, https:\/\/www.ull.es\/portal\/noticias\/wp-content\/uploads\/sites\/13\/2025\/05\/Entrev-Cristina-Aranda-13.jpg 1200w\" sizes=\"(max-width: 300px) 100vw, 300px\" \/><\/a>Para Cristina Aranda, una de las claves para formar profesionales capaces de enfrentarse a los retos tecnol\u00f3gicos actuales est\u00e1 en recuperar el pensamiento cr\u00edtico desde la base, y eso pasa, irremediablemente, por devolver a las aulas las humanidades, y en especial, la filosof\u00eda. \u201cEs urgente que volvamos a ense\u00f1ar a cuestionar, a analizar, a no dar por v\u00e1lida cualquier informaci\u00f3n que nos llega a trav\u00e9s del m\u00f3vil\u201d, subraya.<\/span><\/p>\n<p><span style=\"font-weight: 400;\">La falta de filtros en el entorno digital tiene consecuencias directas, especialmente, entre los m\u00e1s j\u00f3venes. Aranda alerta sobre los efectos de las redes sociales en la salud mental, en la autoestima y en la construcci\u00f3n de la identidad: vidas perfectas y falsas, est\u00edmulos constantes, comparaciones sin contexto. \u201cSin esp\u00edritu cr\u00edtico, sin autoestima, sin herramientas para interpretar lo que ven, muchos adolescentes est\u00e1n completamente perdidos\u201d, puntualiza.\u00a0<\/span><\/p>\n<p><span style=\"font-weight: 400;\">Esto tambi\u00e9n se traslada al \u00e1mbito profesional, ya que la inteligencia artificial exige una formaci\u00f3n que no se limite a lo t\u00e9cnico. \u201cLa IA no decide sola, quienes decidimos qu\u00e9 hacer con ella somos las personas\u201d, recuerda. Por eso, defiende que debemos formar a la ciudadan\u00eda para que sea capaz de comprender su funcionamiento, sus l\u00edmites y sus implicaciones \u00e9ticas.<\/span><\/p>\n<p><b>Los riesgos de la IA<\/b><\/p>\n<p><span style=\"font-weight: 400;\">La inteligencia artificial no es cosa del futuro: est\u00e1 ya integrada en nuestra vida cotidiana. Desde el tel\u00e9fono que usamos hasta el tren autom\u00e1tico que conecta terminales en un aeropuerto, esta tecnolog\u00eda opera en silencio, tomando decisiones que nos afectan a diario. Por eso, Aranda argumenta que es imprescindible incorporar perfiles de humanidades en su desarrollo: \u201cSomos las personas quienes usamos estas herramientas y tambi\u00e9n quienes decidimos c\u00f3mo se dise\u00f1an y a qui\u00e9n benefician\u201d.<\/span><\/p>\n<p><span style=\"font-weight: 400;\">Uno de los mayores riesgos de la IA es la reproducci\u00f3n de sesgos existentes. Si un sistema se entrena con datos discriminatorios, sus decisiones tambi\u00e9n lo ser\u00e1n. \u201cLa m\u00e1quina no distingue lo bueno de lo malo, solo detecta patrones y si los datos est\u00e1n sesgados, el resultado tambi\u00e9n lo estar\u00e1\u201d, explica. Por eso, insiste en que los perfiles humanistas son clave para detectar, corregir esas distorsiones y \u201chackear\u201d la desigualdad desde dentro.<\/span><\/p>\n<p><span style=\"font-weight: 400;\"><a href=\"https:\/\/www.ull.es\/portal\/noticias\/wp-content\/uploads\/sites\/13\/2025\/05\/Entrev-Cristina-Aranda-14.jpg\" target=\"_blank\" rel=\"noopener\"><img decoding=\"async\" loading=\"lazy\" class=\"alignright size-medium wp-image-82017\" src=\"https:\/\/www.ull.es\/portal\/noticias\/wp-content\/uploads\/sites\/13\/2025\/05\/Entrev-Cristina-Aranda-14-300x201.jpg\" alt=\"\" width=\"300\" height=\"201\" srcset=\"https:\/\/www.ull.es\/portal\/noticias\/wp-content\/uploads\/sites\/13\/2025\/05\/Entrev-Cristina-Aranda-14-300x201.jpg 300w, https:\/\/www.ull.es\/portal\/noticias\/wp-content\/uploads\/sites\/13\/2025\/05\/Entrev-Cristina-Aranda-14-1024x687.jpg 1024w, https:\/\/www.ull.es\/portal\/noticias\/wp-content\/uploads\/sites\/13\/2025\/05\/Entrev-Cristina-Aranda-14-768x515.jpg 768w, https:\/\/www.ull.es\/portal\/noticias\/wp-content\/uploads\/sites\/13\/2025\/05\/Entrev-Cristina-Aranda-14-375x252.jpg 375w, https:\/\/www.ull.es\/portal\/noticias\/wp-content\/uploads\/sites\/13\/2025\/05\/Entrev-Cristina-Aranda-14-750x503.jpg 750w, https:\/\/www.ull.es\/portal\/noticias\/wp-content\/uploads\/sites\/13\/2025\/05\/Entrev-Cristina-Aranda-14-1140x765.jpg 1140w, https:\/\/www.ull.es\/portal\/noticias\/wp-content\/uploads\/sites\/13\/2025\/05\/Entrev-Cristina-Aranda-14.jpg 1200w\" sizes=\"(max-width: 300px) 100vw, 300px\" \/><\/a>Adem\u00e1s, apunta que muchas decisiones automatizadas ya est\u00e1n teniendo consecuencias vitales: pueden determinar si una persona accede a una beca, si recibe antes una operaci\u00f3n m\u00e9dica o si obtiene un cr\u00e9dito bancario. \u201cSon decisiones trascendentales que deben pensarse desde una mirada humana, diversa e inclusiva\u201d, se\u00f1ala. Para lograrlo, hace falta algo m\u00e1s que programadores, se necesitan equipos en los que convivan distintas formas de ver el mundo. \u201cLa tecnolog\u00eda no puede construirse solo desde la ingenier\u00eda; necesitamos diversidad tambi\u00e9n en c\u00f3mo pensamos\u201d, concluye.<\/span><\/p>\n<p><span style=\"font-weight: 400;\">Aranda transmite un mensaje claro al estudiantado de Humanidades: \u201cNo se preocupen, vivimos en una sociedad donde las personas siempre querr\u00e1n estar con personas y ah\u00ed, quienes venimos de las Humanidades, tenemos un valor enorme\u201d.<\/span><\/p>\n<p><span style=\"font-weight: 400;\">El auge de los modelos de lenguaje demuestra que, precisamente, las competencias de quienes estudian Filolog\u00eda, Ling\u00fc\u00edstica o Psicolog\u00eda son m\u00e1s valiosas que nunca. \u201cEl procesamiento del lenguaje natural ha revolucionado la IA, ya no hace falta saber programar para comunicarse con una m\u00e1quina, basta con usar nuestro lenguaje y quienes entienden c\u00f3mo funciona el lenguaje tienen mucho que aportar\u201d.<\/span><\/p>\n<p><span style=\"font-weight: 400;\">La consultora est\u00e1 convencida de que la gran automatizaci\u00f3n que se avecina pondr\u00e1 en valor algo profundamente humano: la capacidad de emocionar, de conmover. \u201cLas m\u00e1quinas no pueden hacerte sentir lo que se siente con una gran obra de teatro o con una pieza musical tocada con alma. Eso no se automatiza\u201d, dice.\u00a0<\/span><\/p>\n<p><b>Una IA justa, inclusiva y humana<\/b><\/p>\n<p><span style=\"font-weight: 400;\">El futuro del trabajo estar\u00e1 marcado por la automatizaci\u00f3n, pero Aranda hace hincapi\u00e9 en que la inteligencia artificial no va a quitar el trabajo a las personas: lo har\u00e1 quien sepa utilizarla mejor. Para ella, muchas empresas a\u00fan est\u00e1n en pa\u00f1ales en este \u00e1mbito, \u201chablan de IA, pero ni siquiera saben d\u00f3nde tienen sus datos o c\u00f3mo estructurarlos\u201d.<\/span><\/p>\n<p><span style=\"font-weight: 400;\"><a href=\"https:\/\/www.ull.es\/portal\/noticias\/wp-content\/uploads\/sites\/13\/2025\/05\/Entrev-Cristina-Aranda-27.jpg\" target=\"_blank\" rel=\"noopener\"><img decoding=\"async\" loading=\"lazy\" class=\"size-medium wp-image-82015 alignleft\" src=\"https:\/\/www.ull.es\/portal\/noticias\/wp-content\/uploads\/sites\/13\/2025\/05\/Entrev-Cristina-Aranda-27-300x200.jpg\" alt=\"\" width=\"300\" height=\"200\" srcset=\"https:\/\/www.ull.es\/portal\/noticias\/wp-content\/uploads\/sites\/13\/2025\/05\/Entrev-Cristina-Aranda-27-300x200.jpg 300w, https:\/\/www.ull.es\/portal\/noticias\/wp-content\/uploads\/sites\/13\/2025\/05\/Entrev-Cristina-Aranda-27-1024x683.jpg 1024w, https:\/\/www.ull.es\/portal\/noticias\/wp-content\/uploads\/sites\/13\/2025\/05\/Entrev-Cristina-Aranda-27-768x512.jpg 768w, https:\/\/www.ull.es\/portal\/noticias\/wp-content\/uploads\/sites\/13\/2025\/05\/Entrev-Cristina-Aranda-27-375x250.jpg 375w, https:\/\/www.ull.es\/portal\/noticias\/wp-content\/uploads\/sites\/13\/2025\/05\/Entrev-Cristina-Aranda-27-750x500.jpg 750w, https:\/\/www.ull.es\/portal\/noticias\/wp-content\/uploads\/sites\/13\/2025\/05\/Entrev-Cristina-Aranda-27-1140x760.jpg 1140w, https:\/\/www.ull.es\/portal\/noticias\/wp-content\/uploads\/sites\/13\/2025\/05\/Entrev-Cristina-Aranda-27.jpg 1200w\" sizes=\"(max-width: 300px) 100vw, 300px\" \/><\/a>Sin embargo, cuando la automatizaci\u00f3n se consolide muchas tareas rutinarias desaparecer\u00e1n. \u201cPor eso es importante capacitar a las personas, la IA no es m\u00e1s que una herramienta, es como una calculadora, lo importante es saber qu\u00e9 hacer con el resultado\u201d, se\u00f1ala. En ese contexto, dominar la IA ser\u00e1 tan b\u00e1sico como saber ingl\u00e9s, \u201cquien quiera acceder a empleos cualificados va a tener que entender c\u00f3mo funciona y c\u00f3mo utilizarla, aunque no sepa programar\u201d, afirma.<\/span><\/p>\n<p><span style=\"font-weight: 400;\">La fil\u00f3loga tambi\u00e9n ha asesorado a instituciones p\u00fablicas en la integraci\u00f3n de tecnolog\u00edas emergentes y, aunque reconoce que a\u00fan queda camino por recorrer, se empieza a escuchar a gente experta en el \u00e1mbito. Entre los proyectos que destaca con entusiasmo est\u00e1 el Plan Director de Inteligencia Artificial para el Turismo en Tenerife: \u201cMe emociona porque no solo se hizo bien, sino que ya se han activado cosas\u201d. De \u00e9l destaca la creaci\u00f3n de un sandbox, un entorno de pruebas aislado para ejecutar c\u00f3digo de software sin da\u00f1ar el sistema principal.\u00a0<\/span><\/p>\n<p><span style=\"font-weight: 400;\">Por otra parte, subraya la importancia de la inversi\u00f3n p\u00fablica para innovar en Espa\u00f1a, ya que la mayor\u00eda de empresas son pymes o microempresas, lo cual dificulta el progreso, especialmente en emprendimiento cient\u00edfico o en spin-offs tecnol\u00f3gicas.<\/span><\/p>\n<p><span style=\"font-weight: 400;\">Dado que la innovaci\u00f3n y la creatividad van de la mano, una duda que pasa por la cabeza de muchas personas es si la IA limita lo segundo, pero la fil\u00f3loga lo tiene claro: \u201cLa IA amplifica lo que ya eres\u201d. Cuenta el ejemplo de c\u00f3mo una persona, pese a tener mucha creatividad, la falta de t\u00e9cnica le impide dibujar, pero, gracias a la inteligencia artificial, puede dar instrucciones y ver c\u00f3mo sus ideas toman forma. \u201cEsto no es distinto a lo que pas\u00f3 con AutoCAD en arquitectura o Photoshop en dise\u00f1o, es progreso\u201d, afirma. \u201cQuien se resiste es porque no quiere evolucionar\u201d. Por eso defiende el potencial de estas tecnolog\u00edas como aliadas, especialmente en la educaci\u00f3n. \u201cLa IA permite ense\u00f1ar de forma transversal, m\u00e1s original, m\u00e1s personalizada y quienes sean creativos, van a saber sacarle partido\u201d.<\/span><\/p>\n<p><b>Lo que realmente deber\u00eda preocuparnos<\/b><\/p>\n<p><span style=\"font-weight: 400;\">Los datos son fundamentales porque, en esencia, no mienten: tienen un componente objetivo que muchas veces desarma la subjetividad. \u201cSi te digo, por ejemplo, que el 80% de las personas que desarrollan inteligencia artificial son hombres blancos, heterosexuales, sin discapacidad y formados en las mismas universidades, ya puedes imaginar el sesgo sist\u00e9mico que hay detr\u00e1s. Esa es la potencia del dato bien usado, revela estructuras, desigualdades, verdades inc\u00f3modas\u201d.\u00a0<\/span><\/p>\n<p><span style=\"font-weight: 400;\"><a href=\"https:\/\/www.ull.es\/portal\/noticias\/wp-content\/uploads\/sites\/13\/2025\/05\/Entrev-Cristina-Aranda-25.jpg\" target=\"_blank\" rel=\"noopener\"><img decoding=\"async\" loading=\"lazy\" class=\"alignright size-medium wp-image-82016\" src=\"https:\/\/www.ull.es\/portal\/noticias\/wp-content\/uploads\/sites\/13\/2025\/05\/Entrev-Cristina-Aranda-25-300x201.jpg\" alt=\"\" width=\"300\" height=\"201\" srcset=\"https:\/\/www.ull.es\/portal\/noticias\/wp-content\/uploads\/sites\/13\/2025\/05\/Entrev-Cristina-Aranda-25-300x201.jpg 300w, https:\/\/www.ull.es\/portal\/noticias\/wp-content\/uploads\/sites\/13\/2025\/05\/Entrev-Cristina-Aranda-25-1024x687.jpg 1024w, https:\/\/www.ull.es\/portal\/noticias\/wp-content\/uploads\/sites\/13\/2025\/05\/Entrev-Cristina-Aranda-25-768x515.jpg 768w, https:\/\/www.ull.es\/portal\/noticias\/wp-content\/uploads\/sites\/13\/2025\/05\/Entrev-Cristina-Aranda-25-375x252.jpg 375w, https:\/\/www.ull.es\/portal\/noticias\/wp-content\/uploads\/sites\/13\/2025\/05\/Entrev-Cristina-Aranda-25-750x503.jpg 750w, https:\/\/www.ull.es\/portal\/noticias\/wp-content\/uploads\/sites\/13\/2025\/05\/Entrev-Cristina-Aranda-25-1140x765.jpg 1140w, https:\/\/www.ull.es\/portal\/noticias\/wp-content\/uploads\/sites\/13\/2025\/05\/Entrev-Cristina-Aranda-25.jpg 1200w\" sizes=\"(max-width: 300px) 100vw, 300px\" \/><\/a>El gran reto est\u00e1 en que el 80% de los datos que se generan hoy no est\u00e1n estructurados, son conversaciones en redes sociales, comentarios y publicaciones. Aranda indica que es ah\u00ed donde se entra en terreno complejo porque \u201cel lenguaje humano es maravillosamente imperfecto, tiene matices, iron\u00edas, contextos, dobles sentidos. A las m\u00e1quinas, por mucho que hayan avanzado, todav\u00eda \u2018les falta calle\u2019, les falta sem\u00e1ntica, pragm\u00e1tica y contexto real\u201d.\u00a0<\/span><\/p>\n<p><span style=\"font-weight: 400;\">Las inteligencias artificiales actuales son capaces de procesar informaci\u00f3n a velocidades incre\u00edbles, pero a veces son asombrosamente torpes; \u201cles falta criterio, comprensi\u00f3n del entorno, y tambi\u00e9n \u00e9tica\u201d. \u00bfA qu\u00e9 se debe? La consultora tecnol\u00f3gica espec\u00edfica que \u201cmuchas han sido entrenadas con miles de textos tomados de internet sin filtrar, sin respeto por la propiedad intelectual, sin citar a autoras y autores\u201d.<\/span><\/p>\n<p><span style=\"font-weight: 400;\">Para construir historias transformadoras a partir de datos, se necesita algo m\u00e1s que tecnolog\u00eda: es necesario tener criterio, \u00e9tica, comprensi\u00f3n ling\u00fc\u00edstica y capacidad narrativa. \u201cLo importante no es solo tener los datos, sino saber qu\u00e9 historia cuentan y c\u00f3mo contarla con sentido, con rigor y con impacto\u201d, recalca.\u00a0<\/span><\/p>\n<p><span style=\"font-weight: 400;\">Ahora, a ra\u00edz de situaciones como el regreso de Donald Trump a la presidencia estadounidense, se empieza a hablar de soberan\u00eda tecnol\u00f3gica, de reducir esa dependencia. \u201cEl problema es que las grandes tecnol\u00f3gicas han impuesto una narrativa peligrosa: que regular es frenar la innovaci\u00f3n\u201d. Sobre esa afirmaci\u00f3n, su posicionamiento es claro: \u201cPrefiero salvaguardar a la ciudadan\u00eda, a saber qu\u00e9 haces con mis datos, c\u00f3mo eso impacta en la democracia, en la salud mental, en nuestra vida cotidiana\u2026\u201d.\u00a0<\/span><\/p>\n<p><span style=\"font-weight: 400;\">Este tipo de narrativas, menciona Aranda, se construyen para evitar afrontar las verdades inc\u00f3modas \u201cporque ser transparente implica asumir responsabilidades y por eso es necesario regular\u201d, dejando clara la obligaci\u00f3n de las entidades a ser claras y a pagar lods impuestos correspondientes. \u201cLa IA no es mala por s\u00ed misma, es una herramienta y, como toda herramienta, su impacto depende de c\u00f3mo se use\u201d.\u00a0<\/span><\/p>\n<p><span style=\"font-weight: 400;\"><a href=\"https:\/\/www.ull.es\/portal\/noticias\/wp-content\/uploads\/sites\/13\/2025\/05\/Entrev-Cristina-Aranda-31.jpg\" target=\"_blank\" rel=\"noopener\"><img decoding=\"async\" loading=\"lazy\" class=\"size-medium wp-image-82014 alignleft\" src=\"https:\/\/www.ull.es\/portal\/noticias\/wp-content\/uploads\/sites\/13\/2025\/05\/Entrev-Cristina-Aranda-31-300x200.jpg\" alt=\"\" width=\"300\" height=\"200\" srcset=\"https:\/\/www.ull.es\/portal\/noticias\/wp-content\/uploads\/sites\/13\/2025\/05\/Entrev-Cristina-Aranda-31-300x200.jpg 300w, https:\/\/www.ull.es\/portal\/noticias\/wp-content\/uploads\/sites\/13\/2025\/05\/Entrev-Cristina-Aranda-31-1024x683.jpg 1024w, https:\/\/www.ull.es\/portal\/noticias\/wp-content\/uploads\/sites\/13\/2025\/05\/Entrev-Cristina-Aranda-31-768x512.jpg 768w, https:\/\/www.ull.es\/portal\/noticias\/wp-content\/uploads\/sites\/13\/2025\/05\/Entrev-Cristina-Aranda-31-375x250.jpg 375w, https:\/\/www.ull.es\/portal\/noticias\/wp-content\/uploads\/sites\/13\/2025\/05\/Entrev-Cristina-Aranda-31-750x500.jpg 750w, https:\/\/www.ull.es\/portal\/noticias\/wp-content\/uploads\/sites\/13\/2025\/05\/Entrev-Cristina-Aranda-31-1140x760.jpg 1140w, https:\/\/www.ull.es\/portal\/noticias\/wp-content\/uploads\/sites\/13\/2025\/05\/Entrev-Cristina-Aranda-31.jpg 1200w\" sizes=\"(max-width: 300px) 100vw, 300px\" \/><\/a>En su libro <\/span><i><span style=\"font-weight: 400;\">Vidas futuras<\/span><\/i><span style=\"font-weight: 400;\"> aborda cambios profundos gracias a las nuevas tecnolog\u00edas y la IA, como en el \u00e1mbito de la salud, donde todo apunta hacia una medicina m\u00e1s preventiva basada en datos, con innovaciones como tener un microchip que monitoriza en tiempo real qu\u00e9 se ha comido o cu\u00e1nto tiempo se ha dormido, y que esa informaci\u00f3n llegue directamente al m\u00e9dico de cabecera no para controlar, sino para anticipar enfermedades y cuidar mejor.\u00a0<\/span><\/p>\n<p><span style=\"font-weight: 400;\">Otro sector que menciona Aranda es la educaci\u00f3n, pues el Big Data va a permitir una personalizaci\u00f3n real: \u201cSi tengo necesidades especiales, el contenido se adapta a m\u00ed, si tengo altas capacidades, tambi\u00e9n. Avanzar\u00e9 al ritmo que necesito, sin estar atada a un sistema \u00fanico\u201d, aclara.\u00a0<\/span><\/p>\n<p><span style=\"font-weight: 400;\">En el \u00e1mbito laboral, nos dirigimos a una automatizaci\u00f3n masiva, por lo que muchos trabajos desaparecer\u00e1n pero surgir\u00e1n otros nuevos \u201ccomo especialistas en \u00e9tica aplicada a la tecnolog\u00eda, porque estos sistemas se van a tener que auditar, supervisar y revisar constantemente\u201d, explica.\u00a0<\/span><\/p>\n<p><span style=\"font-weight: 400;\">\u201cEsta tecnolog\u00eda nos ha obligado a detenernos como humanidad y preguntarnos cosas que antes ni nos planteamos: \u00bfQu\u00e9 pasa cuando muera? \u00bfPueden replicar mi conciencia en una realidad paralela? Si creo una IA con conciencia, \u00bfser\u00e1 una conciencia occidental u oriental?\u201d, as\u00ed como cuestiones referidas a las aplicaciones sociales como, por ejemplo, combatir la soledad en personas mayores.\u00a0<\/span><\/p>\n<p><span style=\"font-weight: 400;\">No todo son beneficios y, por ello, la especialista muestra preocupaci\u00f3n por el tiempo de ocio que tendr\u00e1n las personas, ya que no todo el mundo sabe disfrutarlo. \u201cCuando una persona con malas intenciones tiene tiempo libre, puede hacer mucho da\u00f1o\u201d. De este modo, vuelve a mencionar su libro para recalcar la importancia de necesitar sistemas de contenci\u00f3n, de supervisi\u00f3n y de entretenimiento. \u201cEstamos repitiendo la historia: fake news, propaganda, pandemia, recesi\u00f3n y auge de extremismos\u2026 Todo esto pas\u00f3 hace cien a\u00f1os y no exist\u00eda la IA\u201d, detalla. Por eso, menciona que no hay que temer la inteligencia artificial, \u201clo que debe preocuparnos es la estupidez y la maldad humana, porque a la inteligencia artificial la puedes desconectar, \u00bfpero, qu\u00e9 hacemos con las personas?\u201d.<\/span><\/p>\n<p><span style=\"font-weight: 400;\">La IA y el Big Data est\u00e1n remodelando la vida de las personas, pero a\u00fan queda mucho por aprender. Estas tecnolog\u00edas ofrecen oportunidades para mejorar el mundo, pero tambi\u00e9n existen desaf\u00edos \u00e9ticos, sociales y pol\u00edticos que, en \u00faltima instancia, somos los seres humanos quienes decidimos c\u00f3mo utilizar estas herramientas para que el futuro que construyamos sea justo, inclusivo y, sobre todo, responsable.\u00a0<\/span><\/p>\n<p style=\"text-align: right;\"><strong>Gabinete de comunicaci\u00f3n<\/strong><\/p>\n","protected":false},"excerpt":{"rendered":"<p>Las humanidades no son un adorno del progreso, sino su br\u00fajula, algo que tiene muy claro Cristina Aranda, fil\u00f3loga y&#8230;<\/p>\n","protected":false},"author":65,"featured_media":82013,"comment_status":"closed","ping_status":"closed","sticky":false,"template":"","format":"standard","meta":{"inline_featured_image":false,"footnotes":""},"categories":[3994,2750],"tags":[11622,11623,3822,11621,11624],"acf":[],"yoast_head":"<!-- This site is optimized with the Yoast SEO plugin v21.3 - https:\/\/yoast.com\/wordpress\/plugins\/seo\/ -->\n<title>Las humanidades en \u00e9poca de IA<\/title>\n<meta name=\"description\" content=\"En un mundo protagonizado por la IA y los algoritmos, son las preguntas las que marcan la diferencia: qu\u00e9 es justo, qu\u00e9 es \u00e9tico, c\u00f3mo queremos vivir. Las respuestas no s\u00f3lo est\u00e1n en los c\u00f3digos, sino tambi\u00e9n en la historia, la filosof\u00eda o el arte. La especialista Cristina Aranda nos ofrece algunos puntos de vista.\" \/>\n<meta name=\"robots\" content=\"index, follow, max-snippet:-1, max-image-preview:large, max-video-preview:-1\" \/>\n<link rel=\"canonical\" href=\"https:\/\/www.ull.es\/portal\/noticias\/2025\/humanidades-epoca-ia\/\" \/>\n<meta property=\"og:locale\" content=\"es_ES\" \/>\n<meta property=\"og:type\" content=\"article\" \/>\n<meta property=\"og:title\" content=\"Las humanidades en \u00e9poca de IA\" \/>\n<meta property=\"og:description\" content=\"En un mundo protagonizado por la IA y los algoritmos, son las preguntas las que marcan la diferencia: qu\u00e9 es justo, qu\u00e9 es \u00e9tico, c\u00f3mo queremos vivir. Las respuestas no s\u00f3lo est\u00e1n en los c\u00f3digos, sino tambi\u00e9n en la historia, la filosof\u00eda o el arte. La especialista Cristina Aranda nos ofrece algunos puntos de vista.\" \/>\n<meta property=\"og:url\" content=\"https:\/\/www.ull.es\/portal\/noticias\/2025\/humanidades-epoca-ia\/\" \/>\n<meta property=\"og:site_name\" content=\"ULL - Noticias\" \/>\n<meta property=\"article:publisher\" content=\"https:\/\/www.facebook.com\/universidaddelalaguna\/\" \/>\n<meta property=\"article:published_time\" content=\"2025-05-14T06:00:35+00:00\" \/>\n<meta property=\"article:modified_time\" content=\"2025-05-14T09:26:20+00:00\" \/>\n<meta property=\"og:image\" content=\"https:\/\/www.ull.es\/portal\/noticias\/wp-content\/uploads\/sites\/13\/2025\/05\/Entrev-Cristina-Aranda-05.jpg\" \/>\n\t<meta property=\"og:image:width\" content=\"1200\" \/>\n\t<meta property=\"og:image:height\" content=\"798\" \/>\n\t<meta property=\"og:image:type\" content=\"image\/jpeg\" \/>\n<meta name=\"author\" content=\"gcom4\" \/>\n<meta name=\"twitter:card\" content=\"summary_large_image\" \/>\n<meta name=\"twitter:creator\" content=\"@CanalULL\" \/>\n<meta name=\"twitter:site\" content=\"@CanalULL\" \/>\n<meta name=\"twitter:label1\" content=\"Escrito por\" \/>\n\t<meta name=\"twitter:data1\" content=\"gcom4\" \/>\n\t<meta name=\"twitter:label2\" content=\"Tiempo de lectura\" \/>\n\t<meta name=\"twitter:data2\" content=\"11 minutos\" \/>\n<script type=\"application\/ld+json\" class=\"yoast-schema-graph\">{\"@context\":\"https:\/\/schema.org\",\"@graph\":[{\"@type\":\"WebPage\",\"@id\":\"https:\/\/www.ull.es\/portal\/noticias\/2025\/humanidades-epoca-ia\/\",\"url\":\"https:\/\/www.ull.es\/portal\/noticias\/2025\/humanidades-epoca-ia\/\",\"name\":\"Las humanidades en \u00e9poca de IA\",\"isPartOf\":{\"@id\":\"https:\/\/www.ull.es\/portal\/noticias\/#website\"},\"datePublished\":\"2025-05-14T06:00:35+00:00\",\"dateModified\":\"2025-05-14T09:26:20+00:00\",\"author\":{\"@id\":\"https:\/\/www.ull.es\/portal\/noticias\/#\/schema\/person\/9924518fb1ad37d4428e7b5d6f311773\"},\"description\":\"En un mundo protagonizado por la IA y los algoritmos, son las preguntas las que marcan la diferencia: qu\u00e9 es justo, qu\u00e9 es \u00e9tico, c\u00f3mo queremos vivir. Las respuestas no s\u00f3lo est\u00e1n en los c\u00f3digos, sino tambi\u00e9n en la historia, la filosof\u00eda o el arte. La especialista Cristina Aranda nos ofrece algunos puntos de vista.\",\"breadcrumb\":{\"@id\":\"https:\/\/www.ull.es\/portal\/noticias\/2025\/humanidades-epoca-ia\/#breadcrumb\"},\"inLanguage\":\"es\",\"potentialAction\":[{\"@type\":\"ReadAction\",\"target\":[\"https:\/\/www.ull.es\/portal\/noticias\/2025\/humanidades-epoca-ia\/\"]}]},{\"@type\":\"BreadcrumbList\",\"@id\":\"https:\/\/www.ull.es\/portal\/noticias\/2025\/humanidades-epoca-ia\/#breadcrumb\",\"itemListElement\":[{\"@type\":\"ListItem\",\"position\":1,\"name\":\"Portada\",\"item\":\"https:\/\/www.ull.es\/portal\/noticias\/\"},{\"@type\":\"ListItem\",\"position\":2,\"name\":\"Las humanidades en \u00e9poca de IA\"}]},{\"@type\":\"WebSite\",\"@id\":\"https:\/\/www.ull.es\/portal\/noticias\/#website\",\"url\":\"https:\/\/www.ull.es\/portal\/noticias\/\",\"name\":\"ULL - Noticias\",\"description\":\"\",\"potentialAction\":[{\"@type\":\"SearchAction\",\"target\":{\"@type\":\"EntryPoint\",\"urlTemplate\":\"https:\/\/www.ull.es\/portal\/noticias\/?s={search_term_string}\"},\"query-input\":\"required name=search_term_string\"}],\"inLanguage\":\"es\"},{\"@type\":\"Person\",\"@id\":\"https:\/\/www.ull.es\/portal\/noticias\/#\/schema\/person\/9924518fb1ad37d4428e7b5d6f311773\",\"name\":\"gcom4\",\"image\":{\"@type\":\"ImageObject\",\"inLanguage\":\"es\",\"@id\":\"https:\/\/www.ull.es\/portal\/noticias\/#\/schema\/person\/image\/\",\"url\":\"https:\/\/secure.gravatar.com\/avatar\/a5d1f5573f10617ccfcc209aaf6aa7fb?s=96&d=mm&r=g\",\"contentUrl\":\"https:\/\/secure.gravatar.com\/avatar\/a5d1f5573f10617ccfcc209aaf6aa7fb?s=96&d=mm&r=g\",\"caption\":\"gcom4\"},\"url\":\"https:\/\/www.ull.es\/portal\/noticias\/author\/gcom4\/\"}]}<\/script>\n<!-- \/ Yoast SEO plugin. -->","yoast_head_json":{"title":"Las humanidades en \u00e9poca de IA","description":"En un mundo protagonizado por la IA y los algoritmos, son las preguntas las que marcan la diferencia: qu\u00e9 es justo, qu\u00e9 es \u00e9tico, c\u00f3mo queremos vivir. Las respuestas no s\u00f3lo est\u00e1n en los c\u00f3digos, sino tambi\u00e9n en la historia, la filosof\u00eda o el arte. La especialista Cristina Aranda nos ofrece algunos puntos de vista.","robots":{"index":"index","follow":"follow","max-snippet":"max-snippet:-1","max-image-preview":"max-image-preview:large","max-video-preview":"max-video-preview:-1"},"canonical":"https:\/\/www.ull.es\/portal\/noticias\/2025\/humanidades-epoca-ia\/","og_locale":"es_ES","og_type":"article","og_title":"Las humanidades en \u00e9poca de IA","og_description":"En un mundo protagonizado por la IA y los algoritmos, son las preguntas las que marcan la diferencia: qu\u00e9 es justo, qu\u00e9 es \u00e9tico, c\u00f3mo queremos vivir. Las respuestas no s\u00f3lo est\u00e1n en los c\u00f3digos, sino tambi\u00e9n en la historia, la filosof\u00eda o el arte. La especialista Cristina Aranda nos ofrece algunos puntos de vista.","og_url":"https:\/\/www.ull.es\/portal\/noticias\/2025\/humanidades-epoca-ia\/","og_site_name":"ULL - Noticias","article_publisher":"https:\/\/www.facebook.com\/universidaddelalaguna\/","article_published_time":"2025-05-14T06:00:35+00:00","article_modified_time":"2025-05-14T09:26:20+00:00","og_image":[{"width":1200,"height":798,"url":"https:\/\/www.ull.es\/portal\/noticias\/wp-content\/uploads\/sites\/13\/2025\/05\/Entrev-Cristina-Aranda-05.jpg","type":"image\/jpeg"}],"author":"gcom4","twitter_card":"summary_large_image","twitter_creator":"@CanalULL","twitter_site":"@CanalULL","twitter_misc":{"Escrito por":"gcom4","Tiempo de lectura":"11 minutos"},"schema":{"@context":"https:\/\/schema.org","@graph":[{"@type":"WebPage","@id":"https:\/\/www.ull.es\/portal\/noticias\/2025\/humanidades-epoca-ia\/","url":"https:\/\/www.ull.es\/portal\/noticias\/2025\/humanidades-epoca-ia\/","name":"Las humanidades en \u00e9poca de IA","isPartOf":{"@id":"https:\/\/www.ull.es\/portal\/noticias\/#website"},"datePublished":"2025-05-14T06:00:35+00:00","dateModified":"2025-05-14T09:26:20+00:00","author":{"@id":"https:\/\/www.ull.es\/portal\/noticias\/#\/schema\/person\/9924518fb1ad37d4428e7b5d6f311773"},"description":"En un mundo protagonizado por la IA y los algoritmos, son las preguntas las que marcan la diferencia: qu\u00e9 es justo, qu\u00e9 es \u00e9tico, c\u00f3mo queremos vivir. Las respuestas no s\u00f3lo est\u00e1n en los c\u00f3digos, sino tambi\u00e9n en la historia, la filosof\u00eda o el arte. La especialista Cristina Aranda nos ofrece algunos puntos de vista.","breadcrumb":{"@id":"https:\/\/www.ull.es\/portal\/noticias\/2025\/humanidades-epoca-ia\/#breadcrumb"},"inLanguage":"es","potentialAction":[{"@type":"ReadAction","target":["https:\/\/www.ull.es\/portal\/noticias\/2025\/humanidades-epoca-ia\/"]}]},{"@type":"BreadcrumbList","@id":"https:\/\/www.ull.es\/portal\/noticias\/2025\/humanidades-epoca-ia\/#breadcrumb","itemListElement":[{"@type":"ListItem","position":1,"name":"Portada","item":"https:\/\/www.ull.es\/portal\/noticias\/"},{"@type":"ListItem","position":2,"name":"Las humanidades en \u00e9poca de IA"}]},{"@type":"WebSite","@id":"https:\/\/www.ull.es\/portal\/noticias\/#website","url":"https:\/\/www.ull.es\/portal\/noticias\/","name":"ULL - Noticias","description":"","potentialAction":[{"@type":"SearchAction","target":{"@type":"EntryPoint","urlTemplate":"https:\/\/www.ull.es\/portal\/noticias\/?s={search_term_string}"},"query-input":"required name=search_term_string"}],"inLanguage":"es"},{"@type":"Person","@id":"https:\/\/www.ull.es\/portal\/noticias\/#\/schema\/person\/9924518fb1ad37d4428e7b5d6f311773","name":"gcom4","image":{"@type":"ImageObject","inLanguage":"es","@id":"https:\/\/www.ull.es\/portal\/noticias\/#\/schema\/person\/image\/","url":"https:\/\/secure.gravatar.com\/avatar\/a5d1f5573f10617ccfcc209aaf6aa7fb?s=96&d=mm&r=g","contentUrl":"https:\/\/secure.gravatar.com\/avatar\/a5d1f5573f10617ccfcc209aaf6aa7fb?s=96&d=mm&r=g","caption":"gcom4"},"url":"https:\/\/www.ull.es\/portal\/noticias\/author\/gcom4\/"}]}},"primary_category":{"id":2750,"name":"Protagonistas","slug":"protagonistas","link":"https:\/\/www.ull.es\/portal\/noticias\/category\/protagonistas\/"},"featured_image_thumbnail_url":"https:\/\/www.ull.es\/portal\/noticias\/wp-content\/uploads\/sites\/13\/2025\/05\/Entrev-Cristina-Aranda-05-300x200.jpg","_links":{"self":[{"href":"https:\/\/www.ull.es\/portal\/noticias\/wp-json\/wp\/v2\/posts\/82012"}],"collection":[{"href":"https:\/\/www.ull.es\/portal\/noticias\/wp-json\/wp\/v2\/posts"}],"about":[{"href":"https:\/\/www.ull.es\/portal\/noticias\/wp-json\/wp\/v2\/types\/post"}],"author":[{"embeddable":true,"href":"https:\/\/www.ull.es\/portal\/noticias\/wp-json\/wp\/v2\/users\/65"}],"replies":[{"embeddable":true,"href":"https:\/\/www.ull.es\/portal\/noticias\/wp-json\/wp\/v2\/comments?post=82012"}],"version-history":[{"count":4,"href":"https:\/\/www.ull.es\/portal\/noticias\/wp-json\/wp\/v2\/posts\/82012\/revisions"}],"predecessor-version":[{"id":82027,"href":"https:\/\/www.ull.es\/portal\/noticias\/wp-json\/wp\/v2\/posts\/82012\/revisions\/82027"}],"wp:featuredmedia":[{"embeddable":true,"href":"https:\/\/www.ull.es\/portal\/noticias\/wp-json\/wp\/v2\/media\/82013"}],"wp:attachment":[{"href":"https:\/\/www.ull.es\/portal\/noticias\/wp-json\/wp\/v2\/media?parent=82012"}],"wp:term":[{"taxonomy":"category","embeddable":true,"href":"https:\/\/www.ull.es\/portal\/noticias\/wp-json\/wp\/v2\/categories?post=82012"},{"taxonomy":"post_tag","embeddable":true,"href":"https:\/\/www.ull.es\/portal\/noticias\/wp-json\/wp\/v2\/tags?post=82012"}],"curies":[{"name":"wp","href":"https:\/\/api.w.org\/{rel}","templated":true}]}}