{"id":82213,"date":"2025-05-23T11:59:15","date_gmt":"2025-05-23T11:59:15","guid":{"rendered":"https:\/\/www.ull.es\/portal\/noticias\/?p=82213"},"modified":"2025-05-23T12:53:11","modified_gmt":"2025-05-23T12:53:11","slug":"ull-coordina-guia-sensibilizacion-jovenes-pornografia","status":"publish","type":"post","link":"https:\/\/www.ull.es\/portal\/noticias\/2025\/ull-coordina-guia-sensibilizacion-jovenes-pornografia\/","title":{"rendered":"La ULL coordina Andrea, una gu\u00eda del Ministerio de Igualdad para sensibilizaci\u00f3n de j\u00f3venes sobre la pornograf\u00eda"},"content":{"rendered":"<p>El Ministerio de Igualdad ha presentado la \u201c<a href=\"https:\/\/violenciagenero.igualdad.gob.es\/wp-content\/uploads\/Guia-Pornografia-web-28_11.pdf\" target=\"_blank\" rel=\"noopener\" target=\"_blank\" rel=\"noopener\">Gu\u00eda sobre Pornograf\u00eda ANDREA para profesionales y mediadores juveniles<\/a>\u201d, elaborada por la asociaci\u00f3n <a href=\"https:\/\/aplec-i.org\/\" target=\"_blank\" rel=\"noopener\" target=\"_blank\" rel=\"noopener\">APLEC Inclusi\u00f3n m\u00e1s Igualdad<\/a> con la coordinaci\u00f3n de personal vinculado al grupo Violencia Sexual (<a href=\"https:\/\/portalciencia.ull.es\/grupos\/40152\/detalle\" target=\"_blank\" rel=\"noopener\" target=\"_blank\" rel=\"noopener\">VIOSEX<\/a>) de la Universidad de La Laguna, incluyendo a su responsable, la profesora del Departamento de Sociolog\u00eda Antropolog\u00eda <a href=\"https:\/\/portalciencia.ull.es\/investigadores\/80822\/detalle\" target=\"_blank\" rel=\"noopener\" target=\"_blank\" rel=\"noopener\">Esther Torrado<\/a>, y los investigadores <a href=\"https:\/\/portalciencia.ull.es\/investigadores\/81229\/detalle\" target=\"_blank\" rel=\"noopener\" target=\"_blank\" rel=\"noopener\">Josu\u00e9 Guti\u00e9rrez<\/a>, <a href=\"https:\/\/portalciencia.ull.es\/investigadores\/158125\/detalle\" target=\"_blank\" rel=\"noopener\" target=\"_blank\" rel=\"noopener\">Cristian D\u00edaz<\/a>, <a href=\"https:\/\/portalciencia.ull.es\/investigadores\/1244645\/detalle\" target=\"_blank\" rel=\"noopener\" target=\"_blank\" rel=\"noopener\">Alba Cabrera<\/a>, <a href=\"https:\/\/portalciencia.ull.es\/investigadores\/1327375\/detalle\" target=\"_blank\" rel=\"noopener\" target=\"_blank\" rel=\"noopener\">Ana Goretty Padr\u00f3n<\/a>, <a href=\"https:\/\/portalciencia.ull.es\/investigadores\/1865274\/detalle\" target=\"_blank\" rel=\"noopener\" target=\"_blank\" rel=\"noopener\">Juan Vianney<\/a>, <a href=\"https:\/\/portalciencia.ull.es\/investigadores\/152359\/detalle\" target=\"_blank\" rel=\"noopener\" target=\"_blank\" rel=\"noopener\">Estefan\u00eda Hern\u00e1ndez<\/a> y Yasmina Romero, esta \u00faltima de la Universidad de Lleida.<\/p>\n<p>La gu\u00eda ha sido subvencionada por el Ministerio de Igualdad en la convocatoria de subvenciones destinadas a programas y proyectos de concienciaci\u00f3n, prevenci\u00f3n e investigaci\u00f3n de las distintas formas de violencia contra las mujeres. Est\u00e1 dise\u00f1ada para sensibilizar a j\u00f3venes y adolescentes sobre el impacto de la pornograf\u00eda en la reproducci\u00f3n de conductas que perpet\u00faan el consumo de prostituci\u00f3n y las relaciones sexoafectivas violentas.<\/p>\n<p>Tambi\u00e9n es una herramienta eficaz tambi\u00e9n para profesionales y mediadores juveniles, que podr\u00e1n trabajar con j\u00f3venes y adolescentes en torno a los efectos del consumo de pornograf\u00eda, brindando informaci\u00f3n y orientaci\u00f3n. Adem\u00e1s, resulta \u00fatil para madres, padres y tutores.<\/p>\n<p>Los objetivos de esta gu\u00eda son concienciar sobre los efectos de la pornograf\u00eda, apoyar y ofrecer herramientas para el cambio; prevenir conductas nocivas y violentas; desarrollar un pensamiento cr\u00edtico y fomentar una sexualidad saludable.<\/p>\n<p>El estudio enfatiza la relaci\u00f3n entre la pornograf\u00eda y la perpetuaci\u00f3n de la violencia sexual. Contribuye, mediante una serie de cap\u00edtulos y secciones interactivas, a sensibilizar c\u00f3mo la pornograf\u00eda distorsiona la sexualidad y las consecuencias de su visualizaci\u00f3n, promoviendo una visi\u00f3n cr\u00edtica.<\/p>\n<p>Durante el acto de presentaci\u00f3n del estudio, que ha contado con la presencia de la presidenta del Consejo de la Juventud de Espa\u00f1a, Andrea Gonz\u00e1lez Henry, y la presidenta de APLEC Inclusi\u00f3n m\u00e1s Igualdad, Roc\u00edo Medina Mart\u00ednez, la secretaria de Estado de Igualdad y para la Erradicaci\u00f3n de la Violencia contra las Mujeres, Aina Calvo Sastre, ha destacado que cada vez existen m\u00e1s indicadores de que \u201cel acceso a la pornograf\u00eda es un acceso impune\u201d y que, adem\u00e1s, el contenido pornogr\u00e1fico \u201ces un producto que ampara la violencia y que est\u00e1 cambiando el marco de lo que son las relaciones afectivos sexuales\u201d.<\/p>\n<p>En este sentido, la delegada del Gobierno contra la Violencia de G\u00e9nero, Carmen Mart\u00ednez Perza, ha se\u00f1alado que esta gu\u00eda sobre pornograf\u00eda para la sensibilizaci\u00f3n, es \u201cmuy did\u00e1ctica, muy atractiva para los j\u00f3venes y que sirve para dialogar con ellos y ellas sobre estos temas de manera natural\u201d.<\/p>\n<p><strong><u><a href=\"https:\/\/violenciagenero.igualdad.gob.es\/wp-content\/uploads\/Guia-Pornografia-web-28_11.pdf\" target=\"_blank\" rel=\"noopener\">Enlace a la gu\u00eda<\/a><\/u><\/strong><\/p>\n<p>(Nota y foto cedidas por el Ministerio de Igualdad)<\/p>\n","protected":false},"excerpt":{"rendered":"<p>El Ministerio de Igualdad ha presentado la \u201cGu\u00eda sobre Pornograf\u00eda ANDREA para profesionales y mediadores juveniles\u201d, elaborada por la asociaci\u00f3n&#8230;<\/p>\n","protected":false},"author":21,"featured_media":82214,"comment_status":"closed","ping_status":"closed","sticky":false,"template":"","format":"standard","meta":{"inline_featured_image":false,"footnotes":""},"categories":[345,350,2765],"tags":[11655,11656,11661,11660,5631,11658,7022,1411,7023,11657,11654,5109,2637,11659],"acf":[],"yoast_head":"<!-- This site is optimized with the Yoast SEO plugin v21.3 - https:\/\/yoast.com\/wordpress\/plugins\/seo\/ -->\n<title>La ULL coordina una de sensibilizaci\u00f3n contra la pornograf\u00eda<\/title>\n<meta name=\"description\" content=\"La gu\u00eda ha sido subvencionada por el Ministerio de Igualdad y elaborada por personal investigador del grupo &quot;Violencia Sexual&quot; de la ULL.\" \/>\n<meta name=\"robots\" content=\"index, follow, max-snippet:-1, max-image-preview:large, max-video-preview:-1\" \/>\n<link rel=\"canonical\" href=\"https:\/\/www.ull.es\/portal\/noticias\/2025\/ull-coordina-guia-sensibilizacion-jovenes-pornografia\/\" \/>\n<meta property=\"og:locale\" content=\"es_ES\" \/>\n<meta property=\"og:type\" content=\"article\" \/>\n<meta property=\"og:title\" content=\"La ULL coordina una de sensibilizaci\u00f3n contra la pornograf\u00eda\" \/>\n<meta property=\"og:description\" content=\"La gu\u00eda ha sido subvencionada por el Ministerio de Igualdad y elaborada por personal investigador del grupo &quot;Violencia Sexual&quot; de la ULL.\" \/>\n<meta property=\"og:url\" content=\"https:\/\/www.ull.es\/portal\/noticias\/2025\/ull-coordina-guia-sensibilizacion-jovenes-pornografia\/\" \/>\n<meta property=\"og:site_name\" content=\"ULL - Noticias\" \/>\n<meta property=\"article:publisher\" content=\"https:\/\/www.facebook.com\/universidaddelalaguna\/\" \/>\n<meta property=\"article:published_time\" content=\"2025-05-23T11:59:15+00:00\" \/>\n<meta property=\"article:modified_time\" content=\"2025-05-23T12:53:11+00:00\" \/>\n<meta property=\"og:image\" content=\"https:\/\/www.ull.es\/portal\/noticias\/wp-content\/uploads\/sites\/13\/2025\/05\/presnetacion-guia-andrea.jpg\" \/>\n\t<meta property=\"og:image:width\" content=\"1200\" \/>\n\t<meta property=\"og:image:height\" content=\"800\" \/>\n\t<meta property=\"og:image:type\" content=\"image\/jpeg\" \/>\n<meta name=\"author\" content=\"prensa2\" \/>\n<meta name=\"twitter:card\" content=\"summary_large_image\" \/>\n<meta name=\"twitter:creator\" content=\"@CanalULL\" \/>\n<meta name=\"twitter:site\" content=\"@CanalULL\" \/>\n<meta name=\"twitter:label1\" content=\"Escrito por\" \/>\n\t<meta name=\"twitter:data1\" content=\"prensa2\" \/>\n\t<meta name=\"twitter:label2\" content=\"Tiempo de lectura\" \/>\n\t<meta name=\"twitter:data2\" content=\"2 minutos\" \/>\n<script type=\"application\/ld+json\" class=\"yoast-schema-graph\">{\"@context\":\"https:\/\/schema.org\",\"@graph\":[{\"@type\":\"WebPage\",\"@id\":\"https:\/\/www.ull.es\/portal\/noticias\/2025\/ull-coordina-guia-sensibilizacion-jovenes-pornografia\/\",\"url\":\"https:\/\/www.ull.es\/portal\/noticias\/2025\/ull-coordina-guia-sensibilizacion-jovenes-pornografia\/\",\"name\":\"La ULL coordina una de sensibilizaci\u00f3n contra la pornograf\u00eda\",\"isPartOf\":{\"@id\":\"https:\/\/www.ull.es\/portal\/noticias\/#website\"},\"datePublished\":\"2025-05-23T11:59:15+00:00\",\"dateModified\":\"2025-05-23T12:53:11+00:00\",\"author\":{\"@id\":\"https:\/\/www.ull.es\/portal\/noticias\/#\/schema\/person\/c3b2aa857797592927a03740d6664376\"},\"description\":\"La gu\u00eda ha sido subvencionada por el Ministerio de Igualdad y elaborada por personal investigador del grupo \\\"Violencia Sexual\\\" de la ULL.\",\"breadcrumb\":{\"@id\":\"https:\/\/www.ull.es\/portal\/noticias\/2025\/ull-coordina-guia-sensibilizacion-jovenes-pornografia\/#breadcrumb\"},\"inLanguage\":\"es\",\"potentialAction\":[{\"@type\":\"ReadAction\",\"target\":[\"https:\/\/www.ull.es\/portal\/noticias\/2025\/ull-coordina-guia-sensibilizacion-jovenes-pornografia\/\"]}]},{\"@type\":\"BreadcrumbList\",\"@id\":\"https:\/\/www.ull.es\/portal\/noticias\/2025\/ull-coordina-guia-sensibilizacion-jovenes-pornografia\/#breadcrumb\",\"itemListElement\":[{\"@type\":\"ListItem\",\"position\":1,\"name\":\"Portada\",\"item\":\"https:\/\/www.ull.es\/portal\/noticias\/\"},{\"@type\":\"ListItem\",\"position\":2,\"name\":\"La ULL coordina Andrea, una gu\u00eda del Ministerio de Igualdad para sensibilizaci\u00f3n de j\u00f3venes sobre la pornograf\u00eda\"}]},{\"@type\":\"WebSite\",\"@id\":\"https:\/\/www.ull.es\/portal\/noticias\/#website\",\"url\":\"https:\/\/www.ull.es\/portal\/noticias\/\",\"name\":\"ULL - Noticias\",\"description\":\"\",\"potentialAction\":[{\"@type\":\"SearchAction\",\"target\":{\"@type\":\"EntryPoint\",\"urlTemplate\":\"https:\/\/www.ull.es\/portal\/noticias\/?s={search_term_string}\"},\"query-input\":\"required name=search_term_string\"}],\"inLanguage\":\"es\"},{\"@type\":\"Person\",\"@id\":\"https:\/\/www.ull.es\/portal\/noticias\/#\/schema\/person\/c3b2aa857797592927a03740d6664376\",\"name\":\"prensa2\",\"image\":{\"@type\":\"ImageObject\",\"inLanguage\":\"es\",\"@id\":\"https:\/\/www.ull.es\/portal\/noticias\/#\/schema\/person\/image\/\",\"url\":\"https:\/\/secure.gravatar.com\/avatar\/b58f310a5de5feb33d1e026d2493f23c?s=96&d=mm&r=g\",\"contentUrl\":\"https:\/\/secure.gravatar.com\/avatar\/b58f310a5de5feb33d1e026d2493f23c?s=96&d=mm&r=g\",\"caption\":\"prensa2\"},\"url\":\"https:\/\/www.ull.es\/portal\/noticias\/author\/prensa2\/\"}]}<\/script>\n<!-- \/ Yoast SEO plugin. -->","yoast_head_json":{"title":"La ULL coordina una de sensibilizaci\u00f3n contra la pornograf\u00eda","description":"La gu\u00eda ha sido subvencionada por el Ministerio de Igualdad y elaborada por personal investigador del grupo \"Violencia Sexual\" de la ULL.","robots":{"index":"index","follow":"follow","max-snippet":"max-snippet:-1","max-image-preview":"max-image-preview:large","max-video-preview":"max-video-preview:-1"},"canonical":"https:\/\/www.ull.es\/portal\/noticias\/2025\/ull-coordina-guia-sensibilizacion-jovenes-pornografia\/","og_locale":"es_ES","og_type":"article","og_title":"La ULL coordina una de sensibilizaci\u00f3n contra la pornograf\u00eda","og_description":"La gu\u00eda ha sido subvencionada por el Ministerio de Igualdad y elaborada por personal investigador del grupo \"Violencia Sexual\" de la ULL.","og_url":"https:\/\/www.ull.es\/portal\/noticias\/2025\/ull-coordina-guia-sensibilizacion-jovenes-pornografia\/","og_site_name":"ULL - Noticias","article_publisher":"https:\/\/www.facebook.com\/universidaddelalaguna\/","article_published_time":"2025-05-23T11:59:15+00:00","article_modified_time":"2025-05-23T12:53:11+00:00","og_image":[{"width":1200,"height":800,"url":"https:\/\/www.ull.es\/portal\/noticias\/wp-content\/uploads\/sites\/13\/2025\/05\/presnetacion-guia-andrea.jpg","type":"image\/jpeg"}],"author":"prensa2","twitter_card":"summary_large_image","twitter_creator":"@CanalULL","twitter_site":"@CanalULL","twitter_misc":{"Escrito por":"prensa2","Tiempo de lectura":"2 minutos"},"schema":{"@context":"https:\/\/schema.org","@graph":[{"@type":"WebPage","@id":"https:\/\/www.ull.es\/portal\/noticias\/2025\/ull-coordina-guia-sensibilizacion-jovenes-pornografia\/","url":"https:\/\/www.ull.es\/portal\/noticias\/2025\/ull-coordina-guia-sensibilizacion-jovenes-pornografia\/","name":"La ULL coordina una de sensibilizaci\u00f3n contra la pornograf\u00eda","isPartOf":{"@id":"https:\/\/www.ull.es\/portal\/noticias\/#website"},"datePublished":"2025-05-23T11:59:15+00:00","dateModified":"2025-05-23T12:53:11+00:00","author":{"@id":"https:\/\/www.ull.es\/portal\/noticias\/#\/schema\/person\/c3b2aa857797592927a03740d6664376"},"description":"La gu\u00eda ha sido subvencionada por el Ministerio de Igualdad y elaborada por personal investigador del grupo \"Violencia Sexual\" de la ULL.","breadcrumb":{"@id":"https:\/\/www.ull.es\/portal\/noticias\/2025\/ull-coordina-guia-sensibilizacion-jovenes-pornografia\/#breadcrumb"},"inLanguage":"es","potentialAction":[{"@type":"ReadAction","target":["https:\/\/www.ull.es\/portal\/noticias\/2025\/ull-coordina-guia-sensibilizacion-jovenes-pornografia\/"]}]},{"@type":"BreadcrumbList","@id":"https:\/\/www.ull.es\/portal\/noticias\/2025\/ull-coordina-guia-sensibilizacion-jovenes-pornografia\/#breadcrumb","itemListElement":[{"@type":"ListItem","position":1,"name":"Portada","item":"https:\/\/www.ull.es\/portal\/noticias\/"},{"@type":"ListItem","position":2,"name":"La ULL coordina Andrea, una gu\u00eda del Ministerio de Igualdad para sensibilizaci\u00f3n de j\u00f3venes sobre la pornograf\u00eda"}]},{"@type":"WebSite","@id":"https:\/\/www.ull.es\/portal\/noticias\/#website","url":"https:\/\/www.ull.es\/portal\/noticias\/","name":"ULL - Noticias","description":"","potentialAction":[{"@type":"SearchAction","target":{"@type":"EntryPoint","urlTemplate":"https:\/\/www.ull.es\/portal\/noticias\/?s={search_term_string}"},"query-input":"required name=search_term_string"}],"inLanguage":"es"},{"@type":"Person","@id":"https:\/\/www.ull.es\/portal\/noticias\/#\/schema\/person\/c3b2aa857797592927a03740d6664376","name":"prensa2","image":{"@type":"ImageObject","inLanguage":"es","@id":"https:\/\/www.ull.es\/portal\/noticias\/#\/schema\/person\/image\/","url":"https:\/\/secure.gravatar.com\/avatar\/b58f310a5de5feb33d1e026d2493f23c?s=96&d=mm&r=g","contentUrl":"https:\/\/secure.gravatar.com\/avatar\/b58f310a5de5feb33d1e026d2493f23c?s=96&d=mm&r=g","caption":"prensa2"},"url":"https:\/\/www.ull.es\/portal\/noticias\/author\/prensa2\/"}]}},"primary_category":{"id":345,"name":"Destacado","slug":"destacado","link":"https:\/\/www.ull.es\/portal\/noticias\/category\/destacado\/"},"featured_image_thumbnail_url":"https:\/\/www.ull.es\/portal\/noticias\/wp-content\/uploads\/sites\/13\/2025\/05\/presnetacion-guia-andrea-300x200.jpg","_links":{"self":[{"href":"https:\/\/www.ull.es\/portal\/noticias\/wp-json\/wp\/v2\/posts\/82213"}],"collection":[{"href":"https:\/\/www.ull.es\/portal\/noticias\/wp-json\/wp\/v2\/posts"}],"about":[{"href":"https:\/\/www.ull.es\/portal\/noticias\/wp-json\/wp\/v2\/types\/post"}],"author":[{"embeddable":true,"href":"https:\/\/www.ull.es\/portal\/noticias\/wp-json\/wp\/v2\/users\/21"}],"replies":[{"embeddable":true,"href":"https:\/\/www.ull.es\/portal\/noticias\/wp-json\/wp\/v2\/comments?post=82213"}],"version-history":[{"count":2,"href":"https:\/\/www.ull.es\/portal\/noticias\/wp-json\/wp\/v2\/posts\/82213\/revisions"}],"predecessor-version":[{"id":82218,"href":"https:\/\/www.ull.es\/portal\/noticias\/wp-json\/wp\/v2\/posts\/82213\/revisions\/82218"}],"wp:featuredmedia":[{"embeddable":true,"href":"https:\/\/www.ull.es\/portal\/noticias\/wp-json\/wp\/v2\/media\/82214"}],"wp:attachment":[{"href":"https:\/\/www.ull.es\/portal\/noticias\/wp-json\/wp\/v2\/media?parent=82213"}],"wp:term":[{"taxonomy":"category","embeddable":true,"href":"https:\/\/www.ull.es\/portal\/noticias\/wp-json\/wp\/v2\/categories?post=82213"},{"taxonomy":"post_tag","embeddable":true,"href":"https:\/\/www.ull.es\/portal\/noticias\/wp-json\/wp\/v2\/tags?post=82213"}],"curies":[{"name":"wp","href":"https:\/\/api.w.org\/{rel}","templated":true}]}}