{"id":82458,"date":"2025-06-04T12:49:29","date_gmt":"2025-06-04T12:49:29","guid":{"rendered":"https:\/\/www.ull.es\/portal\/noticias\/?p=82458"},"modified":"2025-06-04T13:12:18","modified_gmt":"2025-06-04T13:12:18","slug":"segunda-edicion-miniolimpiada-canaria-quimica","status":"publish","type":"post","link":"https:\/\/www.ull.es\/portal\/noticias\/2025\/segunda-edicion-miniolimpiada-canaria-quimica\/","title":{"rendered":"La segunda edici\u00f3n de la Miniolimpiada Canaria de Qu\u00edmica re\u00fane en la ULL a j\u00f3venes talentos de las islas"},"content":{"rendered":"<p>La segunda edici\u00f3n de la <a href=\"https:\/\/colequimcan.es\/miniolimpiada-quimica\" target=\"_blank\" rel=\"noopener\" target=\"_blank\" rel=\"noopener\">Miniolimpiada Canaria de Qu\u00edmica<\/a>, organizada por el Colegio Oficial de Qu\u00edmicos de Canarias ayer martes, 3 de junio, en la Secci\u00f3n de Qu\u00edmica de la Facultad de Ciencias de la Universidad de La Laguna, con la participaci\u00f3n de alumnado de 3.\u00ba de ESO procedente de Tenerife, Gran Canaria, La Palma, Lanzarote y Fuerteventura.<\/p>\n<p>La prueba final reuni\u00f3 a m\u00e1s de 60 estudiantes seleccionados entre un elevado n\u00famero de inscripciones, cifra que duplic\u00f3 la participaci\u00f3n de la edici\u00f3n anterior. Durante la ma\u00f1ana pusieron a prueba sus conocimientos, habilidades de razonamiento y capacidad de observaci\u00f3n en una serie de ejercicios dise\u00f1ados espec\u00edficamente para estimular la curiosidad cient\u00edfica y el pensamiento l\u00f3gico.<\/p>\n<p>El acto de apertura cont\u00f3 con la intervenci\u00f3n de la vicedecana de la Secci\u00f3n de Qu\u00edmica, Elena Pastor, quien present\u00f3 a los estudiantes los Grados en Qu\u00edmica y en Ciencias Ambientales que se imparten en la Universidad de La Laguna, destacando las oportunidades formativas y profesionales que ofrecen estas titulaciones. Por parte del Colegio Oficial de Qu\u00edmicos de Canarias, intervino su decana, Mar\u00eda Candelaria S\u00e1nchez Gal\u00e1n, quien dio la bienvenida al alumnado participante y agradeci\u00f3 su entusiasmo por la ciencia.<\/p>\n<p><a href=\"https:\/\/www.ull.es\/portal\/noticias\/wp-content\/uploads\/sites\/13\/2025\/06\/Olimpiada-Quimica-visita-05.jpg\" target=\"_blank\" rel=\"noopener\" target=\"_blank\" rel=\"noopener\"><img decoding=\"async\" loading=\"lazy\" class=\"wp-image-82460 size-medium\" src=\"https:\/\/www.ull.es\/portal\/noticias\/wp-content\/uploads\/sites\/13\/2025\/06\/Olimpiada-Quimica-visita-05-300x198.jpg\" alt=\"Visita a uno de los laboratorios. \" width=\"300\" height=\"198\" srcset=\"https:\/\/www.ull.es\/portal\/noticias\/wp-content\/uploads\/sites\/13\/2025\/06\/Olimpiada-Quimica-visita-05-300x198.jpg 300w, https:\/\/www.ull.es\/portal\/noticias\/wp-content\/uploads\/sites\/13\/2025\/06\/Olimpiada-Quimica-visita-05-1024x676.jpg 1024w, https:\/\/www.ull.es\/portal\/noticias\/wp-content\/uploads\/sites\/13\/2025\/06\/Olimpiada-Quimica-visita-05-768x507.jpg 768w, https:\/\/www.ull.es\/portal\/noticias\/wp-content\/uploads\/sites\/13\/2025\/06\/Olimpiada-Quimica-visita-05-375x248.jpg 375w, https:\/\/www.ull.es\/portal\/noticias\/wp-content\/uploads\/sites\/13\/2025\/06\/Olimpiada-Quimica-visita-05-750x495.jpg 750w, https:\/\/www.ull.es\/portal\/noticias\/wp-content\/uploads\/sites\/13\/2025\/06\/Olimpiada-Quimica-visita-05-1140x752.jpg 1140w, https:\/\/www.ull.es\/portal\/noticias\/wp-content\/uploads\/sites\/13\/2025\/06\/Olimpiada-Quimica-visita-05.jpg 1200w\" sizes=\"(max-width: 300px) 100vw, 300px\" \/><\/a>Visita a uno de los laboratorios.<\/p>\n<div>Foto: Emeterio Su\u00e1rez (CC BY 3.0)<\/div>\n<p>&nbsp;<\/p>\n<p>Tras la finalizaci\u00f3n de la prueba, el alumnado participante tuvo la oportunidad de conocer las instalaciones de la Secci\u00f3n de Qu\u00edmica, incluyendo varios laboratorios docentes e investigadores de distintos departamentos, as\u00ed como la biblioteca y otras dependencias del centro. Esta visita le permiti\u00f3 acercarse a la actividad universitaria y al papel clave que juega la Qu\u00edmica en los distintos \u00e1mbitos de la sociedad.<\/p>\n<p>El acto de clausura incluy\u00f3 la entrega de premios, que reconoci\u00f3 el talento y el esfuerzo de los estudiantes con mejor puntuaci\u00f3n. El primer premio fue otorgado a Carla Chiarelli Bethencourt, mientras que el segundo y tercer puesto recayeron en Mario Regalado Garc\u00eda y \u00c1ngel Dar\u00edo Fern\u00e1ndez Gonz\u00e1lez, respectivamente.<\/p>\n<p>Durante la clausura, la decana de la Facultad de Ciencias, Mar\u00eda del Mar Afonso, agradeci\u00f3 al Colegio y al resto de instituciones colaboradoras su implicaci\u00f3n en la organizaci\u00f3n de la Miniolimpiada, y subray\u00f3 la importancia de acercar la ciencia y el pensamiento estructurado y cr\u00edtico a los m\u00e1s j\u00f3venes, especialmente \u201cen estos tiempos marcados por los bulos y las noticias falsas, donde la formaci\u00f3n cient\u00edfica resulta clave para construir una sociedad m\u00e1s libre y consciente\u201d.<\/p>\n<p>Esta actividad auspiciada por el Colegio Oficial de Qu\u00edmicos de Canarias ha contado con la colaboraci\u00f3n, dem\u00e1s de la Universidad de La Laguna, de la Consejer\u00eda de Educaci\u00f3n, Formaci\u00f3n Profesional, Actividad F\u00edsica y Deportes del Gobierno de Canarias y la Secci\u00f3n Territorial de Canarias de la Real Sociedad Espa\u00f1ola de Qu\u00edmica<\/p>\n","protected":false},"excerpt":{"rendered":"<p>La segunda edici\u00f3n de la Miniolimpiada Canaria de Qu\u00edmica, organizada por el Colegio Oficial de Qu\u00edmicos de Canarias ayer martes,&#8230;<\/p>\n","protected":false},"author":21,"featured_media":82459,"comment_status":"closed","ping_status":"closed","sticky":false,"template":"","format":"standard","meta":{"inline_featured_image":false,"footnotes":""},"categories":[343,345,3924,2765],"tags":[11688,2205,2347],"acf":[],"yoast_head":"<!-- This site is optimized with the Yoast SEO plugin v21.3 - https:\/\/yoast.com\/wordpress\/plugins\/seo\/ -->\n<title>La ULL acoge la segunda Miniolimpiada Canaria de Qu\u00edmica<\/title>\n<meta name=\"description\" content=\"Organizado por el el Colegio Oficial de Qu\u00edmicos de Canarias, el evento reuni\u00f3 en la ULL a 60 estudiantes de 3\u00ba de la ESO de toda Canarias.\" \/>\n<meta name=\"robots\" content=\"index, follow, max-snippet:-1, max-image-preview:large, max-video-preview:-1\" \/>\n<link rel=\"canonical\" href=\"https:\/\/www.ull.es\/portal\/noticias\/2025\/segunda-edicion-miniolimpiada-canaria-quimica\/\" \/>\n<meta property=\"og:locale\" content=\"es_ES\" \/>\n<meta property=\"og:type\" content=\"article\" \/>\n<meta property=\"og:title\" content=\"La ULL acoge la segunda Miniolimpiada Canaria de Qu\u00edmica\" \/>\n<meta property=\"og:description\" content=\"Organizado por el el Colegio Oficial de Qu\u00edmicos de Canarias, el evento reuni\u00f3 en la ULL a 60 estudiantes de 3\u00ba de la ESO de toda Canarias.\" \/>\n<meta property=\"og:url\" content=\"https:\/\/www.ull.es\/portal\/noticias\/2025\/segunda-edicion-miniolimpiada-canaria-quimica\/\" \/>\n<meta property=\"og:site_name\" content=\"ULL - Noticias\" \/>\n<meta property=\"article:publisher\" content=\"https:\/\/www.facebook.com\/universidaddelalaguna\/\" \/>\n<meta property=\"article:published_time\" content=\"2025-06-04T12:49:29+00:00\" \/>\n<meta property=\"article:modified_time\" content=\"2025-06-04T13:12:18+00:00\" \/>\n<meta property=\"og:image\" content=\"https:\/\/www.ull.es\/portal\/noticias\/wp-content\/uploads\/sites\/13\/2025\/06\/Olimpiada-Quimica-grupo.jpg\" \/>\n\t<meta property=\"og:image:width\" content=\"1200\" \/>\n\t<meta property=\"og:image:height\" content=\"900\" \/>\n\t<meta property=\"og:image:type\" content=\"image\/jpeg\" \/>\n<meta name=\"author\" content=\"prensa2\" \/>\n<meta name=\"twitter:card\" content=\"summary_large_image\" \/>\n<meta name=\"twitter:creator\" content=\"@CanalULL\" \/>\n<meta name=\"twitter:site\" content=\"@CanalULL\" \/>\n<meta name=\"twitter:label1\" content=\"Escrito por\" \/>\n\t<meta name=\"twitter:data1\" content=\"prensa2\" \/>\n\t<meta name=\"twitter:label2\" content=\"Tiempo de lectura\" \/>\n\t<meta name=\"twitter:data2\" content=\"3 minutos\" \/>\n<script type=\"application\/ld+json\" class=\"yoast-schema-graph\">{\"@context\":\"https:\/\/schema.org\",\"@graph\":[{\"@type\":\"WebPage\",\"@id\":\"https:\/\/www.ull.es\/portal\/noticias\/2025\/segunda-edicion-miniolimpiada-canaria-quimica\/\",\"url\":\"https:\/\/www.ull.es\/portal\/noticias\/2025\/segunda-edicion-miniolimpiada-canaria-quimica\/\",\"name\":\"La ULL acoge la segunda Miniolimpiada Canaria de Qu\u00edmica\",\"isPartOf\":{\"@id\":\"https:\/\/www.ull.es\/portal\/noticias\/#website\"},\"datePublished\":\"2025-06-04T12:49:29+00:00\",\"dateModified\":\"2025-06-04T13:12:18+00:00\",\"author\":{\"@id\":\"https:\/\/www.ull.es\/portal\/noticias\/#\/schema\/person\/c3b2aa857797592927a03740d6664376\"},\"description\":\"Organizado por el el Colegio Oficial de Qu\u00edmicos de Canarias, el evento reuni\u00f3 en la ULL a 60 estudiantes de 3\u00ba de la ESO de toda Canarias.\",\"breadcrumb\":{\"@id\":\"https:\/\/www.ull.es\/portal\/noticias\/2025\/segunda-edicion-miniolimpiada-canaria-quimica\/#breadcrumb\"},\"inLanguage\":\"es\",\"potentialAction\":[{\"@type\":\"ReadAction\",\"target\":[\"https:\/\/www.ull.es\/portal\/noticias\/2025\/segunda-edicion-miniolimpiada-canaria-quimica\/\"]}]},{\"@type\":\"BreadcrumbList\",\"@id\":\"https:\/\/www.ull.es\/portal\/noticias\/2025\/segunda-edicion-miniolimpiada-canaria-quimica\/#breadcrumb\",\"itemListElement\":[{\"@type\":\"ListItem\",\"position\":1,\"name\":\"Portada\",\"item\":\"https:\/\/www.ull.es\/portal\/noticias\/\"},{\"@type\":\"ListItem\",\"position\":2,\"name\":\"La segunda edici\u00f3n de la Miniolimpiada Canaria de Qu\u00edmica re\u00fane en la ULL a j\u00f3venes talentos de las islas\"}]},{\"@type\":\"WebSite\",\"@id\":\"https:\/\/www.ull.es\/portal\/noticias\/#website\",\"url\":\"https:\/\/www.ull.es\/portal\/noticias\/\",\"name\":\"ULL - Noticias\",\"description\":\"\",\"potentialAction\":[{\"@type\":\"SearchAction\",\"target\":{\"@type\":\"EntryPoint\",\"urlTemplate\":\"https:\/\/www.ull.es\/portal\/noticias\/?s={search_term_string}\"},\"query-input\":\"required name=search_term_string\"}],\"inLanguage\":\"es\"},{\"@type\":\"Person\",\"@id\":\"https:\/\/www.ull.es\/portal\/noticias\/#\/schema\/person\/c3b2aa857797592927a03740d6664376\",\"name\":\"prensa2\",\"image\":{\"@type\":\"ImageObject\",\"inLanguage\":\"es\",\"@id\":\"https:\/\/www.ull.es\/portal\/noticias\/#\/schema\/person\/image\/\",\"url\":\"https:\/\/secure.gravatar.com\/avatar\/b58f310a5de5feb33d1e026d2493f23c?s=96&d=mm&r=g\",\"contentUrl\":\"https:\/\/secure.gravatar.com\/avatar\/b58f310a5de5feb33d1e026d2493f23c?s=96&d=mm&r=g\",\"caption\":\"prensa2\"},\"url\":\"https:\/\/www.ull.es\/portal\/noticias\/author\/prensa2\/\"}]}<\/script>\n<!-- \/ Yoast SEO plugin. -->","yoast_head_json":{"title":"La ULL acoge la segunda Miniolimpiada Canaria de Qu\u00edmica","description":"Organizado por el el Colegio Oficial de Qu\u00edmicos de Canarias, el evento reuni\u00f3 en la ULL a 60 estudiantes de 3\u00ba de la ESO de toda Canarias.","robots":{"index":"index","follow":"follow","max-snippet":"max-snippet:-1","max-image-preview":"max-image-preview:large","max-video-preview":"max-video-preview:-1"},"canonical":"https:\/\/www.ull.es\/portal\/noticias\/2025\/segunda-edicion-miniolimpiada-canaria-quimica\/","og_locale":"es_ES","og_type":"article","og_title":"La ULL acoge la segunda Miniolimpiada Canaria de Qu\u00edmica","og_description":"Organizado por el el Colegio Oficial de Qu\u00edmicos de Canarias, el evento reuni\u00f3 en la ULL a 60 estudiantes de 3\u00ba de la ESO de toda Canarias.","og_url":"https:\/\/www.ull.es\/portal\/noticias\/2025\/segunda-edicion-miniolimpiada-canaria-quimica\/","og_site_name":"ULL - Noticias","article_publisher":"https:\/\/www.facebook.com\/universidaddelalaguna\/","article_published_time":"2025-06-04T12:49:29+00:00","article_modified_time":"2025-06-04T13:12:18+00:00","og_image":[{"width":1200,"height":900,"url":"https:\/\/www.ull.es\/portal\/noticias\/wp-content\/uploads\/sites\/13\/2025\/06\/Olimpiada-Quimica-grupo.jpg","type":"image\/jpeg"}],"author":"prensa2","twitter_card":"summary_large_image","twitter_creator":"@CanalULL","twitter_site":"@CanalULL","twitter_misc":{"Escrito por":"prensa2","Tiempo de lectura":"3 minutos"},"schema":{"@context":"https:\/\/schema.org","@graph":[{"@type":"WebPage","@id":"https:\/\/www.ull.es\/portal\/noticias\/2025\/segunda-edicion-miniolimpiada-canaria-quimica\/","url":"https:\/\/www.ull.es\/portal\/noticias\/2025\/segunda-edicion-miniolimpiada-canaria-quimica\/","name":"La ULL acoge la segunda Miniolimpiada Canaria de Qu\u00edmica","isPartOf":{"@id":"https:\/\/www.ull.es\/portal\/noticias\/#website"},"datePublished":"2025-06-04T12:49:29+00:00","dateModified":"2025-06-04T13:12:18+00:00","author":{"@id":"https:\/\/www.ull.es\/portal\/noticias\/#\/schema\/person\/c3b2aa857797592927a03740d6664376"},"description":"Organizado por el el Colegio Oficial de Qu\u00edmicos de Canarias, el evento reuni\u00f3 en la ULL a 60 estudiantes de 3\u00ba de la ESO de toda Canarias.","breadcrumb":{"@id":"https:\/\/www.ull.es\/portal\/noticias\/2025\/segunda-edicion-miniolimpiada-canaria-quimica\/#breadcrumb"},"inLanguage":"es","potentialAction":[{"@type":"ReadAction","target":["https:\/\/www.ull.es\/portal\/noticias\/2025\/segunda-edicion-miniolimpiada-canaria-quimica\/"]}]},{"@type":"BreadcrumbList","@id":"https:\/\/www.ull.es\/portal\/noticias\/2025\/segunda-edicion-miniolimpiada-canaria-quimica\/#breadcrumb","itemListElement":[{"@type":"ListItem","position":1,"name":"Portada","item":"https:\/\/www.ull.es\/portal\/noticias\/"},{"@type":"ListItem","position":2,"name":"La segunda edici\u00f3n de la Miniolimpiada Canaria de Qu\u00edmica re\u00fane en la ULL a j\u00f3venes talentos de las islas"}]},{"@type":"WebSite","@id":"https:\/\/www.ull.es\/portal\/noticias\/#website","url":"https:\/\/www.ull.es\/portal\/noticias\/","name":"ULL - Noticias","description":"","potentialAction":[{"@type":"SearchAction","target":{"@type":"EntryPoint","urlTemplate":"https:\/\/www.ull.es\/portal\/noticias\/?s={search_term_string}"},"query-input":"required name=search_term_string"}],"inLanguage":"es"},{"@type":"Person","@id":"https:\/\/www.ull.es\/portal\/noticias\/#\/schema\/person\/c3b2aa857797592927a03740d6664376","name":"prensa2","image":{"@type":"ImageObject","inLanguage":"es","@id":"https:\/\/www.ull.es\/portal\/noticias\/#\/schema\/person\/image\/","url":"https:\/\/secure.gravatar.com\/avatar\/b58f310a5de5feb33d1e026d2493f23c?s=96&d=mm&r=g","contentUrl":"https:\/\/secure.gravatar.com\/avatar\/b58f310a5de5feb33d1e026d2493f23c?s=96&d=mm&r=g","caption":"prensa2"},"url":"https:\/\/www.ull.es\/portal\/noticias\/author\/prensa2\/"}]}},"primary_category":{"id":345,"name":"Destacado","slug":"destacado","link":"https:\/\/www.ull.es\/portal\/noticias\/category\/destacado\/"},"featured_image_thumbnail_url":"https:\/\/www.ull.es\/portal\/noticias\/wp-content\/uploads\/sites\/13\/2025\/06\/Olimpiada-Quimica-grupo-300x225.jpg","_links":{"self":[{"href":"https:\/\/www.ull.es\/portal\/noticias\/wp-json\/wp\/v2\/posts\/82458"}],"collection":[{"href":"https:\/\/www.ull.es\/portal\/noticias\/wp-json\/wp\/v2\/posts"}],"about":[{"href":"https:\/\/www.ull.es\/portal\/noticias\/wp-json\/wp\/v2\/types\/post"}],"author":[{"embeddable":true,"href":"https:\/\/www.ull.es\/portal\/noticias\/wp-json\/wp\/v2\/users\/21"}],"replies":[{"embeddable":true,"href":"https:\/\/www.ull.es\/portal\/noticias\/wp-json\/wp\/v2\/comments?post=82458"}],"version-history":[{"count":2,"href":"https:\/\/www.ull.es\/portal\/noticias\/wp-json\/wp\/v2\/posts\/82458\/revisions"}],"predecessor-version":[{"id":82466,"href":"https:\/\/www.ull.es\/portal\/noticias\/wp-json\/wp\/v2\/posts\/82458\/revisions\/82466"}],"wp:featuredmedia":[{"embeddable":true,"href":"https:\/\/www.ull.es\/portal\/noticias\/wp-json\/wp\/v2\/media\/82459"}],"wp:attachment":[{"href":"https:\/\/www.ull.es\/portal\/noticias\/wp-json\/wp\/v2\/media?parent=82458"}],"wp:term":[{"taxonomy":"category","embeddable":true,"href":"https:\/\/www.ull.es\/portal\/noticias\/wp-json\/wp\/v2\/categories?post=82458"},{"taxonomy":"post_tag","embeddable":true,"href":"https:\/\/www.ull.es\/portal\/noticias\/wp-json\/wp\/v2\/tags?post=82458"}],"curies":[{"name":"wp","href":"https:\/\/api.w.org\/{rel}","templated":true}]}}