{"id":82508,"date":"2025-06-06T12:51:49","date_gmt":"2025-06-06T12:51:49","guid":{"rendered":"https:\/\/www.ull.es\/portal\/noticias\/?p=82508"},"modified":"2025-06-06T13:01:20","modified_gmt":"2025-06-06T13:01:20","slug":"jornada-reivindica-derecho-diversidad-sexual-familiar-genero","status":"publish","type":"post","link":"https:\/\/www.ull.es\/portal\/noticias\/2025\/jornada-reivindica-derecho-diversidad-sexual-familiar-genero\/","title":{"rendered":"Una jornada reivindica en la ULL el derecho a la diversidad sexual, familiar y de g\u00e9nero en el mes del Orgullo LGBTIQA+"},"content":{"rendered":"<p>El <a href=\"https:\/\/www.ull.es\/portal\/aulasycatedrasculturales\/aula-cultural-de-diversidad-lgtbiq\/\" target=\"_blank\" rel=\"noopener\" target=\"_blank\" rel=\"noopener\">Aula Cultural de Diversidad LGBTIQ+<\/a> de la Universidad de La Laguna y la Coordinaci\u00f3n de Igualdad y Diversidad de la <a href=\"https:\/\/www.ull.es\/centros\/facultad-derecho\/\" target=\"_blank\" rel=\"noopener\" target=\"_blank\" rel=\"noopener\">Facultad de Derecho<\/a> han organizado la jornada formativa \u201cDe la diversidad a los derechos: Orgullo LGBTIQA+ en la ULL\u201d, que se ha celebrado hoy, viernes 6 de junio, con motivo del mes del Orgullo LGBTIQA+.<\/p>\n<p>La jornada se ha celebrado en la Sala de Juntas de la Facultad de Derecho y ha contado con su decana, <a href=\"https:\/\/portalciencia.ull.es\/investigadores\/81142\/detalle\" target=\"_blank\" rel=\"noopener\" target=\"_blank\" rel=\"noopener\">Dulce Cair\u00f3s Barreto<\/a>, en la inauguraci\u00f3n. Su programa ha contado con ponencias sobre el derecho antidiscriminatorio LGTBI, la igualdad real y efectiva en el mercado de trabajo y el lenguaje no machista en el \u00e1mbito jur\u00eddico, impartidas por Marc Manso i Pujol, contratado predoctoral de Derecho Constitucional de la Universitat de Barcelona y coordinador jur\u00eddico del Observatorio contra la LGTBI-fobia de Catalu\u00f1a; <a href=\"https:\/\/portalciencia.ull.es\/investigadores\/1010490\/detalle\" target=\"_blank\" rel=\"noopener\" target=\"_blank\" rel=\"noopener\">Laura Casanova Mart\u00edn<\/a>, contratada predoctoral (FPI Ministerio) de Derecho del Trabajo y de la Seguridad Social de la Universidad de La Laguna; y H\u00e9ctor Dasha Rodr\u00edguez, traductor e int\u00e9rprete y ganador del primer Premio Avanzando en Igualdad otorgado por la Universidad de Las Palmas de Gran Canaria y el Cabildo de Gran Canaria, respectivamente.<\/p>\n<p>Durante esta formaci\u00f3n tambi\u00e9n se realiz\u00f3 una mesa redonda sobre la discriminaci\u00f3n en primera persona, que cont\u00f3 con una representaci\u00f3n activista de entidades LGBTIQA+ como Meritxell Salazar, coordinadora del Grupo Laboral de la Federaci\u00f3n Estatal LGTBI+; Yelko Fern\u00e1ndez Ferrer, tesorero y fundador de la Asociaci\u00f3n Libertrans; Eva Hern\u00e1ndez Morera, vicepresidenta de la Asociaci\u00f3n LGBTIQA* Diversas; Clara Montesdeoca, portavoz de la Asociaci\u00f3n Caminar Intersex; y Jana Mandelik, presidenta de la Asociaci\u00f3n Chrysallis Canarias, Asociaci\u00f3n de Familias de Infancia y Juventud Trans.<\/p>\n<p>La actividad formativa fue clausurada con la lectura de un manifiesto con motivo del Orgullo LGBTIQA+, a cargo de los estudiantes Andr\u00e9s Paz Pais, integrante del Aula Cultural de Diversidad LGBTIQ+ y representante estudiantil en diversos \u00f3rganos colegiados; y Aroa Garc\u00eda, secretaria de Igualdad y Diversidad del Consejo de Estudiantes.<\/p>\n<p>El director del Aula Cultural de Diversidad LGTBIQ+ de la Universidad de La Laguna, <a href=\"https:\/\/portalciencia.ull.es\/investigadores\/152338\/detalle\" target=\"_blank\" rel=\"noopener\" target=\"_blank\" rel=\"noopener\">Sergio Siverio<\/a>, destac\u00f3 que esta instituci\u00f3n acad\u00e9mica est\u00e1 firmemente comprometida con el reconocimiento de la diversidad sexual, familiar y de g\u00e9nero, m\u00e1xime en un contexto de difusi\u00f3n de discursos de odio que atentan directamente contra los derechos de un colectivo vulnerable como lo es el LGBTIQA+ y, en particular, las personas trans, motivo por el cual las instituciones universitarias del conocimiento deben estar a la vanguardia en su protecci\u00f3n jur\u00eddica y social.<\/p>\n<p>Esta jornada formativa se enmarca en el proyecto de innovaci\u00f3n y transferencia educativa denominado \u201cIgual de diversas. Atenci\u00f3n did\u00e1ctica e interseccional a la igualdad y diversidad en las asignaturas jur\u00eddicas\u201d, concedido por el Vicerrectorado de Docencia de la Universidad de La Laguna, como una iniciativa de continuidad que ya lleva implement\u00e1ndose desde el curso 2022-2023 y en el que est\u00e1n implicadas m\u00e1s de una decena de profesoras y profesores de diversas \u00e1reas de conocimiento de la Facultad de Derecho.<\/p>\n<p>El programa de actividades del Orgullo LGBTIQA+ de la Universidad de La Laguna continuar\u00e1n a lo largo de este mes de junio con el desarrollo de multitud de iniciativas que tambi\u00e9n contar\u00e1n con la colaboraci\u00f3n de las entidades del archipi\u00e9lago, motivo por el cual el Aula Cultural de Diversidad LGBTIQ+ de la instituci\u00f3n acad\u00e9mica muestra su apoyo a la manifestaci\u00f3n convocada por el activismo el pr\u00f3ximo d\u00eda 28 de junio, a las 18:00 horas en la Plaza Weyler de Santa Cruz de Tenerife y animan a la comunidad universitaria a participar de las reivindicaciones para la igualdad real y efectiva del colectivo.<\/p>\n","protected":false},"excerpt":{"rendered":"<p>El Aula Cultural de Diversidad LGBTIQ+ de la Universidad de La Laguna y la Coordinaci\u00f3n de Igualdad y Diversidad de&#8230;<\/p>\n","protected":false},"author":21,"featured_media":82510,"comment_status":"closed","ping_status":"closed","sticky":false,"template":"","format":"standard","meta":{"inline_featured_image":false,"footnotes":""},"categories":[345,3799,348,2765],"tags":[11708,11709,8451,8803,5877,11710,11711,11712,9975],"acf":[],"yoast_head":"<!-- This site is optimized with the Yoast SEO plugin v21.3 - https:\/\/yoast.com\/wordpress\/plugins\/seo\/ -->\n<title>Jornada por el derecho a la diversidad sexual, familiar y de g\u00e9nero<\/title>\n<meta name=\"description\" content=\"Ha sido organizada por el Aula Cultural de Diversidad LGBTIQ+ y la Coordinaci\u00f3n de Igualdad y Diversidad de la Facultad de Derecho.\" \/>\n<meta name=\"robots\" content=\"index, follow, max-snippet:-1, max-image-preview:large, max-video-preview:-1\" \/>\n<link rel=\"canonical\" href=\"https:\/\/www.ull.es\/portal\/noticias\/2025\/jornada-reivindica-derecho-diversidad-sexual-familiar-genero\/\" \/>\n<meta property=\"og:locale\" content=\"es_ES\" \/>\n<meta property=\"og:type\" content=\"article\" \/>\n<meta property=\"og:title\" content=\"Jornada por el derecho a la diversidad sexual, familiar y de g\u00e9nero\" \/>\n<meta property=\"og:description\" content=\"Ha sido organizada por el Aula Cultural de Diversidad LGBTIQ+ y la Coordinaci\u00f3n de Igualdad y Diversidad de la Facultad de Derecho.\" \/>\n<meta property=\"og:url\" content=\"https:\/\/www.ull.es\/portal\/noticias\/2025\/jornada-reivindica-derecho-diversidad-sexual-familiar-genero\/\" \/>\n<meta property=\"og:site_name\" content=\"ULL - Noticias\" \/>\n<meta property=\"article:publisher\" content=\"https:\/\/www.facebook.com\/universidaddelalaguna\/\" \/>\n<meta property=\"article:published_time\" content=\"2025-06-06T12:51:49+00:00\" \/>\n<meta property=\"article:modified_time\" content=\"2025-06-06T13:01:20+00:00\" \/>\n<meta property=\"og:image\" content=\"https:\/\/www.ull.es\/portal\/noticias\/wp-content\/uploads\/sites\/13\/2025\/06\/jornada-derecho-diversidad.jpg\" \/>\n\t<meta property=\"og:image:width\" content=\"1200\" \/>\n\t<meta property=\"og:image:height\" content=\"800\" \/>\n\t<meta property=\"og:image:type\" content=\"image\/jpeg\" \/>\n<meta name=\"author\" content=\"prensa2\" \/>\n<meta name=\"twitter:card\" content=\"summary_large_image\" \/>\n<meta name=\"twitter:creator\" content=\"@CanalULL\" \/>\n<meta name=\"twitter:site\" content=\"@CanalULL\" \/>\n<meta name=\"twitter:label1\" content=\"Escrito por\" \/>\n\t<meta name=\"twitter:data1\" content=\"prensa2\" \/>\n\t<meta name=\"twitter:label2\" content=\"Tiempo de lectura\" \/>\n\t<meta name=\"twitter:data2\" content=\"3 minutos\" \/>\n<script type=\"application\/ld+json\" class=\"yoast-schema-graph\">{\"@context\":\"https:\/\/schema.org\",\"@graph\":[{\"@type\":\"WebPage\",\"@id\":\"https:\/\/www.ull.es\/portal\/noticias\/2025\/jornada-reivindica-derecho-diversidad-sexual-familiar-genero\/\",\"url\":\"https:\/\/www.ull.es\/portal\/noticias\/2025\/jornada-reivindica-derecho-diversidad-sexual-familiar-genero\/\",\"name\":\"Jornada por el derecho a la diversidad sexual, familiar y de g\u00e9nero\",\"isPartOf\":{\"@id\":\"https:\/\/www.ull.es\/portal\/noticias\/#website\"},\"datePublished\":\"2025-06-06T12:51:49+00:00\",\"dateModified\":\"2025-06-06T13:01:20+00:00\",\"author\":{\"@id\":\"https:\/\/www.ull.es\/portal\/noticias\/#\/schema\/person\/c3b2aa857797592927a03740d6664376\"},\"description\":\"Ha sido organizada por el Aula Cultural de Diversidad LGBTIQ+ y la Coordinaci\u00f3n de Igualdad y Diversidad de la Facultad de Derecho.\",\"breadcrumb\":{\"@id\":\"https:\/\/www.ull.es\/portal\/noticias\/2025\/jornada-reivindica-derecho-diversidad-sexual-familiar-genero\/#breadcrumb\"},\"inLanguage\":\"es\",\"potentialAction\":[{\"@type\":\"ReadAction\",\"target\":[\"https:\/\/www.ull.es\/portal\/noticias\/2025\/jornada-reivindica-derecho-diversidad-sexual-familiar-genero\/\"]}]},{\"@type\":\"BreadcrumbList\",\"@id\":\"https:\/\/www.ull.es\/portal\/noticias\/2025\/jornada-reivindica-derecho-diversidad-sexual-familiar-genero\/#breadcrumb\",\"itemListElement\":[{\"@type\":\"ListItem\",\"position\":1,\"name\":\"Portada\",\"item\":\"https:\/\/www.ull.es\/portal\/noticias\/\"},{\"@type\":\"ListItem\",\"position\":2,\"name\":\"Una jornada reivindica en la ULL el derecho a la diversidad sexual, familiar y de g\u00e9nero en el mes del Orgullo LGBTIQA+\"}]},{\"@type\":\"WebSite\",\"@id\":\"https:\/\/www.ull.es\/portal\/noticias\/#website\",\"url\":\"https:\/\/www.ull.es\/portal\/noticias\/\",\"name\":\"ULL - Noticias\",\"description\":\"\",\"potentialAction\":[{\"@type\":\"SearchAction\",\"target\":{\"@type\":\"EntryPoint\",\"urlTemplate\":\"https:\/\/www.ull.es\/portal\/noticias\/?s={search_term_string}\"},\"query-input\":\"required name=search_term_string\"}],\"inLanguage\":\"es\"},{\"@type\":\"Person\",\"@id\":\"https:\/\/www.ull.es\/portal\/noticias\/#\/schema\/person\/c3b2aa857797592927a03740d6664376\",\"name\":\"prensa2\",\"image\":{\"@type\":\"ImageObject\",\"inLanguage\":\"es\",\"@id\":\"https:\/\/www.ull.es\/portal\/noticias\/#\/schema\/person\/image\/\",\"url\":\"https:\/\/secure.gravatar.com\/avatar\/b58f310a5de5feb33d1e026d2493f23c?s=96&d=mm&r=g\",\"contentUrl\":\"https:\/\/secure.gravatar.com\/avatar\/b58f310a5de5feb33d1e026d2493f23c?s=96&d=mm&r=g\",\"caption\":\"prensa2\"},\"url\":\"https:\/\/www.ull.es\/portal\/noticias\/author\/prensa2\/\"}]}<\/script>\n<!-- \/ Yoast SEO plugin. -->","yoast_head_json":{"title":"Jornada por el derecho a la diversidad sexual, familiar y de g\u00e9nero","description":"Ha sido organizada por el Aula Cultural de Diversidad LGBTIQ+ y la Coordinaci\u00f3n de Igualdad y Diversidad de la Facultad de Derecho.","robots":{"index":"index","follow":"follow","max-snippet":"max-snippet:-1","max-image-preview":"max-image-preview:large","max-video-preview":"max-video-preview:-1"},"canonical":"https:\/\/www.ull.es\/portal\/noticias\/2025\/jornada-reivindica-derecho-diversidad-sexual-familiar-genero\/","og_locale":"es_ES","og_type":"article","og_title":"Jornada por el derecho a la diversidad sexual, familiar y de g\u00e9nero","og_description":"Ha sido organizada por el Aula Cultural de Diversidad LGBTIQ+ y la Coordinaci\u00f3n de Igualdad y Diversidad de la Facultad de Derecho.","og_url":"https:\/\/www.ull.es\/portal\/noticias\/2025\/jornada-reivindica-derecho-diversidad-sexual-familiar-genero\/","og_site_name":"ULL - Noticias","article_publisher":"https:\/\/www.facebook.com\/universidaddelalaguna\/","article_published_time":"2025-06-06T12:51:49+00:00","article_modified_time":"2025-06-06T13:01:20+00:00","og_image":[{"width":1200,"height":800,"url":"https:\/\/www.ull.es\/portal\/noticias\/wp-content\/uploads\/sites\/13\/2025\/06\/jornada-derecho-diversidad.jpg","type":"image\/jpeg"}],"author":"prensa2","twitter_card":"summary_large_image","twitter_creator":"@CanalULL","twitter_site":"@CanalULL","twitter_misc":{"Escrito por":"prensa2","Tiempo de lectura":"3 minutos"},"schema":{"@context":"https:\/\/schema.org","@graph":[{"@type":"WebPage","@id":"https:\/\/www.ull.es\/portal\/noticias\/2025\/jornada-reivindica-derecho-diversidad-sexual-familiar-genero\/","url":"https:\/\/www.ull.es\/portal\/noticias\/2025\/jornada-reivindica-derecho-diversidad-sexual-familiar-genero\/","name":"Jornada por el derecho a la diversidad sexual, familiar y de g\u00e9nero","isPartOf":{"@id":"https:\/\/www.ull.es\/portal\/noticias\/#website"},"datePublished":"2025-06-06T12:51:49+00:00","dateModified":"2025-06-06T13:01:20+00:00","author":{"@id":"https:\/\/www.ull.es\/portal\/noticias\/#\/schema\/person\/c3b2aa857797592927a03740d6664376"},"description":"Ha sido organizada por el Aula Cultural de Diversidad LGBTIQ+ y la Coordinaci\u00f3n de Igualdad y Diversidad de la Facultad de Derecho.","breadcrumb":{"@id":"https:\/\/www.ull.es\/portal\/noticias\/2025\/jornada-reivindica-derecho-diversidad-sexual-familiar-genero\/#breadcrumb"},"inLanguage":"es","potentialAction":[{"@type":"ReadAction","target":["https:\/\/www.ull.es\/portal\/noticias\/2025\/jornada-reivindica-derecho-diversidad-sexual-familiar-genero\/"]}]},{"@type":"BreadcrumbList","@id":"https:\/\/www.ull.es\/portal\/noticias\/2025\/jornada-reivindica-derecho-diversidad-sexual-familiar-genero\/#breadcrumb","itemListElement":[{"@type":"ListItem","position":1,"name":"Portada","item":"https:\/\/www.ull.es\/portal\/noticias\/"},{"@type":"ListItem","position":2,"name":"Una jornada reivindica en la ULL el derecho a la diversidad sexual, familiar y de g\u00e9nero en el mes del Orgullo LGBTIQA+"}]},{"@type":"WebSite","@id":"https:\/\/www.ull.es\/portal\/noticias\/#website","url":"https:\/\/www.ull.es\/portal\/noticias\/","name":"ULL - Noticias","description":"","potentialAction":[{"@type":"SearchAction","target":{"@type":"EntryPoint","urlTemplate":"https:\/\/www.ull.es\/portal\/noticias\/?s={search_term_string}"},"query-input":"required name=search_term_string"}],"inLanguage":"es"},{"@type":"Person","@id":"https:\/\/www.ull.es\/portal\/noticias\/#\/schema\/person\/c3b2aa857797592927a03740d6664376","name":"prensa2","image":{"@type":"ImageObject","inLanguage":"es","@id":"https:\/\/www.ull.es\/portal\/noticias\/#\/schema\/person\/image\/","url":"https:\/\/secure.gravatar.com\/avatar\/b58f310a5de5feb33d1e026d2493f23c?s=96&d=mm&r=g","contentUrl":"https:\/\/secure.gravatar.com\/avatar\/b58f310a5de5feb33d1e026d2493f23c?s=96&d=mm&r=g","caption":"prensa2"},"url":"https:\/\/www.ull.es\/portal\/noticias\/author\/prensa2\/"}]}},"primary_category":{"id":345,"name":"Destacado","slug":"destacado","link":"https:\/\/www.ull.es\/portal\/noticias\/category\/destacado\/"},"featured_image_thumbnail_url":"https:\/\/www.ull.es\/portal\/noticias\/wp-content\/uploads\/sites\/13\/2025\/06\/jornada-derecho-diversidad-300x200.jpg","_links":{"self":[{"href":"https:\/\/www.ull.es\/portal\/noticias\/wp-json\/wp\/v2\/posts\/82508"}],"collection":[{"href":"https:\/\/www.ull.es\/portal\/noticias\/wp-json\/wp\/v2\/posts"}],"about":[{"href":"https:\/\/www.ull.es\/portal\/noticias\/wp-json\/wp\/v2\/types\/post"}],"author":[{"embeddable":true,"href":"https:\/\/www.ull.es\/portal\/noticias\/wp-json\/wp\/v2\/users\/21"}],"replies":[{"embeddable":true,"href":"https:\/\/www.ull.es\/portal\/noticias\/wp-json\/wp\/v2\/comments?post=82508"}],"version-history":[{"count":2,"href":"https:\/\/www.ull.es\/portal\/noticias\/wp-json\/wp\/v2\/posts\/82508\/revisions"}],"predecessor-version":[{"id":82516,"href":"https:\/\/www.ull.es\/portal\/noticias\/wp-json\/wp\/v2\/posts\/82508\/revisions\/82516"}],"wp:featuredmedia":[{"embeddable":true,"href":"https:\/\/www.ull.es\/portal\/noticias\/wp-json\/wp\/v2\/media\/82510"}],"wp:attachment":[{"href":"https:\/\/www.ull.es\/portal\/noticias\/wp-json\/wp\/v2\/media?parent=82508"}],"wp:term":[{"taxonomy":"category","embeddable":true,"href":"https:\/\/www.ull.es\/portal\/noticias\/wp-json\/wp\/v2\/categories?post=82508"},{"taxonomy":"post_tag","embeddable":true,"href":"https:\/\/www.ull.es\/portal\/noticias\/wp-json\/wp\/v2\/tags?post=82508"}],"curies":[{"name":"wp","href":"https:\/\/api.w.org\/{rel}","templated":true}]}}