{"id":82570,"date":"2025-06-10T08:36:21","date_gmt":"2025-06-10T08:36:21","guid":{"rendered":"https:\/\/www.ull.es\/portal\/noticias\/?p=82570"},"modified":"2025-06-10T08:36:21","modified_gmt":"2025-06-10T08:36:21","slug":"finaliza-temporada-valores-marcan-deporte-base-valores","status":"publish","type":"post","link":"https:\/\/www.ull.es\/portal\/noticias\/2025\/finaliza-temporada-valores-marcan-deporte-base-valores\/","title":{"rendered":"Finaliza la temporada de \u201cValores que Marcan\u201d, proyecto que promueve un deporte base con valores inclusivos y \u00e9ticos"},"content":{"rendered":"<p>El proyecto \u201cValores que Marcan\u201d, desarrollado por el <a href=\"http:\/\/labins.es\" target=\"_blank\" rel=\"noopener\" target=\"_blank\" rel=\"noopener\">Laboratorio de Innovaci\u00f3n Social de la Universidad de La Laguna<\/a> en el marco de un convenio de colaboraci\u00f3n con el \u00c1rea de Deportes del Cabildo de Tenerife, ha concluido su edici\u00f3n de la temporada 2024-2025. Esta iniciativa se enmarca dentro del programa \u201cEducar Entrenando\u201d, una propuesta que busca fortalecer la formaci\u00f3n integral en el deporte base desde una perspectiva educativa, \u00e9tica y participativa.<\/p>\n<p>\u201cValores que Marcan\u201d ha centrado su acci\u00f3n en la formaci\u00f3n y acompa\u00f1amiento de clubes deportivos de Tenerife con el objetivo de impulsar una cultura deportiva basada en valores como el respeto, la igualdad, la empat\u00eda, la corresponsabilidad y el trabajo en equipo. El proyecto ha estado dirigido a diferentes agentes del entorno deportivo: directivas, cuerpos t\u00e9cnicos, deportistas y familias, promoviendo la reflexi\u00f3n conjunta y la toma de conciencia sobre su papel en la construcci\u00f3n de entornos deportivos m\u00e1s seguros, saludables y equitativos.<\/p>\n<p>En esta edici\u00f3n el proyecto ha trabajado con tres entidades: el Club Atletismo Arona, el CD Laguna y el Club Ciclista VICLASS. Su selecci\u00f3n respondi\u00f3 a criterios de diversidad geogr\u00e1fica, representando las zonas sur, metropolitana y norte de la isla; y de modalidades deportivas (atletismo, f\u00fatbol y ciclismo), con el fin de abordar distintas realidades del deporte base insular.<\/p>\n<p>A lo largo del proceso se llevaron a cabo 27 sesiones formativas (9 en cada club), en las que participaron 205 personas (91 mujeres y 114 hombres). El dise\u00f1o metodol\u00f3gico combin\u00f3 espacios de reflexi\u00f3n, din\u00e1micas participativas y herramientas pr\u00e1cticas adaptadas a cada grupo, permitiendo generar aprendizajes significativos desde las propias experiencias y necesidades de los clubes.<\/p>\n<p>Uno de los elementos distintivos del proyecto ha sido la elaboraci\u00f3n, por parte de cada club, de una propuesta educativa propia centrada en los valores trabajados durante la formaci\u00f3n. Dichas propuestas, concebidas como hojas de ruta concretas, est\u00e1n pensadas para integrarse en las din\u00e1micas habituales de los clubes y contribuir a consolidar procesos internos de mejora en el \u00e1mbito relacional, comunicativo y organizativo.<\/p>\n<p>\u201cValores que Marcan\u201d busca, a medio y largo plazo, contribuir a que los clubes deportivos se conviertan en referentes comunitarios, promoviendo un modelo de pr\u00e1ctica deportiva que no se limite al rendimiento, sino que tambi\u00e9n favorezca el desarrollo personal, la convivencia y la inclusi\u00f3n. El enfoque metodol\u00f3gico del proyecto, basado en la innovaci\u00f3n social, la participaci\u00f3n activa y el di\u00e1logo intergeneracional, ha permitido trabajar con una mirada amplia y adaptada a las distintas realidades del deporte base en Tenerife.<\/p>\n","protected":false},"excerpt":{"rendered":"<p>El proyecto \u201cValores que Marcan\u201d, desarrollado por el Laboratorio de Innovaci\u00f3n Social de la Universidad de La Laguna en el&#8230;<\/p>\n","protected":false},"author":21,"featured_media":82571,"comment_status":"closed","ping_status":"closed","sticky":false,"template":"","format":"standard","meta":{"inline_featured_image":false,"footnotes":""},"categories":[345,348,2765],"tags":[6708,6707,6657,9493,11715],"acf":[],"yoast_head":"<!-- This site is optimized with the Yoast SEO plugin v21.3 - https:\/\/yoast.com\/wordpress\/plugins\/seo\/ -->\n<title>Finaliza la temporada de \u201cValores que Marcan\u201d<\/title>\n<meta name=\"description\" content=\"Esta iniciativa del Laboratorio de Innovaci\u00f3n Social de la ULL busca fortalecer la formaci\u00f3n integral en el deporte base con valores \u00e9ticos.\" \/>\n<meta name=\"robots\" content=\"index, follow, max-snippet:-1, max-image-preview:large, max-video-preview:-1\" \/>\n<link rel=\"canonical\" href=\"https:\/\/www.ull.es\/portal\/noticias\/2025\/finaliza-temporada-valores-marcan-deporte-base-valores\/\" \/>\n<meta property=\"og:locale\" content=\"es_ES\" \/>\n<meta property=\"og:type\" content=\"article\" \/>\n<meta property=\"og:title\" content=\"Finaliza la temporada de \u201cValores que Marcan\u201d\" \/>\n<meta property=\"og:description\" content=\"Esta iniciativa del Laboratorio de Innovaci\u00f3n Social de la ULL busca fortalecer la formaci\u00f3n integral en el deporte base con valores \u00e9ticos.\" \/>\n<meta property=\"og:url\" content=\"https:\/\/www.ull.es\/portal\/noticias\/2025\/finaliza-temporada-valores-marcan-deporte-base-valores\/\" \/>\n<meta property=\"og:site_name\" content=\"ULL - Noticias\" \/>\n<meta property=\"article:publisher\" content=\"https:\/\/www.facebook.com\/universidaddelalaguna\/\" \/>\n<meta property=\"article:published_time\" content=\"2025-06-10T08:36:21+00:00\" \/>\n<meta property=\"og:image\" content=\"https:\/\/www.ull.es\/portal\/noticias\/wp-content\/uploads\/sites\/13\/2025\/06\/valores-marcan-actividad-movimiento.jpg\" \/>\n\t<meta property=\"og:image:width\" content=\"1200\" \/>\n\t<meta property=\"og:image:height\" content=\"800\" \/>\n\t<meta property=\"og:image:type\" content=\"image\/jpeg\" \/>\n<meta name=\"author\" content=\"prensa2\" \/>\n<meta name=\"twitter:card\" content=\"summary_large_image\" \/>\n<meta name=\"twitter:creator\" content=\"@CanalULL\" \/>\n<meta name=\"twitter:site\" content=\"@CanalULL\" \/>\n<meta name=\"twitter:label1\" content=\"Escrito por\" \/>\n\t<meta name=\"twitter:data1\" content=\"prensa2\" \/>\n\t<meta name=\"twitter:label2\" content=\"Tiempo de lectura\" \/>\n\t<meta name=\"twitter:data2\" content=\"2 minutos\" \/>\n<script type=\"application\/ld+json\" class=\"yoast-schema-graph\">{\"@context\":\"https:\/\/schema.org\",\"@graph\":[{\"@type\":\"WebPage\",\"@id\":\"https:\/\/www.ull.es\/portal\/noticias\/2025\/finaliza-temporada-valores-marcan-deporte-base-valores\/\",\"url\":\"https:\/\/www.ull.es\/portal\/noticias\/2025\/finaliza-temporada-valores-marcan-deporte-base-valores\/\",\"name\":\"Finaliza la temporada de \u201cValores que Marcan\u201d\",\"isPartOf\":{\"@id\":\"https:\/\/www.ull.es\/portal\/noticias\/#website\"},\"datePublished\":\"2025-06-10T08:36:21+00:00\",\"dateModified\":\"2025-06-10T08:36:21+00:00\",\"author\":{\"@id\":\"https:\/\/www.ull.es\/portal\/noticias\/#\/schema\/person\/c3b2aa857797592927a03740d6664376\"},\"description\":\"Esta iniciativa del Laboratorio de Innovaci\u00f3n Social de la ULL busca fortalecer la formaci\u00f3n integral en el deporte base con valores \u00e9ticos.\",\"breadcrumb\":{\"@id\":\"https:\/\/www.ull.es\/portal\/noticias\/2025\/finaliza-temporada-valores-marcan-deporte-base-valores\/#breadcrumb\"},\"inLanguage\":\"es\",\"potentialAction\":[{\"@type\":\"ReadAction\",\"target\":[\"https:\/\/www.ull.es\/portal\/noticias\/2025\/finaliza-temporada-valores-marcan-deporte-base-valores\/\"]}]},{\"@type\":\"BreadcrumbList\",\"@id\":\"https:\/\/www.ull.es\/portal\/noticias\/2025\/finaliza-temporada-valores-marcan-deporte-base-valores\/#breadcrumb\",\"itemListElement\":[{\"@type\":\"ListItem\",\"position\":1,\"name\":\"Portada\",\"item\":\"https:\/\/www.ull.es\/portal\/noticias\/\"},{\"@type\":\"ListItem\",\"position\":2,\"name\":\"Finaliza la temporada de \u201cValores que Marcan\u201d, proyecto que promueve un deporte base con valores inclusivos y \u00e9ticos\"}]},{\"@type\":\"WebSite\",\"@id\":\"https:\/\/www.ull.es\/portal\/noticias\/#website\",\"url\":\"https:\/\/www.ull.es\/portal\/noticias\/\",\"name\":\"ULL - Noticias\",\"description\":\"\",\"potentialAction\":[{\"@type\":\"SearchAction\",\"target\":{\"@type\":\"EntryPoint\",\"urlTemplate\":\"https:\/\/www.ull.es\/portal\/noticias\/?s={search_term_string}\"},\"query-input\":\"required name=search_term_string\"}],\"inLanguage\":\"es\"},{\"@type\":\"Person\",\"@id\":\"https:\/\/www.ull.es\/portal\/noticias\/#\/schema\/person\/c3b2aa857797592927a03740d6664376\",\"name\":\"prensa2\",\"image\":{\"@type\":\"ImageObject\",\"inLanguage\":\"es\",\"@id\":\"https:\/\/www.ull.es\/portal\/noticias\/#\/schema\/person\/image\/\",\"url\":\"https:\/\/secure.gravatar.com\/avatar\/b58f310a5de5feb33d1e026d2493f23c?s=96&d=mm&r=g\",\"contentUrl\":\"https:\/\/secure.gravatar.com\/avatar\/b58f310a5de5feb33d1e026d2493f23c?s=96&d=mm&r=g\",\"caption\":\"prensa2\"},\"url\":\"https:\/\/www.ull.es\/portal\/noticias\/author\/prensa2\/\"}]}<\/script>\n<!-- \/ Yoast SEO plugin. -->","yoast_head_json":{"title":"Finaliza la temporada de \u201cValores que Marcan\u201d","description":"Esta iniciativa del Laboratorio de Innovaci\u00f3n Social de la ULL busca fortalecer la formaci\u00f3n integral en el deporte base con valores \u00e9ticos.","robots":{"index":"index","follow":"follow","max-snippet":"max-snippet:-1","max-image-preview":"max-image-preview:large","max-video-preview":"max-video-preview:-1"},"canonical":"https:\/\/www.ull.es\/portal\/noticias\/2025\/finaliza-temporada-valores-marcan-deporte-base-valores\/","og_locale":"es_ES","og_type":"article","og_title":"Finaliza la temporada de \u201cValores que Marcan\u201d","og_description":"Esta iniciativa del Laboratorio de Innovaci\u00f3n Social de la ULL busca fortalecer la formaci\u00f3n integral en el deporte base con valores \u00e9ticos.","og_url":"https:\/\/www.ull.es\/portal\/noticias\/2025\/finaliza-temporada-valores-marcan-deporte-base-valores\/","og_site_name":"ULL - Noticias","article_publisher":"https:\/\/www.facebook.com\/universidaddelalaguna\/","article_published_time":"2025-06-10T08:36:21+00:00","og_image":[{"width":1200,"height":800,"url":"https:\/\/www.ull.es\/portal\/noticias\/wp-content\/uploads\/sites\/13\/2025\/06\/valores-marcan-actividad-movimiento.jpg","type":"image\/jpeg"}],"author":"prensa2","twitter_card":"summary_large_image","twitter_creator":"@CanalULL","twitter_site":"@CanalULL","twitter_misc":{"Escrito por":"prensa2","Tiempo de lectura":"2 minutos"},"schema":{"@context":"https:\/\/schema.org","@graph":[{"@type":"WebPage","@id":"https:\/\/www.ull.es\/portal\/noticias\/2025\/finaliza-temporada-valores-marcan-deporte-base-valores\/","url":"https:\/\/www.ull.es\/portal\/noticias\/2025\/finaliza-temporada-valores-marcan-deporte-base-valores\/","name":"Finaliza la temporada de \u201cValores que Marcan\u201d","isPartOf":{"@id":"https:\/\/www.ull.es\/portal\/noticias\/#website"},"datePublished":"2025-06-10T08:36:21+00:00","dateModified":"2025-06-10T08:36:21+00:00","author":{"@id":"https:\/\/www.ull.es\/portal\/noticias\/#\/schema\/person\/c3b2aa857797592927a03740d6664376"},"description":"Esta iniciativa del Laboratorio de Innovaci\u00f3n Social de la ULL busca fortalecer la formaci\u00f3n integral en el deporte base con valores \u00e9ticos.","breadcrumb":{"@id":"https:\/\/www.ull.es\/portal\/noticias\/2025\/finaliza-temporada-valores-marcan-deporte-base-valores\/#breadcrumb"},"inLanguage":"es","potentialAction":[{"@type":"ReadAction","target":["https:\/\/www.ull.es\/portal\/noticias\/2025\/finaliza-temporada-valores-marcan-deporte-base-valores\/"]}]},{"@type":"BreadcrumbList","@id":"https:\/\/www.ull.es\/portal\/noticias\/2025\/finaliza-temporada-valores-marcan-deporte-base-valores\/#breadcrumb","itemListElement":[{"@type":"ListItem","position":1,"name":"Portada","item":"https:\/\/www.ull.es\/portal\/noticias\/"},{"@type":"ListItem","position":2,"name":"Finaliza la temporada de \u201cValores que Marcan\u201d, proyecto que promueve un deporte base con valores inclusivos y \u00e9ticos"}]},{"@type":"WebSite","@id":"https:\/\/www.ull.es\/portal\/noticias\/#website","url":"https:\/\/www.ull.es\/portal\/noticias\/","name":"ULL - Noticias","description":"","potentialAction":[{"@type":"SearchAction","target":{"@type":"EntryPoint","urlTemplate":"https:\/\/www.ull.es\/portal\/noticias\/?s={search_term_string}"},"query-input":"required name=search_term_string"}],"inLanguage":"es"},{"@type":"Person","@id":"https:\/\/www.ull.es\/portal\/noticias\/#\/schema\/person\/c3b2aa857797592927a03740d6664376","name":"prensa2","image":{"@type":"ImageObject","inLanguage":"es","@id":"https:\/\/www.ull.es\/portal\/noticias\/#\/schema\/person\/image\/","url":"https:\/\/secure.gravatar.com\/avatar\/b58f310a5de5feb33d1e026d2493f23c?s=96&d=mm&r=g","contentUrl":"https:\/\/secure.gravatar.com\/avatar\/b58f310a5de5feb33d1e026d2493f23c?s=96&d=mm&r=g","caption":"prensa2"},"url":"https:\/\/www.ull.es\/portal\/noticias\/author\/prensa2\/"}]}},"primary_category":{"id":345,"name":"Destacado","slug":"destacado","link":"https:\/\/www.ull.es\/portal\/noticias\/category\/destacado\/"},"featured_image_thumbnail_url":"https:\/\/www.ull.es\/portal\/noticias\/wp-content\/uploads\/sites\/13\/2025\/06\/valores-marcan-actividad-movimiento-300x200.jpg","_links":{"self":[{"href":"https:\/\/www.ull.es\/portal\/noticias\/wp-json\/wp\/v2\/posts\/82570"}],"collection":[{"href":"https:\/\/www.ull.es\/portal\/noticias\/wp-json\/wp\/v2\/posts"}],"about":[{"href":"https:\/\/www.ull.es\/portal\/noticias\/wp-json\/wp\/v2\/types\/post"}],"author":[{"embeddable":true,"href":"https:\/\/www.ull.es\/portal\/noticias\/wp-json\/wp\/v2\/users\/21"}],"replies":[{"embeddable":true,"href":"https:\/\/www.ull.es\/portal\/noticias\/wp-json\/wp\/v2\/comments?post=82570"}],"version-history":[{"count":1,"href":"https:\/\/www.ull.es\/portal\/noticias\/wp-json\/wp\/v2\/posts\/82570\/revisions"}],"predecessor-version":[{"id":82572,"href":"https:\/\/www.ull.es\/portal\/noticias\/wp-json\/wp\/v2\/posts\/82570\/revisions\/82572"}],"wp:featuredmedia":[{"embeddable":true,"href":"https:\/\/www.ull.es\/portal\/noticias\/wp-json\/wp\/v2\/media\/82571"}],"wp:attachment":[{"href":"https:\/\/www.ull.es\/portal\/noticias\/wp-json\/wp\/v2\/media?parent=82570"}],"wp:term":[{"taxonomy":"category","embeddable":true,"href":"https:\/\/www.ull.es\/portal\/noticias\/wp-json\/wp\/v2\/categories?post=82570"},{"taxonomy":"post_tag","embeddable":true,"href":"https:\/\/www.ull.es\/portal\/noticias\/wp-json\/wp\/v2\/tags?post=82570"}],"curies":[{"name":"wp","href":"https:\/\/api.w.org\/{rel}","templated":true}]}}