{"id":82718,"date":"2025-06-13T14:13:56","date_gmt":"2025-06-13T14:13:56","guid":{"rendered":"https:\/\/www.ull.es\/portal\/noticias\/?p=82718"},"modified":"2025-06-13T14:13:56","modified_gmt":"2025-06-13T14:13:56","slug":"iv-jornadas-aprendizaje-servicio-vinculandolas-sostenibilidad","status":"publish","type":"post","link":"https:\/\/www.ull.es\/portal\/noticias\/2025\/iv-jornadas-aprendizaje-servicio-vinculandolas-sostenibilidad\/","title":{"rendered":"La ULL celebra sus IV Jornadas de Aprendizaje Servicio vincul\u00e1ndolas a la sostenibilidad"},"content":{"rendered":"<p>La sostenibilidad siempre ha ido ligada a la idea de medioambiente y al color verde, pero puede tambi\u00e9n tener su foco en todo tipo de actividades, como el aprendizaje y la mejora de las comunidades y del planeta. Este ha sido el nudo gordiano de las IV Jornadas de Aprendizaje Servicio de la Universidad de La Laguna, celebradas hoy en el campus de Guajara.<\/p>\n<p>El rector de la Universidad de La Laguna, Francisco Garc\u00eda, ha sido el encargado de inaugurar las jornadas en las que ha estado acompa\u00f1ado por Efra\u00edn Medina, consejero de Empleo, Educaci\u00f3n y Juventud del Cabildo de Tenerife; Yolanda Ortega, presidenta de la Asociaci\u00f3n de Aprendizaje Servicio de Canarias y Mar\u00eda Auxiliadora Gabino, directora acad\u00e9mica de este programa en la Universidad de La Laguna.<\/p>\n<p>\u201cEl programa de aprendizaje servicio es un ejemplo de la colaboraci\u00f3n constante entre ambas entidades, Cabildo y Universidad\u201d, destac\u00f3 el rector, quien resalt\u00f3 que este programa afecta a diferentes niveles educativos que se relacionan a su vez con el tercer sector. \u201cEs un modelo magn\u00edfico en el que el alumnado aprende de manera pr\u00e1ctica, colaborando con la sociedad y resolviendo retos\u201d, a\u00f1adi\u00f3.<\/p>\n<p>Efra\u00edn Medina, por su parte, sostuvo que esta iniciativa es fundamental para el desarrollo comunitario de la isla, \u201cporque hoy m\u00e1s que nunca la comunidad necesita esta responsabilidad social del estudiantado y que ponga en pr\u00e1ctica sus conocimientos apostando por esta metodolog\u00eda que revierte en la sociedad\u201d.<\/p>\n<p>Mar\u00eda Gabino, directora acad\u00e9mica del Programa de Aprendizaje-Servicio, ha querido destacar que esta metodolog\u00eda cambia la forma de ver la ense\u00f1anza. \u201cPara poder llevar a cabo un proyecto primero tenemos que ver una necesidad, un problema social y el alumnado tiene que crear un proyecto en el que se resuelva o que ayude a esa problem\u00e1tica. Y en el trasfondo de toda la metodolog\u00eda, lo que estamos es generando agentes de cambio, valores para la sociedad y ciudadan\u00eda comprometida con el futuro\u201d.<\/p>\n<p>Desde hace cuatro a\u00f1os, el profesorado de la Universidad de La Laguna imparte cada a\u00f1o dos cursos sobre aprendizaje servicio tanto a profesorado de primaria, secundaria, formaci\u00f3n profesional o agentes institucionales. El primero es de iniciaci\u00f3n en el aprendizaje servicio y el otro es de dise\u00f1o de proyectos. Esos proyectos pueden aplicarlos tanto universitarios, para que presenten proyectos PITE (proyectos de innovaci\u00f3n educativa), hasta profesorado de cualquier nivel.<\/p>\n<p>Mar\u00eda Gloria Sol\u00eds, del Grupo Extreme\u00f1o de la Red Nacional de Aprendizaje Servicio, ha impartido una ponencia sobre la vinculaci\u00f3n del aprendizaje servicio con el marco educativo y la sostenibilidad en la presentaci\u00f3n de este evento. Sol\u00eds realiz\u00f3 una ponencia en la que quiso resaltar la importancia de la responsabilidad social educativa, el desarrollo sostenible y la ciudadan\u00eda. En primer lugar, apunt\u00f3 que se trata de una \u00a0metodolog\u00eda muy \u00fatil para transformar la vida de las personas, las comunidades y la mejora del planeta a lo largo de las generaciones. \u201cTrabaja con necesidades sociales, de una manera real, con el objetivo de mejorar nuestro entorno, pero centr\u00e1ndose en problemas concretos\u201d. La ponente afirm\u00f3 que no hay que confundir el aprendizaje servicio con voluntariado ni tampoco con pr\u00e1cticas de campo. Su valor a\u00f1adido radica en ser un aprendizaje por proyectos, con fin solidario.<\/p>\n<p>Tras la ponencia, se presentaron los diez proyectos realizados con la metodolog\u00eda de aprendizaje servicio durante este a\u00f1o, tanto por alumnado de la Universidad de La Laguna, como por alumnado de educaci\u00f3n primaria y secundaria de Tenerife. En el mes de septiembre se realizar\u00e1 una gala en la que se premiar\u00e1n los mejores trabajos de este curso seleccionados entre estas propuestas. Entre ellas cabe destacar \u201cManos j\u00f3venes, corazones compartidos\u201d, realizado por alumnado del Grado de Turismo y Psicolog\u00eda, \u201cActiva2: Envejecimiento activo y participaci\u00f3n grupal\u201d, desarrollado por alumnado de Trabajo Social, y \u201cOpini\u00f3n p\u00fablica y documentaci\u00f3n para el bien com\u00fan: aprendizaje por retos y servicios a la comunidad\u201d, por alumnado del Grado en Periodismo de la Universidad de La Laguna.<\/p>\n","protected":false},"excerpt":{"rendered":"<p>La sostenibilidad siempre ha ido ligada a la idea de medioambiente y al color verde, pero puede tambi\u00e9n tener su&#8230;<\/p>\n","protected":false},"author":21,"featured_media":82719,"comment_status":"closed","ping_status":"closed","sticky":false,"template":"","format":"standard","meta":{"inline_featured_image":false,"footnotes":""},"categories":[345,348,2765],"tags":[3421,7040,11058],"acf":[],"yoast_head":"<!-- This site is optimized with the Yoast SEO plugin v21.3 - https:\/\/yoast.com\/wordpress\/plugins\/seo\/ -->\n<title>La ULL celebra sus IV Jornadas de Aprendizaje Servicio<\/title>\n<meta name=\"description\" content=\"Se presentaron 10 proyectos realizados con esta metodolog\u00eda tanto por alumnado de la ULL, como de Primaria y Secundaria de Tenerife.\" \/>\n<meta name=\"robots\" content=\"index, follow, max-snippet:-1, max-image-preview:large, max-video-preview:-1\" \/>\n<link rel=\"canonical\" href=\"https:\/\/www.ull.es\/portal\/noticias\/2025\/iv-jornadas-aprendizaje-servicio-vinculandolas-sostenibilidad\/\" \/>\n<meta property=\"og:locale\" content=\"es_ES\" \/>\n<meta property=\"og:type\" content=\"article\" \/>\n<meta property=\"og:title\" content=\"La ULL celebra sus IV Jornadas de Aprendizaje Servicio\" \/>\n<meta property=\"og:description\" content=\"Se presentaron 10 proyectos realizados con esta metodolog\u00eda tanto por alumnado de la ULL, como de Primaria y Secundaria de Tenerife.\" \/>\n<meta property=\"og:url\" content=\"https:\/\/www.ull.es\/portal\/noticias\/2025\/iv-jornadas-aprendizaje-servicio-vinculandolas-sostenibilidad\/\" \/>\n<meta property=\"og:site_name\" content=\"ULL - Noticias\" \/>\n<meta property=\"article:publisher\" content=\"https:\/\/www.facebook.com\/universidaddelalaguna\/\" \/>\n<meta property=\"article:published_time\" content=\"2025-06-13T14:13:56+00:00\" \/>\n<meta property=\"og:image\" content=\"https:\/\/www.ull.es\/portal\/noticias\/wp-content\/uploads\/sites\/13\/2025\/06\/Jorn-Aprendizaje-Servicio-03.jpg\" \/>\n\t<meta property=\"og:image:width\" content=\"1200\" \/>\n\t<meta property=\"og:image:height\" content=\"800\" \/>\n\t<meta property=\"og:image:type\" content=\"image\/jpeg\" \/>\n<meta name=\"author\" content=\"prensa2\" \/>\n<meta name=\"twitter:card\" content=\"summary_large_image\" \/>\n<meta name=\"twitter:creator\" content=\"@CanalULL\" \/>\n<meta name=\"twitter:site\" content=\"@CanalULL\" \/>\n<meta name=\"twitter:label1\" content=\"Escrito por\" \/>\n\t<meta name=\"twitter:data1\" content=\"prensa2\" \/>\n\t<meta name=\"twitter:label2\" content=\"Tiempo de lectura\" \/>\n\t<meta name=\"twitter:data2\" content=\"3 minutos\" \/>\n<script type=\"application\/ld+json\" class=\"yoast-schema-graph\">{\"@context\":\"https:\/\/schema.org\",\"@graph\":[{\"@type\":\"WebPage\",\"@id\":\"https:\/\/www.ull.es\/portal\/noticias\/2025\/iv-jornadas-aprendizaje-servicio-vinculandolas-sostenibilidad\/\",\"url\":\"https:\/\/www.ull.es\/portal\/noticias\/2025\/iv-jornadas-aprendizaje-servicio-vinculandolas-sostenibilidad\/\",\"name\":\"La ULL celebra sus IV Jornadas de Aprendizaje Servicio\",\"isPartOf\":{\"@id\":\"https:\/\/www.ull.es\/portal\/noticias\/#website\"},\"datePublished\":\"2025-06-13T14:13:56+00:00\",\"dateModified\":\"2025-06-13T14:13:56+00:00\",\"author\":{\"@id\":\"https:\/\/www.ull.es\/portal\/noticias\/#\/schema\/person\/c3b2aa857797592927a03740d6664376\"},\"description\":\"Se presentaron 10 proyectos realizados con esta metodolog\u00eda tanto por alumnado de la ULL, como de Primaria y Secundaria de Tenerife.\",\"breadcrumb\":{\"@id\":\"https:\/\/www.ull.es\/portal\/noticias\/2025\/iv-jornadas-aprendizaje-servicio-vinculandolas-sostenibilidad\/#breadcrumb\"},\"inLanguage\":\"es\",\"potentialAction\":[{\"@type\":\"ReadAction\",\"target\":[\"https:\/\/www.ull.es\/portal\/noticias\/2025\/iv-jornadas-aprendizaje-servicio-vinculandolas-sostenibilidad\/\"]}]},{\"@type\":\"BreadcrumbList\",\"@id\":\"https:\/\/www.ull.es\/portal\/noticias\/2025\/iv-jornadas-aprendizaje-servicio-vinculandolas-sostenibilidad\/#breadcrumb\",\"itemListElement\":[{\"@type\":\"ListItem\",\"position\":1,\"name\":\"Portada\",\"item\":\"https:\/\/www.ull.es\/portal\/noticias\/\"},{\"@type\":\"ListItem\",\"position\":2,\"name\":\"La ULL celebra sus IV Jornadas de Aprendizaje Servicio vincul\u00e1ndolas a la sostenibilidad\"}]},{\"@type\":\"WebSite\",\"@id\":\"https:\/\/www.ull.es\/portal\/noticias\/#website\",\"url\":\"https:\/\/www.ull.es\/portal\/noticias\/\",\"name\":\"ULL - Noticias\",\"description\":\"\",\"potentialAction\":[{\"@type\":\"SearchAction\",\"target\":{\"@type\":\"EntryPoint\",\"urlTemplate\":\"https:\/\/www.ull.es\/portal\/noticias\/?s={search_term_string}\"},\"query-input\":\"required name=search_term_string\"}],\"inLanguage\":\"es\"},{\"@type\":\"Person\",\"@id\":\"https:\/\/www.ull.es\/portal\/noticias\/#\/schema\/person\/c3b2aa857797592927a03740d6664376\",\"name\":\"prensa2\",\"image\":{\"@type\":\"ImageObject\",\"inLanguage\":\"es\",\"@id\":\"https:\/\/www.ull.es\/portal\/noticias\/#\/schema\/person\/image\/\",\"url\":\"https:\/\/secure.gravatar.com\/avatar\/b58f310a5de5feb33d1e026d2493f23c?s=96&d=mm&r=g\",\"contentUrl\":\"https:\/\/secure.gravatar.com\/avatar\/b58f310a5de5feb33d1e026d2493f23c?s=96&d=mm&r=g\",\"caption\":\"prensa2\"},\"url\":\"https:\/\/www.ull.es\/portal\/noticias\/author\/prensa2\/\"}]}<\/script>\n<!-- \/ Yoast SEO plugin. -->","yoast_head_json":{"title":"La ULL celebra sus IV Jornadas de Aprendizaje Servicio","description":"Se presentaron 10 proyectos realizados con esta metodolog\u00eda tanto por alumnado de la ULL, como de Primaria y Secundaria de Tenerife.","robots":{"index":"index","follow":"follow","max-snippet":"max-snippet:-1","max-image-preview":"max-image-preview:large","max-video-preview":"max-video-preview:-1"},"canonical":"https:\/\/www.ull.es\/portal\/noticias\/2025\/iv-jornadas-aprendizaje-servicio-vinculandolas-sostenibilidad\/","og_locale":"es_ES","og_type":"article","og_title":"La ULL celebra sus IV Jornadas de Aprendizaje Servicio","og_description":"Se presentaron 10 proyectos realizados con esta metodolog\u00eda tanto por alumnado de la ULL, como de Primaria y Secundaria de Tenerife.","og_url":"https:\/\/www.ull.es\/portal\/noticias\/2025\/iv-jornadas-aprendizaje-servicio-vinculandolas-sostenibilidad\/","og_site_name":"ULL - Noticias","article_publisher":"https:\/\/www.facebook.com\/universidaddelalaguna\/","article_published_time":"2025-06-13T14:13:56+00:00","og_image":[{"width":1200,"height":800,"url":"https:\/\/www.ull.es\/portal\/noticias\/wp-content\/uploads\/sites\/13\/2025\/06\/Jorn-Aprendizaje-Servicio-03.jpg","type":"image\/jpeg"}],"author":"prensa2","twitter_card":"summary_large_image","twitter_creator":"@CanalULL","twitter_site":"@CanalULL","twitter_misc":{"Escrito por":"prensa2","Tiempo de lectura":"3 minutos"},"schema":{"@context":"https:\/\/schema.org","@graph":[{"@type":"WebPage","@id":"https:\/\/www.ull.es\/portal\/noticias\/2025\/iv-jornadas-aprendizaje-servicio-vinculandolas-sostenibilidad\/","url":"https:\/\/www.ull.es\/portal\/noticias\/2025\/iv-jornadas-aprendizaje-servicio-vinculandolas-sostenibilidad\/","name":"La ULL celebra sus IV Jornadas de Aprendizaje Servicio","isPartOf":{"@id":"https:\/\/www.ull.es\/portal\/noticias\/#website"},"datePublished":"2025-06-13T14:13:56+00:00","dateModified":"2025-06-13T14:13:56+00:00","author":{"@id":"https:\/\/www.ull.es\/portal\/noticias\/#\/schema\/person\/c3b2aa857797592927a03740d6664376"},"description":"Se presentaron 10 proyectos realizados con esta metodolog\u00eda tanto por alumnado de la ULL, como de Primaria y Secundaria de Tenerife.","breadcrumb":{"@id":"https:\/\/www.ull.es\/portal\/noticias\/2025\/iv-jornadas-aprendizaje-servicio-vinculandolas-sostenibilidad\/#breadcrumb"},"inLanguage":"es","potentialAction":[{"@type":"ReadAction","target":["https:\/\/www.ull.es\/portal\/noticias\/2025\/iv-jornadas-aprendizaje-servicio-vinculandolas-sostenibilidad\/"]}]},{"@type":"BreadcrumbList","@id":"https:\/\/www.ull.es\/portal\/noticias\/2025\/iv-jornadas-aprendizaje-servicio-vinculandolas-sostenibilidad\/#breadcrumb","itemListElement":[{"@type":"ListItem","position":1,"name":"Portada","item":"https:\/\/www.ull.es\/portal\/noticias\/"},{"@type":"ListItem","position":2,"name":"La ULL celebra sus IV Jornadas de Aprendizaje Servicio vincul\u00e1ndolas a la sostenibilidad"}]},{"@type":"WebSite","@id":"https:\/\/www.ull.es\/portal\/noticias\/#website","url":"https:\/\/www.ull.es\/portal\/noticias\/","name":"ULL - Noticias","description":"","potentialAction":[{"@type":"SearchAction","target":{"@type":"EntryPoint","urlTemplate":"https:\/\/www.ull.es\/portal\/noticias\/?s={search_term_string}"},"query-input":"required name=search_term_string"}],"inLanguage":"es"},{"@type":"Person","@id":"https:\/\/www.ull.es\/portal\/noticias\/#\/schema\/person\/c3b2aa857797592927a03740d6664376","name":"prensa2","image":{"@type":"ImageObject","inLanguage":"es","@id":"https:\/\/www.ull.es\/portal\/noticias\/#\/schema\/person\/image\/","url":"https:\/\/secure.gravatar.com\/avatar\/b58f310a5de5feb33d1e026d2493f23c?s=96&d=mm&r=g","contentUrl":"https:\/\/secure.gravatar.com\/avatar\/b58f310a5de5feb33d1e026d2493f23c?s=96&d=mm&r=g","caption":"prensa2"},"url":"https:\/\/www.ull.es\/portal\/noticias\/author\/prensa2\/"}]}},"primary_category":{"id":345,"name":"Destacado","slug":"destacado","link":"https:\/\/www.ull.es\/portal\/noticias\/category\/destacado\/"},"featured_image_thumbnail_url":"https:\/\/www.ull.es\/portal\/noticias\/wp-content\/uploads\/sites\/13\/2025\/06\/Jorn-Aprendizaje-Servicio-03-300x200.jpg","_links":{"self":[{"href":"https:\/\/www.ull.es\/portal\/noticias\/wp-json\/wp\/v2\/posts\/82718"}],"collection":[{"href":"https:\/\/www.ull.es\/portal\/noticias\/wp-json\/wp\/v2\/posts"}],"about":[{"href":"https:\/\/www.ull.es\/portal\/noticias\/wp-json\/wp\/v2\/types\/post"}],"author":[{"embeddable":true,"href":"https:\/\/www.ull.es\/portal\/noticias\/wp-json\/wp\/v2\/users\/21"}],"replies":[{"embeddable":true,"href":"https:\/\/www.ull.es\/portal\/noticias\/wp-json\/wp\/v2\/comments?post=82718"}],"version-history":[{"count":1,"href":"https:\/\/www.ull.es\/portal\/noticias\/wp-json\/wp\/v2\/posts\/82718\/revisions"}],"predecessor-version":[{"id":82720,"href":"https:\/\/www.ull.es\/portal\/noticias\/wp-json\/wp\/v2\/posts\/82718\/revisions\/82720"}],"wp:featuredmedia":[{"embeddable":true,"href":"https:\/\/www.ull.es\/portal\/noticias\/wp-json\/wp\/v2\/media\/82719"}],"wp:attachment":[{"href":"https:\/\/www.ull.es\/portal\/noticias\/wp-json\/wp\/v2\/media?parent=82718"}],"wp:term":[{"taxonomy":"category","embeddable":true,"href":"https:\/\/www.ull.es\/portal\/noticias\/wp-json\/wp\/v2\/categories?post=82718"},{"taxonomy":"post_tag","embeddable":true,"href":"https:\/\/www.ull.es\/portal\/noticias\/wp-json\/wp\/v2\/tags?post=82718"}],"curies":[{"name":"wp","href":"https:\/\/api.w.org\/{rel}","templated":true}]}}