{"id":82791,"date":"2025-06-17T13:01:34","date_gmt":"2025-06-17T13:01:34","guid":{"rendered":"https:\/\/www.ull.es\/portal\/noticias\/?p=82791"},"modified":"2025-06-17T13:01:34","modified_gmt":"2025-06-17T13:01:34","slug":"piramide-teatro-presenta-paraninfo-a-proposito-del-cafe-obra-exploran-limites-entre-ficcion-y-realidad","status":"publish","type":"post","link":"https:\/\/www.ull.es\/portal\/noticias\/2025\/piramide-teatro-presenta-paraninfo-a-proposito-del-cafe-obra-exploran-limites-entre-ficcion-y-realidad\/","title":{"rendered":"Pir\u00e1mide Teatro presenta en el Paraninfo \u2018A prop\u00f3sito del caf\u00e9\u2019, una obra en la que se exploran los l\u00edmites entre ficci\u00f3n y realidad"},"content":{"rendered":"<p><span style=\"font-weight: 400;\">La Compa\u00f1\u00eda Pir\u00e1mide Teatro representar\u00e1 el jueves 19 de junio, a las 20:00 horas, \u2018A prop\u00f3sito del caf\u00e9\u2019, una obra que explora los l\u00edmites entre la ficci\u00f3n y la realidad a trav\u00e9s de la actuaci\u00f3n, fusionando la interpretaci\u00f3n con la narrativa esc\u00e9nica. Las entradas est\u00e1n disponibles en <\/span><a href=\"https:\/\/www.ecoentradas.com\/elegirsesion\/2619\" target=\"_blank\" rel=\"noopener\"><span style=\"font-weight: 400;\">Eco entradas<\/span><\/a><span style=\"font-weight: 400;\"> a partir de 5 euros y la funci\u00f3n est\u00e1 catalogada para todos los p\u00fablicos.<\/span><\/p>\n<p><span style=\"font-weight: 400;\">El objetivo de esta compa\u00f1\u00eda amateur, que pertenece a la Asociaci\u00f3n de Mayores de la Universidad de La Laguna, es sacarle una sonrisa al p\u00fablico con su trabajo,\u00a0 creando esa simbiosis m\u00e1gica en la que la realidad se ve salpicada por los giros, ademanes, gui\u00f1os, situaciones y frases de la ficci\u00f3n esc\u00e9nica.<\/span><\/p>\n<p><span style=\"font-weight: 400;\">Durante noventa minutos, esta propuesta dirigida por Ana Cristina Romero D\u00edaz refleja el compromiso del grupo con la integraci\u00f3n de los distintos elementos del arte teatral, dando vida a personajes que se funden con los int\u00e9rpretes en una simbiosis cargada de emoci\u00f3n y verdad. La obra explora con humor y sensibilidad los l\u00edmites entre ficci\u00f3n y realidad, invitando al p\u00fablico a sumergirse en una experiencia esc\u00e9nica donde cada gesto y palabra revelan nuevas acrobacias emocionales.<\/span><\/p>\n","protected":false},"excerpt":{"rendered":"<p>La Compa\u00f1\u00eda Pir\u00e1mide Teatro representar\u00e1 el jueves 19 de junio, a las 20:00 horas, \u2018A prop\u00f3sito del caf\u00e9\u2019, una obra&#8230;<\/p>\n","protected":false},"author":65,"featured_media":82792,"comment_status":"closed","ping_status":"closed","sticky":false,"template":"","format":"standard","meta":{"inline_featured_image":false,"footnotes":""},"categories":[344,345,2765],"tags":[],"acf":[],"yoast_head":"<!-- This site is optimized with the Yoast SEO plugin v21.3 - https:\/\/yoast.com\/wordpress\/plugins\/seo\/ -->\n<title>Pir\u00e1mide Teatro presenta en el Paraninfo \u2018A prop\u00f3sito del caf\u00e9\u2019<\/title>\n<meta name=\"description\" content=\"Pir\u00e1mide Teatro presenta en el Paraninfo \u2018A prop\u00f3sito del caf\u00e9\u2019, una obra en la que se exploran los l\u00edmites entre ficci\u00f3n y realidad\" \/>\n<meta name=\"robots\" content=\"index, follow, max-snippet:-1, max-image-preview:large, max-video-preview:-1\" \/>\n<link rel=\"canonical\" href=\"https:\/\/www.ull.es\/portal\/noticias\/2025\/piramide-teatro-presenta-paraninfo-a-proposito-del-cafe-obra-exploran-limites-entre-ficcion-y-realidad\/\" \/>\n<meta property=\"og:locale\" content=\"es_ES\" \/>\n<meta property=\"og:type\" content=\"article\" \/>\n<meta property=\"og:title\" content=\"Pir\u00e1mide Teatro presenta en el Paraninfo \u2018A prop\u00f3sito del caf\u00e9\u2019\" \/>\n<meta property=\"og:description\" content=\"Pir\u00e1mide Teatro presenta en el Paraninfo \u2018A prop\u00f3sito del caf\u00e9\u2019, una obra en la que se exploran los l\u00edmites entre ficci\u00f3n y realidad\" \/>\n<meta property=\"og:url\" content=\"https:\/\/www.ull.es\/portal\/noticias\/2025\/piramide-teatro-presenta-paraninfo-a-proposito-del-cafe-obra-exploran-limites-entre-ficcion-y-realidad\/\" \/>\n<meta property=\"og:site_name\" content=\"ULL - Noticias\" \/>\n<meta property=\"article:publisher\" content=\"https:\/\/www.facebook.com\/universidaddelalaguna\/\" \/>\n<meta property=\"article:published_time\" content=\"2025-06-17T13:01:34+00:00\" \/>\n<meta property=\"og:image\" content=\"https:\/\/www.ull.es\/portal\/noticias\/wp-content\/uploads\/sites\/13\/2025\/06\/af-carteleria-AMULL-750x370px-1.png\" \/>\n\t<meta property=\"og:image:width\" content=\"3125\" \/>\n\t<meta property=\"og:image:height\" content=\"1542\" \/>\n\t<meta property=\"og:image:type\" content=\"image\/png\" \/>\n<meta name=\"author\" content=\"gcom4\" \/>\n<meta name=\"twitter:card\" content=\"summary_large_image\" \/>\n<meta name=\"twitter:creator\" content=\"@CanalULL\" \/>\n<meta name=\"twitter:site\" content=\"@CanalULL\" \/>\n<meta name=\"twitter:label1\" content=\"Escrito por\" \/>\n\t<meta name=\"twitter:data1\" content=\"gcom4\" \/>\n\t<meta name=\"twitter:label2\" content=\"Tiempo de lectura\" \/>\n\t<meta name=\"twitter:data2\" content=\"1 minuto\" \/>\n<script type=\"application\/ld+json\" class=\"yoast-schema-graph\">{\"@context\":\"https:\/\/schema.org\",\"@graph\":[{\"@type\":\"WebPage\",\"@id\":\"https:\/\/www.ull.es\/portal\/noticias\/2025\/piramide-teatro-presenta-paraninfo-a-proposito-del-cafe-obra-exploran-limites-entre-ficcion-y-realidad\/\",\"url\":\"https:\/\/www.ull.es\/portal\/noticias\/2025\/piramide-teatro-presenta-paraninfo-a-proposito-del-cafe-obra-exploran-limites-entre-ficcion-y-realidad\/\",\"name\":\"Pir\u00e1mide Teatro presenta en el Paraninfo \u2018A prop\u00f3sito del caf\u00e9\u2019\",\"isPartOf\":{\"@id\":\"https:\/\/www.ull.es\/portal\/noticias\/#website\"},\"datePublished\":\"2025-06-17T13:01:34+00:00\",\"dateModified\":\"2025-06-17T13:01:34+00:00\",\"author\":{\"@id\":\"https:\/\/www.ull.es\/portal\/noticias\/#\/schema\/person\/9924518fb1ad37d4428e7b5d6f311773\"},\"description\":\"Pir\u00e1mide Teatro presenta en el Paraninfo \u2018A prop\u00f3sito del caf\u00e9\u2019, una obra en la que se exploran los l\u00edmites entre ficci\u00f3n y realidad\",\"breadcrumb\":{\"@id\":\"https:\/\/www.ull.es\/portal\/noticias\/2025\/piramide-teatro-presenta-paraninfo-a-proposito-del-cafe-obra-exploran-limites-entre-ficcion-y-realidad\/#breadcrumb\"},\"inLanguage\":\"es\",\"potentialAction\":[{\"@type\":\"ReadAction\",\"target\":[\"https:\/\/www.ull.es\/portal\/noticias\/2025\/piramide-teatro-presenta-paraninfo-a-proposito-del-cafe-obra-exploran-limites-entre-ficcion-y-realidad\/\"]}]},{\"@type\":\"BreadcrumbList\",\"@id\":\"https:\/\/www.ull.es\/portal\/noticias\/2025\/piramide-teatro-presenta-paraninfo-a-proposito-del-cafe-obra-exploran-limites-entre-ficcion-y-realidad\/#breadcrumb\",\"itemListElement\":[{\"@type\":\"ListItem\",\"position\":1,\"name\":\"Portada\",\"item\":\"https:\/\/www.ull.es\/portal\/noticias\/\"},{\"@type\":\"ListItem\",\"position\":2,\"name\":\"Pir\u00e1mide Teatro presenta en el Paraninfo \u2018A prop\u00f3sito del caf\u00e9\u2019, una obra en la que se exploran los l\u00edmites entre ficci\u00f3n y realidad\"}]},{\"@type\":\"WebSite\",\"@id\":\"https:\/\/www.ull.es\/portal\/noticias\/#website\",\"url\":\"https:\/\/www.ull.es\/portal\/noticias\/\",\"name\":\"ULL - Noticias\",\"description\":\"\",\"potentialAction\":[{\"@type\":\"SearchAction\",\"target\":{\"@type\":\"EntryPoint\",\"urlTemplate\":\"https:\/\/www.ull.es\/portal\/noticias\/?s={search_term_string}\"},\"query-input\":\"required name=search_term_string\"}],\"inLanguage\":\"es\"},{\"@type\":\"Person\",\"@id\":\"https:\/\/www.ull.es\/portal\/noticias\/#\/schema\/person\/9924518fb1ad37d4428e7b5d6f311773\",\"name\":\"gcom4\",\"image\":{\"@type\":\"ImageObject\",\"inLanguage\":\"es\",\"@id\":\"https:\/\/www.ull.es\/portal\/noticias\/#\/schema\/person\/image\/\",\"url\":\"https:\/\/secure.gravatar.com\/avatar\/a5d1f5573f10617ccfcc209aaf6aa7fb?s=96&d=mm&r=g\",\"contentUrl\":\"https:\/\/secure.gravatar.com\/avatar\/a5d1f5573f10617ccfcc209aaf6aa7fb?s=96&d=mm&r=g\",\"caption\":\"gcom4\"},\"url\":\"https:\/\/www.ull.es\/portal\/noticias\/author\/gcom4\/\"}]}<\/script>\n<!-- \/ Yoast SEO plugin. -->","yoast_head_json":{"title":"Pir\u00e1mide Teatro presenta en el Paraninfo \u2018A prop\u00f3sito del caf\u00e9\u2019","description":"Pir\u00e1mide Teatro presenta en el Paraninfo \u2018A prop\u00f3sito del caf\u00e9\u2019, una obra en la que se exploran los l\u00edmites entre ficci\u00f3n y realidad","robots":{"index":"index","follow":"follow","max-snippet":"max-snippet:-1","max-image-preview":"max-image-preview:large","max-video-preview":"max-video-preview:-1"},"canonical":"https:\/\/www.ull.es\/portal\/noticias\/2025\/piramide-teatro-presenta-paraninfo-a-proposito-del-cafe-obra-exploran-limites-entre-ficcion-y-realidad\/","og_locale":"es_ES","og_type":"article","og_title":"Pir\u00e1mide Teatro presenta en el Paraninfo \u2018A prop\u00f3sito del caf\u00e9\u2019","og_description":"Pir\u00e1mide Teatro presenta en el Paraninfo \u2018A prop\u00f3sito del caf\u00e9\u2019, una obra en la que se exploran los l\u00edmites entre ficci\u00f3n y realidad","og_url":"https:\/\/www.ull.es\/portal\/noticias\/2025\/piramide-teatro-presenta-paraninfo-a-proposito-del-cafe-obra-exploran-limites-entre-ficcion-y-realidad\/","og_site_name":"ULL - Noticias","article_publisher":"https:\/\/www.facebook.com\/universidaddelalaguna\/","article_published_time":"2025-06-17T13:01:34+00:00","og_image":[{"width":3125,"height":1542,"url":"https:\/\/www.ull.es\/portal\/noticias\/wp-content\/uploads\/sites\/13\/2025\/06\/af-carteleria-AMULL-750x370px-1.png","type":"image\/png"}],"author":"gcom4","twitter_card":"summary_large_image","twitter_creator":"@CanalULL","twitter_site":"@CanalULL","twitter_misc":{"Escrito por":"gcom4","Tiempo de lectura":"1 minuto"},"schema":{"@context":"https:\/\/schema.org","@graph":[{"@type":"WebPage","@id":"https:\/\/www.ull.es\/portal\/noticias\/2025\/piramide-teatro-presenta-paraninfo-a-proposito-del-cafe-obra-exploran-limites-entre-ficcion-y-realidad\/","url":"https:\/\/www.ull.es\/portal\/noticias\/2025\/piramide-teatro-presenta-paraninfo-a-proposito-del-cafe-obra-exploran-limites-entre-ficcion-y-realidad\/","name":"Pir\u00e1mide Teatro presenta en el Paraninfo \u2018A prop\u00f3sito del caf\u00e9\u2019","isPartOf":{"@id":"https:\/\/www.ull.es\/portal\/noticias\/#website"},"datePublished":"2025-06-17T13:01:34+00:00","dateModified":"2025-06-17T13:01:34+00:00","author":{"@id":"https:\/\/www.ull.es\/portal\/noticias\/#\/schema\/person\/9924518fb1ad37d4428e7b5d6f311773"},"description":"Pir\u00e1mide Teatro presenta en el Paraninfo \u2018A prop\u00f3sito del caf\u00e9\u2019, una obra en la que se exploran los l\u00edmites entre ficci\u00f3n y realidad","breadcrumb":{"@id":"https:\/\/www.ull.es\/portal\/noticias\/2025\/piramide-teatro-presenta-paraninfo-a-proposito-del-cafe-obra-exploran-limites-entre-ficcion-y-realidad\/#breadcrumb"},"inLanguage":"es","potentialAction":[{"@type":"ReadAction","target":["https:\/\/www.ull.es\/portal\/noticias\/2025\/piramide-teatro-presenta-paraninfo-a-proposito-del-cafe-obra-exploran-limites-entre-ficcion-y-realidad\/"]}]},{"@type":"BreadcrumbList","@id":"https:\/\/www.ull.es\/portal\/noticias\/2025\/piramide-teatro-presenta-paraninfo-a-proposito-del-cafe-obra-exploran-limites-entre-ficcion-y-realidad\/#breadcrumb","itemListElement":[{"@type":"ListItem","position":1,"name":"Portada","item":"https:\/\/www.ull.es\/portal\/noticias\/"},{"@type":"ListItem","position":2,"name":"Pir\u00e1mide Teatro presenta en el Paraninfo \u2018A prop\u00f3sito del caf\u00e9\u2019, una obra en la que se exploran los l\u00edmites entre ficci\u00f3n y realidad"}]},{"@type":"WebSite","@id":"https:\/\/www.ull.es\/portal\/noticias\/#website","url":"https:\/\/www.ull.es\/portal\/noticias\/","name":"ULL - Noticias","description":"","potentialAction":[{"@type":"SearchAction","target":{"@type":"EntryPoint","urlTemplate":"https:\/\/www.ull.es\/portal\/noticias\/?s={search_term_string}"},"query-input":"required name=search_term_string"}],"inLanguage":"es"},{"@type":"Person","@id":"https:\/\/www.ull.es\/portal\/noticias\/#\/schema\/person\/9924518fb1ad37d4428e7b5d6f311773","name":"gcom4","image":{"@type":"ImageObject","inLanguage":"es","@id":"https:\/\/www.ull.es\/portal\/noticias\/#\/schema\/person\/image\/","url":"https:\/\/secure.gravatar.com\/avatar\/a5d1f5573f10617ccfcc209aaf6aa7fb?s=96&d=mm&r=g","contentUrl":"https:\/\/secure.gravatar.com\/avatar\/a5d1f5573f10617ccfcc209aaf6aa7fb?s=96&d=mm&r=g","caption":"gcom4"},"url":"https:\/\/www.ull.es\/portal\/noticias\/author\/gcom4\/"}]}},"primary_category":{"id":345,"name":"Destacado","slug":"destacado","link":"https:\/\/www.ull.es\/portal\/noticias\/category\/destacado\/"},"featured_image_thumbnail_url":"https:\/\/www.ull.es\/portal\/noticias\/wp-content\/uploads\/sites\/13\/2025\/06\/af-carteleria-AMULL-750x370px-1-300x148.png","_links":{"self":[{"href":"https:\/\/www.ull.es\/portal\/noticias\/wp-json\/wp\/v2\/posts\/82791"}],"collection":[{"href":"https:\/\/www.ull.es\/portal\/noticias\/wp-json\/wp\/v2\/posts"}],"about":[{"href":"https:\/\/www.ull.es\/portal\/noticias\/wp-json\/wp\/v2\/types\/post"}],"author":[{"embeddable":true,"href":"https:\/\/www.ull.es\/portal\/noticias\/wp-json\/wp\/v2\/users\/65"}],"replies":[{"embeddable":true,"href":"https:\/\/www.ull.es\/portal\/noticias\/wp-json\/wp\/v2\/comments?post=82791"}],"version-history":[{"count":1,"href":"https:\/\/www.ull.es\/portal\/noticias\/wp-json\/wp\/v2\/posts\/82791\/revisions"}],"predecessor-version":[{"id":82793,"href":"https:\/\/www.ull.es\/portal\/noticias\/wp-json\/wp\/v2\/posts\/82791\/revisions\/82793"}],"wp:featuredmedia":[{"embeddable":true,"href":"https:\/\/www.ull.es\/portal\/noticias\/wp-json\/wp\/v2\/media\/82792"}],"wp:attachment":[{"href":"https:\/\/www.ull.es\/portal\/noticias\/wp-json\/wp\/v2\/media?parent=82791"}],"wp:term":[{"taxonomy":"category","embeddable":true,"href":"https:\/\/www.ull.es\/portal\/noticias\/wp-json\/wp\/v2\/categories?post=82791"},{"taxonomy":"post_tag","embeddable":true,"href":"https:\/\/www.ull.es\/portal\/noticias\/wp-json\/wp\/v2\/tags?post=82791"}],"curies":[{"name":"wp","href":"https:\/\/api.w.org\/{rel}","templated":true}]}}