{"id":82934,"date":"2025-06-24T12:30:32","date_gmt":"2025-06-24T12:30:32","guid":{"rendered":"https:\/\/www.ull.es\/portal\/noticias\/?p=82934"},"modified":"2025-06-24T12:32:04","modified_gmt":"2025-06-24T12:32:04","slug":"arranca-la-matricula-de-la-universidad-de-verano-de-la-gomera-tomandole-el-pulso-a-la-arqueologia-canaria","status":"publish","type":"post","link":"https:\/\/www.ull.es\/portal\/noticias\/2025\/arranca-la-matricula-de-la-universidad-de-verano-de-la-gomera-tomandole-el-pulso-a-la-arqueologia-canaria\/","title":{"rendered":"Arranca la matr\u00edcula de la Universidad de Verano de La Gomera tom\u00e1ndole el pulso a la arqueolog\u00eda canaria"},"content":{"rendered":"<p>El Rectorado de la Universidad de La Laguna ha acogido hoy 24 de junio la rueda de prensa que ha servido de pistoletazo de salida de la edici\u00f3n 2025 de la <a href=\"https:\/\/www.ull.es\/cultura\/cursos-extension-universitaria\/universidad-de-verano-de-la-gomera\/\" target=\"_blank\" rel=\"noopener\">Universidad de Verano de La Gome<\/a>ra, un evento que este a\u00f1o tiene como principal protagonista a la arqueolog\u00eda canaria, de manos del conferenciante inaugural, Cristo Hern\u00e1ndez, quien se\u00f1al\u00f3 en la convocatoria que este centro acad\u00e9mico realiza ciencia internacional y est\u00e1 interviniendo en diferentes partes del planeta en distintos hallazgos arqueol\u00f3gicos. En la conferencia inaugural, prevista para el 4 de julio en el Ayuntamiento de Vallehermoso, repasar\u00e1 el presente y el futuro de esta disciplina cient\u00edfica en Canarias.<\/p>\n<p>As\u00ed, toda la programaci\u00f3n de la Universidad de Verano de La Gomera se desarrollar\u00e1 en el mes de julio, salvo el evento de cierre, \u2018Canarias y Am\u00e9rica: cinco siglos de tr\u00e1nsito cultural\u2019, que tendr\u00e1 lugar en el sal\u00f3n de plenos del Cabildo de La Gomera del 16 al 18 de septiembre.<\/p>\n<div id=\"attachment_82937\" style=\"width: 310px\" class=\"wp-caption alignleft\"><a href=\"https:\/\/www.ull.es\/portal\/noticias\/wp-content\/uploads\/sites\/13\/2025\/06\/R-Prensa-Univ-La-Gomera-11.jpg\" target=\"_blank\" rel=\"noopener\"><img aria-describedby=\"caption-attachment-82937\" decoding=\"async\" loading=\"lazy\" class=\"size-medium wp-image-82937\" src=\"https:\/\/www.ull.es\/portal\/noticias\/wp-content\/uploads\/sites\/13\/2025\/06\/R-Prensa-Univ-La-Gomera-11-300x200.jpg\" alt=\"\" width=\"300\" height=\"200\" srcset=\"https:\/\/www.ull.es\/portal\/noticias\/wp-content\/uploads\/sites\/13\/2025\/06\/R-Prensa-Univ-La-Gomera-11-300x200.jpg 300w, https:\/\/www.ull.es\/portal\/noticias\/wp-content\/uploads\/sites\/13\/2025\/06\/R-Prensa-Univ-La-Gomera-11-1024x683.jpg 1024w, https:\/\/www.ull.es\/portal\/noticias\/wp-content\/uploads\/sites\/13\/2025\/06\/R-Prensa-Univ-La-Gomera-11-768x512.jpg 768w, https:\/\/www.ull.es\/portal\/noticias\/wp-content\/uploads\/sites\/13\/2025\/06\/R-Prensa-Univ-La-Gomera-11-375x250.jpg 375w, https:\/\/www.ull.es\/portal\/noticias\/wp-content\/uploads\/sites\/13\/2025\/06\/R-Prensa-Univ-La-Gomera-11-750x500.jpg 750w, https:\/\/www.ull.es\/portal\/noticias\/wp-content\/uploads\/sites\/13\/2025\/06\/R-Prensa-Univ-La-Gomera-11-1140x760.jpg 1140w, https:\/\/www.ull.es\/portal\/noticias\/wp-content\/uploads\/sites\/13\/2025\/06\/R-Prensa-Univ-La-Gomera-11.jpg 1200w\" sizes=\"(max-width: 300px) 100vw, 300px\" \/><\/a><p id=\"caption-attachment-82937\" class=\"wp-caption-text\">En primer t\u00e9rmino, la vicerrectora de Cultura, seguida del rector de la ULL, el presidente del Cabildo de La Gomera y el profesor que dictar\u00e1 la conferencia inaugural, Cristo Hern\u00e1ndez.<\/p><\/div>\n<p>La programaci\u00f3n estival de este a\u00f1o atiende a aspectos muy variados sobre actividades de ocio educativo en la naturaleza, la salud ambiental, la paleontolog\u00eda de Canarias, pilotaje de drones, geodiversidad y patrimonio geol\u00f3gico de las islas o la generaci\u00f3n de conocimientos a trav\u00e9s del big data. Este cat\u00e1logo de cursos, reconocibles por cr\u00e9ditos ECTS, se extender\u00e1 por todos los municipios de la isla, coincidiendo adem\u00e1s con las fiestas Lustrales de Vallehermoso y las Fiestas Colombinas de La Gomera.<\/p>\n<p>La vicerrectora de Cultura y Extensi\u00f3n Universitaria, Isabel Le\u00f3n, a\u00f1adi\u00f3 adem\u00e1s el tagoror de saberes, en el que se expondr\u00e1n, dijo, los trabajos cient\u00edficos de los j\u00f3venes gomeros (generalmente a trav\u00e9s de sus trabajos de fin de grado o fin de m\u00e1ster) y otros hechos sobre la propia isla. Teatro, cuestiones demogr\u00e1ficas o inteligencia artificial se integrar\u00e1n en esta propuesta.<\/p>\n<p>La colaboraci\u00f3n entre la Universidad de La Laguna y el Cabildo de la citada isla no es nueva, y de hecho se remonta a d\u00e9cadas de cooperaci\u00f3n acad\u00e9mica y cient\u00edfica. Prueba de ellos son las ya consolidadas C\u00e1tedra Pedro Garc\u00eda Cabrera y C\u00e1tedra Gumersindo Trujillo de Estudios Constitucionales, dando nombre al que tambi\u00e9n, adem\u00e1s de gomero ilustre, fuera rector de esta instituci\u00f3n docente.<\/p>\n<p>En ese sentido se pronunci\u00f3 el rector, Francisco Garc\u00eda, quien sostuvo que esta universidad p\u00fablica ha contribuido sobremanera a la creaci\u00f3n del arquetipo canario, a definir nuestra identidad, dado su gran arraigo territorial. \u201cLa ciencia ser\u00e1 cada vez m\u00e1s necesaria en la toma de decisiones\u201d, dijo, por eso el avance continuado de los sabes resulta imprescindible hoy en d\u00eda. La capilaridad de los cursos, que llegan a todos los municipios, as\u00ed como su interdisciplinariedad fueron tambi\u00e9n elementos valorados por el rector.<\/p>\n<p>Sobre el presidente de la corporaci\u00f3n insular agreg\u00f3 que siempre ha mostrado su sensibilidad y capacidad de di\u00e1logo con la universidad p\u00fablica, un hecho muy remarcable a su juicio. \u201cNos<\/p>\n<div id=\"attachment_82938\" style=\"width: 310px\" class=\"wp-caption alignright\"><a href=\"https:\/\/www.ull.es\/portal\/noticias\/wp-content\/uploads\/sites\/13\/2025\/06\/R-Prensa-Univ-La-Gomera-16.jpg\" target=\"_blank\" rel=\"noopener\"><img aria-describedby=\"caption-attachment-82938\" decoding=\"async\" loading=\"lazy\" class=\"size-medium wp-image-82938\" src=\"https:\/\/www.ull.es\/portal\/noticias\/wp-content\/uploads\/sites\/13\/2025\/06\/R-Prensa-Univ-La-Gomera-16-300x200.jpg\" alt=\"\" width=\"300\" height=\"200\" srcset=\"https:\/\/www.ull.es\/portal\/noticias\/wp-content\/uploads\/sites\/13\/2025\/06\/R-Prensa-Univ-La-Gomera-16-300x200.jpg 300w, https:\/\/www.ull.es\/portal\/noticias\/wp-content\/uploads\/sites\/13\/2025\/06\/R-Prensa-Univ-La-Gomera-16-1024x682.jpg 1024w, https:\/\/www.ull.es\/portal\/noticias\/wp-content\/uploads\/sites\/13\/2025\/06\/R-Prensa-Univ-La-Gomera-16-768x511.jpg 768w, https:\/\/www.ull.es\/portal\/noticias\/wp-content\/uploads\/sites\/13\/2025\/06\/R-Prensa-Univ-La-Gomera-16-375x250.jpg 375w, https:\/\/www.ull.es\/portal\/noticias\/wp-content\/uploads\/sites\/13\/2025\/06\/R-Prensa-Univ-La-Gomera-16-750x499.jpg 750w, https:\/\/www.ull.es\/portal\/noticias\/wp-content\/uploads\/sites\/13\/2025\/06\/R-Prensa-Univ-La-Gomera-16-1140x759.jpg 1140w, https:\/\/www.ull.es\/portal\/noticias\/wp-content\/uploads\/sites\/13\/2025\/06\/R-Prensa-Univ-La-Gomera-16.jpg 1200w\" sizes=\"(max-width: 300px) 100vw, 300px\" \/><\/a><p id=\"caption-attachment-82938\" class=\"wp-caption-text\">El presidente de la corporaci\u00f3n insular, en el uso de la palabra.<\/p><\/div>\n<p>sentimos muy felices de ser \u00fatiles para la poblaci\u00f3n gomera\u201d, a\u00f1adi\u00f3.<\/p>\n<p>Por su parte, Casimiro Curbelo tuvo palabras de elogio para el programa que presenta la Universidad de Verano de La Gomera. Tambi\u00e9n recalc\u00f3 la relaci\u00f3n de a\u00f1os entre las dos instituciones, y dijo sentirse \u201cmuy orgulloso\u201d del papel de liderazgo que ejerce la Universidad de La Laguna. Preguntado por la situaci\u00f3n global actual, afirm\u00f3 que vivimos en una sociedad muy convulsa, por lo que es preciso \u201cperseverar en el sentido com\u00fan para formar un mundo mejor, y una Canarias mejor\u201d.<\/p>\n","protected":false},"excerpt":{"rendered":"<p>El Rectorado de la Universidad de La Laguna ha acogido hoy 24 de junio la rueda de prensa que ha&#8230;<\/p>\n","protected":false},"author":23,"featured_media":82936,"comment_status":"closed","ping_status":"closed","sticky":false,"template":"","format":"standard","meta":{"inline_featured_image":false,"footnotes":""},"categories":[344,345,2765],"tags":[],"acf":[],"yoast_head":"<!-- This site is optimized with the Yoast SEO plugin v21.3 - https:\/\/yoast.com\/wordpress\/plugins\/seo\/ -->\n<title>Arranca la matr\u00edcula de la Universidad de Verano de La Gomera tom\u00e1ndole el pulso a la arqueolog\u00eda canaria - ULL - Noticias<\/title>\n<meta name=\"robots\" content=\"index, follow, max-snippet:-1, max-image-preview:large, max-video-preview:-1\" \/>\n<link rel=\"canonical\" href=\"https:\/\/www.ull.es\/portal\/noticias\/2025\/arranca-la-matricula-de-la-universidad-de-verano-de-la-gomera-tomandole-el-pulso-a-la-arqueologia-canaria\/\" \/>\n<meta property=\"og:locale\" content=\"es_ES\" \/>\n<meta property=\"og:type\" content=\"article\" \/>\n<meta property=\"og:title\" content=\"Arranca la matr\u00edcula de la Universidad de Verano de La Gomera tom\u00e1ndole el pulso a la arqueolog\u00eda canaria - ULL - Noticias\" \/>\n<meta property=\"og:description\" content=\"El Rectorado de la Universidad de La Laguna ha acogido hoy 24 de junio la rueda de prensa que ha...\" \/>\n<meta property=\"og:url\" content=\"https:\/\/www.ull.es\/portal\/noticias\/2025\/arranca-la-matricula-de-la-universidad-de-verano-de-la-gomera-tomandole-el-pulso-a-la-arqueologia-canaria\/\" \/>\n<meta property=\"og:site_name\" content=\"ULL - Noticias\" \/>\n<meta property=\"article:publisher\" content=\"https:\/\/www.facebook.com\/universidaddelalaguna\/\" \/>\n<meta property=\"article:published_time\" content=\"2025-06-24T12:30:32+00:00\" \/>\n<meta property=\"article:modified_time\" content=\"2025-06-24T12:32:04+00:00\" \/>\n<meta property=\"og:image\" content=\"https:\/\/www.ull.es\/portal\/noticias\/wp-content\/uploads\/sites\/13\/2025\/06\/R-Prensa-Univ-La-Gomera-03.jpg\" \/>\n\t<meta property=\"og:image:width\" content=\"1200\" \/>\n\t<meta property=\"og:image:height\" content=\"800\" \/>\n\t<meta property=\"og:image:type\" content=\"image\/jpeg\" \/>\n<meta name=\"author\" content=\"gaprsa\" \/>\n<meta name=\"twitter:card\" content=\"summary_large_image\" \/>\n<meta name=\"twitter:creator\" content=\"@CanalULL\" \/>\n<meta name=\"twitter:site\" content=\"@CanalULL\" \/>\n<meta name=\"twitter:label1\" content=\"Escrito por\" \/>\n\t<meta name=\"twitter:data1\" content=\"gaprsa\" \/>\n\t<meta name=\"twitter:label2\" content=\"Tiempo de lectura\" \/>\n\t<meta name=\"twitter:data2\" content=\"4 minutos\" \/>\n<script type=\"application\/ld+json\" class=\"yoast-schema-graph\">{\"@context\":\"https:\/\/schema.org\",\"@graph\":[{\"@type\":\"WebPage\",\"@id\":\"https:\/\/www.ull.es\/portal\/noticias\/2025\/arranca-la-matricula-de-la-universidad-de-verano-de-la-gomera-tomandole-el-pulso-a-la-arqueologia-canaria\/\",\"url\":\"https:\/\/www.ull.es\/portal\/noticias\/2025\/arranca-la-matricula-de-la-universidad-de-verano-de-la-gomera-tomandole-el-pulso-a-la-arqueologia-canaria\/\",\"name\":\"Arranca la matr\u00edcula de la Universidad de Verano de La Gomera tom\u00e1ndole el pulso a la arqueolog\u00eda canaria - ULL - Noticias\",\"isPartOf\":{\"@id\":\"https:\/\/www.ull.es\/portal\/noticias\/#website\"},\"datePublished\":\"2025-06-24T12:30:32+00:00\",\"dateModified\":\"2025-06-24T12:32:04+00:00\",\"author\":{\"@id\":\"https:\/\/www.ull.es\/portal\/noticias\/#\/schema\/person\/b2b1a89d43ffa609e591f7df8ef3e817\"},\"breadcrumb\":{\"@id\":\"https:\/\/www.ull.es\/portal\/noticias\/2025\/arranca-la-matricula-de-la-universidad-de-verano-de-la-gomera-tomandole-el-pulso-a-la-arqueologia-canaria\/#breadcrumb\"},\"inLanguage\":\"es\",\"potentialAction\":[{\"@type\":\"ReadAction\",\"target\":[\"https:\/\/www.ull.es\/portal\/noticias\/2025\/arranca-la-matricula-de-la-universidad-de-verano-de-la-gomera-tomandole-el-pulso-a-la-arqueologia-canaria\/\"]}]},{\"@type\":\"BreadcrumbList\",\"@id\":\"https:\/\/www.ull.es\/portal\/noticias\/2025\/arranca-la-matricula-de-la-universidad-de-verano-de-la-gomera-tomandole-el-pulso-a-la-arqueologia-canaria\/#breadcrumb\",\"itemListElement\":[{\"@type\":\"ListItem\",\"position\":1,\"name\":\"Portada\",\"item\":\"https:\/\/www.ull.es\/portal\/noticias\/\"},{\"@type\":\"ListItem\",\"position\":2,\"name\":\"Arranca la matr\u00edcula de la Universidad de Verano de La Gomera tom\u00e1ndole el pulso a la arqueolog\u00eda canaria\"}]},{\"@type\":\"WebSite\",\"@id\":\"https:\/\/www.ull.es\/portal\/noticias\/#website\",\"url\":\"https:\/\/www.ull.es\/portal\/noticias\/\",\"name\":\"ULL - Noticias\",\"description\":\"\",\"potentialAction\":[{\"@type\":\"SearchAction\",\"target\":{\"@type\":\"EntryPoint\",\"urlTemplate\":\"https:\/\/www.ull.es\/portal\/noticias\/?s={search_term_string}\"},\"query-input\":\"required name=search_term_string\"}],\"inLanguage\":\"es\"},{\"@type\":\"Person\",\"@id\":\"https:\/\/www.ull.es\/portal\/noticias\/#\/schema\/person\/b2b1a89d43ffa609e591f7df8ef3e817\",\"name\":\"gaprsa\",\"image\":{\"@type\":\"ImageObject\",\"inLanguage\":\"es\",\"@id\":\"https:\/\/www.ull.es\/portal\/noticias\/#\/schema\/person\/image\/\",\"url\":\"https:\/\/secure.gravatar.com\/avatar\/443820550921091458b4823867723b3d?s=96&d=mm&r=g\",\"contentUrl\":\"https:\/\/secure.gravatar.com\/avatar\/443820550921091458b4823867723b3d?s=96&d=mm&r=g\",\"caption\":\"gaprsa\"},\"url\":\"https:\/\/www.ull.es\/portal\/noticias\/author\/gaprsa\/\"}]}<\/script>\n<!-- \/ Yoast SEO plugin. -->","yoast_head_json":{"title":"Arranca la matr\u00edcula de la Universidad de Verano de La Gomera tom\u00e1ndole el pulso a la arqueolog\u00eda canaria - ULL - Noticias","robots":{"index":"index","follow":"follow","max-snippet":"max-snippet:-1","max-image-preview":"max-image-preview:large","max-video-preview":"max-video-preview:-1"},"canonical":"https:\/\/www.ull.es\/portal\/noticias\/2025\/arranca-la-matricula-de-la-universidad-de-verano-de-la-gomera-tomandole-el-pulso-a-la-arqueologia-canaria\/","og_locale":"es_ES","og_type":"article","og_title":"Arranca la matr\u00edcula de la Universidad de Verano de La Gomera tom\u00e1ndole el pulso a la arqueolog\u00eda canaria - ULL - Noticias","og_description":"El Rectorado de la Universidad de La Laguna ha acogido hoy 24 de junio la rueda de prensa que ha...","og_url":"https:\/\/www.ull.es\/portal\/noticias\/2025\/arranca-la-matricula-de-la-universidad-de-verano-de-la-gomera-tomandole-el-pulso-a-la-arqueologia-canaria\/","og_site_name":"ULL - Noticias","article_publisher":"https:\/\/www.facebook.com\/universidaddelalaguna\/","article_published_time":"2025-06-24T12:30:32+00:00","article_modified_time":"2025-06-24T12:32:04+00:00","og_image":[{"width":1200,"height":800,"url":"https:\/\/www.ull.es\/portal\/noticias\/wp-content\/uploads\/sites\/13\/2025\/06\/R-Prensa-Univ-La-Gomera-03.jpg","type":"image\/jpeg"}],"author":"gaprsa","twitter_card":"summary_large_image","twitter_creator":"@CanalULL","twitter_site":"@CanalULL","twitter_misc":{"Escrito por":"gaprsa","Tiempo de lectura":"4 minutos"},"schema":{"@context":"https:\/\/schema.org","@graph":[{"@type":"WebPage","@id":"https:\/\/www.ull.es\/portal\/noticias\/2025\/arranca-la-matricula-de-la-universidad-de-verano-de-la-gomera-tomandole-el-pulso-a-la-arqueologia-canaria\/","url":"https:\/\/www.ull.es\/portal\/noticias\/2025\/arranca-la-matricula-de-la-universidad-de-verano-de-la-gomera-tomandole-el-pulso-a-la-arqueologia-canaria\/","name":"Arranca la matr\u00edcula de la Universidad de Verano de La Gomera tom\u00e1ndole el pulso a la arqueolog\u00eda canaria - ULL - Noticias","isPartOf":{"@id":"https:\/\/www.ull.es\/portal\/noticias\/#website"},"datePublished":"2025-06-24T12:30:32+00:00","dateModified":"2025-06-24T12:32:04+00:00","author":{"@id":"https:\/\/www.ull.es\/portal\/noticias\/#\/schema\/person\/b2b1a89d43ffa609e591f7df8ef3e817"},"breadcrumb":{"@id":"https:\/\/www.ull.es\/portal\/noticias\/2025\/arranca-la-matricula-de-la-universidad-de-verano-de-la-gomera-tomandole-el-pulso-a-la-arqueologia-canaria\/#breadcrumb"},"inLanguage":"es","potentialAction":[{"@type":"ReadAction","target":["https:\/\/www.ull.es\/portal\/noticias\/2025\/arranca-la-matricula-de-la-universidad-de-verano-de-la-gomera-tomandole-el-pulso-a-la-arqueologia-canaria\/"]}]},{"@type":"BreadcrumbList","@id":"https:\/\/www.ull.es\/portal\/noticias\/2025\/arranca-la-matricula-de-la-universidad-de-verano-de-la-gomera-tomandole-el-pulso-a-la-arqueologia-canaria\/#breadcrumb","itemListElement":[{"@type":"ListItem","position":1,"name":"Portada","item":"https:\/\/www.ull.es\/portal\/noticias\/"},{"@type":"ListItem","position":2,"name":"Arranca la matr\u00edcula de la Universidad de Verano de La Gomera tom\u00e1ndole el pulso a la arqueolog\u00eda canaria"}]},{"@type":"WebSite","@id":"https:\/\/www.ull.es\/portal\/noticias\/#website","url":"https:\/\/www.ull.es\/portal\/noticias\/","name":"ULL - Noticias","description":"","potentialAction":[{"@type":"SearchAction","target":{"@type":"EntryPoint","urlTemplate":"https:\/\/www.ull.es\/portal\/noticias\/?s={search_term_string}"},"query-input":"required name=search_term_string"}],"inLanguage":"es"},{"@type":"Person","@id":"https:\/\/www.ull.es\/portal\/noticias\/#\/schema\/person\/b2b1a89d43ffa609e591f7df8ef3e817","name":"gaprsa","image":{"@type":"ImageObject","inLanguage":"es","@id":"https:\/\/www.ull.es\/portal\/noticias\/#\/schema\/person\/image\/","url":"https:\/\/secure.gravatar.com\/avatar\/443820550921091458b4823867723b3d?s=96&d=mm&r=g","contentUrl":"https:\/\/secure.gravatar.com\/avatar\/443820550921091458b4823867723b3d?s=96&d=mm&r=g","caption":"gaprsa"},"url":"https:\/\/www.ull.es\/portal\/noticias\/author\/gaprsa\/"}]}},"primary_category":{"id":345,"name":"Destacado","slug":"destacado","link":"https:\/\/www.ull.es\/portal\/noticias\/category\/destacado\/"},"featured_image_thumbnail_url":"https:\/\/www.ull.es\/portal\/noticias\/wp-content\/uploads\/sites\/13\/2025\/06\/R-Prensa-Univ-La-Gomera-03-300x200.jpg","_links":{"self":[{"href":"https:\/\/www.ull.es\/portal\/noticias\/wp-json\/wp\/v2\/posts\/82934"}],"collection":[{"href":"https:\/\/www.ull.es\/portal\/noticias\/wp-json\/wp\/v2\/posts"}],"about":[{"href":"https:\/\/www.ull.es\/portal\/noticias\/wp-json\/wp\/v2\/types\/post"}],"author":[{"embeddable":true,"href":"https:\/\/www.ull.es\/portal\/noticias\/wp-json\/wp\/v2\/users\/23"}],"replies":[{"embeddable":true,"href":"https:\/\/www.ull.es\/portal\/noticias\/wp-json\/wp\/v2\/comments?post=82934"}],"version-history":[{"count":2,"href":"https:\/\/www.ull.es\/portal\/noticias\/wp-json\/wp\/v2\/posts\/82934\/revisions"}],"predecessor-version":[{"id":82939,"href":"https:\/\/www.ull.es\/portal\/noticias\/wp-json\/wp\/v2\/posts\/82934\/revisions\/82939"}],"wp:featuredmedia":[{"embeddable":true,"href":"https:\/\/www.ull.es\/portal\/noticias\/wp-json\/wp\/v2\/media\/82936"}],"wp:attachment":[{"href":"https:\/\/www.ull.es\/portal\/noticias\/wp-json\/wp\/v2\/media?parent=82934"}],"wp:term":[{"taxonomy":"category","embeddable":true,"href":"https:\/\/www.ull.es\/portal\/noticias\/wp-json\/wp\/v2\/categories?post=82934"},{"taxonomy":"post_tag","embeddable":true,"href":"https:\/\/www.ull.es\/portal\/noticias\/wp-json\/wp\/v2\/tags?post=82934"}],"curies":[{"name":"wp","href":"https:\/\/api.w.org\/{rel}","templated":true}]}}