{"id":82982,"date":"2025-06-25T14:39:36","date_gmt":"2025-06-25T14:39:36","guid":{"rendered":"https:\/\/www.ull.es\/portal\/noticias\/?p=82982"},"modified":"2025-06-25T14:39:36","modified_gmt":"2025-06-25T14:39:36","slug":"el-campus-internacional-ciudad-de-la-laguna-reunira-a-especialistas-en-conflictos-belicos-neurociencia-y-patrimonio-cultural","status":"publish","type":"post","link":"https:\/\/www.ull.es\/portal\/noticias\/2025\/el-campus-internacional-ciudad-de-la-laguna-reunira-a-especialistas-en-conflictos-belicos-neurociencia-y-patrimonio-cultural\/","title":{"rendered":"El Campus Internacional Ciudad de La Laguna reunir\u00e1 a especialistas en conflictos b\u00e9licos, neurociencia y patrimonio cultural"},"content":{"rendered":"<p>En el marco de la conmemoraci\u00f3n de la declaraci\u00f3n de San Crist\u00f3bal de La Laguna como Patrimonio de la Humanidad, la ciudad acoge la primera edici\u00f3n del Campus Internacional Ciudad de La Laguna, un foro de reflexi\u00f3n acad\u00e9mica y ciudadana que reunir\u00e1 a destacadas personalidades del pensamiento, la ciencia y la pol\u00edtica para abordar cuestiones clave que atraviesan el mundo contempor\u00e1neo.<\/p>\n<p>La iniciativa, impulsada por la Fundaci\u00f3n CajaCanarias, Universidad de La Laguna y Ayuntamiento de La Laguna, con la coordinaci\u00f3n t\u00e9cnica de la Fundaci\u00f3n Fyde CajaCanarias, nace con el prop\u00f3sito de acercar el conocimiento a la ciudadan\u00eda, fomentar la reflexi\u00f3n sobre el futuro y alentar la generaci\u00f3n de ideas sobre diferentes tem\u00e1ticas de actualidad.<\/p>\n<p>La firma del convenio marco y la presentaci\u00f3n del campus se ha celebrado hoy en el Aula Magna del Edificio Central de la Universidad de La Laguna, con la asistencia del alcalde de La Laguna, Luis Yeray Guti\u00e9rrez; el rector de la Universidad de La Laguna, Francisco Javier Garc\u00eda, y la presidenta de la Fundaci\u00f3n CajaCanarias, Margarita Ramos.<\/p>\n<p>Durante el acto, el alcalde Luis Yeray Guti\u00e9rrez indic\u00f3 que, gracias a este tipo de iniciativas, la ciudad de La Laguna se consolida como referente cultural y acad\u00e9mico de la isla, en concreto, y del archipi\u00e9lago, en general. \u201cEste primer Campus Internacional es un paso m\u00e1s en nuestro compromiso por situar a La Laguna como un espacio de encuentro para el pensamiento, el conocimiento y la reflexi\u00f3n. Temas como el patrimonio, la ciencia o la paz no solo forman parte del programa, sino tambi\u00e9n de la identidad y vocaci\u00f3n de esta ciudad\u201d, afirm\u00f3.<\/p>\n<p>Adem\u00e1s, el alcalde subray\u00f3 el valor de la colaboraci\u00f3n institucional, asegurando que \u201ceste Campus es fruto de una alianza s\u00f3lida con la Universidad de La Laguna y la Fundaci\u00f3n CajaCanarias. Juntos compartimos la convicci\u00f3n de que el conocimiento debe tener un impacto real en la ciudadan\u00eda\u201d.\u00a0Asimismo, el rector de la Universidad de La Laguna, Francisco Garc\u00eda, destac\u00f3 \u201cla excelencia acad\u00e9mica y el alto nivel del programa del campus\u201d, que contar\u00e1 con la participaci\u00f3n de destacadas personalidades del \u00e1mbito internacional. La inauguraci\u00f3n correr\u00e1 a cargo de Josep Borrell, alto representante de la Uni\u00f3n Europea para Asuntos Exteriores, y la clausura estar\u00e1 protagonizada por el prestigioso neurocient\u00edfico Rafael Yuste, se\u00f1al\u00f3.<\/p>\n<p>Por su parte, la presidenta de la Fundaci\u00f3n CajaCanarias, Margarita Isabel Ramos, subray\u00f3 que iniciativas como esta representan una oportunidad valiosa para seguir impulsando los valores que defiende la fundaci\u00f3n. \u201cEste Campus se coordina y se alinea plenamente con esos objetivos, por lo que es un privilegio formar parte de un proyecto que no solo fomenta el pensamiento cr\u00edtico, sino que lo hace desde un enclave tan significativo como San Crist\u00f3bal de La Laguna, Ciudad Patrimonio de la Humanidad\u201d, afirm\u00f3.<\/p>\n<p>El campus se celebrar\u00e1 del 28 al 31 de julio y contar\u00e1 con la participaci\u00f3n de ponentes de referencia internacional, entre ellos Josep Borrell, actual presidente del Patronato del Barcelona Centre for International Affairs (CIDOB) y ex Alto Representante de la Uni\u00f3n Europea para Asuntos Exteriores; el neurocient\u00edfico Rafael Yuste, catedr\u00e1tico en la Universidad de Columbia y director de la Iniciativa NeuroRights, que promueve la inclusi\u00f3n de los derechos mentales en los marcos legales internacionales, as\u00ed como el arquitecto y ex subdirector general de Cultura de la UNESCO, Francesco Bandarin.<\/p>\n<p>Las formaciones se desarrollar\u00e1n durante el mes de julio en diferentes espacios del municipio, entre ellos el Convento de Santo Domingo, el Teatro Leal o el Paraninfo de la Universidad de La Laguna, de manera que la divulgaci\u00f3n del conocimiento enmarcada en el campus se combinar\u00e1 con localizaciones emblem\u00e1ticas de la ciudad, favoreciendo la participaci\u00f3n de la comunidad universitaria y la ciudadan\u00eda en general.<\/p>\n<p><strong>Programa de inter\u00e9s social<\/strong><\/p>\n<p>A lo largo de cuatro jornadas, entre el 28 y el 31 de julio, el campus integrar\u00e1 los distintos bloques tem\u00e1ticos de manera intercalada, que ser\u00e1n abordados por profesionales de reputado prestigio, los cuales actuar\u00e1n como formadores y ponentes.<\/p>\n<p>Entre los asuntos que se tratar\u00e1n figuran los desastres de la guerra y sus consecuencias humanitarias, los retos de la conservaci\u00f3n del patrimonio cultural en un contexto de transformaci\u00f3n global, as\u00ed como los avances recientes en neurociencia y su impacto en la comprensi\u00f3n de la mente y los derechos humanos.<\/p>\n<p>La primera jornada dar\u00e1 comienzo el lunes 28 de julio con la inauguraci\u00f3n y la primera conferencia a cargo de Josep Borrell, ex alto representante de la Uni\u00f3n Europea para Asuntos Exteriores y Pol\u00edticas de Seguridad, con el t\u00edtulo \u201cLa Uni\u00f3n Europea entre guerras y elecciones\u201d, enmarcada en el curso sobre los desastres de la guerra. La ma\u00f1ana continuar\u00e1 con otra ponencia sobre la misma tem\u00e1tica, esta vez ofrecida por el coronel del Ej\u00e9rcito Espa\u00f1ol y profesor del Centro Superior de Estudios de la Defensa Nacional, Jos\u00e9 Pardo de Santayana G\u00f3mez de Olea.<\/p>\n<p>El martes 29 de julio se impartir\u00e1n dos contenidos sobre patrimonio y tres sobre los desastres de la guerra desde la perspectiva social y humanitaria, a cargo de la profesora de la Universidad Complutense Ana del Paso Gallego y el miembro del Centro de Derecho Internacional Humanitario de la Cruz Roja Espa\u00f1ola, Carlos Batallas. Destaca la celebraci\u00f3n de un seminario con especialistas de la comunicaci\u00f3n, que contar\u00e1 con la participaci\u00f3n de la periodista Mayte Carrasco; el jefe del \u00c1rea de Internacional de los servicios informativos de TVE, Luis P\u00e9rez; y el reportero gr\u00e1fico de guerra Alberto Hugo Rojas. Este espacio ser\u00e1 moderado y presentado por el periodista de la Cadena Ser, Nicol\u00e1s Castellano.<\/p>\n<p>La raz\u00f3n de ser del patrimonio en el siglo XXI ser\u00e1 abordada por destacados expertos internacionales el d\u00eda 29 de julio y continuar\u00e1 el d\u00eda 30, con aportaciones y reflexiones del subdirector general de cultura de la UNESCO, Francesco Bandarin, el profesor de Historia y Teor\u00eda de la Arquitectura del Paisaje de Ginebra, Michael Jakob, el doctor en antropolog\u00eda de M\u00e9xico, Alejandro de \u00c1vila Blomberg, y la Catedr\u00e1tica en Proyectos Arquitect\u00f3nicos de la Universidad Polit\u00e9cnica de Madrid, Carmen Espegel. El Campus incluye una visita guiada a casas y patios laguneros emblem\u00e1ticos, reforzando el v\u00ednculo entre teor\u00eda y pr\u00e1ctica en una ciudad Patrimonio de la Humanidad, como La Laguna, y tendr\u00e1 lugar la celebraci\u00f3n de un seminario con el presidente de la Fundaci\u00f3n Centro Internacional para la Conservaci\u00f3n del Patrimonio (CICOP), Francisco Aznar, y los catedr\u00e1ticos Juan Manuel Palerm y Jos\u00e9 Luis Rivero.<\/p>\n<p>Asimismo, el Convento de Santo Domingo acoger\u00e1 el curso sobre neurociencia, neurotecnolog\u00eda y neuroderechos, que ser\u00e1 impartido por la profesora del King\u2019s College de Londres, Katya Rubia; la directora del grupo de Neuroimagen del Instituto Cajal del CSIC, Guiomar Niso; y el catedr\u00e1tico de la Universidad Carlos III de Madrid, Jes\u00fas Rafael Mercader.<\/p>\n<p>El jueves 31 de julio, el Teatro Leal ser\u00e1 sede de un seminario sobre neurotecnolog\u00eda, que contar\u00e1 con la participaci\u00f3n de los docentes de la Universidad de La Laguna Mar\u00eda \u00c1ngeles Alonso, Naira Delgado, as\u00ed como la catedr\u00e1tica Raquel Mar\u00edn, bajo la moderaci\u00f3n del tambi\u00e9n catedr\u00e1tico de dicha instituci\u00f3n universitaria, Ernesto Pereda de Pablo.<\/p>\n<p>Como broche final, se celebrar\u00e1 una conferencia de clausura que ahondar\u00e1 en las implicaciones de las nuevas neurotecnolog\u00edas en la ciencia, la medicina y la sociedad, a cargo del destacado profesor de Ciencias Biol\u00f3gicas y director del Centro de Neurotecnolog\u00eda en la Universidad de Columbia de Nueva York, Rafael Yuste.<\/p>\n<p>En paralelo, y entre el 4 y el 31 de julio, el Campus Internacional Ciudad de La Laguna ofrecer\u00e1 una programaci\u00f3n cultural abierta al p\u00fablico general, que incluye la proyecci\u00f3n del documental Hijas de la Tierra Santa, seguida de un coloquio con su director, Marcel Mettelsiefen, y la productora, Mayte Carrasco, moderado por el cineasta canario David Baute. La cinta propone una mirada \u00edntima y conmovedora al conflicto palestino-israel\u00ed, a trav\u00e9s de las historias paralelas de dos j\u00f3venes cuyas vidas han sido profundamente marcadas por la violencia.<\/p>\n<p>Asimismo, la programaci\u00f3n cultural se completa con exposiciones, charlas y el concierto conmemorativo del 60\u00ba aniversario de Los Sabande\u00f1os, que tendr\u00e1 lugar en el Teatro Leal, uno de los espacios m\u00e1s emblem\u00e1ticos de la ciudad.<\/p>\n<p>Aquellas personas interesadas en asistir al Campus podr\u00e1n inscribirse, de manera gratuita, a trav\u00e9s de la p\u00e1gina web www.campusinternacionalciudaddelalaguna.es.\u00a0\u00a0 Las plazas para tomar parte en las diferentes sesiones son limitadas en la modalidad presencial, e ilimitadas en la modalidad online. Las actividades culturales tambi\u00e9n ser\u00e1n gratuitas, excepto el concierto de Los Sabande\u00f1os, que tendr\u00e1 un precio \u00fanico de 5 euros, cuya recaudaci\u00f3n ser\u00e1 destinada a la ONG Paz En Construcci\u00f3n. El plazo de inscripci\u00f3n se encuentra abierto a partir de hoy mi\u00e9rcoles.<\/p>\n<p>&nbsp;<\/p>\n<p>&nbsp;<\/p>\n","protected":false},"excerpt":{"rendered":"<p>En el marco de la conmemoraci\u00f3n de la declaraci\u00f3n de San Crist\u00f3bal de La Laguna como Patrimonio de la Humanidad,&#8230;<\/p>\n","protected":false},"author":23,"featured_media":82989,"comment_status":"closed","ping_status":"closed","sticky":false,"template":"","format":"standard","meta":{"inline_featured_image":false,"footnotes":""},"categories":[344,345,2765],"tags":[],"acf":[],"yoast_head":"<!-- This site is optimized with the Yoast SEO plugin v21.3 - https:\/\/yoast.com\/wordpress\/plugins\/seo\/ -->\n<title>El Campus Internacional Ciudad de La Laguna reunir\u00e1 a especialistas en conflictos b\u00e9licos, neurociencia y patrimonio cultural - ULL - Noticias<\/title>\n<meta name=\"robots\" content=\"index, follow, max-snippet:-1, max-image-preview:large, max-video-preview:-1\" \/>\n<link rel=\"canonical\" href=\"https:\/\/www.ull.es\/portal\/noticias\/2025\/el-campus-internacional-ciudad-de-la-laguna-reunira-a-especialistas-en-conflictos-belicos-neurociencia-y-patrimonio-cultural\/\" \/>\n<meta property=\"og:locale\" content=\"es_ES\" \/>\n<meta property=\"og:type\" content=\"article\" \/>\n<meta property=\"og:title\" content=\"El Campus Internacional Ciudad de La Laguna reunir\u00e1 a especialistas en conflictos b\u00e9licos, neurociencia y patrimonio cultural - ULL - Noticias\" \/>\n<meta property=\"og:description\" content=\"En el marco de la conmemoraci\u00f3n de la declaraci\u00f3n de San Crist\u00f3bal de La Laguna como Patrimonio de la Humanidad,...\" \/>\n<meta property=\"og:url\" content=\"https:\/\/www.ull.es\/portal\/noticias\/2025\/el-campus-internacional-ciudad-de-la-laguna-reunira-a-especialistas-en-conflictos-belicos-neurociencia-y-patrimonio-cultural\/\" \/>\n<meta property=\"og:site_name\" content=\"ULL - Noticias\" \/>\n<meta property=\"article:publisher\" content=\"https:\/\/www.facebook.com\/universidaddelalaguna\/\" \/>\n<meta property=\"article:published_time\" content=\"2025-06-25T14:39:36+00:00\" \/>\n<meta property=\"og:image\" content=\"https:\/\/www.ull.es\/portal\/noticias\/wp-content\/uploads\/sites\/13\/2025\/06\/Rueda-prensa-Fyde-y-CajaCanarias-055.jpg\" \/>\n\t<meta property=\"og:image:width\" content=\"1600\" \/>\n\t<meta property=\"og:image:height\" content=\"1067\" \/>\n\t<meta property=\"og:image:type\" content=\"image\/jpeg\" \/>\n<meta name=\"author\" content=\"gaprsa\" \/>\n<meta name=\"twitter:card\" content=\"summary_large_image\" \/>\n<meta name=\"twitter:creator\" content=\"@CanalULL\" \/>\n<meta name=\"twitter:site\" content=\"@CanalULL\" \/>\n<meta name=\"twitter:label1\" content=\"Escrito por\" \/>\n\t<meta name=\"twitter:data1\" content=\"gaprsa\" \/>\n\t<meta name=\"twitter:label2\" content=\"Tiempo de lectura\" \/>\n\t<meta name=\"twitter:data2\" content=\"7 minutos\" \/>\n<script type=\"application\/ld+json\" class=\"yoast-schema-graph\">{\"@context\":\"https:\/\/schema.org\",\"@graph\":[{\"@type\":\"WebPage\",\"@id\":\"https:\/\/www.ull.es\/portal\/noticias\/2025\/el-campus-internacional-ciudad-de-la-laguna-reunira-a-especialistas-en-conflictos-belicos-neurociencia-y-patrimonio-cultural\/\",\"url\":\"https:\/\/www.ull.es\/portal\/noticias\/2025\/el-campus-internacional-ciudad-de-la-laguna-reunira-a-especialistas-en-conflictos-belicos-neurociencia-y-patrimonio-cultural\/\",\"name\":\"El Campus Internacional Ciudad de La Laguna reunir\u00e1 a especialistas en conflictos b\u00e9licos, neurociencia y patrimonio cultural - ULL - Noticias\",\"isPartOf\":{\"@id\":\"https:\/\/www.ull.es\/portal\/noticias\/#website\"},\"datePublished\":\"2025-06-25T14:39:36+00:00\",\"dateModified\":\"2025-06-25T14:39:36+00:00\",\"author\":{\"@id\":\"https:\/\/www.ull.es\/portal\/noticias\/#\/schema\/person\/b2b1a89d43ffa609e591f7df8ef3e817\"},\"breadcrumb\":{\"@id\":\"https:\/\/www.ull.es\/portal\/noticias\/2025\/el-campus-internacional-ciudad-de-la-laguna-reunira-a-especialistas-en-conflictos-belicos-neurociencia-y-patrimonio-cultural\/#breadcrumb\"},\"inLanguage\":\"es\",\"potentialAction\":[{\"@type\":\"ReadAction\",\"target\":[\"https:\/\/www.ull.es\/portal\/noticias\/2025\/el-campus-internacional-ciudad-de-la-laguna-reunira-a-especialistas-en-conflictos-belicos-neurociencia-y-patrimonio-cultural\/\"]}]},{\"@type\":\"BreadcrumbList\",\"@id\":\"https:\/\/www.ull.es\/portal\/noticias\/2025\/el-campus-internacional-ciudad-de-la-laguna-reunira-a-especialistas-en-conflictos-belicos-neurociencia-y-patrimonio-cultural\/#breadcrumb\",\"itemListElement\":[{\"@type\":\"ListItem\",\"position\":1,\"name\":\"Portada\",\"item\":\"https:\/\/www.ull.es\/portal\/noticias\/\"},{\"@type\":\"ListItem\",\"position\":2,\"name\":\"El Campus Internacional Ciudad de La Laguna reunir\u00e1 a especialistas en conflictos b\u00e9licos, neurociencia y patrimonio cultural\"}]},{\"@type\":\"WebSite\",\"@id\":\"https:\/\/www.ull.es\/portal\/noticias\/#website\",\"url\":\"https:\/\/www.ull.es\/portal\/noticias\/\",\"name\":\"ULL - Noticias\",\"description\":\"\",\"potentialAction\":[{\"@type\":\"SearchAction\",\"target\":{\"@type\":\"EntryPoint\",\"urlTemplate\":\"https:\/\/www.ull.es\/portal\/noticias\/?s={search_term_string}\"},\"query-input\":\"required name=search_term_string\"}],\"inLanguage\":\"es\"},{\"@type\":\"Person\",\"@id\":\"https:\/\/www.ull.es\/portal\/noticias\/#\/schema\/person\/b2b1a89d43ffa609e591f7df8ef3e817\",\"name\":\"gaprsa\",\"image\":{\"@type\":\"ImageObject\",\"inLanguage\":\"es\",\"@id\":\"https:\/\/www.ull.es\/portal\/noticias\/#\/schema\/person\/image\/\",\"url\":\"https:\/\/secure.gravatar.com\/avatar\/443820550921091458b4823867723b3d?s=96&d=mm&r=g\",\"contentUrl\":\"https:\/\/secure.gravatar.com\/avatar\/443820550921091458b4823867723b3d?s=96&d=mm&r=g\",\"caption\":\"gaprsa\"},\"url\":\"https:\/\/www.ull.es\/portal\/noticias\/author\/gaprsa\/\"}]}<\/script>\n<!-- \/ Yoast SEO plugin. -->","yoast_head_json":{"title":"El Campus Internacional Ciudad de La Laguna reunir\u00e1 a especialistas en conflictos b\u00e9licos, neurociencia y patrimonio cultural - ULL - Noticias","robots":{"index":"index","follow":"follow","max-snippet":"max-snippet:-1","max-image-preview":"max-image-preview:large","max-video-preview":"max-video-preview:-1"},"canonical":"https:\/\/www.ull.es\/portal\/noticias\/2025\/el-campus-internacional-ciudad-de-la-laguna-reunira-a-especialistas-en-conflictos-belicos-neurociencia-y-patrimonio-cultural\/","og_locale":"es_ES","og_type":"article","og_title":"El Campus Internacional Ciudad de La Laguna reunir\u00e1 a especialistas en conflictos b\u00e9licos, neurociencia y patrimonio cultural - ULL - Noticias","og_description":"En el marco de la conmemoraci\u00f3n de la declaraci\u00f3n de San Crist\u00f3bal de La Laguna como Patrimonio de la Humanidad,...","og_url":"https:\/\/www.ull.es\/portal\/noticias\/2025\/el-campus-internacional-ciudad-de-la-laguna-reunira-a-especialistas-en-conflictos-belicos-neurociencia-y-patrimonio-cultural\/","og_site_name":"ULL - Noticias","article_publisher":"https:\/\/www.facebook.com\/universidaddelalaguna\/","article_published_time":"2025-06-25T14:39:36+00:00","og_image":[{"width":1600,"height":1067,"url":"https:\/\/www.ull.es\/portal\/noticias\/wp-content\/uploads\/sites\/13\/2025\/06\/Rueda-prensa-Fyde-y-CajaCanarias-055.jpg","type":"image\/jpeg"}],"author":"gaprsa","twitter_card":"summary_large_image","twitter_creator":"@CanalULL","twitter_site":"@CanalULL","twitter_misc":{"Escrito por":"gaprsa","Tiempo de lectura":"7 minutos"},"schema":{"@context":"https:\/\/schema.org","@graph":[{"@type":"WebPage","@id":"https:\/\/www.ull.es\/portal\/noticias\/2025\/el-campus-internacional-ciudad-de-la-laguna-reunira-a-especialistas-en-conflictos-belicos-neurociencia-y-patrimonio-cultural\/","url":"https:\/\/www.ull.es\/portal\/noticias\/2025\/el-campus-internacional-ciudad-de-la-laguna-reunira-a-especialistas-en-conflictos-belicos-neurociencia-y-patrimonio-cultural\/","name":"El Campus Internacional Ciudad de La Laguna reunir\u00e1 a especialistas en conflictos b\u00e9licos, neurociencia y patrimonio cultural - ULL - Noticias","isPartOf":{"@id":"https:\/\/www.ull.es\/portal\/noticias\/#website"},"datePublished":"2025-06-25T14:39:36+00:00","dateModified":"2025-06-25T14:39:36+00:00","author":{"@id":"https:\/\/www.ull.es\/portal\/noticias\/#\/schema\/person\/b2b1a89d43ffa609e591f7df8ef3e817"},"breadcrumb":{"@id":"https:\/\/www.ull.es\/portal\/noticias\/2025\/el-campus-internacional-ciudad-de-la-laguna-reunira-a-especialistas-en-conflictos-belicos-neurociencia-y-patrimonio-cultural\/#breadcrumb"},"inLanguage":"es","potentialAction":[{"@type":"ReadAction","target":["https:\/\/www.ull.es\/portal\/noticias\/2025\/el-campus-internacional-ciudad-de-la-laguna-reunira-a-especialistas-en-conflictos-belicos-neurociencia-y-patrimonio-cultural\/"]}]},{"@type":"BreadcrumbList","@id":"https:\/\/www.ull.es\/portal\/noticias\/2025\/el-campus-internacional-ciudad-de-la-laguna-reunira-a-especialistas-en-conflictos-belicos-neurociencia-y-patrimonio-cultural\/#breadcrumb","itemListElement":[{"@type":"ListItem","position":1,"name":"Portada","item":"https:\/\/www.ull.es\/portal\/noticias\/"},{"@type":"ListItem","position":2,"name":"El Campus Internacional Ciudad de La Laguna reunir\u00e1 a especialistas en conflictos b\u00e9licos, neurociencia y patrimonio cultural"}]},{"@type":"WebSite","@id":"https:\/\/www.ull.es\/portal\/noticias\/#website","url":"https:\/\/www.ull.es\/portal\/noticias\/","name":"ULL - Noticias","description":"","potentialAction":[{"@type":"SearchAction","target":{"@type":"EntryPoint","urlTemplate":"https:\/\/www.ull.es\/portal\/noticias\/?s={search_term_string}"},"query-input":"required name=search_term_string"}],"inLanguage":"es"},{"@type":"Person","@id":"https:\/\/www.ull.es\/portal\/noticias\/#\/schema\/person\/b2b1a89d43ffa609e591f7df8ef3e817","name":"gaprsa","image":{"@type":"ImageObject","inLanguage":"es","@id":"https:\/\/www.ull.es\/portal\/noticias\/#\/schema\/person\/image\/","url":"https:\/\/secure.gravatar.com\/avatar\/443820550921091458b4823867723b3d?s=96&d=mm&r=g","contentUrl":"https:\/\/secure.gravatar.com\/avatar\/443820550921091458b4823867723b3d?s=96&d=mm&r=g","caption":"gaprsa"},"url":"https:\/\/www.ull.es\/portal\/noticias\/author\/gaprsa\/"}]}},"primary_category":{"id":344,"name":"Cultura","slug":"cultura","link":"https:\/\/www.ull.es\/portal\/noticias\/category\/cultura\/"},"featured_image_thumbnail_url":"https:\/\/www.ull.es\/portal\/noticias\/wp-content\/uploads\/sites\/13\/2025\/06\/Rueda-prensa-Fyde-y-CajaCanarias-055-300x200.jpg","_links":{"self":[{"href":"https:\/\/www.ull.es\/portal\/noticias\/wp-json\/wp\/v2\/posts\/82982"}],"collection":[{"href":"https:\/\/www.ull.es\/portal\/noticias\/wp-json\/wp\/v2\/posts"}],"about":[{"href":"https:\/\/www.ull.es\/portal\/noticias\/wp-json\/wp\/v2\/types\/post"}],"author":[{"embeddable":true,"href":"https:\/\/www.ull.es\/portal\/noticias\/wp-json\/wp\/v2\/users\/23"}],"replies":[{"embeddable":true,"href":"https:\/\/www.ull.es\/portal\/noticias\/wp-json\/wp\/v2\/comments?post=82982"}],"version-history":[{"count":2,"href":"https:\/\/www.ull.es\/portal\/noticias\/wp-json\/wp\/v2\/posts\/82982\/revisions"}],"predecessor-version":[{"id":82985,"href":"https:\/\/www.ull.es\/portal\/noticias\/wp-json\/wp\/v2\/posts\/82982\/revisions\/82985"}],"wp:featuredmedia":[{"embeddable":true,"href":"https:\/\/www.ull.es\/portal\/noticias\/wp-json\/wp\/v2\/media\/82989"}],"wp:attachment":[{"href":"https:\/\/www.ull.es\/portal\/noticias\/wp-json\/wp\/v2\/media?parent=82982"}],"wp:term":[{"taxonomy":"category","embeddable":true,"href":"https:\/\/www.ull.es\/portal\/noticias\/wp-json\/wp\/v2\/categories?post=82982"},{"taxonomy":"post_tag","embeddable":true,"href":"https:\/\/www.ull.es\/portal\/noticias\/wp-json\/wp\/v2\/tags?post=82982"}],"curies":[{"name":"wp","href":"https:\/\/api.w.org\/{rel}","templated":true}]}}