{"id":83108,"date":"2025-06-30T13:35:57","date_gmt":"2025-06-30T13:35:57","guid":{"rendered":"https:\/\/www.ull.es\/portal\/noticias\/?p=83108"},"modified":"2025-06-30T13:35:57","modified_gmt":"2025-06-30T13:35:57","slug":"exito-primer-curso-lengua-cultura-wolof","status":"publish","type":"post","link":"https:\/\/www.ull.es\/portal\/noticias\/2025\/exito-primer-curso-lengua-cultura-wolof\/","title":{"rendered":"\u00c9xito de participaci\u00f3n en el primer curso de iniciaci\u00f3n a la lengua y cultura wolof de la Universidad de La Laguna"},"content":{"rendered":"<p>El Vicerrectorado de Internacionalizaci\u00f3n y Cooperaci\u00f3n de la Universidad de La Laguna y el <em>Groupe d\u2019Action et d\u2019\u00c9tude Critique GAEC Africa<\/em> han impulsado una serie de acciones de cooperaci\u00f3n y apertura intercultural que, entre otras actividades, ha incluido el curso <em>\u201c<a href=\"https:\/\/www.ull.es\/portal\/agenda\/evento\/wax-ma-ko-ci-wolof-curso-de-iniciacion-a-la-lengua-y-cultura-wolof\/\" target=\"_blank\" rel=\"noopener\" target=\"_blank\" rel=\"noopener\">Wax ma ko ci Wolof!<\/a>\u201d<\/em> de introducci\u00f3n a la lengua y cultura wolof celebrado entre mayo y junio. El curso, que const\u00f3 de siete sesiones, fue impartido por la ling\u00fcista senegalesa Soda Jaxatee, formada en la Universit\u00e9 Gaston Berger de Saint-Louis (Senegal) y en la Universidad de Las Palmas de Gran Canaria.<\/p>\n<p>La actividad reuni\u00f3 a una veintena de participantes, profesionales de los \u00e1mbitos sanitario, jur\u00eddico, educativo y social, todos ellos en contacto habitual con comunidades wol\u00f3fonas residentes en Canarias. Durante varias semanas, se acercaron a los fundamentos ling\u00fc\u00edsticos del wolof \u2014una de las lenguas m\u00e1s habladas en \u00c1frica Occidental, especialmente en Senegal, Gambia y Mauritania\u2014 as\u00ed como a sus expresiones culturales, cotidianas y simb\u00f3licas. El enfoque did\u00e1ctico combin\u00f3 herramientas comunicativas b\u00e1sicas con contenidos socioculturales, canciones tradicionales, refranes y nociones de historia oral, generando un ambiente din\u00e1mico, participativo y enriquecedor.<\/p>\n<p>Dirigido por la ling\u00fcista <a href=\"https:\/\/portalciencia.ull.es\/investigadores\/823396\/detalle\" target=\"_blank\" rel=\"noopener\" target=\"_blank\" rel=\"noopener\">Alba Rodr\u00edguez Garc\u00eda<\/a>, de la Universidad de La Laguna y el antrop\u00f3logo Abdourahmane Seck (<a href=\"https:\/\/gaecafrica.org\/\" target=\"_blank\" rel=\"noopener\" target=\"_blank\" rel=\"noopener\">GAEC Africa<\/a>), este programa puso de manifiesto la necesidad e importancia de abrir espacios de aprendizaje intercultural, adem\u00e1s de reforzar el compromiso de la Universidad de La Laguna y del GAEC Africa con una internacionalizaci\u00f3n cr\u00edtica, horizontal, multiling\u00fce y centrada en el di\u00e1logo Sur-Sur.<\/p>\n<p>La clausura del curso se celebr\u00f3 con una sesi\u00f3n com\u00fan de intercambio en la que las personas participantes compartieron sus impresiones y su deseo de continuar. La experiencia no solo despert\u00f3 un vivo inter\u00e9s por la lengua, cultura y sociedad wolof, sino tambi\u00e9n una fuerte demanda de continuaci\u00f3n, con la solicitiad en esa sesi\u00f3n final de que la Universidad de La Laguna facilite inmersiones ling\u00fc\u00edsticas en comunidades wol\u00f3fonas locales, movilidades a Senegal y pa\u00edses wol\u00f3fonos, y m\u00e1s ediciones con acompa\u00f1amiento formativo continuado.<\/p>\n","protected":false},"excerpt":{"rendered":"<p>El Vicerrectorado de Internacionalizaci\u00f3n y Cooperaci\u00f3n de la Universidad de La Laguna y el Groupe d\u2019Action et d\u2019\u00c9tude Critique GAEC&#8230;<\/p>\n","protected":false},"author":21,"featured_media":83109,"comment_status":"closed","ping_status":"closed","sticky":false,"template":"","format":"standard","meta":{"inline_featured_image":false,"footnotes":""},"categories":[345,346,349,2765],"tags":[11585,11393,11782,9941],"acf":[],"yoast_head":"<!-- This site is optimized with the Yoast SEO plugin v21.3 - https:\/\/yoast.com\/wordpress\/plugins\/seo\/ -->\n<title>\u00c9xito del primer curso de lengua y cultura wolof de la ULL<\/title>\n<meta name=\"description\" content=\"Fue impartido por la ling\u00fcista senegalesa Soda Jaxatee, formada en la Universit\u00e9 Gaston Berger de Saint-Louis (Senegal) y en la ULPGC.\" \/>\n<meta name=\"robots\" content=\"index, follow, max-snippet:-1, max-image-preview:large, max-video-preview:-1\" \/>\n<link rel=\"canonical\" href=\"https:\/\/www.ull.es\/portal\/noticias\/2025\/exito-primer-curso-lengua-cultura-wolof\/\" \/>\n<meta property=\"og:locale\" content=\"es_ES\" \/>\n<meta property=\"og:type\" content=\"article\" \/>\n<meta property=\"og:title\" content=\"\u00c9xito del primer curso de lengua y cultura wolof de la ULL\" \/>\n<meta property=\"og:description\" content=\"Fue impartido por la ling\u00fcista senegalesa Soda Jaxatee, formada en la Universit\u00e9 Gaston Berger de Saint-Louis (Senegal) y en la ULPGC.\" \/>\n<meta property=\"og:url\" content=\"https:\/\/www.ull.es\/portal\/noticias\/2025\/exito-primer-curso-lengua-cultura-wolof\/\" \/>\n<meta property=\"og:site_name\" content=\"ULL - Noticias\" \/>\n<meta property=\"article:publisher\" content=\"https:\/\/www.facebook.com\/universidaddelalaguna\/\" \/>\n<meta property=\"article:published_time\" content=\"2025-06-30T13:35:57+00:00\" \/>\n<meta property=\"og:image\" content=\"https:\/\/www.ull.es\/portal\/noticias\/wp-content\/uploads\/sites\/13\/2025\/06\/WAX-MA-KO-CI-WOLOF_Banner-eventos.png\" \/>\n\t<meta property=\"og:image:width\" content=\"760\" \/>\n\t<meta property=\"og:image:height\" content=\"380\" \/>\n\t<meta property=\"og:image:type\" content=\"image\/png\" \/>\n<meta name=\"author\" content=\"prensa2\" \/>\n<meta name=\"twitter:card\" content=\"summary_large_image\" \/>\n<meta name=\"twitter:creator\" content=\"@CanalULL\" \/>\n<meta name=\"twitter:site\" content=\"@CanalULL\" \/>\n<meta name=\"twitter:label1\" content=\"Escrito por\" \/>\n\t<meta name=\"twitter:data1\" content=\"prensa2\" \/>\n\t<meta name=\"twitter:label2\" content=\"Tiempo de lectura\" \/>\n\t<meta name=\"twitter:data2\" content=\"2 minutos\" \/>\n<script type=\"application\/ld+json\" class=\"yoast-schema-graph\">{\"@context\":\"https:\/\/schema.org\",\"@graph\":[{\"@type\":\"WebPage\",\"@id\":\"https:\/\/www.ull.es\/portal\/noticias\/2025\/exito-primer-curso-lengua-cultura-wolof\/\",\"url\":\"https:\/\/www.ull.es\/portal\/noticias\/2025\/exito-primer-curso-lengua-cultura-wolof\/\",\"name\":\"\u00c9xito del primer curso de lengua y cultura wolof de la ULL\",\"isPartOf\":{\"@id\":\"https:\/\/www.ull.es\/portal\/noticias\/#website\"},\"datePublished\":\"2025-06-30T13:35:57+00:00\",\"dateModified\":\"2025-06-30T13:35:57+00:00\",\"author\":{\"@id\":\"https:\/\/www.ull.es\/portal\/noticias\/#\/schema\/person\/c3b2aa857797592927a03740d6664376\"},\"description\":\"Fue impartido por la ling\u00fcista senegalesa Soda Jaxatee, formada en la Universit\u00e9 Gaston Berger de Saint-Louis (Senegal) y en la ULPGC.\",\"breadcrumb\":{\"@id\":\"https:\/\/www.ull.es\/portal\/noticias\/2025\/exito-primer-curso-lengua-cultura-wolof\/#breadcrumb\"},\"inLanguage\":\"es\",\"potentialAction\":[{\"@type\":\"ReadAction\",\"target\":[\"https:\/\/www.ull.es\/portal\/noticias\/2025\/exito-primer-curso-lengua-cultura-wolof\/\"]}]},{\"@type\":\"BreadcrumbList\",\"@id\":\"https:\/\/www.ull.es\/portal\/noticias\/2025\/exito-primer-curso-lengua-cultura-wolof\/#breadcrumb\",\"itemListElement\":[{\"@type\":\"ListItem\",\"position\":1,\"name\":\"Portada\",\"item\":\"https:\/\/www.ull.es\/portal\/noticias\/\"},{\"@type\":\"ListItem\",\"position\":2,\"name\":\"\u00c9xito de participaci\u00f3n en el primer curso de iniciaci\u00f3n a la lengua y cultura wolof de la Universidad de La Laguna\"}]},{\"@type\":\"WebSite\",\"@id\":\"https:\/\/www.ull.es\/portal\/noticias\/#website\",\"url\":\"https:\/\/www.ull.es\/portal\/noticias\/\",\"name\":\"ULL - Noticias\",\"description\":\"\",\"potentialAction\":[{\"@type\":\"SearchAction\",\"target\":{\"@type\":\"EntryPoint\",\"urlTemplate\":\"https:\/\/www.ull.es\/portal\/noticias\/?s={search_term_string}\"},\"query-input\":\"required name=search_term_string\"}],\"inLanguage\":\"es\"},{\"@type\":\"Person\",\"@id\":\"https:\/\/www.ull.es\/portal\/noticias\/#\/schema\/person\/c3b2aa857797592927a03740d6664376\",\"name\":\"prensa2\",\"image\":{\"@type\":\"ImageObject\",\"inLanguage\":\"es\",\"@id\":\"https:\/\/www.ull.es\/portal\/noticias\/#\/schema\/person\/image\/\",\"url\":\"https:\/\/secure.gravatar.com\/avatar\/b58f310a5de5feb33d1e026d2493f23c?s=96&d=mm&r=g\",\"contentUrl\":\"https:\/\/secure.gravatar.com\/avatar\/b58f310a5de5feb33d1e026d2493f23c?s=96&d=mm&r=g\",\"caption\":\"prensa2\"},\"url\":\"https:\/\/www.ull.es\/portal\/noticias\/author\/prensa2\/\"}]}<\/script>\n<!-- \/ Yoast SEO plugin. -->","yoast_head_json":{"title":"\u00c9xito del primer curso de lengua y cultura wolof de la ULL","description":"Fue impartido por la ling\u00fcista senegalesa Soda Jaxatee, formada en la Universit\u00e9 Gaston Berger de Saint-Louis (Senegal) y en la ULPGC.","robots":{"index":"index","follow":"follow","max-snippet":"max-snippet:-1","max-image-preview":"max-image-preview:large","max-video-preview":"max-video-preview:-1"},"canonical":"https:\/\/www.ull.es\/portal\/noticias\/2025\/exito-primer-curso-lengua-cultura-wolof\/","og_locale":"es_ES","og_type":"article","og_title":"\u00c9xito del primer curso de lengua y cultura wolof de la ULL","og_description":"Fue impartido por la ling\u00fcista senegalesa Soda Jaxatee, formada en la Universit\u00e9 Gaston Berger de Saint-Louis (Senegal) y en la ULPGC.","og_url":"https:\/\/www.ull.es\/portal\/noticias\/2025\/exito-primer-curso-lengua-cultura-wolof\/","og_site_name":"ULL - Noticias","article_publisher":"https:\/\/www.facebook.com\/universidaddelalaguna\/","article_published_time":"2025-06-30T13:35:57+00:00","og_image":[{"width":760,"height":380,"url":"https:\/\/www.ull.es\/portal\/noticias\/wp-content\/uploads\/sites\/13\/2025\/06\/WAX-MA-KO-CI-WOLOF_Banner-eventos.png","type":"image\/png"}],"author":"prensa2","twitter_card":"summary_large_image","twitter_creator":"@CanalULL","twitter_site":"@CanalULL","twitter_misc":{"Escrito por":"prensa2","Tiempo de lectura":"2 minutos"},"schema":{"@context":"https:\/\/schema.org","@graph":[{"@type":"WebPage","@id":"https:\/\/www.ull.es\/portal\/noticias\/2025\/exito-primer-curso-lengua-cultura-wolof\/","url":"https:\/\/www.ull.es\/portal\/noticias\/2025\/exito-primer-curso-lengua-cultura-wolof\/","name":"\u00c9xito del primer curso de lengua y cultura wolof de la ULL","isPartOf":{"@id":"https:\/\/www.ull.es\/portal\/noticias\/#website"},"datePublished":"2025-06-30T13:35:57+00:00","dateModified":"2025-06-30T13:35:57+00:00","author":{"@id":"https:\/\/www.ull.es\/portal\/noticias\/#\/schema\/person\/c3b2aa857797592927a03740d6664376"},"description":"Fue impartido por la ling\u00fcista senegalesa Soda Jaxatee, formada en la Universit\u00e9 Gaston Berger de Saint-Louis (Senegal) y en la ULPGC.","breadcrumb":{"@id":"https:\/\/www.ull.es\/portal\/noticias\/2025\/exito-primer-curso-lengua-cultura-wolof\/#breadcrumb"},"inLanguage":"es","potentialAction":[{"@type":"ReadAction","target":["https:\/\/www.ull.es\/portal\/noticias\/2025\/exito-primer-curso-lengua-cultura-wolof\/"]}]},{"@type":"BreadcrumbList","@id":"https:\/\/www.ull.es\/portal\/noticias\/2025\/exito-primer-curso-lengua-cultura-wolof\/#breadcrumb","itemListElement":[{"@type":"ListItem","position":1,"name":"Portada","item":"https:\/\/www.ull.es\/portal\/noticias\/"},{"@type":"ListItem","position":2,"name":"\u00c9xito de participaci\u00f3n en el primer curso de iniciaci\u00f3n a la lengua y cultura wolof de la Universidad de La Laguna"}]},{"@type":"WebSite","@id":"https:\/\/www.ull.es\/portal\/noticias\/#website","url":"https:\/\/www.ull.es\/portal\/noticias\/","name":"ULL - Noticias","description":"","potentialAction":[{"@type":"SearchAction","target":{"@type":"EntryPoint","urlTemplate":"https:\/\/www.ull.es\/portal\/noticias\/?s={search_term_string}"},"query-input":"required name=search_term_string"}],"inLanguage":"es"},{"@type":"Person","@id":"https:\/\/www.ull.es\/portal\/noticias\/#\/schema\/person\/c3b2aa857797592927a03740d6664376","name":"prensa2","image":{"@type":"ImageObject","inLanguage":"es","@id":"https:\/\/www.ull.es\/portal\/noticias\/#\/schema\/person\/image\/","url":"https:\/\/secure.gravatar.com\/avatar\/b58f310a5de5feb33d1e026d2493f23c?s=96&d=mm&r=g","contentUrl":"https:\/\/secure.gravatar.com\/avatar\/b58f310a5de5feb33d1e026d2493f23c?s=96&d=mm&r=g","caption":"prensa2"},"url":"https:\/\/www.ull.es\/portal\/noticias\/author\/prensa2\/"}]}},"primary_category":{"id":345,"name":"Destacado","slug":"destacado","link":"https:\/\/www.ull.es\/portal\/noticias\/category\/destacado\/"},"featured_image_thumbnail_url":"https:\/\/www.ull.es\/portal\/noticias\/wp-content\/uploads\/sites\/13\/2025\/06\/WAX-MA-KO-CI-WOLOF_Banner-eventos-300x150.png","_links":{"self":[{"href":"https:\/\/www.ull.es\/portal\/noticias\/wp-json\/wp\/v2\/posts\/83108"}],"collection":[{"href":"https:\/\/www.ull.es\/portal\/noticias\/wp-json\/wp\/v2\/posts"}],"about":[{"href":"https:\/\/www.ull.es\/portal\/noticias\/wp-json\/wp\/v2\/types\/post"}],"author":[{"embeddable":true,"href":"https:\/\/www.ull.es\/portal\/noticias\/wp-json\/wp\/v2\/users\/21"}],"replies":[{"embeddable":true,"href":"https:\/\/www.ull.es\/portal\/noticias\/wp-json\/wp\/v2\/comments?post=83108"}],"version-history":[{"count":1,"href":"https:\/\/www.ull.es\/portal\/noticias\/wp-json\/wp\/v2\/posts\/83108\/revisions"}],"predecessor-version":[{"id":83111,"href":"https:\/\/www.ull.es\/portal\/noticias\/wp-json\/wp\/v2\/posts\/83108\/revisions\/83111"}],"wp:featuredmedia":[{"embeddable":true,"href":"https:\/\/www.ull.es\/portal\/noticias\/wp-json\/wp\/v2\/media\/83109"}],"wp:attachment":[{"href":"https:\/\/www.ull.es\/portal\/noticias\/wp-json\/wp\/v2\/media?parent=83108"}],"wp:term":[{"taxonomy":"category","embeddable":true,"href":"https:\/\/www.ull.es\/portal\/noticias\/wp-json\/wp\/v2\/categories?post=83108"},{"taxonomy":"post_tag","embeddable":true,"href":"https:\/\/www.ull.es\/portal\/noticias\/wp-json\/wp\/v2\/tags?post=83108"}],"curies":[{"name":"wp","href":"https:\/\/api.w.org\/{rel}","templated":true}]}}