{"id":83131,"date":"2025-07-01T13:12:43","date_gmt":"2025-07-01T13:12:43","guid":{"rendered":"https:\/\/www.ull.es\/portal\/noticias\/?p=83131"},"modified":"2025-07-01T13:15:20","modified_gmt":"2025-07-01T13:15:20","slug":"consejo-gobierno-profunda-discrepancia-proposicion-ley-consejos-sociales","status":"publish","type":"post","link":"https:\/\/www.ull.es\/portal\/noticias\/2025\/consejo-gobierno-profunda-discrepancia-proposicion-ley-consejos-sociales\/","title":{"rendered":"El Consejo de Gobierno manifiesta su profunda discrepancia con la proposici\u00f3n de ley auton\u00f3mica de Consejos Sociales"},"content":{"rendered":"<p>El Consejo de Gobierno de la Universidad de La Laguna ha aprobado en su sesi\u00f3n de hoy, martes 1 de julio, por 31 votos a favor y 2 abstenciones, un acuerdo en el que manifiesta su profunda discrepancia con la Proposici\u00f3n de Ley 11L\/PPL-0001 sobre Consejos Sociales que est\u00e1 tramit\u00e1ndose en el Parlamento de Canarias. El escrito considera que su contenido \u201ccontradice lo dispuesto en la Ley Org\u00e1nica 2\/2023 del Sistema Universitario (LOSU), altera gravemente el modelo de gobernanza de las universidades p\u00fablicas canarias y podr\u00eda vulnerar el art\u00edculo 27.10 de la Constituci\u00f3n Espa\u00f1ola al limitar la autonom\u00eda universitaria\u201d.<\/p>\n<p>El acuerdo aprobado hoy insta al Parlamento de Canarias a \u201crevisar en profundidad el texto de la proposici\u00f3n, ajust\u00e1ndolo a lo establecido por la legislaci\u00f3n estatal y eliminando aquellas disposiciones que invaden competencias acad\u00e9micas y de gesti\u00f3n propias de otros \u00f3rganos universitarios\u201d. M\u00e1s concretamente, solicita que cualquier modificaci\u00f3n de la normativa sobre Consejos Sociales est\u00e9 en conformidad con el marco competencial b\u00e1sico previsto en la LOSU y garantice el contenido esencial de la autonom\u00eda universitaria.<\/p>\n<p>El acuerdo faculta al rector como representante de la Universidad de La Laguna para realizar las gestiones necesarias ante las instituciones competentes para el cumplimiento de este acuerdo. Este escrito ser\u00e1 trasladado a la Presidencia del Parlamento de Canarias, los grupos parlamentarios con representaci\u00f3n en el Parlamento de Canarias, la Consejer\u00eda de Universidades, Ciencia e Innovaci\u00f3n y Cultura del Gobierno de Canarias y la Conferencia de Rectores de las Universidades Espa\u00f1olas (CRUE), adem\u00e1s de ser difundido a trav\u00e9s de los medios y canales de difusi\u00f3n propios de la instituci\u00f3n acad\u00e9mica.<\/p>\n<p>El acuerdo comienza con una serie de consideraciones que contextualizan el sentido de la propuesta, reconociendo el valor clave de los consejos sociales para fortalecer la conexi\u00f3n de la universidad con la sociedad, tal y como recoge el art\u00edculo 47 de la LOSU. Por contra, estima que algunas de las atribuciones que la proposici\u00f3n de ley otorga a estos \u00f3rganos supone asumir competencias que en la actual legislaci\u00f3n est\u00e1n residenciadas otros, como el Consejo de Gobierno, creando duplicidades y erigi\u00e9ndose en un \u00f3rgano de gobierno paralelo \u201ccon atribuciones que contradicen la legislaci\u00f3n b\u00e1sica estatal y limitando la autonom\u00eda universitaria\u201d.<\/p>\n<p>Durante el debate de este punto, el rector, Francisco Garc\u00eda, matiz\u00f3 que este acuerdo no iba \u201cen contra de los consejos sociales en general ni contra el Consejo Social de la Universidad de La Laguna en particular, con el cual las relaciones son magn\u00edficas\u201d, sino que se opone a una concepci\u00f3n de este \u00f3rgano que no es acorde con el esp\u00edritu del art\u00edculo 47 de la LOSU y record\u00f3 que los consejos sociales cambian con las mayor\u00edas pol\u00edticas, por lo que resulta delicado que sean los responsables de tomar decisiones como, por ejemplo, aprobar la creaci\u00f3n de titulaciones, departamentos e institutos universitarios de investigaci\u00f3n. \u201cEl consejo social puede aportar informaci\u00f3n para tomar esas decisiones, pero no deber\u00edan ser los decisores \u00faltimos\u201d.<\/p>\n<p>El presidente del Consejo Social de la Universidad de La Laguna, Francisco Almeida, manifest\u00f3 su oposici\u00f3n a este acuerdo pues, a su juicio, la proposici\u00f3n de ley no busca socavar la autonom\u00eda universitaria y cuenta con el consenso de los principales grupos parlamentarios. Por contra, otros consejeros no solo han apoyado la aprobaci\u00f3n de esa propuesta, sino que incluso reclamaron actuaciones m\u00e1s contundentes para mostrar el desacuerdo de la instituci\u00f3n acad\u00e9mica, mientras que otros abogaron por buscar v\u00edas de negociaci\u00f3n para evitar escenarios de confrontaci\u00f3n directa.<\/p>\n<p><strong>Otros asuntos<\/strong><\/p>\n<p>El Consejo de Gobierno tambi\u00e9n ha aprobado elevar al Consejo Social la cesi\u00f3n directa temporal al Cabildo de Tenerife de una franja de terreno en la zona baja del Campus Central para la ejecuci\u00f3n de un proyecto de mejoras en el intercambiador de transportes de La Laguna. La cesi\u00f3n tendr\u00e1 una duraci\u00f3n m\u00e1xima de cuatro a\u00f1os, afectar\u00e1 a una franja de 2.174,15 metros cuadrados, y conllevar\u00e1 una contraprestaci\u00f3n econ\u00f3mica directa de unos 376.000 euros vinculadas a las obras, m\u00e1s una subvenci\u00f3n directa de 500.000 euros para ayudar a mejorar los jardines de ese enclave.<\/p>\n<p>La propuesta cuenta con los informes favorables de la Oficina T\u00e9cnica, el Servicio de Contrataci\u00f3n y la Asesor\u00eda Jur\u00eddica, y otro del Servicio de Tecnolog\u00edas de la Informaci\u00f3n y las Comunicaciones poniendo de manifiesto las actuaciones necesarias para que las obras no afecten a la l\u00ednea de fibra \u00f3ptica universitaria.<\/p>\n<p>Tambi\u00e9n se aprob\u00f3 la creaci\u00f3n de una Asociaci\u00f3n de las Universidades P\u00fablicas Canarias, iniciativa que surgi\u00f3 durante la reuni\u00f3n de los dos equipos de gobierno de ambas instituciones celebrada en la Universidad de La Laguna el pasado 11 junio. En otras comunidades aut\u00f3nomas ya existen asociaciones similares, y la idea es contar con una entidad con personalidad jur\u00eddica que pueda servir de portavoz y apoyar las posiciones de las dos entidades p\u00fablicas de educaci\u00f3n superior del archipi\u00e9lago. Esta nueva entidad tambi\u00e9n incorporar\u00e1 a las dos fundaciones que tienen el car\u00e1cter de medios propios de las dos universidades y tendr\u00eda su sede en la instituci\u00f3n tinerfe\u00f1a.<\/p>\n<p>Durante la sesi\u00f3n fue aprobada la creaci\u00f3n de un M\u00e1ster en Formaci\u00f3n permanente en Docencia Universitaria. Actualmente, el profesorado universitario novel puede cursar dos cursos de experto para mejorar su capacitaci\u00f3n, uno sobre Docencia Universitaria y otro sobre Competencias Digitales. La idea es que las personas que hayan terminado ambos cursos, y adem\u00e1s completen unas asignaturas adicionales y realicen un trabajo fin de m\u00e1ster para llegar a los 60 cr\u00e9ditos ECTS, puedan obtener este nuevo m\u00e1ster.<\/p>\n<p>En la sesi\u00f3n tambi\u00e9n fueron aprobadas las convocatorias de 6 plazas de Profesorado Permanente Laboral y 42 de Profesorado Ayudante Doctor, estas \u00faltimas adscritas al Programa Mar\u00eda Goyri para la incorporaci\u00f3n de talento docente e investigador.<\/p>\n","protected":false},"excerpt":{"rendered":"<p>El Consejo de Gobierno de la Universidad de La Laguna ha aprobado en su sesi\u00f3n de hoy, martes 1 de&#8230;<\/p>\n","protected":false},"author":21,"featured_media":83128,"comment_status":"closed","ping_status":"closed","sticky":false,"template":"","format":"standard","meta":{"inline_featured_image":false,"footnotes":""},"categories":[345,347,2765],"tags":[903,905,11773],"acf":[],"yoast_head":"<!-- This site is optimized with the Yoast SEO plugin v21.3 - https:\/\/yoast.com\/wordpress\/plugins\/seo\/ -->\n<title>El Consejo de Gobierno discrepa con la Ley de Consejos Sociales<\/title>\n<meta name=\"description\" content=\"Un acuerdo muestra su &quot;profunda discrepancia&quot; con esta ley a\u00fan en tr\u00e1mite parlamentario por su posible intromisi\u00f3n en la autonom\u00eda universitaria.\" \/>\n<meta name=\"robots\" content=\"index, follow, max-snippet:-1, max-image-preview:large, max-video-preview:-1\" \/>\n<link rel=\"canonical\" href=\"https:\/\/www.ull.es\/portal\/noticias\/2025\/consejo-gobierno-profunda-discrepancia-proposicion-ley-consejos-sociales\/\" \/>\n<meta property=\"og:locale\" content=\"es_ES\" \/>\n<meta property=\"og:type\" content=\"article\" \/>\n<meta property=\"og:title\" content=\"El Consejo de Gobierno discrepa con la Ley de Consejos Sociales\" \/>\n<meta property=\"og:description\" content=\"Un acuerdo muestra su &quot;profunda discrepancia&quot; con esta ley a\u00fan en tr\u00e1mite parlamentario por su posible intromisi\u00f3n en la autonom\u00eda universitaria.\" \/>\n<meta property=\"og:url\" content=\"https:\/\/www.ull.es\/portal\/noticias\/2025\/consejo-gobierno-profunda-discrepancia-proposicion-ley-consejos-sociales\/\" \/>\n<meta property=\"og:site_name\" content=\"ULL - Noticias\" \/>\n<meta property=\"article:publisher\" content=\"https:\/\/www.facebook.com\/universidaddelalaguna\/\" \/>\n<meta property=\"article:published_time\" content=\"2025-07-01T13:12:43+00:00\" \/>\n<meta property=\"article:modified_time\" content=\"2025-07-01T13:15:20+00:00\" \/>\n<meta property=\"og:image\" content=\"https:\/\/www.ull.es\/portal\/noticias\/wp-content\/uploads\/sites\/13\/2025\/07\/Cons-Gobierno-1-7-08.jpg\" \/>\n\t<meta property=\"og:image:width\" content=\"1200\" \/>\n\t<meta property=\"og:image:height\" content=\"804\" \/>\n\t<meta property=\"og:image:type\" content=\"image\/jpeg\" \/>\n<meta name=\"author\" content=\"prensa2\" \/>\n<meta name=\"twitter:card\" content=\"summary_large_image\" \/>\n<meta name=\"twitter:creator\" content=\"@CanalULL\" \/>\n<meta name=\"twitter:site\" content=\"@CanalULL\" \/>\n<meta name=\"twitter:label1\" content=\"Escrito por\" \/>\n\t<meta name=\"twitter:data1\" content=\"prensa2\" \/>\n\t<meta name=\"twitter:label2\" content=\"Tiempo de lectura\" \/>\n\t<meta name=\"twitter:data2\" content=\"5 minutos\" \/>\n<script type=\"application\/ld+json\" class=\"yoast-schema-graph\">{\"@context\":\"https:\/\/schema.org\",\"@graph\":[{\"@type\":\"WebPage\",\"@id\":\"https:\/\/www.ull.es\/portal\/noticias\/2025\/consejo-gobierno-profunda-discrepancia-proposicion-ley-consejos-sociales\/\",\"url\":\"https:\/\/www.ull.es\/portal\/noticias\/2025\/consejo-gobierno-profunda-discrepancia-proposicion-ley-consejos-sociales\/\",\"name\":\"El Consejo de Gobierno discrepa con la Ley de Consejos Sociales\",\"isPartOf\":{\"@id\":\"https:\/\/www.ull.es\/portal\/noticias\/#website\"},\"datePublished\":\"2025-07-01T13:12:43+00:00\",\"dateModified\":\"2025-07-01T13:15:20+00:00\",\"author\":{\"@id\":\"https:\/\/www.ull.es\/portal\/noticias\/#\/schema\/person\/c3b2aa857797592927a03740d6664376\"},\"description\":\"Un acuerdo muestra su \\\"profunda discrepancia\\\" con esta ley a\u00fan en tr\u00e1mite parlamentario por su posible intromisi\u00f3n en la autonom\u00eda universitaria.\",\"breadcrumb\":{\"@id\":\"https:\/\/www.ull.es\/portal\/noticias\/2025\/consejo-gobierno-profunda-discrepancia-proposicion-ley-consejos-sociales\/#breadcrumb\"},\"inLanguage\":\"es\",\"potentialAction\":[{\"@type\":\"ReadAction\",\"target\":[\"https:\/\/www.ull.es\/portal\/noticias\/2025\/consejo-gobierno-profunda-discrepancia-proposicion-ley-consejos-sociales\/\"]}]},{\"@type\":\"BreadcrumbList\",\"@id\":\"https:\/\/www.ull.es\/portal\/noticias\/2025\/consejo-gobierno-profunda-discrepancia-proposicion-ley-consejos-sociales\/#breadcrumb\",\"itemListElement\":[{\"@type\":\"ListItem\",\"position\":1,\"name\":\"Portada\",\"item\":\"https:\/\/www.ull.es\/portal\/noticias\/\"},{\"@type\":\"ListItem\",\"position\":2,\"name\":\"El Consejo de Gobierno manifiesta su profunda discrepancia con la proposici\u00f3n de ley auton\u00f3mica de Consejos Sociales\"}]},{\"@type\":\"WebSite\",\"@id\":\"https:\/\/www.ull.es\/portal\/noticias\/#website\",\"url\":\"https:\/\/www.ull.es\/portal\/noticias\/\",\"name\":\"ULL - Noticias\",\"description\":\"\",\"potentialAction\":[{\"@type\":\"SearchAction\",\"target\":{\"@type\":\"EntryPoint\",\"urlTemplate\":\"https:\/\/www.ull.es\/portal\/noticias\/?s={search_term_string}\"},\"query-input\":\"required name=search_term_string\"}],\"inLanguage\":\"es\"},{\"@type\":\"Person\",\"@id\":\"https:\/\/www.ull.es\/portal\/noticias\/#\/schema\/person\/c3b2aa857797592927a03740d6664376\",\"name\":\"prensa2\",\"image\":{\"@type\":\"ImageObject\",\"inLanguage\":\"es\",\"@id\":\"https:\/\/www.ull.es\/portal\/noticias\/#\/schema\/person\/image\/\",\"url\":\"https:\/\/secure.gravatar.com\/avatar\/b58f310a5de5feb33d1e026d2493f23c?s=96&d=mm&r=g\",\"contentUrl\":\"https:\/\/secure.gravatar.com\/avatar\/b58f310a5de5feb33d1e026d2493f23c?s=96&d=mm&r=g\",\"caption\":\"prensa2\"},\"url\":\"https:\/\/www.ull.es\/portal\/noticias\/author\/prensa2\/\"}]}<\/script>\n<!-- \/ Yoast SEO plugin. -->","yoast_head_json":{"title":"El Consejo de Gobierno discrepa con la Ley de Consejos Sociales","description":"Un acuerdo muestra su \"profunda discrepancia\" con esta ley a\u00fan en tr\u00e1mite parlamentario por su posible intromisi\u00f3n en la autonom\u00eda universitaria.","robots":{"index":"index","follow":"follow","max-snippet":"max-snippet:-1","max-image-preview":"max-image-preview:large","max-video-preview":"max-video-preview:-1"},"canonical":"https:\/\/www.ull.es\/portal\/noticias\/2025\/consejo-gobierno-profunda-discrepancia-proposicion-ley-consejos-sociales\/","og_locale":"es_ES","og_type":"article","og_title":"El Consejo de Gobierno discrepa con la Ley de Consejos Sociales","og_description":"Un acuerdo muestra su \"profunda discrepancia\" con esta ley a\u00fan en tr\u00e1mite parlamentario por su posible intromisi\u00f3n en la autonom\u00eda universitaria.","og_url":"https:\/\/www.ull.es\/portal\/noticias\/2025\/consejo-gobierno-profunda-discrepancia-proposicion-ley-consejos-sociales\/","og_site_name":"ULL - Noticias","article_publisher":"https:\/\/www.facebook.com\/universidaddelalaguna\/","article_published_time":"2025-07-01T13:12:43+00:00","article_modified_time":"2025-07-01T13:15:20+00:00","og_image":[{"width":1200,"height":804,"url":"https:\/\/www.ull.es\/portal\/noticias\/wp-content\/uploads\/sites\/13\/2025\/07\/Cons-Gobierno-1-7-08.jpg","type":"image\/jpeg"}],"author":"prensa2","twitter_card":"summary_large_image","twitter_creator":"@CanalULL","twitter_site":"@CanalULL","twitter_misc":{"Escrito por":"prensa2","Tiempo de lectura":"5 minutos"},"schema":{"@context":"https:\/\/schema.org","@graph":[{"@type":"WebPage","@id":"https:\/\/www.ull.es\/portal\/noticias\/2025\/consejo-gobierno-profunda-discrepancia-proposicion-ley-consejos-sociales\/","url":"https:\/\/www.ull.es\/portal\/noticias\/2025\/consejo-gobierno-profunda-discrepancia-proposicion-ley-consejos-sociales\/","name":"El Consejo de Gobierno discrepa con la Ley de Consejos Sociales","isPartOf":{"@id":"https:\/\/www.ull.es\/portal\/noticias\/#website"},"datePublished":"2025-07-01T13:12:43+00:00","dateModified":"2025-07-01T13:15:20+00:00","author":{"@id":"https:\/\/www.ull.es\/portal\/noticias\/#\/schema\/person\/c3b2aa857797592927a03740d6664376"},"description":"Un acuerdo muestra su \"profunda discrepancia\" con esta ley a\u00fan en tr\u00e1mite parlamentario por su posible intromisi\u00f3n en la autonom\u00eda universitaria.","breadcrumb":{"@id":"https:\/\/www.ull.es\/portal\/noticias\/2025\/consejo-gobierno-profunda-discrepancia-proposicion-ley-consejos-sociales\/#breadcrumb"},"inLanguage":"es","potentialAction":[{"@type":"ReadAction","target":["https:\/\/www.ull.es\/portal\/noticias\/2025\/consejo-gobierno-profunda-discrepancia-proposicion-ley-consejos-sociales\/"]}]},{"@type":"BreadcrumbList","@id":"https:\/\/www.ull.es\/portal\/noticias\/2025\/consejo-gobierno-profunda-discrepancia-proposicion-ley-consejos-sociales\/#breadcrumb","itemListElement":[{"@type":"ListItem","position":1,"name":"Portada","item":"https:\/\/www.ull.es\/portal\/noticias\/"},{"@type":"ListItem","position":2,"name":"El Consejo de Gobierno manifiesta su profunda discrepancia con la proposici\u00f3n de ley auton\u00f3mica de Consejos Sociales"}]},{"@type":"WebSite","@id":"https:\/\/www.ull.es\/portal\/noticias\/#website","url":"https:\/\/www.ull.es\/portal\/noticias\/","name":"ULL - Noticias","description":"","potentialAction":[{"@type":"SearchAction","target":{"@type":"EntryPoint","urlTemplate":"https:\/\/www.ull.es\/portal\/noticias\/?s={search_term_string}"},"query-input":"required name=search_term_string"}],"inLanguage":"es"},{"@type":"Person","@id":"https:\/\/www.ull.es\/portal\/noticias\/#\/schema\/person\/c3b2aa857797592927a03740d6664376","name":"prensa2","image":{"@type":"ImageObject","inLanguage":"es","@id":"https:\/\/www.ull.es\/portal\/noticias\/#\/schema\/person\/image\/","url":"https:\/\/secure.gravatar.com\/avatar\/b58f310a5de5feb33d1e026d2493f23c?s=96&d=mm&r=g","contentUrl":"https:\/\/secure.gravatar.com\/avatar\/b58f310a5de5feb33d1e026d2493f23c?s=96&d=mm&r=g","caption":"prensa2"},"url":"https:\/\/www.ull.es\/portal\/noticias\/author\/prensa2\/"}]}},"primary_category":{"id":345,"name":"Destacado","slug":"destacado","link":"https:\/\/www.ull.es\/portal\/noticias\/category\/destacado\/"},"featured_image_thumbnail_url":"https:\/\/www.ull.es\/portal\/noticias\/wp-content\/uploads\/sites\/13\/2025\/07\/Cons-Gobierno-1-7-08-300x201.jpg","_links":{"self":[{"href":"https:\/\/www.ull.es\/portal\/noticias\/wp-json\/wp\/v2\/posts\/83131"}],"collection":[{"href":"https:\/\/www.ull.es\/portal\/noticias\/wp-json\/wp\/v2\/posts"}],"about":[{"href":"https:\/\/www.ull.es\/portal\/noticias\/wp-json\/wp\/v2\/types\/post"}],"author":[{"embeddable":true,"href":"https:\/\/www.ull.es\/portal\/noticias\/wp-json\/wp\/v2\/users\/21"}],"replies":[{"embeddable":true,"href":"https:\/\/www.ull.es\/portal\/noticias\/wp-json\/wp\/v2\/comments?post=83131"}],"version-history":[{"count":3,"href":"https:\/\/www.ull.es\/portal\/noticias\/wp-json\/wp\/v2\/posts\/83131\/revisions"}],"predecessor-version":[{"id":83136,"href":"https:\/\/www.ull.es\/portal\/noticias\/wp-json\/wp\/v2\/posts\/83131\/revisions\/83136"}],"wp:featuredmedia":[{"embeddable":true,"href":"https:\/\/www.ull.es\/portal\/noticias\/wp-json\/wp\/v2\/media\/83128"}],"wp:attachment":[{"href":"https:\/\/www.ull.es\/portal\/noticias\/wp-json\/wp\/v2\/media?parent=83131"}],"wp:term":[{"taxonomy":"category","embeddable":true,"href":"https:\/\/www.ull.es\/portal\/noticias\/wp-json\/wp\/v2\/categories?post=83131"},{"taxonomy":"post_tag","embeddable":true,"href":"https:\/\/www.ull.es\/portal\/noticias\/wp-json\/wp\/v2\/tags?post=83131"}],"curies":[{"name":"wp","href":"https:\/\/api.w.org\/{rel}","templated":true}]}}