{"id":83140,"date":"2025-07-02T09:32:47","date_gmt":"2025-07-02T09:32:47","guid":{"rendered":"https:\/\/www.ull.es\/portal\/noticias\/?p=83140"},"modified":"2025-07-02T09:32:47","modified_gmt":"2025-07-02T09:32:47","slug":"la-catedra-de-enoturismo-de-la-ull-lidera-una-investigacion-sobre-la-medicion-de-la-sostenibilidad-en-el-sector","status":"publish","type":"post","link":"https:\/\/www.ull.es\/portal\/noticias\/2025\/la-catedra-de-enoturismo-de-la-ull-lidera-una-investigacion-sobre-la-medicion-de-la-sostenibilidad-en-el-sector\/","title":{"rendered":"La C\u00e1tedra de Enoturismo de la ULL lidera una investigaci\u00f3n sobre la medici\u00f3n de la sostenibilidad en el sector"},"content":{"rendered":"<p>La <a href=\"https:\/\/wp.ull.es\/aenogas\/\" target=\"_blank\" rel=\"noopener\">C\u00e1tedra de Agroturismo y Enoturismo de Canarias<\/a> del Instituto Canario de Calidad Agroalimentaria y de la Universidad de La Laguna ha dado a conocer los primeros resultados de una investigaci\u00f3n pionera sobre los indicadores de desarrollo sostenible en las bodegas del archipi\u00e9lago. Este estudio, a cargo de la profesora Joyce Lavandoski, del Departamento de Turismo y Patrimonio de la Universidad Federal del Estado de R\u00edo de Janeiro, en el marco del programa de estancias cortas del Grupo Tordesillas \u2013 Fundaci\u00f3n Carolina, marca un hito crucial en la medici\u00f3n de la sostenibilidad del enoturismo y sienta las bases para su evoluci\u00f3n futura.<\/p>\n<p>La presentaci\u00f3n oficial de la investigaci\u00f3n tuvo lugar en la Escuela Superior de Ingenier\u00eda y Tecnolog\u00eda (ESIT) de la Universidad de La Laguna. El evento cont\u00f3 con la participaci\u00f3n de Lilibeth Fuentes Medina, directora del Secretariado de C\u00e1tedras Institucionales y de Empresas; Luis Arr\u00e1ez Guadalupe, director del Instituto Canario de Calidad Agroalimentaria; Ernesto Pereda de Pablo, director de la ESIT; y Jes\u00fas Enrique de las Heras Roger, director de la C\u00e1tedra. Todas las intervenciones convergieron en destacar el valor estrat\u00e9gico de la colaboraci\u00f3n entre la academia, el sector p\u00fablico y el tejido empresarial para el fortalecimiento y la proyecci\u00f3n del enoturismo en las Islas Canarias.<\/p>\n<p><strong>Un diagn\u00f3stico pionero <\/strong><\/p>\n<p>Durante tres meses de trabajo intensivo en las islas, la investigaci\u00f3n adopt\u00f3 una metodolog\u00eda integral que abarca cinco dimensiones clave: econ\u00f3mica, ambiental, social, territorial y de gobernanza institucional. De una propuesta inicial de 116 indicadores, se refinaron 72, los cuales fueron espec\u00edficamente adaptados al contexto canario y est\u00e1n alineados con 13 de los 17 Objetivos de Desarrollo Sostenible (ODS). Las conclusiones se obtuvieron a partir de encuestas y entrevistas en profundidad realizadas a responsables de 15 bodegas, ubicadas estrat\u00e9gicamente en Tenerife, Gran Canaria, Lanzarote y La Palma.<\/p>\n<p>Los resultados preliminares son sumamente prometedores. Las bodegas que participaron en el estudio alcanzaron una puntuaci\u00f3n media de sostenibilidad superior al 50%, con la dimensi\u00f3n territorial liderando (59,5%), seguida de cerca por la dimensi\u00f3n social. Esto subraya el profundo valor que las bodegas canarias otorgan al patrimonio natural y cultural, su compromiso con el uso de productos locales, y la calidad de un trato cercano y personalizado hacia el visitante. En el plano econ\u00f3mico, el enoturismo se percibe como una valiosa fuente de ingresos complementaria, con una fuerte apuesta por proveedores de proximidad. A nivel ambiental, se destacan las pr\u00e1cticas de gesti\u00f3n responsable de residuos y la clara intenci\u00f3n de reducci\u00f3n en el consumo de materiales.<\/p>\n<p>La investigaci\u00f3n de la profesora Lavandoski destaca por su innovaci\u00f3n, ofreciendo una herramienta tangible para evaluar y cotejar la sostenibilidad de las operaciones de enoturismo en las bodegas. A partir de este an\u00e1lisis, se revel\u00f3 un ranking preliminar de bodegas punteras en sostenibilidad, distingui\u00e9ndose estas no solo por su profesionalizaci\u00f3n del enoturismo y un enfoque de gesti\u00f3n integral, sino tambi\u00e9n por la implementaci\u00f3n de motores de reserva dise\u00f1ados exclusivamente para sus ofertas tur\u00edsticas.<\/p>\n<p><strong>Coloquio: Reflexiones y Propuestas para el Futuro<\/strong><\/p>\n<p>Tras la presentaci\u00f3n de la profesora Lavandowski, se llev\u00f3 a cabo un coloquio. En \u00e9l participaron la propia Lavandoski, Gabriel Santos, subdirector de la C\u00e1tedra, y David Padr\u00f3n, miembro de su consejo asesor. Este di\u00e1logo permiti\u00f3 profundizar en los resultados obtenidos y debatir sobre los desaf\u00edos y oportunidades que se presentan para el enoturismo canario.<\/p>\n<p>Se destac\u00f3 que las altas valoraciones en las dimensiones territorial y social responden a un fuerte arraigo al entorno, la inherente hospitalidad de las bodegas y un marcado compromiso con la comunidad local. Sin embargo, se se\u00f1al\u00f3 que la dimensi\u00f3n econ\u00f3mica y de gobernanza requieren una atenci\u00f3n urgente, dado que presentaron una menor puntuaci\u00f3n y una alta dispersi\u00f3n. Factores como la falta de certificaciones espec\u00edficas, una cultura de responsabilidad social corporativa a\u00fan en proceso de consolidaci\u00f3n y una escasa articulaci\u00f3n con las instituciones p\u00fablicas limitan el avance significativo en estas \u00e1reas.<\/p>\n<p>La investigaci\u00f3n propone una serie de recomendaciones para impulsar un modelo de enoturismo m\u00e1s sostenible, competitivo e inclusivo en Canarias. Entre las medidas clave, se sugiere establecer certificaciones y programas de calidad que reconozcan las buenas pr\u00e1cticas y promuevan la mejora continua en el sector. Asimismo, se enfatiza la importancia de fortalecer la responsabilidad social corporativa a trav\u00e9s de acciones visibles relacionadas con el consumo responsable y el compromiso con la comunidad local. En el \u00e1mbito ambiental, se recomienda avanzar hacia una mayor eficiencia energ\u00e9tica mediante el uso de energ\u00edas renovables y el fomento del transporte sostenible.<\/p>\n<p>Adem\u00e1s, el estudio subraya la necesidad de garantizar la accesibilidad universal, garantizando la inclusi\u00f3n de todas las personas en la experiencia enotur\u00edstica. Se aconseja tambi\u00e9n implementar mecanismos eficaces para la retroalimentaci\u00f3n con visitantes y comunidades locales, fomentar una gobernanza m\u00e1s participativa entre el sector p\u00fablico y privado, y optimizar las estrategias de promoci\u00f3n digital. Estas \u00faltimas deber\u00edan centrarse en resaltar la identidad, el patrimonio, y poner en valor la esencia genuina del enoturismo de Canarias para captar la atenci\u00f3n de nichos de mercado.<\/p>\n","protected":false},"excerpt":{"rendered":"<p>La C\u00e1tedra de Agroturismo y Enoturismo de Canarias del Instituto Canario de Calidad Agroalimentaria y de la Universidad de La&#8230;<\/p>\n","protected":false},"author":23,"featured_media":83142,"comment_status":"closed","ping_status":"closed","sticky":false,"template":"","format":"standard","meta":{"inline_featured_image":false,"footnotes":""},"categories":[344,345,2765],"tags":[],"acf":[],"yoast_head":"<!-- This site is optimized with the Yoast SEO plugin v21.3 - https:\/\/yoast.com\/wordpress\/plugins\/seo\/ -->\n<title>La C\u00e1tedra de Enoturismo de la ULL lidera una investigaci\u00f3n sobre la medici\u00f3n de la sostenibilidad en el sector - ULL - Noticias<\/title>\n<meta name=\"robots\" content=\"index, follow, max-snippet:-1, max-image-preview:large, max-video-preview:-1\" \/>\n<link rel=\"canonical\" href=\"https:\/\/www.ull.es\/portal\/noticias\/2025\/la-catedra-de-enoturismo-de-la-ull-lidera-una-investigacion-sobre-la-medicion-de-la-sostenibilidad-en-el-sector\/\" \/>\n<meta property=\"og:locale\" content=\"es_ES\" \/>\n<meta property=\"og:type\" content=\"article\" \/>\n<meta property=\"og:title\" content=\"La C\u00e1tedra de Enoturismo de la ULL lidera una investigaci\u00f3n sobre la medici\u00f3n de la sostenibilidad en el sector - ULL - Noticias\" \/>\n<meta property=\"og:description\" content=\"La C\u00e1tedra de Agroturismo y Enoturismo de Canarias del Instituto Canario de Calidad Agroalimentaria y de la Universidad de La...\" \/>\n<meta property=\"og:url\" content=\"https:\/\/www.ull.es\/portal\/noticias\/2025\/la-catedra-de-enoturismo-de-la-ull-lidera-una-investigacion-sobre-la-medicion-de-la-sostenibilidad-en-el-sector\/\" \/>\n<meta property=\"og:site_name\" content=\"ULL - Noticias\" \/>\n<meta property=\"article:publisher\" content=\"https:\/\/www.facebook.com\/universidaddelalaguna\/\" \/>\n<meta property=\"article:published_time\" content=\"2025-07-02T09:32:47+00:00\" \/>\n<meta property=\"og:image\" content=\"https:\/\/www.ull.es\/portal\/noticias\/wp-content\/uploads\/sites\/13\/2025\/07\/catedra-General.jpg\" \/>\n\t<meta property=\"og:image:width\" content=\"1600\" \/>\n\t<meta property=\"og:image:height\" content=\"1067\" \/>\n\t<meta property=\"og:image:type\" content=\"image\/jpeg\" \/>\n<meta name=\"author\" content=\"gaprsa\" \/>\n<meta name=\"twitter:card\" content=\"summary_large_image\" \/>\n<meta name=\"twitter:creator\" content=\"@CanalULL\" \/>\n<meta name=\"twitter:site\" content=\"@CanalULL\" \/>\n<meta name=\"twitter:label1\" content=\"Escrito por\" \/>\n\t<meta name=\"twitter:data1\" content=\"gaprsa\" \/>\n\t<meta name=\"twitter:label2\" content=\"Tiempo de lectura\" \/>\n\t<meta name=\"twitter:data2\" content=\"4 minutos\" \/>\n<script type=\"application\/ld+json\" class=\"yoast-schema-graph\">{\"@context\":\"https:\/\/schema.org\",\"@graph\":[{\"@type\":\"WebPage\",\"@id\":\"https:\/\/www.ull.es\/portal\/noticias\/2025\/la-catedra-de-enoturismo-de-la-ull-lidera-una-investigacion-sobre-la-medicion-de-la-sostenibilidad-en-el-sector\/\",\"url\":\"https:\/\/www.ull.es\/portal\/noticias\/2025\/la-catedra-de-enoturismo-de-la-ull-lidera-una-investigacion-sobre-la-medicion-de-la-sostenibilidad-en-el-sector\/\",\"name\":\"La C\u00e1tedra de Enoturismo de la ULL lidera una investigaci\u00f3n sobre la medici\u00f3n de la sostenibilidad en el sector - ULL - Noticias\",\"isPartOf\":{\"@id\":\"https:\/\/www.ull.es\/portal\/noticias\/#website\"},\"datePublished\":\"2025-07-02T09:32:47+00:00\",\"dateModified\":\"2025-07-02T09:32:47+00:00\",\"author\":{\"@id\":\"https:\/\/www.ull.es\/portal\/noticias\/#\/schema\/person\/b2b1a89d43ffa609e591f7df8ef3e817\"},\"breadcrumb\":{\"@id\":\"https:\/\/www.ull.es\/portal\/noticias\/2025\/la-catedra-de-enoturismo-de-la-ull-lidera-una-investigacion-sobre-la-medicion-de-la-sostenibilidad-en-el-sector\/#breadcrumb\"},\"inLanguage\":\"es\",\"potentialAction\":[{\"@type\":\"ReadAction\",\"target\":[\"https:\/\/www.ull.es\/portal\/noticias\/2025\/la-catedra-de-enoturismo-de-la-ull-lidera-una-investigacion-sobre-la-medicion-de-la-sostenibilidad-en-el-sector\/\"]}]},{\"@type\":\"BreadcrumbList\",\"@id\":\"https:\/\/www.ull.es\/portal\/noticias\/2025\/la-catedra-de-enoturismo-de-la-ull-lidera-una-investigacion-sobre-la-medicion-de-la-sostenibilidad-en-el-sector\/#breadcrumb\",\"itemListElement\":[{\"@type\":\"ListItem\",\"position\":1,\"name\":\"Portada\",\"item\":\"https:\/\/www.ull.es\/portal\/noticias\/\"},{\"@type\":\"ListItem\",\"position\":2,\"name\":\"La C\u00e1tedra de Enoturismo de la ULL lidera una investigaci\u00f3n sobre la medici\u00f3n de la sostenibilidad en el sector\"}]},{\"@type\":\"WebSite\",\"@id\":\"https:\/\/www.ull.es\/portal\/noticias\/#website\",\"url\":\"https:\/\/www.ull.es\/portal\/noticias\/\",\"name\":\"ULL - Noticias\",\"description\":\"\",\"potentialAction\":[{\"@type\":\"SearchAction\",\"target\":{\"@type\":\"EntryPoint\",\"urlTemplate\":\"https:\/\/www.ull.es\/portal\/noticias\/?s={search_term_string}\"},\"query-input\":\"required name=search_term_string\"}],\"inLanguage\":\"es\"},{\"@type\":\"Person\",\"@id\":\"https:\/\/www.ull.es\/portal\/noticias\/#\/schema\/person\/b2b1a89d43ffa609e591f7df8ef3e817\",\"name\":\"gaprsa\",\"image\":{\"@type\":\"ImageObject\",\"inLanguage\":\"es\",\"@id\":\"https:\/\/www.ull.es\/portal\/noticias\/#\/schema\/person\/image\/\",\"url\":\"https:\/\/secure.gravatar.com\/avatar\/443820550921091458b4823867723b3d?s=96&d=mm&r=g\",\"contentUrl\":\"https:\/\/secure.gravatar.com\/avatar\/443820550921091458b4823867723b3d?s=96&d=mm&r=g\",\"caption\":\"gaprsa\"},\"url\":\"https:\/\/www.ull.es\/portal\/noticias\/author\/gaprsa\/\"}]}<\/script>\n<!-- \/ Yoast SEO plugin. -->","yoast_head_json":{"title":"La C\u00e1tedra de Enoturismo de la ULL lidera una investigaci\u00f3n sobre la medici\u00f3n de la sostenibilidad en el sector - ULL - Noticias","robots":{"index":"index","follow":"follow","max-snippet":"max-snippet:-1","max-image-preview":"max-image-preview:large","max-video-preview":"max-video-preview:-1"},"canonical":"https:\/\/www.ull.es\/portal\/noticias\/2025\/la-catedra-de-enoturismo-de-la-ull-lidera-una-investigacion-sobre-la-medicion-de-la-sostenibilidad-en-el-sector\/","og_locale":"es_ES","og_type":"article","og_title":"La C\u00e1tedra de Enoturismo de la ULL lidera una investigaci\u00f3n sobre la medici\u00f3n de la sostenibilidad en el sector - ULL - Noticias","og_description":"La C\u00e1tedra de Agroturismo y Enoturismo de Canarias del Instituto Canario de Calidad Agroalimentaria y de la Universidad de La...","og_url":"https:\/\/www.ull.es\/portal\/noticias\/2025\/la-catedra-de-enoturismo-de-la-ull-lidera-una-investigacion-sobre-la-medicion-de-la-sostenibilidad-en-el-sector\/","og_site_name":"ULL - Noticias","article_publisher":"https:\/\/www.facebook.com\/universidaddelalaguna\/","article_published_time":"2025-07-02T09:32:47+00:00","og_image":[{"width":1600,"height":1067,"url":"https:\/\/www.ull.es\/portal\/noticias\/wp-content\/uploads\/sites\/13\/2025\/07\/catedra-General.jpg","type":"image\/jpeg"}],"author":"gaprsa","twitter_card":"summary_large_image","twitter_creator":"@CanalULL","twitter_site":"@CanalULL","twitter_misc":{"Escrito por":"gaprsa","Tiempo de lectura":"4 minutos"},"schema":{"@context":"https:\/\/schema.org","@graph":[{"@type":"WebPage","@id":"https:\/\/www.ull.es\/portal\/noticias\/2025\/la-catedra-de-enoturismo-de-la-ull-lidera-una-investigacion-sobre-la-medicion-de-la-sostenibilidad-en-el-sector\/","url":"https:\/\/www.ull.es\/portal\/noticias\/2025\/la-catedra-de-enoturismo-de-la-ull-lidera-una-investigacion-sobre-la-medicion-de-la-sostenibilidad-en-el-sector\/","name":"La C\u00e1tedra de Enoturismo de la ULL lidera una investigaci\u00f3n sobre la medici\u00f3n de la sostenibilidad en el sector - ULL - Noticias","isPartOf":{"@id":"https:\/\/www.ull.es\/portal\/noticias\/#website"},"datePublished":"2025-07-02T09:32:47+00:00","dateModified":"2025-07-02T09:32:47+00:00","author":{"@id":"https:\/\/www.ull.es\/portal\/noticias\/#\/schema\/person\/b2b1a89d43ffa609e591f7df8ef3e817"},"breadcrumb":{"@id":"https:\/\/www.ull.es\/portal\/noticias\/2025\/la-catedra-de-enoturismo-de-la-ull-lidera-una-investigacion-sobre-la-medicion-de-la-sostenibilidad-en-el-sector\/#breadcrumb"},"inLanguage":"es","potentialAction":[{"@type":"ReadAction","target":["https:\/\/www.ull.es\/portal\/noticias\/2025\/la-catedra-de-enoturismo-de-la-ull-lidera-una-investigacion-sobre-la-medicion-de-la-sostenibilidad-en-el-sector\/"]}]},{"@type":"BreadcrumbList","@id":"https:\/\/www.ull.es\/portal\/noticias\/2025\/la-catedra-de-enoturismo-de-la-ull-lidera-una-investigacion-sobre-la-medicion-de-la-sostenibilidad-en-el-sector\/#breadcrumb","itemListElement":[{"@type":"ListItem","position":1,"name":"Portada","item":"https:\/\/www.ull.es\/portal\/noticias\/"},{"@type":"ListItem","position":2,"name":"La C\u00e1tedra de Enoturismo de la ULL lidera una investigaci\u00f3n sobre la medici\u00f3n de la sostenibilidad en el sector"}]},{"@type":"WebSite","@id":"https:\/\/www.ull.es\/portal\/noticias\/#website","url":"https:\/\/www.ull.es\/portal\/noticias\/","name":"ULL - Noticias","description":"","potentialAction":[{"@type":"SearchAction","target":{"@type":"EntryPoint","urlTemplate":"https:\/\/www.ull.es\/portal\/noticias\/?s={search_term_string}"},"query-input":"required name=search_term_string"}],"inLanguage":"es"},{"@type":"Person","@id":"https:\/\/www.ull.es\/portal\/noticias\/#\/schema\/person\/b2b1a89d43ffa609e591f7df8ef3e817","name":"gaprsa","image":{"@type":"ImageObject","inLanguage":"es","@id":"https:\/\/www.ull.es\/portal\/noticias\/#\/schema\/person\/image\/","url":"https:\/\/secure.gravatar.com\/avatar\/443820550921091458b4823867723b3d?s=96&d=mm&r=g","contentUrl":"https:\/\/secure.gravatar.com\/avatar\/443820550921091458b4823867723b3d?s=96&d=mm&r=g","caption":"gaprsa"},"url":"https:\/\/www.ull.es\/portal\/noticias\/author\/gaprsa\/"}]}},"primary_category":{"id":345,"name":"Destacado","slug":"destacado","link":"https:\/\/www.ull.es\/portal\/noticias\/category\/destacado\/"},"featured_image_thumbnail_url":"https:\/\/www.ull.es\/portal\/noticias\/wp-content\/uploads\/sites\/13\/2025\/07\/catedra-General-300x200.jpg","_links":{"self":[{"href":"https:\/\/www.ull.es\/portal\/noticias\/wp-json\/wp\/v2\/posts\/83140"}],"collection":[{"href":"https:\/\/www.ull.es\/portal\/noticias\/wp-json\/wp\/v2\/posts"}],"about":[{"href":"https:\/\/www.ull.es\/portal\/noticias\/wp-json\/wp\/v2\/types\/post"}],"author":[{"embeddable":true,"href":"https:\/\/www.ull.es\/portal\/noticias\/wp-json\/wp\/v2\/users\/23"}],"replies":[{"embeddable":true,"href":"https:\/\/www.ull.es\/portal\/noticias\/wp-json\/wp\/v2\/comments?post=83140"}],"version-history":[{"count":1,"href":"https:\/\/www.ull.es\/portal\/noticias\/wp-json\/wp\/v2\/posts\/83140\/revisions"}],"predecessor-version":[{"id":83141,"href":"https:\/\/www.ull.es\/portal\/noticias\/wp-json\/wp\/v2\/posts\/83140\/revisions\/83141"}],"wp:featuredmedia":[{"embeddable":true,"href":"https:\/\/www.ull.es\/portal\/noticias\/wp-json\/wp\/v2\/media\/83142"}],"wp:attachment":[{"href":"https:\/\/www.ull.es\/portal\/noticias\/wp-json\/wp\/v2\/media?parent=83140"}],"wp:term":[{"taxonomy":"category","embeddable":true,"href":"https:\/\/www.ull.es\/portal\/noticias\/wp-json\/wp\/v2\/categories?post=83140"},{"taxonomy":"post_tag","embeddable":true,"href":"https:\/\/www.ull.es\/portal\/noticias\/wp-json\/wp\/v2\/tags?post=83140"}],"curies":[{"name":"wp","href":"https:\/\/api.w.org\/{rel}","templated":true}]}}