{"id":83232,"date":"2025-07-07T09:00:42","date_gmt":"2025-07-07T09:00:42","guid":{"rendered":"https:\/\/www.ull.es\/portal\/noticias\/?p=83232"},"modified":"2025-07-07T09:00:42","modified_gmt":"2025-07-07T09:00:42","slug":"la-universidad-de-verano-de-la-gomera-abre-con-una-mirada-al-presente-y-futuro-de-la-arqueologia-canaria","status":"publish","type":"post","link":"https:\/\/www.ull.es\/portal\/noticias\/2025\/la-universidad-de-verano-de-la-gomera-abre-con-una-mirada-al-presente-y-futuro-de-la-arqueologia-canaria\/","title":{"rendered":"La Universidad de Verano de La Gomera abre con una mirada al presente y futuro de la arqueolog\u00eda canaria"},"content":{"rendered":"<p>La <a href=\"https:\/\/www.ull.es\/cultura\/cursos-extension-universitaria\/universidad-de-verano-de-la-gomera\/\" target=\"_blank\" rel=\"noopener\" target=\"_blank\" rel=\"noopener\">Universidad de Verano de La Gomera<\/a> dio comienzo a su edici\u00f3n 2025 el pasado viernes, 4 de julio, con la celebraci\u00f3n de su acto inaugural en el Sal\u00f3n de Plenos del Ayuntamiento de Vallehermoso. La jornada comenz\u00f3 con la conferencia \u00abPresente y futuro de la arqueolog\u00eda canaria\u00bb, impartida por el profesor Cristo M. Hern\u00e1ndez G\u00f3mez, docente e investigador de la Universidad de La Laguna, quien ofreci\u00f3 una intervenci\u00f3n vibrante, cargada de referencias personales, datos hist\u00f3ricos y reflexiones sobre el papel que juega hoy la arqueolog\u00eda como herramienta de construcci\u00f3n social, cient\u00edfica y cultural. El acto marc\u00f3 as\u00ed el inicio de una programaci\u00f3n acad\u00e9mica que, un a\u00f1o m\u00e1s, apuesta por acercar el conocimiento universitario a todos los rincones del territorio gomero y fomentar la formaci\u00f3n continua entre la ciudadan\u00eda.<\/p>\n<p>La cita reuni\u00f3 a representantes institucionales del Ayuntamiento de Vallehermoso, del Cabildo Insular de La Gomera y de la Universidad de La Laguna. Intervinieron Emiliano Coello, alcalde del municipio anfitri\u00f3n; Adasat Reyes, vicepresidente primero del Cabildo; Rosa Elena Garc\u00eda, consejera insular de Servicios Sociales, Educaci\u00f3n, Cultura y Deportes; Antonio Aparicio, vicerrector de Investigaci\u00f3n y Transferencia de la Universidad de La Laguna, y Abel L\u00f3pez, director de secretariado de Extensi\u00f3n Universitaria, quien se encarg\u00f3 de presentar al ponente.<\/p>\n<p>Durante su intervenci\u00f3n, el alcalde dio la bienvenida a los asistentes y valor\u00f3 la importancia de la colaboraci\u00f3n entre instituciones para seguir acercando el conocimiento a los municipios. En un momento especial para Vallehermoso, inmerso en la celebraci\u00f3n de sus fiestas lustrales, Emiliano Coello reivindic\u00f3 la conexi\u00f3n directa de la localidad con la Universidad de La Laguna a trav\u00e9s de proyectos como esta Universidad de Verano.<\/p>\n<div id=\"attachment_83239\" style=\"width: 310px\" class=\"wp-caption alignright\"><a href=\"https:\/\/www.ull.es\/portal\/noticias\/wp-content\/uploads\/sites\/13\/2025\/07\/Mesa-de-trabajo-2.jpg\" target=\"_blank\" rel=\"noopener\"><img aria-describedby=\"caption-attachment-83239\" decoding=\"async\" loading=\"lazy\" class=\"size-medium wp-image-83239\" src=\"https:\/\/www.ull.es\/portal\/noticias\/wp-content\/uploads\/sites\/13\/2025\/07\/Mesa-de-trabajo-2-300x200.jpg\" alt=\"\" width=\"300\" height=\"200\" srcset=\"https:\/\/www.ull.es\/portal\/noticias\/wp-content\/uploads\/sites\/13\/2025\/07\/Mesa-de-trabajo-2-300x200.jpg 300w, https:\/\/www.ull.es\/portal\/noticias\/wp-content\/uploads\/sites\/13\/2025\/07\/Mesa-de-trabajo-2-1024x683.jpg 1024w, https:\/\/www.ull.es\/portal\/noticias\/wp-content\/uploads\/sites\/13\/2025\/07\/Mesa-de-trabajo-2-768x512.jpg 768w, https:\/\/www.ull.es\/portal\/noticias\/wp-content\/uploads\/sites\/13\/2025\/07\/Mesa-de-trabajo-2-375x250.jpg 375w, https:\/\/www.ull.es\/portal\/noticias\/wp-content\/uploads\/sites\/13\/2025\/07\/Mesa-de-trabajo-2-750x500.jpg 750w, https:\/\/www.ull.es\/portal\/noticias\/wp-content\/uploads\/sites\/13\/2025\/07\/Mesa-de-trabajo-2-1140x760.jpg 1140w, https:\/\/www.ull.es\/portal\/noticias\/wp-content\/uploads\/sites\/13\/2025\/07\/Mesa-de-trabajo-2.jpg 1200w\" sizes=\"(max-width: 300px) 100vw, 300px\" \/><\/a><p id=\"caption-attachment-83239\" class=\"wp-caption-text\">(De izq. a der.) Rosa Elena Garc\u00eda, consejera insular de Servicios Sociales, Educaci\u00f3n, Cultura y Deportes; Antonio Aparicio, vicerrector de Investigaci\u00f3n de la ULL; Adasat Reyes, vicepresidente primero del Cabildo de La Gomera; y Emiliano Coello, alcalde del ayuntamiento de Vallehermoso.<\/p><\/div>\n<p>El vicepresidente del Cabildo, Adasat Reyes, destac\u00f3 que \u201cLa Gomera est\u00e1 hecha de huellas antiguas que nos hablan\u201d y subray\u00f3 que la arqueolog\u00eda, m\u00e1s all\u00e1 de lo acad\u00e9mico, conecta directamente con el alma de la isla: \u201cCada fragmento hallado es un puente con nuestros or\u00edgenes. Por eso es tan importante seguir investigando, divulgando y protegiendo ese legado\u201d. Tambi\u00e9n quiso agradecer a la ULL su apuesta continuada por una formaci\u00f3n accesible, diversa y descentralizada: \u201cEl acceso al conocimiento es un derecho, no un privilegio\u201d, sentenci\u00f3.<\/p>\n<p>El vicerrector Antonio Aparicio, en representaci\u00f3n del rector, valor\u00f3 la trayectoria de este programa formativo, que suma ya m\u00e1s de 25 a\u00f1os de historia, y su papel clave en la expansi\u00f3n de la acci\u00f3n acad\u00e9mica fuera del campus. \u201cEl conocimiento no debe estar limitado por la geograf\u00eda. Esta Universidad de Verano demuestra que la formaci\u00f3n universitaria puede y debe llegar a todos los municipios del Archipi\u00e9lago\u201d, afirm\u00f3.<\/p>\n<p><strong>La arqueolog\u00eda canaria como legado y desaf\u00edo<\/strong><\/p>\n<p>La conferencia de Cristo M. Hern\u00e1ndez fue una reivindicaci\u00f3n del valor transformador de la arqueolog\u00eda y de su dimensi\u00f3n p\u00fablica. Desde un enfoque riguroso, pero tambi\u00e9n profundamente humano, comparti\u00f3 su experiencia como investigador, docente y divulgador, y situ\u00f3 a la Universidad de La Laguna como un referente internacional en el \u00e1mbito de la arqueolog\u00eda.<\/p>\n<p>El propio profesor comenz\u00f3 reconociendo la carga simb\u00f3lica que ten\u00eda para \u00e9l ofrecer esta charla inaugural en La Gomera, isla que, seg\u00fan expres\u00f3, \u201csiempre fue la de enfrente, pero tambi\u00e9n la de los primeros viajes, la del descubrimiento\u201d. Record\u00f3 con emoci\u00f3n su trabajo en el Alto de Garajonay, \u201cuno de los momentos m\u00e1s especiales\u201d de su carrera, y reivindic\u00f3 el papel pionero del Museo Arqueol\u00f3gico de La Gomera como \u201cepicentro de un modelo de arqueolog\u00eda participativa que hoy inspira a las dem\u00e1s islas\u201d.<\/p>\n<p>Hizo especial hincapi\u00e9 en que no hablar\u00eda de la arqueolog\u00eda gomera en concreto, sino del contexto m\u00e1s amplio de la arqueolog\u00eda canaria y del papel que debe desempe\u00f1ar la universidad p\u00fablica en su desarrollo. Reivindic\u00f3 el paso de una arqueolog\u00eda colonial \u2014en la que investigadores extranjeros estudiaban desde fuera\u2014 a un modelo liderado desde Canarias con reconocimiento internacional. \u201cHoy publicamos en revistas como Nature y formamos parte de redes cient\u00edficas globales. Nuestro trabajo no solo es relevante aqu\u00ed, sino que est\u00e1 en di\u00e1logo con el mundo\u201d.<\/p>\n<p>Con un tono cercano y divulgativo, comparti\u00f3 tambi\u00e9n c\u00f3mo se enamor\u00f3 de la arqueolog\u00eda de ni\u00f1o, al ver a Indiana Jones, y recomend\u00f3 el libro \u201cEn busca del Doctor Jones\u00bb, que relata c\u00f3mo esa figura inspir\u00f3 a toda una generaci\u00f3n de arque\u00f3logos. A trav\u00e9s de im\u00e1genes, ejemplos hist\u00f3ricos y an\u00e9cdotas personales, fue desgranando c\u00f3mo el pasado se lee en los suelos, en los objetos, en los paisajes transformados por siglos de actividad humana. \u201cLa arqueolog\u00eda \u2014dijo\u2014 no es solo una herramienta para recordar, sino para comprender. Nos ayuda a interpretar los conflictos, las migraciones, los cambios clim\u00e1ticos y las relaciones sociales que nos han tra\u00eddo hasta aqu\u00ed\u201d.<\/p>\n<p>Antes de finalizar su intervenci\u00f3n, Cristo M. Hern\u00e1ndez hizo una emotiva referencia a su v\u00ednculo con La Gomera, destacando que fue en esta isla donde vivi\u00f3 algunos de los momentos m\u00e1s significativos de su carrera, especialmente en el entorno del Alto de Garajonay, al que calific\u00f3 como \u201cgermen\u201d de su vocaci\u00f3n investigadora. Quiso adem\u00e1s dedicar unas palabras de reconocimiento a su compa\u00f1ero y amigo Juan Carlos Hern\u00e1ndez Marrero, director del Museo Arqueol\u00f3gico Insular y asistente a la conferencia, al que se\u00f1al\u00f3 como pieza fundamental en el impulso de un modelo de arqueolog\u00eda participativa que hoy se mira desde otras islas como referente a seguir. Subray\u00f3 que este enfoque, basado en la ciencia ciudadana y la conexi\u00f3n con el territorio, convierte al museo en un verdadero epicentro del conocimiento y la divulgaci\u00f3n arqueol\u00f3gica en Canarias.<\/p>\n<p><a href=\"https:\/\/www.ull.es\/portal\/noticias\/wp-content\/uploads\/sites\/13\/2025\/07\/Mesa-de-trabajo-3.jpg\" target=\"_blank\" rel=\"noopener\"><img decoding=\"async\" loading=\"lazy\" class=\"alignleft size-medium wp-image-83241\" src=\"https:\/\/www.ull.es\/portal\/noticias\/wp-content\/uploads\/sites\/13\/2025\/07\/Mesa-de-trabajo-3-300x200.jpg\" alt=\"\" width=\"300\" height=\"200\" srcset=\"https:\/\/www.ull.es\/portal\/noticias\/wp-content\/uploads\/sites\/13\/2025\/07\/Mesa-de-trabajo-3-300x200.jpg 300w, https:\/\/www.ull.es\/portal\/noticias\/wp-content\/uploads\/sites\/13\/2025\/07\/Mesa-de-trabajo-3-1024x683.jpg 1024w, https:\/\/www.ull.es\/portal\/noticias\/wp-content\/uploads\/sites\/13\/2025\/07\/Mesa-de-trabajo-3-768x512.jpg 768w, https:\/\/www.ull.es\/portal\/noticias\/wp-content\/uploads\/sites\/13\/2025\/07\/Mesa-de-trabajo-3-375x250.jpg 375w, https:\/\/www.ull.es\/portal\/noticias\/wp-content\/uploads\/sites\/13\/2025\/07\/Mesa-de-trabajo-3-750x500.jpg 750w, https:\/\/www.ull.es\/portal\/noticias\/wp-content\/uploads\/sites\/13\/2025\/07\/Mesa-de-trabajo-3-1140x760.jpg 1140w, https:\/\/www.ull.es\/portal\/noticias\/wp-content\/uploads\/sites\/13\/2025\/07\/Mesa-de-trabajo-3.jpg 1200w\" sizes=\"(max-width: 300px) 100vw, 300px\" \/><\/a>El acto concluy\u00f3 con la intervenci\u00f3n de la consejera insular Rosa Elena Garc\u00eda tom\u00f3 la palabra para anunciar los cursos que componen el itinerario acad\u00e9mico. Finalmente, Abel L\u00f3pez invit\u00f3 a la poblaci\u00f3n a participar activamente en las actividades de la Universidad de Verano e insisti\u00f3 en que \u201cla presencia de la Universidad en La Gomera no debe limitarse al verano; el objetivo es seguir ampliando esa conexi\u00f3n durante todo el a\u00f1o\u201d.<\/p>\n<p><strong>Itinerario formativo y pr\u00f3xima cita<\/strong><\/p>\n<p>La Universidad de Verano de La Gomera continuar\u00e1 su itinerario acad\u00e9mico del 8 al 10 de julio en Alajer\u00f3 con el curso \u2018<a href=\"https:\/\/sede.fg.ull.es\/es\/curso\/detalle?code=a25020170&amp;name=i-curso-de-paleontologia-de-canarias-yacimientos-y-fosiles-excepcionales-y-su-uso-y-gestion&amp;query=%3Fcode%3DA25020170\" target=\"_blank\" rel=\"noopener\" target=\"_blank\" rel=\"noopener\">I Curso de Paleontolog\u00eda de Canarias. Yacimientos y f\u00f3siles excepcionales y su uso y gesti\u00f3n<\/a>\u2019, centrado en el patrimonio f\u00f3sil del Archipi\u00e9lago y su aplicaci\u00f3n en la gesti\u00f3n del medio.<\/p>\n<p>El pr\u00f3ximo 12 de julio, el mismo municipio acoger\u00e1 el evento central de esta edici\u00f3n bajo el t\u00edtulo \u201cCultura entre bancales\u201d. Esta jornada reunir\u00e1 divulgaci\u00f3n, intercambio de saberes y celebraci\u00f3n del patrimonio gomero, con una agenda que incluir\u00e1 un<a href=\"https:\/\/www.ull.es\/portal\/agenda\/evento\/tagoror-de-saberes\/\" target=\"_blank\" rel=\"noopener\" target=\"_blank\" rel=\"noopener\"> Tagoror de Saberes<\/a> \u2014donde estudiantes de la instituci\u00f3n acad\u00e9mica presentar\u00e1n sus Trabajos de Fin de Grado y M\u00e1ster\u2014, una <a href=\"https:\/\/www.ull.es\/portal\/agenda\/evento\/masterclass-wine-tasting-comprendiendo-la-diversidad-de-los-vinos-de-las-islas-canarias-2\/\" target=\"_blank\" rel=\"noopener\" target=\"_blank\" rel=\"noopener\">masterclass sobre los vinos de La Gomera<\/a>, un cinef\u00f3rum con proyecci\u00f3n audiovisual y mesa de debate, y una degustaci\u00f3n final de vinos locales.<\/p>\n<p>Durante la segunda mitad de julio, se desarrollar\u00e1n otros cursos en distintos municipios de la isla: <a href=\"https:\/\/sede.fg.ull.es\/es\/curso\/detalle?code=a25020167&amp;name=curso-basico-de-piloto-de-drones-capacitacion-para-certificados-en-categoria-abierta-a1-a3&amp;query=%3Fcode%3DA25020167\" target=\"_blank\" rel=\"noopener\" target=\"_blank\" rel=\"noopener\">\u2018Curso b\u00e1sico de piloto de drones<\/a>\u2019 (14 al 16 de julio en Hermigua), \u2018<a href=\"https:\/\/sede.fg.ull.es\/es\/curso\/detalle?code=a25020166&amp;name=la-geodiversidad-y-el-patrimonio-geologico-de-cada-una-de-las-islas-canarias&amp;query=%3Fcode%3DA25020166\" target=\"_blank\" rel=\"noopener\" target=\"_blank\" rel=\"noopener\">Geodiversidad y patrimonio geol\u00f3gico<\/a>\u2019 (14 al 16 de julio en Agulo), y \u2018<a href=\"https:\/\/sede.fg.ull.es\/es\/curso\/detalle?code=a25020168&amp;name=big-data-extrayendo-conocimiento-de-los-datos&amp;query=%3Fcode%3DA25020168\" target=\"_blank\" rel=\"noopener\" target=\"_blank\" rel=\"noopener\">Big Data. Extrayendo conocimiento de los dato<\/a>s\u2019 (15 al 17 de julio en Playa de Santiago). Tras el par\u00f3n de agosto, la programaci\u00f3n concluir\u00e1 del 16 al 18 de septiembre en San Sebasti\u00e1n, con el curso \u2018<a href=\"https:\/\/sede.fg.ull.es\/es\/curso\/detalle?code=a25020171&amp;name=canarias-y-america-cinco-siglos-de-transito-cultural&amp;query=%3Fcode%3DA25020171\" target=\"_blank\" rel=\"noopener\" target=\"_blank\" rel=\"noopener\">Canarias y Am\u00e9rica: cinco siglos de tr\u00e1nsito cultural<\/a>\u2019, una mirada a los v\u00ednculos hist\u00f3ricos y culturales entre el Archipi\u00e9lago y el continente americano.<\/p>\n<p>La Universidad de La Laguna, a trav\u00e9s del Vicerrectorado de Cultura y Extensi\u00f3n Universitaria, emitir\u00e1 un certificado de asistencia a quienes acudan al 80% de las sesiones presenciales. Adem\u00e1s, aquellas personas que realicen el trabajo aut\u00f3nomo recibir\u00e1n un certificado de aprovechamiento, reconocible por 1 o 2 cr\u00e9ditos ECTS.<\/p>\n","protected":false},"excerpt":{"rendered":"<p>La Universidad de Verano de La Gomera dio comienzo a su edici\u00f3n 2025 el pasado viernes, 4 de julio, con&#8230;<\/p>\n","protected":false},"author":67,"featured_media":83236,"comment_status":"closed","ping_status":"closed","sticky":false,"template":"","format":"standard","meta":{"inline_featured_image":false,"footnotes":""},"categories":[345,348,2765],"tags":[7987,11801,1722,2575],"acf":[],"yoast_head":"<!-- This site is optimized with the Yoast SEO plugin v21.3 - https:\/\/yoast.com\/wordpress\/plugins\/seo\/ -->\n<title>La Universidad de Verano de La Gomera abre con una mirada al presente y futuro de la arqueolog\u00eda canaria - ULL - Noticias<\/title>\n<meta name=\"description\" content=\"La Universidad de Verano de La Gomera dio comienzo a su edici\u00f3n 2025 el pasado viernes, 4 de julio, con la celebraci\u00f3n de su acto inaugural en el Sal\u00f3n de Plenos del Ayuntamiento de Vallehermoso.\" \/>\n<meta name=\"robots\" content=\"index, follow, max-snippet:-1, max-image-preview:large, max-video-preview:-1\" \/>\n<link rel=\"canonical\" href=\"https:\/\/www.ull.es\/portal\/noticias\/2025\/la-universidad-de-verano-de-la-gomera-abre-con-una-mirada-al-presente-y-futuro-de-la-arqueologia-canaria\/\" \/>\n<meta property=\"og:locale\" content=\"es_ES\" \/>\n<meta property=\"og:type\" content=\"article\" \/>\n<meta property=\"og:title\" content=\"La Universidad de Verano de La Gomera abre con una mirada al presente y futuro de la arqueolog\u00eda canaria - ULL - Noticias\" \/>\n<meta property=\"og:description\" content=\"La Universidad de Verano de La Gomera dio comienzo a su edici\u00f3n 2025 el pasado viernes, 4 de julio, con la celebraci\u00f3n de su acto inaugural en el Sal\u00f3n de Plenos del Ayuntamiento de Vallehermoso.\" \/>\n<meta property=\"og:url\" content=\"https:\/\/www.ull.es\/portal\/noticias\/2025\/la-universidad-de-verano-de-la-gomera-abre-con-una-mirada-al-presente-y-futuro-de-la-arqueologia-canaria\/\" \/>\n<meta property=\"og:site_name\" content=\"ULL - Noticias\" \/>\n<meta property=\"article:publisher\" content=\"https:\/\/www.facebook.com\/universidaddelalaguna\/\" \/>\n<meta property=\"article:published_time\" content=\"2025-07-07T09:00:42+00:00\" \/>\n<meta property=\"og:image\" content=\"https:\/\/www.ull.es\/portal\/noticias\/wp-content\/uploads\/sites\/13\/2025\/07\/Mesa-de-trabajo-1-1.jpg\" \/>\n\t<meta property=\"og:image:width\" content=\"1200\" \/>\n\t<meta property=\"og:image:height\" content=\"800\" \/>\n\t<meta property=\"og:image:type\" content=\"image\/jpeg\" \/>\n<meta name=\"author\" content=\"gcom5\" \/>\n<meta name=\"twitter:card\" content=\"summary_large_image\" \/>\n<meta name=\"twitter:creator\" content=\"@CanalULL\" \/>\n<meta name=\"twitter:site\" content=\"@CanalULL\" \/>\n<meta name=\"twitter:label1\" content=\"Escrito por\" \/>\n\t<meta name=\"twitter:data1\" content=\"gcom5\" \/>\n\t<meta name=\"twitter:label2\" content=\"Tiempo de lectura\" \/>\n\t<meta name=\"twitter:data2\" content=\"7 minutos\" \/>\n<script type=\"application\/ld+json\" class=\"yoast-schema-graph\">{\"@context\":\"https:\/\/schema.org\",\"@graph\":[{\"@type\":\"WebPage\",\"@id\":\"https:\/\/www.ull.es\/portal\/noticias\/2025\/la-universidad-de-verano-de-la-gomera-abre-con-una-mirada-al-presente-y-futuro-de-la-arqueologia-canaria\/\",\"url\":\"https:\/\/www.ull.es\/portal\/noticias\/2025\/la-universidad-de-verano-de-la-gomera-abre-con-una-mirada-al-presente-y-futuro-de-la-arqueologia-canaria\/\",\"name\":\"La Universidad de Verano de La Gomera abre con una mirada al presente y futuro de la arqueolog\u00eda canaria - ULL - Noticias\",\"isPartOf\":{\"@id\":\"https:\/\/www.ull.es\/portal\/noticias\/#website\"},\"datePublished\":\"2025-07-07T09:00:42+00:00\",\"dateModified\":\"2025-07-07T09:00:42+00:00\",\"author\":{\"@id\":\"https:\/\/www.ull.es\/portal\/noticias\/#\/schema\/person\/8027c6c4687adc2c90dc1532715d34df\"},\"description\":\"La Universidad de Verano de La Gomera dio comienzo a su edici\u00f3n 2025 el pasado viernes, 4 de julio, con la celebraci\u00f3n de su acto inaugural en el Sal\u00f3n de Plenos del Ayuntamiento de Vallehermoso.\",\"breadcrumb\":{\"@id\":\"https:\/\/www.ull.es\/portal\/noticias\/2025\/la-universidad-de-verano-de-la-gomera-abre-con-una-mirada-al-presente-y-futuro-de-la-arqueologia-canaria\/#breadcrumb\"},\"inLanguage\":\"es\",\"potentialAction\":[{\"@type\":\"ReadAction\",\"target\":[\"https:\/\/www.ull.es\/portal\/noticias\/2025\/la-universidad-de-verano-de-la-gomera-abre-con-una-mirada-al-presente-y-futuro-de-la-arqueologia-canaria\/\"]}]},{\"@type\":\"BreadcrumbList\",\"@id\":\"https:\/\/www.ull.es\/portal\/noticias\/2025\/la-universidad-de-verano-de-la-gomera-abre-con-una-mirada-al-presente-y-futuro-de-la-arqueologia-canaria\/#breadcrumb\",\"itemListElement\":[{\"@type\":\"ListItem\",\"position\":1,\"name\":\"Portada\",\"item\":\"https:\/\/www.ull.es\/portal\/noticias\/\"},{\"@type\":\"ListItem\",\"position\":2,\"name\":\"La Universidad de Verano de La Gomera abre con una mirada al presente y futuro de la arqueolog\u00eda canaria\"}]},{\"@type\":\"WebSite\",\"@id\":\"https:\/\/www.ull.es\/portal\/noticias\/#website\",\"url\":\"https:\/\/www.ull.es\/portal\/noticias\/\",\"name\":\"ULL - Noticias\",\"description\":\"\",\"potentialAction\":[{\"@type\":\"SearchAction\",\"target\":{\"@type\":\"EntryPoint\",\"urlTemplate\":\"https:\/\/www.ull.es\/portal\/noticias\/?s={search_term_string}\"},\"query-input\":\"required name=search_term_string\"}],\"inLanguage\":\"es\"},{\"@type\":\"Person\",\"@id\":\"https:\/\/www.ull.es\/portal\/noticias\/#\/schema\/person\/8027c6c4687adc2c90dc1532715d34df\",\"name\":\"gcom5\",\"image\":{\"@type\":\"ImageObject\",\"inLanguage\":\"es\",\"@id\":\"https:\/\/www.ull.es\/portal\/noticias\/#\/schema\/person\/image\/\",\"url\":\"https:\/\/secure.gravatar.com\/avatar\/8b3777f8048001fa57b88338ce5605b9?s=96&d=mm&r=g\",\"contentUrl\":\"https:\/\/secure.gravatar.com\/avatar\/8b3777f8048001fa57b88338ce5605b9?s=96&d=mm&r=g\",\"caption\":\"gcom5\"},\"url\":\"https:\/\/www.ull.es\/portal\/noticias\/author\/gcom5\/\"}]}<\/script>\n<!-- \/ Yoast SEO plugin. -->","yoast_head_json":{"title":"La Universidad de Verano de La Gomera abre con una mirada al presente y futuro de la arqueolog\u00eda canaria - ULL - Noticias","description":"La Universidad de Verano de La Gomera dio comienzo a su edici\u00f3n 2025 el pasado viernes, 4 de julio, con la celebraci\u00f3n de su acto inaugural en el Sal\u00f3n de Plenos del Ayuntamiento de Vallehermoso.","robots":{"index":"index","follow":"follow","max-snippet":"max-snippet:-1","max-image-preview":"max-image-preview:large","max-video-preview":"max-video-preview:-1"},"canonical":"https:\/\/www.ull.es\/portal\/noticias\/2025\/la-universidad-de-verano-de-la-gomera-abre-con-una-mirada-al-presente-y-futuro-de-la-arqueologia-canaria\/","og_locale":"es_ES","og_type":"article","og_title":"La Universidad de Verano de La Gomera abre con una mirada al presente y futuro de la arqueolog\u00eda canaria - ULL - Noticias","og_description":"La Universidad de Verano de La Gomera dio comienzo a su edici\u00f3n 2025 el pasado viernes, 4 de julio, con la celebraci\u00f3n de su acto inaugural en el Sal\u00f3n de Plenos del Ayuntamiento de Vallehermoso.","og_url":"https:\/\/www.ull.es\/portal\/noticias\/2025\/la-universidad-de-verano-de-la-gomera-abre-con-una-mirada-al-presente-y-futuro-de-la-arqueologia-canaria\/","og_site_name":"ULL - Noticias","article_publisher":"https:\/\/www.facebook.com\/universidaddelalaguna\/","article_published_time":"2025-07-07T09:00:42+00:00","og_image":[{"width":1200,"height":800,"url":"https:\/\/www.ull.es\/portal\/noticias\/wp-content\/uploads\/sites\/13\/2025\/07\/Mesa-de-trabajo-1-1.jpg","type":"image\/jpeg"}],"author":"gcom5","twitter_card":"summary_large_image","twitter_creator":"@CanalULL","twitter_site":"@CanalULL","twitter_misc":{"Escrito por":"gcom5","Tiempo de lectura":"7 minutos"},"schema":{"@context":"https:\/\/schema.org","@graph":[{"@type":"WebPage","@id":"https:\/\/www.ull.es\/portal\/noticias\/2025\/la-universidad-de-verano-de-la-gomera-abre-con-una-mirada-al-presente-y-futuro-de-la-arqueologia-canaria\/","url":"https:\/\/www.ull.es\/portal\/noticias\/2025\/la-universidad-de-verano-de-la-gomera-abre-con-una-mirada-al-presente-y-futuro-de-la-arqueologia-canaria\/","name":"La Universidad de Verano de La Gomera abre con una mirada al presente y futuro de la arqueolog\u00eda canaria - ULL - Noticias","isPartOf":{"@id":"https:\/\/www.ull.es\/portal\/noticias\/#website"},"datePublished":"2025-07-07T09:00:42+00:00","dateModified":"2025-07-07T09:00:42+00:00","author":{"@id":"https:\/\/www.ull.es\/portal\/noticias\/#\/schema\/person\/8027c6c4687adc2c90dc1532715d34df"},"description":"La Universidad de Verano de La Gomera dio comienzo a su edici\u00f3n 2025 el pasado viernes, 4 de julio, con la celebraci\u00f3n de su acto inaugural en el Sal\u00f3n de Plenos del Ayuntamiento de Vallehermoso.","breadcrumb":{"@id":"https:\/\/www.ull.es\/portal\/noticias\/2025\/la-universidad-de-verano-de-la-gomera-abre-con-una-mirada-al-presente-y-futuro-de-la-arqueologia-canaria\/#breadcrumb"},"inLanguage":"es","potentialAction":[{"@type":"ReadAction","target":["https:\/\/www.ull.es\/portal\/noticias\/2025\/la-universidad-de-verano-de-la-gomera-abre-con-una-mirada-al-presente-y-futuro-de-la-arqueologia-canaria\/"]}]},{"@type":"BreadcrumbList","@id":"https:\/\/www.ull.es\/portal\/noticias\/2025\/la-universidad-de-verano-de-la-gomera-abre-con-una-mirada-al-presente-y-futuro-de-la-arqueologia-canaria\/#breadcrumb","itemListElement":[{"@type":"ListItem","position":1,"name":"Portada","item":"https:\/\/www.ull.es\/portal\/noticias\/"},{"@type":"ListItem","position":2,"name":"La Universidad de Verano de La Gomera abre con una mirada al presente y futuro de la arqueolog\u00eda canaria"}]},{"@type":"WebSite","@id":"https:\/\/www.ull.es\/portal\/noticias\/#website","url":"https:\/\/www.ull.es\/portal\/noticias\/","name":"ULL - Noticias","description":"","potentialAction":[{"@type":"SearchAction","target":{"@type":"EntryPoint","urlTemplate":"https:\/\/www.ull.es\/portal\/noticias\/?s={search_term_string}"},"query-input":"required name=search_term_string"}],"inLanguage":"es"},{"@type":"Person","@id":"https:\/\/www.ull.es\/portal\/noticias\/#\/schema\/person\/8027c6c4687adc2c90dc1532715d34df","name":"gcom5","image":{"@type":"ImageObject","inLanguage":"es","@id":"https:\/\/www.ull.es\/portal\/noticias\/#\/schema\/person\/image\/","url":"https:\/\/secure.gravatar.com\/avatar\/8b3777f8048001fa57b88338ce5605b9?s=96&d=mm&r=g","contentUrl":"https:\/\/secure.gravatar.com\/avatar\/8b3777f8048001fa57b88338ce5605b9?s=96&d=mm&r=g","caption":"gcom5"},"url":"https:\/\/www.ull.es\/portal\/noticias\/author\/gcom5\/"}]}},"primary_category":{"id":345,"name":"Destacado","slug":"destacado","link":"https:\/\/www.ull.es\/portal\/noticias\/category\/destacado\/"},"featured_image_thumbnail_url":"https:\/\/www.ull.es\/portal\/noticias\/wp-content\/uploads\/sites\/13\/2025\/07\/Mesa-de-trabajo-1-1-300x200.jpg","_links":{"self":[{"href":"https:\/\/www.ull.es\/portal\/noticias\/wp-json\/wp\/v2\/posts\/83232"}],"collection":[{"href":"https:\/\/www.ull.es\/portal\/noticias\/wp-json\/wp\/v2\/posts"}],"about":[{"href":"https:\/\/www.ull.es\/portal\/noticias\/wp-json\/wp\/v2\/types\/post"}],"author":[{"embeddable":true,"href":"https:\/\/www.ull.es\/portal\/noticias\/wp-json\/wp\/v2\/users\/67"}],"replies":[{"embeddable":true,"href":"https:\/\/www.ull.es\/portal\/noticias\/wp-json\/wp\/v2\/comments?post=83232"}],"version-history":[{"count":5,"href":"https:\/\/www.ull.es\/portal\/noticias\/wp-json\/wp\/v2\/posts\/83232\/revisions"}],"predecessor-version":[{"id":83242,"href":"https:\/\/www.ull.es\/portal\/noticias\/wp-json\/wp\/v2\/posts\/83232\/revisions\/83242"}],"wp:featuredmedia":[{"embeddable":true,"href":"https:\/\/www.ull.es\/portal\/noticias\/wp-json\/wp\/v2\/media\/83236"}],"wp:attachment":[{"href":"https:\/\/www.ull.es\/portal\/noticias\/wp-json\/wp\/v2\/media?parent=83232"}],"wp:term":[{"taxonomy":"category","embeddable":true,"href":"https:\/\/www.ull.es\/portal\/noticias\/wp-json\/wp\/v2\/categories?post=83232"},{"taxonomy":"post_tag","embeddable":true,"href":"https:\/\/www.ull.es\/portal\/noticias\/wp-json\/wp\/v2\/tags?post=83232"}],"curies":[{"name":"wp","href":"https:\/\/api.w.org\/{rel}","templated":true}]}}