{"id":83310,"date":"2025-07-09T12:38:52","date_gmt":"2025-07-09T12:38:52","guid":{"rendered":"https:\/\/www.ull.es\/portal\/noticias\/?p=83310"},"modified":"2025-07-09T12:38:52","modified_gmt":"2025-07-09T12:38:52","slug":"ull-universidad-tecnologica-cracovia-refuerzan-colaboracion-transferencia-conocimiento-stars-eu","status":"publish","type":"post","link":"https:\/\/www.ull.es\/portal\/noticias\/2025\/ull-universidad-tecnologica-cracovia-refuerzan-colaboracion-transferencia-conocimiento-stars-eu\/","title":{"rendered":"La ULL y la Universidad Tecnol\u00f3gica de Cracovia refuerzan la colaboraci\u00f3n en transferencia de conocimiento en el marco de STARS EU"},"content":{"rendered":"<p>El director del Centro de Transferencia de Tecnolog\u00eda de la <a href=\"mailto:https:\/\/www.pk.edu.pl\/index.php?lang=en\" target=\"_blank\" rel=\"noopener\" target=\"_blank\" rel=\"noopener\">Universidad Tecnol\u00f3gica de Cracovia<\/a> (Polonia), Jacek Kasz, ha visitado recientemente la Universidad de La Laguna en el marco de las actividades promovidas por la alianza <a href=\"https:\/\/starseu.org\/\" target=\"_blank\" rel=\"noopener\" target=\"_blank\" rel=\"noopener\">STARS EU<\/a>. Su visita, coordinada por el profesor Rodrigo Trujillo, col\u00edder de la <a href=\"mailto:https:\/\/starseu.org\/knowledge-and-technology-services\/\" target=\"_blank\" rel=\"noopener\" target=\"_blank\" rel=\"noopener\">Oficina de Transferencia de Tecnolog\u00eda de la alianza<\/a>, se centr\u00f3 en fortalecer la cooperaci\u00f3n entre las nueve universidades socias en materia de innovaci\u00f3n y transferencia de conocimiento.<\/p>\n<p>Durante su estancia, el profesor Kasz fue recibido por el rector de la Universidad de La Laguna, Francisco Garc\u00eda, y visit\u00f3 diferentes servicios y unidades de la instituci\u00f3n acad\u00e9mica relacionadas con su campo de especializaci\u00f3n, como la Oficina de Transferencia de Conocimiento (<a href=\"https:\/\/www.ull.es\/servicios\/otc\/\" target=\"_blank\" rel=\"noopener\" target=\"_blank\" rel=\"noopener\">OTC<\/a>), la Oficina de Proyectos Europeos y la sede del <a href=\"https:\/\/www.ull.es\/servicios\/segai\/\" target=\"_blank\" rel=\"noopener\" target=\"_blank\" rel=\"noopener\">Servicio General de Apoyo a la Investigaci\u00f3n<\/a>.<\/p>\n<div id=\"attachment_83312\" style=\"width: 310px\" class=\"wp-caption alignleft\"><a href=\"https:\/\/www.ull.es\/portal\/noticias\/wp-content\/uploads\/sites\/13\/2025\/07\/jacek-kasz-angel-acebes-1.jpg\" target=\"_blank\" rel=\"noopener\" target=\"_blank\" rel=\"noopener\"><img aria-describedby=\"caption-attachment-83312\" decoding=\"async\" loading=\"lazy\" class=\"wp-image-83312 size-medium\" src=\"https:\/\/www.ull.es\/portal\/noticias\/wp-content\/uploads\/sites\/13\/2025\/07\/jacek-kasz-angel-acebes-1-300x201.jpg\" alt=\"\u00c1ngel Acebes y Jacek Kasz.\" width=\"300\" height=\"201\" srcset=\"https:\/\/www.ull.es\/portal\/noticias\/wp-content\/uploads\/sites\/13\/2025\/07\/jacek-kasz-angel-acebes-1-300x201.jpg 300w, https:\/\/www.ull.es\/portal\/noticias\/wp-content\/uploads\/sites\/13\/2025\/07\/jacek-kasz-angel-acebes-1-1024x684.jpg 1024w, https:\/\/www.ull.es\/portal\/noticias\/wp-content\/uploads\/sites\/13\/2025\/07\/jacek-kasz-angel-acebes-1-768x513.jpg 768w, https:\/\/www.ull.es\/portal\/noticias\/wp-content\/uploads\/sites\/13\/2025\/07\/jacek-kasz-angel-acebes-1-375x251.jpg 375w, https:\/\/www.ull.es\/portal\/noticias\/wp-content\/uploads\/sites\/13\/2025\/07\/jacek-kasz-angel-acebes-1-750x501.jpg 750w, https:\/\/www.ull.es\/portal\/noticias\/wp-content\/uploads\/sites\/13\/2025\/07\/jacek-kasz-angel-acebes-1-1140x762.jpg 1140w, https:\/\/www.ull.es\/portal\/noticias\/wp-content\/uploads\/sites\/13\/2025\/07\/jacek-kasz-angel-acebes-1.jpg 1200w\" sizes=\"(max-width: 300px) 100vw, 300px\" \/><\/a><p id=\"caption-attachment-83312\" class=\"wp-caption-text\">\u00c1ngel Acebes y Jacek Kasz.<\/p><\/div>\n<p>Tambi\u00e9n pudo conocer de primera mano el trabajo que se realiza en el <a href=\"https:\/\/www.ull.es\/institutos\/instituto-tecnologias-biomedicas\/\" target=\"_blank\" rel=\"noopener\" target=\"_blank\" rel=\"noopener\">Instituto de Tecnolog\u00edas Biom\u00e9dicas (ITB)<\/a> de la Universidad de La Laguna, donde fue recibido por <a href=\"https:\/\/portalciencia.ull.es\/investigadores\/81920\/detalle\" target=\"_blank\" rel=\"noopener\" target=\"_blank\" rel=\"noopener\">\u00c1ngel Acebes<\/a>, profesor e investigador del Departamento de Ciencias M\u00e9dicas B\u00e1sicas de la Universidad de La Laguna y co-l\u00edder del <a href=\"mailto:https:\/\/starseu.org\/thematic-interest-groups\/\" target=\"_blank\" rel=\"noopener\" target=\"_blank\" rel=\"noopener\">Grupo de Inter\u00e9s Tem\u00e1tico<\/a> <a href=\"mailto:https:\/\/starseu.org\/tig-healthy-ageing\/\" target=\"_blank\" rel=\"noopener\" target=\"_blank\" rel=\"noopener\">Healthy Ageing<\/a> en STARS EU, quien le mostr\u00f3 las instalaciones de este centro puntero en el desarrollo de investigaciones biom\u00e9dicas. La visita permiti\u00f3 intercambiar experiencias sobre la investigaci\u00f3n aplicada y abordar posibles sinergias en el \u00e1mbito de la transferencia tecnol\u00f3gica en el sector biom\u00e9dico.<\/p>\n<p>Adem\u00e1s de promover la unidad de transferencia de conocimiento de la alianza, con el objetivo de facilitar la difusi\u00f3n y aprovechamiento de las tecnolog\u00edas disponibles en las universidades de STARS EU, se est\u00e1 elaborando una Gu\u00eda de Transferencia de Tecnolog\u00eda. Este documento conjunto incluir\u00e1 un manual, como material de formaci\u00f3n online destinado no solo a investigadores, sino a todas las personas involucradas en la transferencia de conocimiento y tecnolog\u00eda dentro de estas nueve universidades.<\/p>\n<p>En este contexto, se han programado dos talleres internacionales de formaci\u00f3n, uno que se celebrar\u00e1 en la Universidad de La Laguna durante el segundo semestre de 2025, y otro previsto para 2026 en la <a href=\"https:\/\/www.umlp.fr\/\" target=\"_blank\" rel=\"noopener\" target=\"_blank\" rel=\"noopener\">Universidad de Louis et Marie Pasteur<\/a> (Francia). El objetivo de estos encuentros de trabajo es consolidar capacidades, crear redes de colaboraci\u00f3n y avanzar hacia una transferencia de conocimiento m\u00e1s eficiente y coordinada.<\/p>\n<p><strong>Participaci\u00f3n en TIGs<\/strong><\/p>\n<p>Kasz, que tambi\u00e9n participa de forma activa en los Grupos de Inter\u00e9s Tem\u00e1tico (TIGs) de Emprendimiento, Innovaci\u00f3n y Energ\u00eda \u2500este \u00faltimo coordinado por <a href=\"https:\/\/portalciencia.ull.es\/investigadores\/81003\/detalle\" target=\"_blank\" rel=\"noopener\" target=\"_blank\" rel=\"noopener\">Benjam\u00edn Gonz\u00e1lez D\u00edaz<\/a>, de la Universidad de La Laguna, con el que colabora en el dise\u00f1o de una propuesta conjunta para el programa europeo Horizon\u2500 subray\u00f3 la importancia de poner en com\u00fan estrategias efectivas y equilibrar el grado de madurez de las oficinas de transferencia dentro de la alianza.<\/p>\n<p>\u201cNuestro prop\u00f3sito es compartir experiencias, identificar buenas pr\u00e1cticas y elevar el nivel de conocimiento en transferencia tecnol\u00f3gica en todas las instituciones participantes\u201d, se\u00f1al\u00f3 Kasz, quien lidera una unidad con m\u00e1s de 25 a\u00f1os de experiencia en esta materia.<\/p>\n<p>Esta acci\u00f3n forma parte del compromiso de STARS EU con la construcci\u00f3n de una universidad europea m\u00e1s conectada, innovadora y comprometida con el desarrollo regional, mediante la cooperaci\u00f3n efectiva en transferencia tecnol\u00f3gica, sostenibilidad e impacto social.<\/p>\n","protected":false},"excerpt":{"rendered":"<p>El director del Centro de Transferencia de Tecnolog\u00eda de la Universidad Tecnol\u00f3gica de Cracovia (Polonia), Jacek Kasz, ha visitado recientemente&#8230;<\/p>\n","protected":false},"author":21,"featured_media":83311,"comment_status":"closed","ping_status":"closed","sticky":false,"template":"","format":"standard","meta":{"inline_featured_image":false,"footnotes":""},"categories":[345,349,2765,8764],"tags":[7209,9672,11811,2286,8684,3655,11813,11812],"acf":[],"yoast_head":"<!-- This site is optimized with the Yoast SEO plugin v21.3 - https:\/\/yoast.com\/wordpress\/plugins\/seo\/ -->\n<title>La ULL y la Universidad Tecnol\u00f3gica de Cracovia refuerzan lazos<\/title>\n<meta name=\"description\" content=\"El director del Centro de Transferencia de Tecnolog\u00eda de la universidad polaca, Jacek Kasz, visit\u00f3 la ULL en el marco de la aliaza STARS EU.\" \/>\n<meta name=\"robots\" content=\"index, follow, max-snippet:-1, max-image-preview:large, max-video-preview:-1\" \/>\n<link rel=\"canonical\" href=\"https:\/\/www.ull.es\/portal\/noticias\/2025\/ull-universidad-tecnologica-cracovia-refuerzan-colaboracion-transferencia-conocimiento-stars-eu\/\" \/>\n<meta property=\"og:locale\" content=\"es_ES\" \/>\n<meta property=\"og:type\" content=\"article\" \/>\n<meta property=\"og:title\" content=\"La ULL y la Universidad Tecnol\u00f3gica de Cracovia refuerzan lazos\" \/>\n<meta property=\"og:description\" content=\"El director del Centro de Transferencia de Tecnolog\u00eda de la universidad polaca, Jacek Kasz, visit\u00f3 la ULL en el marco de la aliaza STARS EU.\" \/>\n<meta property=\"og:url\" content=\"https:\/\/www.ull.es\/portal\/noticias\/2025\/ull-universidad-tecnologica-cracovia-refuerzan-colaboracion-transferencia-conocimiento-stars-eu\/\" \/>\n<meta property=\"og:site_name\" content=\"ULL - Noticias\" \/>\n<meta property=\"article:publisher\" content=\"https:\/\/www.facebook.com\/universidaddelalaguna\/\" \/>\n<meta property=\"article:published_time\" content=\"2025-07-09T12:38:52+00:00\" \/>\n<meta property=\"og:image\" content=\"https:\/\/www.ull.es\/portal\/noticias\/wp-content\/uploads\/sites\/13\/2025\/07\/Jacek-Kasz-Francisco-Garcia.jpg\" \/>\n\t<meta property=\"og:image:width\" content=\"1200\" \/>\n\t<meta property=\"og:image:height\" content=\"800\" \/>\n\t<meta property=\"og:image:type\" content=\"image\/jpeg\" \/>\n<meta name=\"author\" content=\"prensa2\" \/>\n<meta name=\"twitter:card\" content=\"summary_large_image\" \/>\n<meta name=\"twitter:creator\" content=\"@CanalULL\" \/>\n<meta name=\"twitter:site\" content=\"@CanalULL\" \/>\n<meta name=\"twitter:label1\" content=\"Escrito por\" \/>\n\t<meta name=\"twitter:data1\" content=\"prensa2\" \/>\n\t<meta name=\"twitter:label2\" content=\"Tiempo de lectura\" \/>\n\t<meta name=\"twitter:data2\" content=\"3 minutos\" \/>\n<script type=\"application\/ld+json\" class=\"yoast-schema-graph\">{\"@context\":\"https:\/\/schema.org\",\"@graph\":[{\"@type\":\"WebPage\",\"@id\":\"https:\/\/www.ull.es\/portal\/noticias\/2025\/ull-universidad-tecnologica-cracovia-refuerzan-colaboracion-transferencia-conocimiento-stars-eu\/\",\"url\":\"https:\/\/www.ull.es\/portal\/noticias\/2025\/ull-universidad-tecnologica-cracovia-refuerzan-colaboracion-transferencia-conocimiento-stars-eu\/\",\"name\":\"La ULL y la Universidad Tecnol\u00f3gica de Cracovia refuerzan lazos\",\"isPartOf\":{\"@id\":\"https:\/\/www.ull.es\/portal\/noticias\/#website\"},\"datePublished\":\"2025-07-09T12:38:52+00:00\",\"dateModified\":\"2025-07-09T12:38:52+00:00\",\"author\":{\"@id\":\"https:\/\/www.ull.es\/portal\/noticias\/#\/schema\/person\/c3b2aa857797592927a03740d6664376\"},\"description\":\"El director del Centro de Transferencia de Tecnolog\u00eda de la universidad polaca, Jacek Kasz, visit\u00f3 la ULL en el marco de la aliaza STARS EU.\",\"breadcrumb\":{\"@id\":\"https:\/\/www.ull.es\/portal\/noticias\/2025\/ull-universidad-tecnologica-cracovia-refuerzan-colaboracion-transferencia-conocimiento-stars-eu\/#breadcrumb\"},\"inLanguage\":\"es\",\"potentialAction\":[{\"@type\":\"ReadAction\",\"target\":[\"https:\/\/www.ull.es\/portal\/noticias\/2025\/ull-universidad-tecnologica-cracovia-refuerzan-colaboracion-transferencia-conocimiento-stars-eu\/\"]}]},{\"@type\":\"BreadcrumbList\",\"@id\":\"https:\/\/www.ull.es\/portal\/noticias\/2025\/ull-universidad-tecnologica-cracovia-refuerzan-colaboracion-transferencia-conocimiento-stars-eu\/#breadcrumb\",\"itemListElement\":[{\"@type\":\"ListItem\",\"position\":1,\"name\":\"Portada\",\"item\":\"https:\/\/www.ull.es\/portal\/noticias\/\"},{\"@type\":\"ListItem\",\"position\":2,\"name\":\"La ULL y la Universidad Tecnol\u00f3gica de Cracovia refuerzan la colaboraci\u00f3n en transferencia de conocimiento en el marco de STARS EU\"}]},{\"@type\":\"WebSite\",\"@id\":\"https:\/\/www.ull.es\/portal\/noticias\/#website\",\"url\":\"https:\/\/www.ull.es\/portal\/noticias\/\",\"name\":\"ULL - Noticias\",\"description\":\"\",\"potentialAction\":[{\"@type\":\"SearchAction\",\"target\":{\"@type\":\"EntryPoint\",\"urlTemplate\":\"https:\/\/www.ull.es\/portal\/noticias\/?s={search_term_string}\"},\"query-input\":\"required name=search_term_string\"}],\"inLanguage\":\"es\"},{\"@type\":\"Person\",\"@id\":\"https:\/\/www.ull.es\/portal\/noticias\/#\/schema\/person\/c3b2aa857797592927a03740d6664376\",\"name\":\"prensa2\",\"image\":{\"@type\":\"ImageObject\",\"inLanguage\":\"es\",\"@id\":\"https:\/\/www.ull.es\/portal\/noticias\/#\/schema\/person\/image\/\",\"url\":\"https:\/\/secure.gravatar.com\/avatar\/b58f310a5de5feb33d1e026d2493f23c?s=96&d=mm&r=g\",\"contentUrl\":\"https:\/\/secure.gravatar.com\/avatar\/b58f310a5de5feb33d1e026d2493f23c?s=96&d=mm&r=g\",\"caption\":\"prensa2\"},\"url\":\"https:\/\/www.ull.es\/portal\/noticias\/author\/prensa2\/\"}]}<\/script>\n<!-- \/ Yoast SEO plugin. -->","yoast_head_json":{"title":"La ULL y la Universidad Tecnol\u00f3gica de Cracovia refuerzan lazos","description":"El director del Centro de Transferencia de Tecnolog\u00eda de la universidad polaca, Jacek Kasz, visit\u00f3 la ULL en el marco de la aliaza STARS EU.","robots":{"index":"index","follow":"follow","max-snippet":"max-snippet:-1","max-image-preview":"max-image-preview:large","max-video-preview":"max-video-preview:-1"},"canonical":"https:\/\/www.ull.es\/portal\/noticias\/2025\/ull-universidad-tecnologica-cracovia-refuerzan-colaboracion-transferencia-conocimiento-stars-eu\/","og_locale":"es_ES","og_type":"article","og_title":"La ULL y la Universidad Tecnol\u00f3gica de Cracovia refuerzan lazos","og_description":"El director del Centro de Transferencia de Tecnolog\u00eda de la universidad polaca, Jacek Kasz, visit\u00f3 la ULL en el marco de la aliaza STARS EU.","og_url":"https:\/\/www.ull.es\/portal\/noticias\/2025\/ull-universidad-tecnologica-cracovia-refuerzan-colaboracion-transferencia-conocimiento-stars-eu\/","og_site_name":"ULL - Noticias","article_publisher":"https:\/\/www.facebook.com\/universidaddelalaguna\/","article_published_time":"2025-07-09T12:38:52+00:00","og_image":[{"width":1200,"height":800,"url":"https:\/\/www.ull.es\/portal\/noticias\/wp-content\/uploads\/sites\/13\/2025\/07\/Jacek-Kasz-Francisco-Garcia.jpg","type":"image\/jpeg"}],"author":"prensa2","twitter_card":"summary_large_image","twitter_creator":"@CanalULL","twitter_site":"@CanalULL","twitter_misc":{"Escrito por":"prensa2","Tiempo de lectura":"3 minutos"},"schema":{"@context":"https:\/\/schema.org","@graph":[{"@type":"WebPage","@id":"https:\/\/www.ull.es\/portal\/noticias\/2025\/ull-universidad-tecnologica-cracovia-refuerzan-colaboracion-transferencia-conocimiento-stars-eu\/","url":"https:\/\/www.ull.es\/portal\/noticias\/2025\/ull-universidad-tecnologica-cracovia-refuerzan-colaboracion-transferencia-conocimiento-stars-eu\/","name":"La ULL y la Universidad Tecnol\u00f3gica de Cracovia refuerzan lazos","isPartOf":{"@id":"https:\/\/www.ull.es\/portal\/noticias\/#website"},"datePublished":"2025-07-09T12:38:52+00:00","dateModified":"2025-07-09T12:38:52+00:00","author":{"@id":"https:\/\/www.ull.es\/portal\/noticias\/#\/schema\/person\/c3b2aa857797592927a03740d6664376"},"description":"El director del Centro de Transferencia de Tecnolog\u00eda de la universidad polaca, Jacek Kasz, visit\u00f3 la ULL en el marco de la aliaza STARS EU.","breadcrumb":{"@id":"https:\/\/www.ull.es\/portal\/noticias\/2025\/ull-universidad-tecnologica-cracovia-refuerzan-colaboracion-transferencia-conocimiento-stars-eu\/#breadcrumb"},"inLanguage":"es","potentialAction":[{"@type":"ReadAction","target":["https:\/\/www.ull.es\/portal\/noticias\/2025\/ull-universidad-tecnologica-cracovia-refuerzan-colaboracion-transferencia-conocimiento-stars-eu\/"]}]},{"@type":"BreadcrumbList","@id":"https:\/\/www.ull.es\/portal\/noticias\/2025\/ull-universidad-tecnologica-cracovia-refuerzan-colaboracion-transferencia-conocimiento-stars-eu\/#breadcrumb","itemListElement":[{"@type":"ListItem","position":1,"name":"Portada","item":"https:\/\/www.ull.es\/portal\/noticias\/"},{"@type":"ListItem","position":2,"name":"La ULL y la Universidad Tecnol\u00f3gica de Cracovia refuerzan la colaboraci\u00f3n en transferencia de conocimiento en el marco de STARS EU"}]},{"@type":"WebSite","@id":"https:\/\/www.ull.es\/portal\/noticias\/#website","url":"https:\/\/www.ull.es\/portal\/noticias\/","name":"ULL - Noticias","description":"","potentialAction":[{"@type":"SearchAction","target":{"@type":"EntryPoint","urlTemplate":"https:\/\/www.ull.es\/portal\/noticias\/?s={search_term_string}"},"query-input":"required name=search_term_string"}],"inLanguage":"es"},{"@type":"Person","@id":"https:\/\/www.ull.es\/portal\/noticias\/#\/schema\/person\/c3b2aa857797592927a03740d6664376","name":"prensa2","image":{"@type":"ImageObject","inLanguage":"es","@id":"https:\/\/www.ull.es\/portal\/noticias\/#\/schema\/person\/image\/","url":"https:\/\/secure.gravatar.com\/avatar\/b58f310a5de5feb33d1e026d2493f23c?s=96&d=mm&r=g","contentUrl":"https:\/\/secure.gravatar.com\/avatar\/b58f310a5de5feb33d1e026d2493f23c?s=96&d=mm&r=g","caption":"prensa2"},"url":"https:\/\/www.ull.es\/portal\/noticias\/author\/prensa2\/"}]}},"primary_category":{"id":345,"name":"Destacado","slug":"destacado","link":"https:\/\/www.ull.es\/portal\/noticias\/category\/destacado\/"},"featured_image_thumbnail_url":"https:\/\/www.ull.es\/portal\/noticias\/wp-content\/uploads\/sites\/13\/2025\/07\/Jacek-Kasz-Francisco-Garcia-300x200.jpg","_links":{"self":[{"href":"https:\/\/www.ull.es\/portal\/noticias\/wp-json\/wp\/v2\/posts\/83310"}],"collection":[{"href":"https:\/\/www.ull.es\/portal\/noticias\/wp-json\/wp\/v2\/posts"}],"about":[{"href":"https:\/\/www.ull.es\/portal\/noticias\/wp-json\/wp\/v2\/types\/post"}],"author":[{"embeddable":true,"href":"https:\/\/www.ull.es\/portal\/noticias\/wp-json\/wp\/v2\/users\/21"}],"replies":[{"embeddable":true,"href":"https:\/\/www.ull.es\/portal\/noticias\/wp-json\/wp\/v2\/comments?post=83310"}],"version-history":[{"count":1,"href":"https:\/\/www.ull.es\/portal\/noticias\/wp-json\/wp\/v2\/posts\/83310\/revisions"}],"predecessor-version":[{"id":83313,"href":"https:\/\/www.ull.es\/portal\/noticias\/wp-json\/wp\/v2\/posts\/83310\/revisions\/83313"}],"wp:featuredmedia":[{"embeddable":true,"href":"https:\/\/www.ull.es\/portal\/noticias\/wp-json\/wp\/v2\/media\/83311"}],"wp:attachment":[{"href":"https:\/\/www.ull.es\/portal\/noticias\/wp-json\/wp\/v2\/media?parent=83310"}],"wp:term":[{"taxonomy":"category","embeddable":true,"href":"https:\/\/www.ull.es\/portal\/noticias\/wp-json\/wp\/v2\/categories?post=83310"},{"taxonomy":"post_tag","embeddable":true,"href":"https:\/\/www.ull.es\/portal\/noticias\/wp-json\/wp\/v2\/tags?post=83310"}],"curies":[{"name":"wp","href":"https:\/\/api.w.org\/{rel}","templated":true}]}}