{"id":83343,"date":"2025-07-10T10:28:23","date_gmt":"2025-07-10T10:28:23","guid":{"rendered":"https:\/\/www.ull.es\/portal\/noticias\/?p=83343"},"modified":"2025-07-10T10:28:23","modified_gmt":"2025-07-10T10:28:23","slug":"el-paraninfo-de-la-ull-acoge-una-nueva-edicion-del-international-ocean-film-tour","status":"publish","type":"post","link":"https:\/\/www.ull.es\/portal\/noticias\/2025\/el-paraninfo-de-la-ull-acoge-una-nueva-edicion-del-international-ocean-film-tour\/","title":{"rendered":"El Paraninfo de la ULL acoge una nueva edici\u00f3n del International Ocean Film Tour"},"content":{"rendered":"<p>El <a href=\"https:\/\/www.ull.es\/portal\/agenda\/evento\/international-ocean-film-tour-vol-11\/\" target=\"_blank\" rel=\"noopener\">International Ocean Film Tour<\/a> es una muestra itinerante de cine documental con tem\u00e1tica centrada en la protecci\u00f3n de los ecosistemas marinos que en 2025 ha llegado a su d\u00e9cimo primea edici\u00f3n y, tras un amplio recorrido por varias ciudades europeas y espa\u00f1olas, llaga al Paraninfo de la Universidad de La Laguna este domingo, 13 de julio a las 18:00 horas. Las localidades ya est\u00e1n disponibles desde 19 euros en la plataforma <a href=\"https:\/\/www.ecoentradas.com\/elegirsesion\/2559\" target=\"_blank\" rel=\"noopener\">Ecoentradas<\/a>.<\/p>\n<p>El festival cuenta con un programa renovado, lleno de nuevos retos, nuevos protagonistas de carne y hueso y un amplio abanico de tem\u00e1ticas relacionados con la conservaci\u00f3n medioambiental, los derechos humanos, la inclusi\u00f3n, la igualdad y muchos otros asuntos de actualidad.<\/p>\n<p>Este 2025, la nueva cara del festival es el divulgador cient\u00edfico canario <a href=\"https:\/\/www.instagram.com\/felipe_ravina\/\" target=\"_blank\" rel=\"noopener\">Felipe Ravina<\/a>, graduado en Ciencias del Mar y documentalista que ha ganado en dos ocasiones el premio Barandilla de Oro del CimaSub, el festival m\u00e1s prestigioso de Espa\u00f1a en documentales marinos.<\/p>\n<p>Esta cita ofrece una programaci\u00f3n de documentales con una duraci\u00f3n de, aproximadamente, 125 minutos de duraci\u00f3n aprobado para espectadores a partir de 12 a\u00f1os. Incluye las pel\u00edculas \u201cNika\u201d, que narra la relaci\u00f3n del propio Felipe Ravina con una ballena piloto en aguas de Tenerife; y \u201c<em>7 beats per minute<\/em>\u201d, de Yuqi Kang, centrada en la apnea que practica Jessea Lu.<\/p>\n<p>Tambi\u00e9n figuran \u201c<em>Trilogy: New Wave<\/em>\u201d, de Andrew Mackenzie, sobre el surf de elite; \u201c<em>Row of life<\/em>\u201d, de Soraya Simi, la experiencia de la exatleta paral\u00edmpica Angela Madsen y sus traves\u00edas oce\u00e1nicas a remo; y \u201c<em>Kelp!<\/em>\u201d, de Caylon La Mantia y Anna Roberts, que explora las algas de las costas brit\u00e1nicas.<\/p>\n","protected":false},"excerpt":{"rendered":"<p>El International Ocean Film Tour es una muestra itinerante de cine documental con tem\u00e1tica centrada en la protecci\u00f3n de los&#8230;<\/p>\n","protected":false},"author":23,"featured_media":83345,"comment_status":"closed","ping_status":"closed","sticky":false,"template":"","format":"standard","meta":{"inline_featured_image":false,"footnotes":""},"categories":[344,345,2765],"tags":[],"acf":[],"yoast_head":"<!-- This site is optimized with the Yoast SEO plugin v21.3 - https:\/\/yoast.com\/wordpress\/plugins\/seo\/ -->\n<title>El Paraninfo de la ULL acoge una nueva edici\u00f3n del International Ocean Film Tour - ULL - Noticias<\/title>\n<meta name=\"robots\" content=\"index, follow, max-snippet:-1, max-image-preview:large, max-video-preview:-1\" \/>\n<link rel=\"canonical\" href=\"https:\/\/www.ull.es\/portal\/noticias\/2025\/el-paraninfo-de-la-ull-acoge-una-nueva-edicion-del-international-ocean-film-tour\/\" \/>\n<meta property=\"og:locale\" content=\"es_ES\" \/>\n<meta property=\"og:type\" content=\"article\" \/>\n<meta property=\"og:title\" content=\"El Paraninfo de la ULL acoge una nueva edici\u00f3n del International Ocean Film Tour - ULL - Noticias\" \/>\n<meta property=\"og:description\" content=\"El International Ocean Film Tour es una muestra itinerante de cine documental con tem\u00e1tica centrada en la protecci\u00f3n de los...\" \/>\n<meta property=\"og:url\" content=\"https:\/\/www.ull.es\/portal\/noticias\/2025\/el-paraninfo-de-la-ull-acoge-una-nueva-edicion-del-international-ocean-film-tour\/\" \/>\n<meta property=\"og:site_name\" content=\"ULL - Noticias\" \/>\n<meta property=\"article:publisher\" content=\"https:\/\/www.facebook.com\/universidaddelalaguna\/\" \/>\n<meta property=\"article:published_time\" content=\"2025-07-10T10:28:23+00:00\" \/>\n<meta property=\"og:image\" content=\"https:\/\/www.ull.es\/portal\/noticias\/wp-content\/uploads\/sites\/13\/2025\/07\/OCEAN-film-tour.jpg\" \/>\n\t<meta property=\"og:image:width\" content=\"700\" \/>\n\t<meta property=\"og:image:height\" content=\"350\" \/>\n\t<meta property=\"og:image:type\" content=\"image\/jpeg\" \/>\n<meta name=\"author\" content=\"gaprsa\" \/>\n<meta name=\"twitter:card\" content=\"summary_large_image\" \/>\n<meta name=\"twitter:creator\" content=\"@CanalULL\" \/>\n<meta name=\"twitter:site\" content=\"@CanalULL\" \/>\n<meta name=\"twitter:label1\" content=\"Escrito por\" \/>\n\t<meta name=\"twitter:data1\" content=\"gaprsa\" \/>\n\t<meta name=\"twitter:label2\" content=\"Tiempo de lectura\" \/>\n\t<meta name=\"twitter:data2\" content=\"2 minutos\" \/>\n<script type=\"application\/ld+json\" class=\"yoast-schema-graph\">{\"@context\":\"https:\/\/schema.org\",\"@graph\":[{\"@type\":\"WebPage\",\"@id\":\"https:\/\/www.ull.es\/portal\/noticias\/2025\/el-paraninfo-de-la-ull-acoge-una-nueva-edicion-del-international-ocean-film-tour\/\",\"url\":\"https:\/\/www.ull.es\/portal\/noticias\/2025\/el-paraninfo-de-la-ull-acoge-una-nueva-edicion-del-international-ocean-film-tour\/\",\"name\":\"El Paraninfo de la ULL acoge una nueva edici\u00f3n del International Ocean Film Tour - ULL - Noticias\",\"isPartOf\":{\"@id\":\"https:\/\/www.ull.es\/portal\/noticias\/#website\"},\"datePublished\":\"2025-07-10T10:28:23+00:00\",\"dateModified\":\"2025-07-10T10:28:23+00:00\",\"author\":{\"@id\":\"https:\/\/www.ull.es\/portal\/noticias\/#\/schema\/person\/b2b1a89d43ffa609e591f7df8ef3e817\"},\"breadcrumb\":{\"@id\":\"https:\/\/www.ull.es\/portal\/noticias\/2025\/el-paraninfo-de-la-ull-acoge-una-nueva-edicion-del-international-ocean-film-tour\/#breadcrumb\"},\"inLanguage\":\"es\",\"potentialAction\":[{\"@type\":\"ReadAction\",\"target\":[\"https:\/\/www.ull.es\/portal\/noticias\/2025\/el-paraninfo-de-la-ull-acoge-una-nueva-edicion-del-international-ocean-film-tour\/\"]}]},{\"@type\":\"BreadcrumbList\",\"@id\":\"https:\/\/www.ull.es\/portal\/noticias\/2025\/el-paraninfo-de-la-ull-acoge-una-nueva-edicion-del-international-ocean-film-tour\/#breadcrumb\",\"itemListElement\":[{\"@type\":\"ListItem\",\"position\":1,\"name\":\"Portada\",\"item\":\"https:\/\/www.ull.es\/portal\/noticias\/\"},{\"@type\":\"ListItem\",\"position\":2,\"name\":\"El Paraninfo de la ULL acoge una nueva edici\u00f3n del International Ocean Film Tour\"}]},{\"@type\":\"WebSite\",\"@id\":\"https:\/\/www.ull.es\/portal\/noticias\/#website\",\"url\":\"https:\/\/www.ull.es\/portal\/noticias\/\",\"name\":\"ULL - Noticias\",\"description\":\"\",\"potentialAction\":[{\"@type\":\"SearchAction\",\"target\":{\"@type\":\"EntryPoint\",\"urlTemplate\":\"https:\/\/www.ull.es\/portal\/noticias\/?s={search_term_string}\"},\"query-input\":\"required name=search_term_string\"}],\"inLanguage\":\"es\"},{\"@type\":\"Person\",\"@id\":\"https:\/\/www.ull.es\/portal\/noticias\/#\/schema\/person\/b2b1a89d43ffa609e591f7df8ef3e817\",\"name\":\"gaprsa\",\"image\":{\"@type\":\"ImageObject\",\"inLanguage\":\"es\",\"@id\":\"https:\/\/www.ull.es\/portal\/noticias\/#\/schema\/person\/image\/\",\"url\":\"https:\/\/secure.gravatar.com\/avatar\/443820550921091458b4823867723b3d?s=96&d=mm&r=g\",\"contentUrl\":\"https:\/\/secure.gravatar.com\/avatar\/443820550921091458b4823867723b3d?s=96&d=mm&r=g\",\"caption\":\"gaprsa\"},\"url\":\"https:\/\/www.ull.es\/portal\/noticias\/author\/gaprsa\/\"}]}<\/script>\n<!-- \/ Yoast SEO plugin. -->","yoast_head_json":{"title":"El Paraninfo de la ULL acoge una nueva edici\u00f3n del International Ocean Film Tour - ULL - Noticias","robots":{"index":"index","follow":"follow","max-snippet":"max-snippet:-1","max-image-preview":"max-image-preview:large","max-video-preview":"max-video-preview:-1"},"canonical":"https:\/\/www.ull.es\/portal\/noticias\/2025\/el-paraninfo-de-la-ull-acoge-una-nueva-edicion-del-international-ocean-film-tour\/","og_locale":"es_ES","og_type":"article","og_title":"El Paraninfo de la ULL acoge una nueva edici\u00f3n del International Ocean Film Tour - ULL - Noticias","og_description":"El International Ocean Film Tour es una muestra itinerante de cine documental con tem\u00e1tica centrada en la protecci\u00f3n de los...","og_url":"https:\/\/www.ull.es\/portal\/noticias\/2025\/el-paraninfo-de-la-ull-acoge-una-nueva-edicion-del-international-ocean-film-tour\/","og_site_name":"ULL - Noticias","article_publisher":"https:\/\/www.facebook.com\/universidaddelalaguna\/","article_published_time":"2025-07-10T10:28:23+00:00","og_image":[{"width":700,"height":350,"url":"https:\/\/www.ull.es\/portal\/noticias\/wp-content\/uploads\/sites\/13\/2025\/07\/OCEAN-film-tour.jpg","type":"image\/jpeg"}],"author":"gaprsa","twitter_card":"summary_large_image","twitter_creator":"@CanalULL","twitter_site":"@CanalULL","twitter_misc":{"Escrito por":"gaprsa","Tiempo de lectura":"2 minutos"},"schema":{"@context":"https:\/\/schema.org","@graph":[{"@type":"WebPage","@id":"https:\/\/www.ull.es\/portal\/noticias\/2025\/el-paraninfo-de-la-ull-acoge-una-nueva-edicion-del-international-ocean-film-tour\/","url":"https:\/\/www.ull.es\/portal\/noticias\/2025\/el-paraninfo-de-la-ull-acoge-una-nueva-edicion-del-international-ocean-film-tour\/","name":"El Paraninfo de la ULL acoge una nueva edici\u00f3n del International Ocean Film Tour - ULL - Noticias","isPartOf":{"@id":"https:\/\/www.ull.es\/portal\/noticias\/#website"},"datePublished":"2025-07-10T10:28:23+00:00","dateModified":"2025-07-10T10:28:23+00:00","author":{"@id":"https:\/\/www.ull.es\/portal\/noticias\/#\/schema\/person\/b2b1a89d43ffa609e591f7df8ef3e817"},"breadcrumb":{"@id":"https:\/\/www.ull.es\/portal\/noticias\/2025\/el-paraninfo-de-la-ull-acoge-una-nueva-edicion-del-international-ocean-film-tour\/#breadcrumb"},"inLanguage":"es","potentialAction":[{"@type":"ReadAction","target":["https:\/\/www.ull.es\/portal\/noticias\/2025\/el-paraninfo-de-la-ull-acoge-una-nueva-edicion-del-international-ocean-film-tour\/"]}]},{"@type":"BreadcrumbList","@id":"https:\/\/www.ull.es\/portal\/noticias\/2025\/el-paraninfo-de-la-ull-acoge-una-nueva-edicion-del-international-ocean-film-tour\/#breadcrumb","itemListElement":[{"@type":"ListItem","position":1,"name":"Portada","item":"https:\/\/www.ull.es\/portal\/noticias\/"},{"@type":"ListItem","position":2,"name":"El Paraninfo de la ULL acoge una nueva edici\u00f3n del International Ocean Film Tour"}]},{"@type":"WebSite","@id":"https:\/\/www.ull.es\/portal\/noticias\/#website","url":"https:\/\/www.ull.es\/portal\/noticias\/","name":"ULL - Noticias","description":"","potentialAction":[{"@type":"SearchAction","target":{"@type":"EntryPoint","urlTemplate":"https:\/\/www.ull.es\/portal\/noticias\/?s={search_term_string}"},"query-input":"required name=search_term_string"}],"inLanguage":"es"},{"@type":"Person","@id":"https:\/\/www.ull.es\/portal\/noticias\/#\/schema\/person\/b2b1a89d43ffa609e591f7df8ef3e817","name":"gaprsa","image":{"@type":"ImageObject","inLanguage":"es","@id":"https:\/\/www.ull.es\/portal\/noticias\/#\/schema\/person\/image\/","url":"https:\/\/secure.gravatar.com\/avatar\/443820550921091458b4823867723b3d?s=96&d=mm&r=g","contentUrl":"https:\/\/secure.gravatar.com\/avatar\/443820550921091458b4823867723b3d?s=96&d=mm&r=g","caption":"gaprsa"},"url":"https:\/\/www.ull.es\/portal\/noticias\/author\/gaprsa\/"}]}},"primary_category":{"id":345,"name":"Destacado","slug":"destacado","link":"https:\/\/www.ull.es\/portal\/noticias\/category\/destacado\/"},"featured_image_thumbnail_url":"https:\/\/www.ull.es\/portal\/noticias\/wp-content\/uploads\/sites\/13\/2025\/07\/OCEAN-film-tour-300x150.jpg","_links":{"self":[{"href":"https:\/\/www.ull.es\/portal\/noticias\/wp-json\/wp\/v2\/posts\/83343"}],"collection":[{"href":"https:\/\/www.ull.es\/portal\/noticias\/wp-json\/wp\/v2\/posts"}],"about":[{"href":"https:\/\/www.ull.es\/portal\/noticias\/wp-json\/wp\/v2\/types\/post"}],"author":[{"embeddable":true,"href":"https:\/\/www.ull.es\/portal\/noticias\/wp-json\/wp\/v2\/users\/23"}],"replies":[{"embeddable":true,"href":"https:\/\/www.ull.es\/portal\/noticias\/wp-json\/wp\/v2\/comments?post=83343"}],"version-history":[{"count":1,"href":"https:\/\/www.ull.es\/portal\/noticias\/wp-json\/wp\/v2\/posts\/83343\/revisions"}],"predecessor-version":[{"id":83344,"href":"https:\/\/www.ull.es\/portal\/noticias\/wp-json\/wp\/v2\/posts\/83343\/revisions\/83344"}],"wp:featuredmedia":[{"embeddable":true,"href":"https:\/\/www.ull.es\/portal\/noticias\/wp-json\/wp\/v2\/media\/83345"}],"wp:attachment":[{"href":"https:\/\/www.ull.es\/portal\/noticias\/wp-json\/wp\/v2\/media?parent=83343"}],"wp:term":[{"taxonomy":"category","embeddable":true,"href":"https:\/\/www.ull.es\/portal\/noticias\/wp-json\/wp\/v2\/categories?post=83343"},{"taxonomy":"post_tag","embeddable":true,"href":"https:\/\/www.ull.es\/portal\/noticias\/wp-json\/wp\/v2\/tags?post=83343"}],"curies":[{"name":"wp","href":"https:\/\/api.w.org\/{rel}","templated":true}]}}