{"id":83367,"date":"2025-07-11T08:06:08","date_gmt":"2025-07-11T08:06:08","guid":{"rendered":"https:\/\/www.ull.es\/portal\/noticias\/?p=83367"},"modified":"2025-07-11T08:06:08","modified_gmt":"2025-07-11T08:06:08","slug":"la-catedra-tecnoedu-impulsa-la-formacion-en-inteligencia-artificial-para-transformar-la-docencia-y-la-investigacion","status":"publish","type":"post","link":"https:\/\/www.ull.es\/portal\/noticias\/2025\/la-catedra-tecnoedu-impulsa-la-formacion-en-inteligencia-artificial-para-transformar-la-docencia-y-la-investigacion\/","title":{"rendered":"La C\u00e1tedra TECNOEDU impulsa la formaci\u00f3n en Inteligencia Artificial para transformar la docencia y la investigaci\u00f3n"},"content":{"rendered":"<p>La <a href=\"https:\/\/tecnoedu.webs.ull.es\/\" target=\"_blank\" rel=\"noopener\">C\u00e1tedra TECNOEDU<\/a> de la Universidad de La Laguna refuerza su compromiso con la innovaci\u00f3n educativa lanzando el ciclo formativo \u00abIAEducaci\u00f3n\u00bb, que en septiembre reunir\u00e1 dos seminarios presenciales dise\u00f1ados para que el profesorado, el personal investigador y el alumnado de doctorado aprendan a integrar la Inteligencia Artificial en su pr\u00e1ctica docente de manera cr\u00edtica, responsable y creativa.<\/p>\n<p>El primero de ellos, <a href=\"https:\/\/tecnoedu.webs.ull.es\/capacidades-docentes-ia-generativa\/\" target=\"_blank\" rel=\"noopener\">\u00abPotenciando las capacidades docentes mediante IA generativa de texto\u00bb<\/a> (4\u20135 de septiembre), estar\u00e1 dirigido por Antonio Julio L\u00f3pez Galisteo, profesor titular de la Universidad Rey Juan Carlos y autor de la \u2018Gu\u00eda de uso de ChatGPT para potenciar el aprendizaje activo e interactivo en el aula universitaria\u2019. Durante dos sesiones eminentemente pr\u00e1cticas, el ponente mostrar\u00e1 c\u00f3mo dise\u00f1ar prompts de alta precisi\u00f3n, elaborar recursos did\u00e1cticos y r\u00fabricas de evaluaci\u00f3n competencial, as\u00ed como crear asistentes personalizados a partir de las funcionalidades de ChatGPT, Gemini y los Espacios de Perplexity. Se recomienda acudir con ordenador port\u00e1til para experimentar en tiempo real.<\/p>\n<p>El segundo seminario, <a href=\"https:\/\/tecnoedu.webs.ull.es\/docencia-ia-herramientas-conocimiento\/\" target=\"_blank\" rel=\"noopener\">\u00abInteligencia Artificial: herramientas que revolucionan el conocimiento\u00bb<\/a> (29 y 30 de septiembre), estar\u00e1 a cargo de Fernando Posada Prieto, docente y coordinador TIC en el CEIP Costa Teguise. En la primera jornada, los participantes explorar\u00e1n las posibilidades de ChatGPT para potenciar la productividad digital mediante la t\u00e9cnica RCA (Rol\u2011Contexto\u2011Acci\u00f3n) y la secuencia elaborativa avanzada.<\/p>\n<p>La segunda sesi\u00f3n ofrecer\u00e1 un recorrido por las principales soluciones gratuitas de IA (Gemini, Copilot, Claude, Perplexity, Gamma.app o Magic School AI, as\u00ed como generadores de im\u00e1genes, audio y v\u00eddeo), destacando buenas pr\u00e1cticas de uso seguro, detecci\u00f3n de plagio y humanizaci\u00f3n de textos. El programa se completa con ejemplos de integraci\u00f3n de estas herramientas en la planificaci\u00f3n docente y en proyectos de investigaci\u00f3n.<\/p>\n<p>Ambos seminarios combinan demostraciones en directo, estudio de casos y resoluci\u00f3n colaborativa de problemas, y no exigen conocimientos t\u00e9cnicos avanzados. La participaci\u00f3n es gratuita, pero las plazas son limitadas y requieren inscripci\u00f3n previa a trav\u00e9s de la p\u00e1gina web de la C\u00e1tedra TECNOEDU (<a href=\"https:\/\/tecnoedu.webs.ull.es\" target=\"_blank\" rel=\"noopener\">https:\/\/tecnoedu.webs.ull.es<\/a>).<\/p>\n<p>Al finalizar cada curso se entregar\u00e1 un certificado oficial de asistencia. Con estas formaciones la C\u00e1tedra TECNOEDU pretende facilitar a la comunidad universitaria los conocimientos para replantear la creaci\u00f3n de materiales, los procedimientos de evaluaci\u00f3n y los proyectos de investigaci\u00f3n. Quienes deseen mantenerse a la vanguardia de la innovaci\u00f3n educativa tienen este septiembre dos citas ineludibles.<\/p>\n","protected":false},"excerpt":{"rendered":"<p>La C\u00e1tedra TECNOEDU de la Universidad de La Laguna refuerza su compromiso con la innovaci\u00f3n educativa lanzando el ciclo formativo&#8230;<\/p>\n","protected":false},"author":23,"featured_media":83369,"comment_status":"closed","ping_status":"closed","sticky":false,"template":"","format":"standard","meta":{"inline_featured_image":false,"footnotes":""},"categories":[345,346,2765],"tags":[],"acf":[],"yoast_head":"<!-- This site is optimized with the Yoast SEO plugin v21.3 - https:\/\/yoast.com\/wordpress\/plugins\/seo\/ -->\n<title>La C\u00e1tedra TECNOEDU impulsa la formaci\u00f3n en Inteligencia Artificial para transformar la docencia y la investigaci\u00f3n - ULL - Noticias<\/title>\n<meta name=\"robots\" content=\"index, follow, max-snippet:-1, max-image-preview:large, max-video-preview:-1\" \/>\n<link rel=\"canonical\" href=\"https:\/\/www.ull.es\/portal\/noticias\/2025\/la-catedra-tecnoedu-impulsa-la-formacion-en-inteligencia-artificial-para-transformar-la-docencia-y-la-investigacion\/\" \/>\n<meta property=\"og:locale\" content=\"es_ES\" \/>\n<meta property=\"og:type\" content=\"article\" \/>\n<meta property=\"og:title\" content=\"La C\u00e1tedra TECNOEDU impulsa la formaci\u00f3n en Inteligencia Artificial para transformar la docencia y la investigaci\u00f3n - ULL - Noticias\" \/>\n<meta property=\"og:description\" content=\"La C\u00e1tedra TECNOEDU de la Universidad de La Laguna refuerza su compromiso con la innovaci\u00f3n educativa lanzando el ciclo formativo...\" \/>\n<meta property=\"og:url\" content=\"https:\/\/www.ull.es\/portal\/noticias\/2025\/la-catedra-tecnoedu-impulsa-la-formacion-en-inteligencia-artificial-para-transformar-la-docencia-y-la-investigacion\/\" \/>\n<meta property=\"og:site_name\" content=\"ULL - Noticias\" \/>\n<meta property=\"article:publisher\" content=\"https:\/\/www.facebook.com\/universidaddelalaguna\/\" \/>\n<meta property=\"article:published_time\" content=\"2025-07-11T08:06:08+00:00\" \/>\n<meta property=\"og:image\" content=\"https:\/\/www.ull.es\/portal\/noticias\/wp-content\/uploads\/sites\/13\/2025\/07\/tecnoedu.jpg\" \/>\n\t<meta property=\"og:image:width\" content=\"1456\" \/>\n\t<meta property=\"og:image:height\" content=\"816\" \/>\n\t<meta property=\"og:image:type\" content=\"image\/jpeg\" \/>\n<meta name=\"author\" content=\"gaprsa\" \/>\n<meta name=\"twitter:card\" content=\"summary_large_image\" \/>\n<meta name=\"twitter:creator\" content=\"@CanalULL\" \/>\n<meta name=\"twitter:site\" content=\"@CanalULL\" \/>\n<meta name=\"twitter:label1\" content=\"Escrito por\" \/>\n\t<meta name=\"twitter:data1\" content=\"gaprsa\" \/>\n\t<meta name=\"twitter:label2\" content=\"Tiempo de lectura\" \/>\n\t<meta name=\"twitter:data2\" content=\"2 minutos\" \/>\n<script type=\"application\/ld+json\" class=\"yoast-schema-graph\">{\"@context\":\"https:\/\/schema.org\",\"@graph\":[{\"@type\":\"WebPage\",\"@id\":\"https:\/\/www.ull.es\/portal\/noticias\/2025\/la-catedra-tecnoedu-impulsa-la-formacion-en-inteligencia-artificial-para-transformar-la-docencia-y-la-investigacion\/\",\"url\":\"https:\/\/www.ull.es\/portal\/noticias\/2025\/la-catedra-tecnoedu-impulsa-la-formacion-en-inteligencia-artificial-para-transformar-la-docencia-y-la-investigacion\/\",\"name\":\"La C\u00e1tedra TECNOEDU impulsa la formaci\u00f3n en Inteligencia Artificial para transformar la docencia y la investigaci\u00f3n - ULL - Noticias\",\"isPartOf\":{\"@id\":\"https:\/\/www.ull.es\/portal\/noticias\/#website\"},\"datePublished\":\"2025-07-11T08:06:08+00:00\",\"dateModified\":\"2025-07-11T08:06:08+00:00\",\"author\":{\"@id\":\"https:\/\/www.ull.es\/portal\/noticias\/#\/schema\/person\/b2b1a89d43ffa609e591f7df8ef3e817\"},\"breadcrumb\":{\"@id\":\"https:\/\/www.ull.es\/portal\/noticias\/2025\/la-catedra-tecnoedu-impulsa-la-formacion-en-inteligencia-artificial-para-transformar-la-docencia-y-la-investigacion\/#breadcrumb\"},\"inLanguage\":\"es\",\"potentialAction\":[{\"@type\":\"ReadAction\",\"target\":[\"https:\/\/www.ull.es\/portal\/noticias\/2025\/la-catedra-tecnoedu-impulsa-la-formacion-en-inteligencia-artificial-para-transformar-la-docencia-y-la-investigacion\/\"]}]},{\"@type\":\"BreadcrumbList\",\"@id\":\"https:\/\/www.ull.es\/portal\/noticias\/2025\/la-catedra-tecnoedu-impulsa-la-formacion-en-inteligencia-artificial-para-transformar-la-docencia-y-la-investigacion\/#breadcrumb\",\"itemListElement\":[{\"@type\":\"ListItem\",\"position\":1,\"name\":\"Portada\",\"item\":\"https:\/\/www.ull.es\/portal\/noticias\/\"},{\"@type\":\"ListItem\",\"position\":2,\"name\":\"La C\u00e1tedra TECNOEDU impulsa la formaci\u00f3n en Inteligencia Artificial para transformar la docencia y la investigaci\u00f3n\"}]},{\"@type\":\"WebSite\",\"@id\":\"https:\/\/www.ull.es\/portal\/noticias\/#website\",\"url\":\"https:\/\/www.ull.es\/portal\/noticias\/\",\"name\":\"ULL - Noticias\",\"description\":\"\",\"potentialAction\":[{\"@type\":\"SearchAction\",\"target\":{\"@type\":\"EntryPoint\",\"urlTemplate\":\"https:\/\/www.ull.es\/portal\/noticias\/?s={search_term_string}\"},\"query-input\":\"required name=search_term_string\"}],\"inLanguage\":\"es\"},{\"@type\":\"Person\",\"@id\":\"https:\/\/www.ull.es\/portal\/noticias\/#\/schema\/person\/b2b1a89d43ffa609e591f7df8ef3e817\",\"name\":\"gaprsa\",\"image\":{\"@type\":\"ImageObject\",\"inLanguage\":\"es\",\"@id\":\"https:\/\/www.ull.es\/portal\/noticias\/#\/schema\/person\/image\/\",\"url\":\"https:\/\/secure.gravatar.com\/avatar\/443820550921091458b4823867723b3d?s=96&d=mm&r=g\",\"contentUrl\":\"https:\/\/secure.gravatar.com\/avatar\/443820550921091458b4823867723b3d?s=96&d=mm&r=g\",\"caption\":\"gaprsa\"},\"url\":\"https:\/\/www.ull.es\/portal\/noticias\/author\/gaprsa\/\"}]}<\/script>\n<!-- \/ Yoast SEO plugin. -->","yoast_head_json":{"title":"La C\u00e1tedra TECNOEDU impulsa la formaci\u00f3n en Inteligencia Artificial para transformar la docencia y la investigaci\u00f3n - ULL - Noticias","robots":{"index":"index","follow":"follow","max-snippet":"max-snippet:-1","max-image-preview":"max-image-preview:large","max-video-preview":"max-video-preview:-1"},"canonical":"https:\/\/www.ull.es\/portal\/noticias\/2025\/la-catedra-tecnoedu-impulsa-la-formacion-en-inteligencia-artificial-para-transformar-la-docencia-y-la-investigacion\/","og_locale":"es_ES","og_type":"article","og_title":"La C\u00e1tedra TECNOEDU impulsa la formaci\u00f3n en Inteligencia Artificial para transformar la docencia y la investigaci\u00f3n - ULL - Noticias","og_description":"La C\u00e1tedra TECNOEDU de la Universidad de La Laguna refuerza su compromiso con la innovaci\u00f3n educativa lanzando el ciclo formativo...","og_url":"https:\/\/www.ull.es\/portal\/noticias\/2025\/la-catedra-tecnoedu-impulsa-la-formacion-en-inteligencia-artificial-para-transformar-la-docencia-y-la-investigacion\/","og_site_name":"ULL - Noticias","article_publisher":"https:\/\/www.facebook.com\/universidaddelalaguna\/","article_published_time":"2025-07-11T08:06:08+00:00","og_image":[{"width":1456,"height":816,"url":"https:\/\/www.ull.es\/portal\/noticias\/wp-content\/uploads\/sites\/13\/2025\/07\/tecnoedu.jpg","type":"image\/jpeg"}],"author":"gaprsa","twitter_card":"summary_large_image","twitter_creator":"@CanalULL","twitter_site":"@CanalULL","twitter_misc":{"Escrito por":"gaprsa","Tiempo de lectura":"2 minutos"},"schema":{"@context":"https:\/\/schema.org","@graph":[{"@type":"WebPage","@id":"https:\/\/www.ull.es\/portal\/noticias\/2025\/la-catedra-tecnoedu-impulsa-la-formacion-en-inteligencia-artificial-para-transformar-la-docencia-y-la-investigacion\/","url":"https:\/\/www.ull.es\/portal\/noticias\/2025\/la-catedra-tecnoedu-impulsa-la-formacion-en-inteligencia-artificial-para-transformar-la-docencia-y-la-investigacion\/","name":"La C\u00e1tedra TECNOEDU impulsa la formaci\u00f3n en Inteligencia Artificial para transformar la docencia y la investigaci\u00f3n - ULL - Noticias","isPartOf":{"@id":"https:\/\/www.ull.es\/portal\/noticias\/#website"},"datePublished":"2025-07-11T08:06:08+00:00","dateModified":"2025-07-11T08:06:08+00:00","author":{"@id":"https:\/\/www.ull.es\/portal\/noticias\/#\/schema\/person\/b2b1a89d43ffa609e591f7df8ef3e817"},"breadcrumb":{"@id":"https:\/\/www.ull.es\/portal\/noticias\/2025\/la-catedra-tecnoedu-impulsa-la-formacion-en-inteligencia-artificial-para-transformar-la-docencia-y-la-investigacion\/#breadcrumb"},"inLanguage":"es","potentialAction":[{"@type":"ReadAction","target":["https:\/\/www.ull.es\/portal\/noticias\/2025\/la-catedra-tecnoedu-impulsa-la-formacion-en-inteligencia-artificial-para-transformar-la-docencia-y-la-investigacion\/"]}]},{"@type":"BreadcrumbList","@id":"https:\/\/www.ull.es\/portal\/noticias\/2025\/la-catedra-tecnoedu-impulsa-la-formacion-en-inteligencia-artificial-para-transformar-la-docencia-y-la-investigacion\/#breadcrumb","itemListElement":[{"@type":"ListItem","position":1,"name":"Portada","item":"https:\/\/www.ull.es\/portal\/noticias\/"},{"@type":"ListItem","position":2,"name":"La C\u00e1tedra TECNOEDU impulsa la formaci\u00f3n en Inteligencia Artificial para transformar la docencia y la investigaci\u00f3n"}]},{"@type":"WebSite","@id":"https:\/\/www.ull.es\/portal\/noticias\/#website","url":"https:\/\/www.ull.es\/portal\/noticias\/","name":"ULL - Noticias","description":"","potentialAction":[{"@type":"SearchAction","target":{"@type":"EntryPoint","urlTemplate":"https:\/\/www.ull.es\/portal\/noticias\/?s={search_term_string}"},"query-input":"required name=search_term_string"}],"inLanguage":"es"},{"@type":"Person","@id":"https:\/\/www.ull.es\/portal\/noticias\/#\/schema\/person\/b2b1a89d43ffa609e591f7df8ef3e817","name":"gaprsa","image":{"@type":"ImageObject","inLanguage":"es","@id":"https:\/\/www.ull.es\/portal\/noticias\/#\/schema\/person\/image\/","url":"https:\/\/secure.gravatar.com\/avatar\/443820550921091458b4823867723b3d?s=96&d=mm&r=g","contentUrl":"https:\/\/secure.gravatar.com\/avatar\/443820550921091458b4823867723b3d?s=96&d=mm&r=g","caption":"gaprsa"},"url":"https:\/\/www.ull.es\/portal\/noticias\/author\/gaprsa\/"}]}},"primary_category":{"id":345,"name":"Destacado","slug":"destacado","link":"https:\/\/www.ull.es\/portal\/noticias\/category\/destacado\/"},"featured_image_thumbnail_url":"https:\/\/www.ull.es\/portal\/noticias\/wp-content\/uploads\/sites\/13\/2025\/07\/tecnoedu-300x168.jpg","_links":{"self":[{"href":"https:\/\/www.ull.es\/portal\/noticias\/wp-json\/wp\/v2\/posts\/83367"}],"collection":[{"href":"https:\/\/www.ull.es\/portal\/noticias\/wp-json\/wp\/v2\/posts"}],"about":[{"href":"https:\/\/www.ull.es\/portal\/noticias\/wp-json\/wp\/v2\/types\/post"}],"author":[{"embeddable":true,"href":"https:\/\/www.ull.es\/portal\/noticias\/wp-json\/wp\/v2\/users\/23"}],"replies":[{"embeddable":true,"href":"https:\/\/www.ull.es\/portal\/noticias\/wp-json\/wp\/v2\/comments?post=83367"}],"version-history":[{"count":1,"href":"https:\/\/www.ull.es\/portal\/noticias\/wp-json\/wp\/v2\/posts\/83367\/revisions"}],"predecessor-version":[{"id":83368,"href":"https:\/\/www.ull.es\/portal\/noticias\/wp-json\/wp\/v2\/posts\/83367\/revisions\/83368"}],"wp:featuredmedia":[{"embeddable":true,"href":"https:\/\/www.ull.es\/portal\/noticias\/wp-json\/wp\/v2\/media\/83369"}],"wp:attachment":[{"href":"https:\/\/www.ull.es\/portal\/noticias\/wp-json\/wp\/v2\/media?parent=83367"}],"wp:term":[{"taxonomy":"category","embeddable":true,"href":"https:\/\/www.ull.es\/portal\/noticias\/wp-json\/wp\/v2\/categories?post=83367"},{"taxonomy":"post_tag","embeddable":true,"href":"https:\/\/www.ull.es\/portal\/noticias\/wp-json\/wp\/v2\/tags?post=83367"}],"curies":[{"name":"wp","href":"https:\/\/api.w.org\/{rel}","templated":true}]}}