{"id":83387,"date":"2025-07-14T08:44:11","date_gmt":"2025-07-14T08:44:11","guid":{"rendered":"https:\/\/www.ull.es\/portal\/noticias\/?p=83387"},"modified":"2025-07-14T09:05:05","modified_gmt":"2025-07-14T09:05:05","slug":"universidad-verano-gomera-acogio-trabajos-academicos-alumnado","status":"publish","type":"post","link":"https:\/\/www.ull.es\/portal\/noticias\/2025\/universidad-verano-gomera-acogio-trabajos-academicos-alumnado\/","title":{"rendered":"La Universidad de Verano de La Gomera acogi\u00f3 la exposici\u00f3n de trabajos acad\u00e9micos de alumnado de la isla"},"content":{"rendered":"<p dir=\"ltr\">La Universidad de Verano de La Gomera acogi\u00f3 el pasado s\u00e1bado 12 de julio la el espacio \u2018Tagoror de Saberes\u2019, en el que alumnado gomero expuso diversos trabajos acad\u00e9micos y cient\u00edficos que han sido elaborados como Trabajo de Fin de Grado o M\u00e1ster. Otro a\u00f1o m\u00e1s se ha incorporado a la programaci\u00f3n del programa formativo estival esta presentaci\u00f3n de trabajos de alumnos y alumnas de la isla que se han formado en la instituci\u00f3n universitaria.<\/p>\n<p dir=\"ltr\">La consejera insular de Educaci\u00f3n, Rosa Elena Garc\u00eda, destac\u00f3 que este evento \u201cpretende ser mucho m\u00e1s que una muestra acad\u00e9mica, una apuesta por el conocimiento como motor de transformaci\u00f3n social, territorial y ambiental, especialmente, desde una isla no capitalina\u201d.<\/p>\n<p dir=\"ltr\">Entre las intervenciones programadas destac\u00f3 el an\u00e1lisis de la educaci\u00f3n diferenciada por sexos y los problemas constitucionales de su financiaci\u00f3n con dinero p\u00fablico, presentado por Carmen Daniela Ramos \u00c1lvarez. Por su parte, Amanda Reyes G\u00e1mez Damas expuso un estudio jur\u00eddico de la contrataci\u00f3n a tiempo parcial en Espa\u00f1a, as\u00ed como las cuestiones controvertidas y retos que supone.<\/p>\n<p dir=\"ltr\">Desde el \u00e1mbito educativo, Santiago Nicol\u00e1s Terreno Carandino present\u00f3 una propuesta innovadora sobre el uso del teatro como recurso educativo para trabajar el entorno inmediato en la Educaci\u00f3n Primaria.<\/p>\n<p dir=\"ltr\">Cerr\u00f3 el encuentro Jos\u00e9 Andr\u00e9s Ramos Mendoza con una investigaci\u00f3n sobre el uso de t\u00e9cnicas de teledetecci\u00f3n e inteligencia artificial para la caracterizaci\u00f3n de la palmera canaria (<em>Phoenix canariensis<\/em>).<\/p>\n<p dir=\"ltr\"><strong>Jornada \u2018Cultura entre bancales\u2019<\/strong><\/p>\n<p dir=\"ltr\">El espacio de exposici\u00f3n \u2018Tagoror de Saberes\u2019 estuvo enmarcado en la jornada \u2018Cultura entre bancales\u2019 en la que se entremezclaron investigaci\u00f3n, cine y vinos locales.<\/p>\n<p dir=\"ltr\">Tras la presentaci\u00f3n de trabajos se desarroll\u00f3 la masterclass y cata \u00abComprendiendo la diversidad de los vinos de las Islas Canarias\u00bb, en la que los participantes pudieron degustar una selecci\u00f3n de vinos canarios, y entender y apreciar las historias y tradiciones detr\u00e1s de cada copa, subrayando el impacto de la geograf\u00eda y la cultura en su elaboraci\u00f3n.<\/p>\n<p dir=\"ltr\">Posteriormente, las personas asistentes pudieron participar en un cine f\u00f3rum a trav\u00e9s de \u2018Charlas de Cine\u2019, una de las iniciativas del Aula de Cine de la Universidad de La Laguna con la que se busca acercar el cine a un p\u00fablico diverso desde una perspectiva rigurosa y l\u00fadica, y en la que se ofreci\u00f3 una reflexi\u00f3n colectiva en torno a temas culturales y sociales de relevancia para la isla.<\/p>\n<p dir=\"ltr\"><strong>Matr\u00edcula abierta<\/strong><\/p>\n<p dir=\"ltr\">Contin\u00faa abierta la matr\u00edcula para el cat\u00e1logo de cursos previsto en esta nueva edici\u00f3n de la Universidad de Verano de La Gomera, que debe formalizarse de forma telem\u00e1tica en\u00a0<a href=\"https:\/\/www.ull.es\/cultura\/cursos-extension-universitaria\/universidad-de-verano-de-la-gomera\/\" target=\"_blank\" rel=\"noopener\" data-saferedirecturl=\"https:\/\/www.google.com\/url?q=https:\/\/www.ull.es\/cultura\/cursos-extension-universitaria\/universidad-de-verano-de-la-gomera\/&amp;source=gmail&amp;ust=1752565794097000&amp;usg=AOvVaw2utbHq43eTC4DQcXmseauJ\" target=\"_blank\" rel=\"noopener\">este enlace<\/a>. Las formaciones tienen un coste de 10 euros para residentes en La Gomera, y de 20 euros para el p\u00fablico general. Adem\u00e1s, por primera vez, combinan la modalidad presencial y la teleformaci\u00f3n.<\/p>\n<p dir=\"ltr\">La Universidad de La Laguna, a trav\u00e9s del Vicerrectorado de Cultura y Extensi\u00f3n Universitaria, emitir\u00e1 un certificado de asistencia a todas aquellas personas que asistan a un m\u00ednimo del 80% de las horas lectivas presenciales. Asimismo, aquellas personas que superen el trabajo aut\u00f3nomo del alumnado, recibir\u00e1n un certificado de asistencia y aprovechamiento, reconocible a su vez por 1 o 2 cr\u00e9ditos ECTS.<\/p>\n","protected":false},"excerpt":{"rendered":"<p>La Universidad de Verano de La Gomera acogi\u00f3 el pasado s\u00e1bado 12 de julio la el espacio \u2018Tagoror de Saberes\u2019,&#8230;<\/p>\n","protected":false},"author":21,"featured_media":83391,"comment_status":"closed","ping_status":"closed","sticky":false,"template":"","format":"standard","meta":{"inline_featured_image":false,"footnotes":""},"categories":[345,346,2765],"tags":[11825,4518,2481,2575],"acf":[],"yoast_head":"<!-- This site is optimized with the Yoast SEO plugin v21.3 - https:\/\/yoast.com\/wordpress\/plugins\/seo\/ -->\n<title>Estudiates gomeros de la ULL presentaron sus TFG y TFM<\/title>\n<meta name=\"description\" content=\"El Tagoror de Saberes de la Universidad de Verano de La Gomera fue el foro para que estos cuatro estudiantes presentaran sus trabajos.\" \/>\n<meta name=\"robots\" content=\"index, follow, max-snippet:-1, max-image-preview:large, max-video-preview:-1\" \/>\n<link rel=\"canonical\" href=\"https:\/\/www.ull.es\/portal\/noticias\/2025\/universidad-verano-gomera-acogio-trabajos-academicos-alumnado\/\" \/>\n<meta property=\"og:locale\" content=\"es_ES\" \/>\n<meta property=\"og:type\" content=\"article\" \/>\n<meta property=\"og:title\" content=\"Estudiates gomeros de la ULL presentaron sus TFG y TFM\" \/>\n<meta property=\"og:description\" content=\"El Tagoror de Saberes de la Universidad de Verano de La Gomera fue el foro para que estos cuatro estudiantes presentaran sus trabajos.\" \/>\n<meta property=\"og:url\" content=\"https:\/\/www.ull.es\/portal\/noticias\/2025\/universidad-verano-gomera-acogio-trabajos-academicos-alumnado\/\" \/>\n<meta property=\"og:site_name\" content=\"ULL - Noticias\" \/>\n<meta property=\"article:publisher\" content=\"https:\/\/www.facebook.com\/universidaddelalaguna\/\" \/>\n<meta property=\"article:published_time\" content=\"2025-07-14T08:44:11+00:00\" \/>\n<meta property=\"article:modified_time\" content=\"2025-07-14T09:05:05+00:00\" \/>\n<meta property=\"og:image\" content=\"https:\/\/www.ull.es\/portal\/noticias\/wp-content\/uploads\/sites\/13\/2025\/07\/tagorors-saberes-universidad-verano-gomera.jpg\" \/>\n\t<meta property=\"og:image:width\" content=\"1200\" \/>\n\t<meta property=\"og:image:height\" content=\"800\" \/>\n\t<meta property=\"og:image:type\" content=\"image\/jpeg\" \/>\n<meta name=\"author\" content=\"prensa2\" \/>\n<meta name=\"twitter:card\" content=\"summary_large_image\" \/>\n<meta name=\"twitter:creator\" content=\"@CanalULL\" \/>\n<meta name=\"twitter:site\" content=\"@CanalULL\" \/>\n<meta name=\"twitter:label1\" content=\"Escrito por\" \/>\n\t<meta name=\"twitter:data1\" content=\"prensa2\" \/>\n\t<meta name=\"twitter:label2\" content=\"Tiempo de lectura\" \/>\n\t<meta name=\"twitter:data2\" content=\"3 minutos\" \/>\n<script type=\"application\/ld+json\" class=\"yoast-schema-graph\">{\"@context\":\"https:\/\/schema.org\",\"@graph\":[{\"@type\":\"WebPage\",\"@id\":\"https:\/\/www.ull.es\/portal\/noticias\/2025\/universidad-verano-gomera-acogio-trabajos-academicos-alumnado\/\",\"url\":\"https:\/\/www.ull.es\/portal\/noticias\/2025\/universidad-verano-gomera-acogio-trabajos-academicos-alumnado\/\",\"name\":\"Estudiates gomeros de la ULL presentaron sus TFG y TFM\",\"isPartOf\":{\"@id\":\"https:\/\/www.ull.es\/portal\/noticias\/#website\"},\"datePublished\":\"2025-07-14T08:44:11+00:00\",\"dateModified\":\"2025-07-14T09:05:05+00:00\",\"author\":{\"@id\":\"https:\/\/www.ull.es\/portal\/noticias\/#\/schema\/person\/c3b2aa857797592927a03740d6664376\"},\"description\":\"El Tagoror de Saberes de la Universidad de Verano de La Gomera fue el foro para que estos cuatro estudiantes presentaran sus trabajos.\",\"breadcrumb\":{\"@id\":\"https:\/\/www.ull.es\/portal\/noticias\/2025\/universidad-verano-gomera-acogio-trabajos-academicos-alumnado\/#breadcrumb\"},\"inLanguage\":\"es\",\"potentialAction\":[{\"@type\":\"ReadAction\",\"target\":[\"https:\/\/www.ull.es\/portal\/noticias\/2025\/universidad-verano-gomera-acogio-trabajos-academicos-alumnado\/\"]}]},{\"@type\":\"BreadcrumbList\",\"@id\":\"https:\/\/www.ull.es\/portal\/noticias\/2025\/universidad-verano-gomera-acogio-trabajos-academicos-alumnado\/#breadcrumb\",\"itemListElement\":[{\"@type\":\"ListItem\",\"position\":1,\"name\":\"Portada\",\"item\":\"https:\/\/www.ull.es\/portal\/noticias\/\"},{\"@type\":\"ListItem\",\"position\":2,\"name\":\"La Universidad de Verano de La Gomera acogi\u00f3 la exposici\u00f3n de trabajos acad\u00e9micos de alumnado de la isla\"}]},{\"@type\":\"WebSite\",\"@id\":\"https:\/\/www.ull.es\/portal\/noticias\/#website\",\"url\":\"https:\/\/www.ull.es\/portal\/noticias\/\",\"name\":\"ULL - Noticias\",\"description\":\"\",\"potentialAction\":[{\"@type\":\"SearchAction\",\"target\":{\"@type\":\"EntryPoint\",\"urlTemplate\":\"https:\/\/www.ull.es\/portal\/noticias\/?s={search_term_string}\"},\"query-input\":\"required name=search_term_string\"}],\"inLanguage\":\"es\"},{\"@type\":\"Person\",\"@id\":\"https:\/\/www.ull.es\/portal\/noticias\/#\/schema\/person\/c3b2aa857797592927a03740d6664376\",\"name\":\"prensa2\",\"image\":{\"@type\":\"ImageObject\",\"inLanguage\":\"es\",\"@id\":\"https:\/\/www.ull.es\/portal\/noticias\/#\/schema\/person\/image\/\",\"url\":\"https:\/\/secure.gravatar.com\/avatar\/b58f310a5de5feb33d1e026d2493f23c?s=96&d=mm&r=g\",\"contentUrl\":\"https:\/\/secure.gravatar.com\/avatar\/b58f310a5de5feb33d1e026d2493f23c?s=96&d=mm&r=g\",\"caption\":\"prensa2\"},\"url\":\"https:\/\/www.ull.es\/portal\/noticias\/author\/prensa2\/\"}]}<\/script>\n<!-- \/ Yoast SEO plugin. -->","yoast_head_json":{"title":"Estudiates gomeros de la ULL presentaron sus TFG y TFM","description":"El Tagoror de Saberes de la Universidad de Verano de La Gomera fue el foro para que estos cuatro estudiantes presentaran sus trabajos.","robots":{"index":"index","follow":"follow","max-snippet":"max-snippet:-1","max-image-preview":"max-image-preview:large","max-video-preview":"max-video-preview:-1"},"canonical":"https:\/\/www.ull.es\/portal\/noticias\/2025\/universidad-verano-gomera-acogio-trabajos-academicos-alumnado\/","og_locale":"es_ES","og_type":"article","og_title":"Estudiates gomeros de la ULL presentaron sus TFG y TFM","og_description":"El Tagoror de Saberes de la Universidad de Verano de La Gomera fue el foro para que estos cuatro estudiantes presentaran sus trabajos.","og_url":"https:\/\/www.ull.es\/portal\/noticias\/2025\/universidad-verano-gomera-acogio-trabajos-academicos-alumnado\/","og_site_name":"ULL - Noticias","article_publisher":"https:\/\/www.facebook.com\/universidaddelalaguna\/","article_published_time":"2025-07-14T08:44:11+00:00","article_modified_time":"2025-07-14T09:05:05+00:00","og_image":[{"width":1200,"height":800,"url":"https:\/\/www.ull.es\/portal\/noticias\/wp-content\/uploads\/sites\/13\/2025\/07\/tagorors-saberes-universidad-verano-gomera.jpg","type":"image\/jpeg"}],"author":"prensa2","twitter_card":"summary_large_image","twitter_creator":"@CanalULL","twitter_site":"@CanalULL","twitter_misc":{"Escrito por":"prensa2","Tiempo de lectura":"3 minutos"},"schema":{"@context":"https:\/\/schema.org","@graph":[{"@type":"WebPage","@id":"https:\/\/www.ull.es\/portal\/noticias\/2025\/universidad-verano-gomera-acogio-trabajos-academicos-alumnado\/","url":"https:\/\/www.ull.es\/portal\/noticias\/2025\/universidad-verano-gomera-acogio-trabajos-academicos-alumnado\/","name":"Estudiates gomeros de la ULL presentaron sus TFG y TFM","isPartOf":{"@id":"https:\/\/www.ull.es\/portal\/noticias\/#website"},"datePublished":"2025-07-14T08:44:11+00:00","dateModified":"2025-07-14T09:05:05+00:00","author":{"@id":"https:\/\/www.ull.es\/portal\/noticias\/#\/schema\/person\/c3b2aa857797592927a03740d6664376"},"description":"El Tagoror de Saberes de la Universidad de Verano de La Gomera fue el foro para que estos cuatro estudiantes presentaran sus trabajos.","breadcrumb":{"@id":"https:\/\/www.ull.es\/portal\/noticias\/2025\/universidad-verano-gomera-acogio-trabajos-academicos-alumnado\/#breadcrumb"},"inLanguage":"es","potentialAction":[{"@type":"ReadAction","target":["https:\/\/www.ull.es\/portal\/noticias\/2025\/universidad-verano-gomera-acogio-trabajos-academicos-alumnado\/"]}]},{"@type":"BreadcrumbList","@id":"https:\/\/www.ull.es\/portal\/noticias\/2025\/universidad-verano-gomera-acogio-trabajos-academicos-alumnado\/#breadcrumb","itemListElement":[{"@type":"ListItem","position":1,"name":"Portada","item":"https:\/\/www.ull.es\/portal\/noticias\/"},{"@type":"ListItem","position":2,"name":"La Universidad de Verano de La Gomera acogi\u00f3 la exposici\u00f3n de trabajos acad\u00e9micos de alumnado de la isla"}]},{"@type":"WebSite","@id":"https:\/\/www.ull.es\/portal\/noticias\/#website","url":"https:\/\/www.ull.es\/portal\/noticias\/","name":"ULL - Noticias","description":"","potentialAction":[{"@type":"SearchAction","target":{"@type":"EntryPoint","urlTemplate":"https:\/\/www.ull.es\/portal\/noticias\/?s={search_term_string}"},"query-input":"required name=search_term_string"}],"inLanguage":"es"},{"@type":"Person","@id":"https:\/\/www.ull.es\/portal\/noticias\/#\/schema\/person\/c3b2aa857797592927a03740d6664376","name":"prensa2","image":{"@type":"ImageObject","inLanguage":"es","@id":"https:\/\/www.ull.es\/portal\/noticias\/#\/schema\/person\/image\/","url":"https:\/\/secure.gravatar.com\/avatar\/b58f310a5de5feb33d1e026d2493f23c?s=96&d=mm&r=g","contentUrl":"https:\/\/secure.gravatar.com\/avatar\/b58f310a5de5feb33d1e026d2493f23c?s=96&d=mm&r=g","caption":"prensa2"},"url":"https:\/\/www.ull.es\/portal\/noticias\/author\/prensa2\/"}]}},"primary_category":{"id":345,"name":"Destacado","slug":"destacado","link":"https:\/\/www.ull.es\/portal\/noticias\/category\/destacado\/"},"featured_image_thumbnail_url":"https:\/\/www.ull.es\/portal\/noticias\/wp-content\/uploads\/sites\/13\/2025\/07\/tagorors-saberes-universidad-verano-gomera-300x200.jpg","_links":{"self":[{"href":"https:\/\/www.ull.es\/portal\/noticias\/wp-json\/wp\/v2\/posts\/83387"}],"collection":[{"href":"https:\/\/www.ull.es\/portal\/noticias\/wp-json\/wp\/v2\/posts"}],"about":[{"href":"https:\/\/www.ull.es\/portal\/noticias\/wp-json\/wp\/v2\/types\/post"}],"author":[{"embeddable":true,"href":"https:\/\/www.ull.es\/portal\/noticias\/wp-json\/wp\/v2\/users\/21"}],"replies":[{"embeddable":true,"href":"https:\/\/www.ull.es\/portal\/noticias\/wp-json\/wp\/v2\/comments?post=83387"}],"version-history":[{"count":2,"href":"https:\/\/www.ull.es\/portal\/noticias\/wp-json\/wp\/v2\/posts\/83387\/revisions"}],"predecessor-version":[{"id":83394,"href":"https:\/\/www.ull.es\/portal\/noticias\/wp-json\/wp\/v2\/posts\/83387\/revisions\/83394"}],"wp:featuredmedia":[{"embeddable":true,"href":"https:\/\/www.ull.es\/portal\/noticias\/wp-json\/wp\/v2\/media\/83391"}],"wp:attachment":[{"href":"https:\/\/www.ull.es\/portal\/noticias\/wp-json\/wp\/v2\/media?parent=83387"}],"wp:term":[{"taxonomy":"category","embeddable":true,"href":"https:\/\/www.ull.es\/portal\/noticias\/wp-json\/wp\/v2\/categories?post=83387"},{"taxonomy":"post_tag","embeddable":true,"href":"https:\/\/www.ull.es\/portal\/noticias\/wp-json\/wp\/v2\/tags?post=83387"}],"curies":[{"name":"wp","href":"https:\/\/api.w.org\/{rel}","templated":true}]}}