{"id":83769,"date":"2025-07-30T08:58:57","date_gmt":"2025-07-30T08:58:57","guid":{"rendered":"https:\/\/www.ull.es\/portal\/noticias\/?p=83769"},"modified":"2025-07-30T08:58:57","modified_gmt":"2025-07-30T08:58:57","slug":"aps-programa-aprendizaje-servicio-formacion-toda-canarias","status":"publish","type":"post","link":"https:\/\/www.ull.es\/portal\/noticias\/2025\/aps-programa-aprendizaje-servicio-formacion-toda-canarias\/","title":{"rendered":"El programa de Aprendizaje-Servicio de la ULL-Cabildo de Tenerife y la Consejer\u00eda de Educaci\u00f3n ofreci\u00f3 formaci\u00f3n en toda Canarias"},"content":{"rendered":"<p>El <a href=\"https:\/\/www.ull.es\/portal\/aprendizajeservicio\/\" target=\"_blank\" rel=\"noopener\" target=\"_blank\" rel=\"noopener\">Programa de Aprendizaje Servicio<\/a> (ApS) Universidad de La Laguna \u2013 Cabildo de Tenerife, junto a la Consejer\u00eda de Educaci\u00f3n y Universidades del Gobierno de Canarias, ha promovido un ciclo formativo sobre esta metodolog\u00eda docente como herramienta para la mejora de la convivencia en los centros educativos de todo Canarias. Esta iniciativa se desarroll\u00f3 durante el primer cuatrimestre de 2025, con sesiones celebradas en los centros del profesorado del Archipi\u00e9lago. La formaci\u00f3n reuni\u00f3 a m\u00e1s de 400 docentes y fue impartida por <a href=\"https:\/\/portalciencia.ull.es\/investigadores\/82531\/detalle\" target=\"_blank\" rel=\"noopener\" target=\"_blank\" rel=\"noopener\">Mar\u00eda A. Gabino Campos<\/a>, directora acad\u00e9mica del Programa de ApS de la Universidad de La Laguna.<\/p>\n<p>En las sesiones se abordaron los principios del ApS, una metodolog\u00eda que combina el aprendizaje curricular con acciones de servicio a la comunidad, promoviendo la participaci\u00f3n activa, la responsabilidad social y el respeto en el entorno escolar. El profesorado participante adquiri\u00f3 herramientas pr\u00e1cticas para dise\u00f1ar proyectos que fomenten la inclusi\u00f3n, la ciudadan\u00eda activa, el di\u00e1logo y la cooperaci\u00f3n en las aulas, abordando necesidades sociales reales desde la perspectiva educativa.<\/p>\n<p>Esta acci\u00f3n formativa forma parte del compromiso del Programa de ApS ULL-Cabildo de Tenerife con una educaci\u00f3n transformadora e innovadora, alineada con los Objetivos de Desarrollo Sostenible y centrada en valores de justicia social, equidad y convivencia, dotando a los centros educativos de estrategias efectivas para construir comunidades escolares m\u00e1s cohesionadas, solidarias y resilientes.<\/p>\n","protected":false},"excerpt":{"rendered":"<p>El Programa de Aprendizaje Servicio (ApS) Universidad de La Laguna \u2013 Cabildo de Tenerife, junto a la Consejer\u00eda de Educaci\u00f3n&#8230;<\/p>\n","protected":false},"author":21,"featured_media":83770,"comment_status":"closed","ping_status":"closed","sticky":false,"template":"","format":"standard","meta":{"inline_featured_image":false,"footnotes":""},"categories":[8225,345,346,2765],"tags":[3421,7040,11058],"acf":[],"yoast_head":"<!-- This site is optimized with the Yoast SEO plugin v21.3 - https:\/\/yoast.com\/wordpress\/plugins\/seo\/ -->\n<title>El programa de ApS ofreci\u00f3 formaci\u00f3n en toda Canarias<\/title>\n<meta name=\"description\" content=\"El programa de la ULL y el Cabildo ofreci\u00f3 formaci\u00f3n sobre Aprendizaje-Servicio a 400 docentes con la ayuda de la Consejer\u00eda de Educaci\u00f3n.\" \/>\n<meta name=\"robots\" content=\"index, follow, max-snippet:-1, max-image-preview:large, max-video-preview:-1\" \/>\n<link rel=\"canonical\" href=\"https:\/\/www.ull.es\/portal\/noticias\/2025\/aps-programa-aprendizaje-servicio-formacion-toda-canarias\/\" \/>\n<meta property=\"og:locale\" content=\"es_ES\" \/>\n<meta property=\"og:type\" content=\"article\" \/>\n<meta property=\"og:title\" content=\"El programa de ApS ofreci\u00f3 formaci\u00f3n en toda Canarias\" \/>\n<meta property=\"og:description\" content=\"El programa de la ULL y el Cabildo ofreci\u00f3 formaci\u00f3n sobre Aprendizaje-Servicio a 400 docentes con la ayuda de la Consejer\u00eda de Educaci\u00f3n.\" \/>\n<meta property=\"og:url\" content=\"https:\/\/www.ull.es\/portal\/noticias\/2025\/aps-programa-aprendizaje-servicio-formacion-toda-canarias\/\" \/>\n<meta property=\"og:site_name\" content=\"ULL - Noticias\" \/>\n<meta property=\"article:publisher\" content=\"https:\/\/www.facebook.com\/universidaddelalaguna\/\" \/>\n<meta property=\"article:published_time\" content=\"2025-07-30T08:58:57+00:00\" \/>\n<meta property=\"og:image\" content=\"https:\/\/www.ull.es\/portal\/noticias\/wp-content\/uploads\/sites\/13\/2025\/07\/maria-gabino-campos-aps-clase.jpg\" \/>\n\t<meta property=\"og:image:width\" content=\"1200\" \/>\n\t<meta property=\"og:image:height\" content=\"800\" \/>\n\t<meta property=\"og:image:type\" content=\"image\/jpeg\" \/>\n<meta name=\"author\" content=\"prensa2\" \/>\n<meta name=\"twitter:card\" content=\"summary_large_image\" \/>\n<meta name=\"twitter:creator\" content=\"@CanalULL\" \/>\n<meta name=\"twitter:site\" content=\"@CanalULL\" \/>\n<meta name=\"twitter:label1\" content=\"Escrito por\" \/>\n\t<meta name=\"twitter:data1\" content=\"prensa2\" \/>\n\t<meta name=\"twitter:label2\" content=\"Tiempo de lectura\" \/>\n\t<meta name=\"twitter:data2\" content=\"2 minutos\" \/>\n<script type=\"application\/ld+json\" class=\"yoast-schema-graph\">{\"@context\":\"https:\/\/schema.org\",\"@graph\":[{\"@type\":\"WebPage\",\"@id\":\"https:\/\/www.ull.es\/portal\/noticias\/2025\/aps-programa-aprendizaje-servicio-formacion-toda-canarias\/\",\"url\":\"https:\/\/www.ull.es\/portal\/noticias\/2025\/aps-programa-aprendizaje-servicio-formacion-toda-canarias\/\",\"name\":\"El programa de ApS ofreci\u00f3 formaci\u00f3n en toda Canarias\",\"isPartOf\":{\"@id\":\"https:\/\/www.ull.es\/portal\/noticias\/#website\"},\"datePublished\":\"2025-07-30T08:58:57+00:00\",\"dateModified\":\"2025-07-30T08:58:57+00:00\",\"author\":{\"@id\":\"https:\/\/www.ull.es\/portal\/noticias\/#\/schema\/person\/c3b2aa857797592927a03740d6664376\"},\"description\":\"El programa de la ULL y el Cabildo ofreci\u00f3 formaci\u00f3n sobre Aprendizaje-Servicio a 400 docentes con la ayuda de la Consejer\u00eda de Educaci\u00f3n.\",\"breadcrumb\":{\"@id\":\"https:\/\/www.ull.es\/portal\/noticias\/2025\/aps-programa-aprendizaje-servicio-formacion-toda-canarias\/#breadcrumb\"},\"inLanguage\":\"es\",\"potentialAction\":[{\"@type\":\"ReadAction\",\"target\":[\"https:\/\/www.ull.es\/portal\/noticias\/2025\/aps-programa-aprendizaje-servicio-formacion-toda-canarias\/\"]}]},{\"@type\":\"BreadcrumbList\",\"@id\":\"https:\/\/www.ull.es\/portal\/noticias\/2025\/aps-programa-aprendizaje-servicio-formacion-toda-canarias\/#breadcrumb\",\"itemListElement\":[{\"@type\":\"ListItem\",\"position\":1,\"name\":\"Portada\",\"item\":\"https:\/\/www.ull.es\/portal\/noticias\/\"},{\"@type\":\"ListItem\",\"position\":2,\"name\":\"El programa de Aprendizaje-Servicio de la ULL-Cabildo de Tenerife y la Consejer\u00eda de Educaci\u00f3n ofreci\u00f3 formaci\u00f3n en toda Canarias\"}]},{\"@type\":\"WebSite\",\"@id\":\"https:\/\/www.ull.es\/portal\/noticias\/#website\",\"url\":\"https:\/\/www.ull.es\/portal\/noticias\/\",\"name\":\"ULL - Noticias\",\"description\":\"\",\"potentialAction\":[{\"@type\":\"SearchAction\",\"target\":{\"@type\":\"EntryPoint\",\"urlTemplate\":\"https:\/\/www.ull.es\/portal\/noticias\/?s={search_term_string}\"},\"query-input\":\"required name=search_term_string\"}],\"inLanguage\":\"es\"},{\"@type\":\"Person\",\"@id\":\"https:\/\/www.ull.es\/portal\/noticias\/#\/schema\/person\/c3b2aa857797592927a03740d6664376\",\"name\":\"prensa2\",\"image\":{\"@type\":\"ImageObject\",\"inLanguage\":\"es\",\"@id\":\"https:\/\/www.ull.es\/portal\/noticias\/#\/schema\/person\/image\/\",\"url\":\"https:\/\/secure.gravatar.com\/avatar\/b58f310a5de5feb33d1e026d2493f23c?s=96&d=mm&r=g\",\"contentUrl\":\"https:\/\/secure.gravatar.com\/avatar\/b58f310a5de5feb33d1e026d2493f23c?s=96&d=mm&r=g\",\"caption\":\"prensa2\"},\"url\":\"https:\/\/www.ull.es\/portal\/noticias\/author\/prensa2\/\"}]}<\/script>\n<!-- \/ Yoast SEO plugin. -->","yoast_head_json":{"title":"El programa de ApS ofreci\u00f3 formaci\u00f3n en toda Canarias","description":"El programa de la ULL y el Cabildo ofreci\u00f3 formaci\u00f3n sobre Aprendizaje-Servicio a 400 docentes con la ayuda de la Consejer\u00eda de Educaci\u00f3n.","robots":{"index":"index","follow":"follow","max-snippet":"max-snippet:-1","max-image-preview":"max-image-preview:large","max-video-preview":"max-video-preview:-1"},"canonical":"https:\/\/www.ull.es\/portal\/noticias\/2025\/aps-programa-aprendizaje-servicio-formacion-toda-canarias\/","og_locale":"es_ES","og_type":"article","og_title":"El programa de ApS ofreci\u00f3 formaci\u00f3n en toda Canarias","og_description":"El programa de la ULL y el Cabildo ofreci\u00f3 formaci\u00f3n sobre Aprendizaje-Servicio a 400 docentes con la ayuda de la Consejer\u00eda de Educaci\u00f3n.","og_url":"https:\/\/www.ull.es\/portal\/noticias\/2025\/aps-programa-aprendizaje-servicio-formacion-toda-canarias\/","og_site_name":"ULL - Noticias","article_publisher":"https:\/\/www.facebook.com\/universidaddelalaguna\/","article_published_time":"2025-07-30T08:58:57+00:00","og_image":[{"width":1200,"height":800,"url":"https:\/\/www.ull.es\/portal\/noticias\/wp-content\/uploads\/sites\/13\/2025\/07\/maria-gabino-campos-aps-clase.jpg","type":"image\/jpeg"}],"author":"prensa2","twitter_card":"summary_large_image","twitter_creator":"@CanalULL","twitter_site":"@CanalULL","twitter_misc":{"Escrito por":"prensa2","Tiempo de lectura":"2 minutos"},"schema":{"@context":"https:\/\/schema.org","@graph":[{"@type":"WebPage","@id":"https:\/\/www.ull.es\/portal\/noticias\/2025\/aps-programa-aprendizaje-servicio-formacion-toda-canarias\/","url":"https:\/\/www.ull.es\/portal\/noticias\/2025\/aps-programa-aprendizaje-servicio-formacion-toda-canarias\/","name":"El programa de ApS ofreci\u00f3 formaci\u00f3n en toda Canarias","isPartOf":{"@id":"https:\/\/www.ull.es\/portal\/noticias\/#website"},"datePublished":"2025-07-30T08:58:57+00:00","dateModified":"2025-07-30T08:58:57+00:00","author":{"@id":"https:\/\/www.ull.es\/portal\/noticias\/#\/schema\/person\/c3b2aa857797592927a03740d6664376"},"description":"El programa de la ULL y el Cabildo ofreci\u00f3 formaci\u00f3n sobre Aprendizaje-Servicio a 400 docentes con la ayuda de la Consejer\u00eda de Educaci\u00f3n.","breadcrumb":{"@id":"https:\/\/www.ull.es\/portal\/noticias\/2025\/aps-programa-aprendizaje-servicio-formacion-toda-canarias\/#breadcrumb"},"inLanguage":"es","potentialAction":[{"@type":"ReadAction","target":["https:\/\/www.ull.es\/portal\/noticias\/2025\/aps-programa-aprendizaje-servicio-formacion-toda-canarias\/"]}]},{"@type":"BreadcrumbList","@id":"https:\/\/www.ull.es\/portal\/noticias\/2025\/aps-programa-aprendizaje-servicio-formacion-toda-canarias\/#breadcrumb","itemListElement":[{"@type":"ListItem","position":1,"name":"Portada","item":"https:\/\/www.ull.es\/portal\/noticias\/"},{"@type":"ListItem","position":2,"name":"El programa de Aprendizaje-Servicio de la ULL-Cabildo de Tenerife y la Consejer\u00eda de Educaci\u00f3n ofreci\u00f3 formaci\u00f3n en toda Canarias"}]},{"@type":"WebSite","@id":"https:\/\/www.ull.es\/portal\/noticias\/#website","url":"https:\/\/www.ull.es\/portal\/noticias\/","name":"ULL - Noticias","description":"","potentialAction":[{"@type":"SearchAction","target":{"@type":"EntryPoint","urlTemplate":"https:\/\/www.ull.es\/portal\/noticias\/?s={search_term_string}"},"query-input":"required name=search_term_string"}],"inLanguage":"es"},{"@type":"Person","@id":"https:\/\/www.ull.es\/portal\/noticias\/#\/schema\/person\/c3b2aa857797592927a03740d6664376","name":"prensa2","image":{"@type":"ImageObject","inLanguage":"es","@id":"https:\/\/www.ull.es\/portal\/noticias\/#\/schema\/person\/image\/","url":"https:\/\/secure.gravatar.com\/avatar\/b58f310a5de5feb33d1e026d2493f23c?s=96&d=mm&r=g","contentUrl":"https:\/\/secure.gravatar.com\/avatar\/b58f310a5de5feb33d1e026d2493f23c?s=96&d=mm&r=g","caption":"prensa2"},"url":"https:\/\/www.ull.es\/portal\/noticias\/author\/prensa2\/"}]}},"primary_category":{"id":345,"name":"Destacado","slug":"destacado","link":"https:\/\/www.ull.es\/portal\/noticias\/category\/destacado\/"},"featured_image_thumbnail_url":"https:\/\/www.ull.es\/portal\/noticias\/wp-content\/uploads\/sites\/13\/2025\/07\/maria-gabino-campos-aps-clase-300x200.jpg","_links":{"self":[{"href":"https:\/\/www.ull.es\/portal\/noticias\/wp-json\/wp\/v2\/posts\/83769"}],"collection":[{"href":"https:\/\/www.ull.es\/portal\/noticias\/wp-json\/wp\/v2\/posts"}],"about":[{"href":"https:\/\/www.ull.es\/portal\/noticias\/wp-json\/wp\/v2\/types\/post"}],"author":[{"embeddable":true,"href":"https:\/\/www.ull.es\/portal\/noticias\/wp-json\/wp\/v2\/users\/21"}],"replies":[{"embeddable":true,"href":"https:\/\/www.ull.es\/portal\/noticias\/wp-json\/wp\/v2\/comments?post=83769"}],"version-history":[{"count":1,"href":"https:\/\/www.ull.es\/portal\/noticias\/wp-json\/wp\/v2\/posts\/83769\/revisions"}],"predecessor-version":[{"id":83771,"href":"https:\/\/www.ull.es\/portal\/noticias\/wp-json\/wp\/v2\/posts\/83769\/revisions\/83771"}],"wp:featuredmedia":[{"embeddable":true,"href":"https:\/\/www.ull.es\/portal\/noticias\/wp-json\/wp\/v2\/media\/83770"}],"wp:attachment":[{"href":"https:\/\/www.ull.es\/portal\/noticias\/wp-json\/wp\/v2\/media?parent=83769"}],"wp:term":[{"taxonomy":"category","embeddable":true,"href":"https:\/\/www.ull.es\/portal\/noticias\/wp-json\/wp\/v2\/categories?post=83769"},{"taxonomy":"post_tag","embeddable":true,"href":"https:\/\/www.ull.es\/portal\/noticias\/wp-json\/wp\/v2\/tags?post=83769"}],"curies":[{"name":"wp","href":"https:\/\/api.w.org\/{rel}","templated":true}]}}