{"id":83841,"date":"2025-08-01T13:32:39","date_gmt":"2025-08-01T13:32:39","guid":{"rendered":"https:\/\/www.ull.es\/portal\/noticias\/?p=83841"},"modified":"2025-08-01T13:35:22","modified_gmt":"2025-08-01T13:35:22","slug":"el-proyecto-de-energia-fotovoltaica-de-la-ull-producira-un-tercio-de-la-electricidad-de-la-institucion-academica","status":"publish","type":"post","link":"https:\/\/www.ull.es\/portal\/noticias\/2025\/el-proyecto-de-energia-fotovoltaica-de-la-ull-producira-un-tercio-de-la-electricidad-de-la-institucion-academica\/","title":{"rendered":"El proyecto de energ\u00eda fotovoltaica de la ULL producir\u00e1 un tercio de la electricidad de la instituci\u00f3n acad\u00e9mica"},"content":{"rendered":"<p>La Universidad de La Laguna cuenta con 40 edificios destinados a la docencia, investigaci\u00f3n, alojamiento o actividad administrativa y de servicios que surten a una comunidad de unas 23.000 personas. Esta actividad conlleva un elevado coste energ\u00e9tico para la instituci\u00f3n y su impacto en el medio ambiente, por lo que est\u00e1 desarrollando estrategias para la reducci\u00f3n del consumo energ\u00e9tico y mejoras en sostenibilidad y aprovechamiento de recursos. Hoy 1 de agosto se ha presentado el proyecto de instalaci\u00f3n de placas solares fotovoltaicas en 22 de los edificios del centro acad\u00e9mico.<\/p>\n<p>La iniciativa, que se encuentra actualmente en su segunda fase, incluye la colocaci\u00f3n de trece cubiertas de edificios del centro acad\u00e9mico hasta el final de 2025 (en la primera fase ya se hizo en siete) y con el que se espera conseguir en torno a un 30% de ahorro energ\u00e9tico. Con ello, se da un paso firme hacia una universidad m\u00e1s sostenible, m\u00e1s eficiente y m\u00e1s comprometida con la lucha contra el cambio clim\u00e1tico.<\/p>\n<div id=\"attachment_83842\" style=\"width: 310px\" class=\"wp-caption alignleft\"><a href=\"https:\/\/www.ull.es\/portal\/noticias\/wp-content\/uploads\/sites\/13\/2025\/08\/Ahorro-energetico-04.jpg\" target=\"_blank\" rel=\"noopener\"><img aria-describedby=\"caption-attachment-83842\" decoding=\"async\" loading=\"lazy\" class=\"size-medium wp-image-83842\" src=\"https:\/\/www.ull.es\/portal\/noticias\/wp-content\/uploads\/sites\/13\/2025\/08\/Ahorro-energetico-04-300x200.jpg\" alt=\"\" width=\"300\" height=\"200\" srcset=\"https:\/\/www.ull.es\/portal\/noticias\/wp-content\/uploads\/sites\/13\/2025\/08\/Ahorro-energetico-04-300x200.jpg 300w, https:\/\/www.ull.es\/portal\/noticias\/wp-content\/uploads\/sites\/13\/2025\/08\/Ahorro-energetico-04-1024x683.jpg 1024w, https:\/\/www.ull.es\/portal\/noticias\/wp-content\/uploads\/sites\/13\/2025\/08\/Ahorro-energetico-04-768x512.jpg 768w, https:\/\/www.ull.es\/portal\/noticias\/wp-content\/uploads\/sites\/13\/2025\/08\/Ahorro-energetico-04-375x250.jpg 375w, https:\/\/www.ull.es\/portal\/noticias\/wp-content\/uploads\/sites\/13\/2025\/08\/Ahorro-energetico-04-750x500.jpg 750w, https:\/\/www.ull.es\/portal\/noticias\/wp-content\/uploads\/sites\/13\/2025\/08\/Ahorro-energetico-04-1140x760.jpg 1140w, https:\/\/www.ull.es\/portal\/noticias\/wp-content\/uploads\/sites\/13\/2025\/08\/Ahorro-energetico-04.jpg 1200w\" sizes=\"(max-width: 300px) 100vw, 300px\" \/><\/a><p id=\"caption-attachment-83842\" class=\"wp-caption-text\">Personal de la Oficina T\u00e9cnica explica el proyecto al rector y al consejero, junto a la vicerrectora de Sostenibilidad.<\/p><\/div>\n<p>Este proyecto supone el esfuerzo conjunto del Gobierno de Canarias, a trav\u00e9s de la Consejer\u00eda de Transici\u00f3n Ecol\u00f3gica y Energ\u00eda, con alrededor de 2 millones de euros, unido al respaldo del Plan de Recuperaci\u00f3n, Transformaci\u00f3n y Resiliencia financiado por la Uni\u00f3n Europea \u2013 Next Generation EU, que completa los casi 2 millones restantes de la inversi\u00f3n estimada.<\/p>\n<p>En la presentaci\u00f3n del proyecto esta ma\u00f1ana estuvieron presentes el rector de la Universidad de La Laguna, Francisco Garc\u00eda; la vicerrectora de Sostenibilidad e Infraestructuras, Marta Dom\u00ednguez; y el consejero de Transici\u00f3n Ecol\u00f3gica y Energ\u00eda del Gobierno de Canarias, Mariano Hern\u00e1ndez Zapata.<\/p>\n<p>En palabras de Francisco Garc\u00eda, con esta producci\u00f3n de energ\u00eda solar la instituci\u00f3n ser\u00e1 capaz de generar el 32% de energ\u00eda limpia. Esto es positivo como mejora de eficiencia desde el punto de vista medioambiental y econ\u00f3mico, pero tambi\u00e9n, \u201ccomo referente entre las universidades p\u00fablicas en cuanto a comportamiento sostenible y responsable\u201d, subray\u00f3 el rector.<\/p>\n<p>Por su parte, Mariano Hern\u00e1ndez destac\u00f3 que esta iniciativa manifiesta un \u201ccompromiso real con el modelo energ\u00e9tico al que tenemos que transitar; es un \u00a0paso al frente de la universidad hacia la descarbonizaci\u00f3n, lo que sirve tambi\u00e9n como ejemplo para el conjunto de las administraciones p\u00fablicas\u201d. Esta actuaci\u00f3n la define como una \u201capuesta segura y rentable\u201d para que el centro acad\u00e9mico se convierta en una de las instituciones educativas m\u00e1s avanzadas en energ\u00edas renovables.<\/p>\n<p>Por su parte, Marta\u00a0 Dom\u00ednguez resalt\u00f3 en su intervenci\u00f3n de cierre la labor de la Oficina T\u00e9cnica de la Universidad de La Laguna, con el ingeniero t\u00e9cnico industrial Josu\u00e9 \u00c1lvarez a la cabeza del proyecto. La vicerrectora puso en valor la visi\u00f3n \u201csocioambientalmente responsable\u201d del equipo rectoral presente, respondiendo a las necesidades de la sociedad, del medio ambiente y de la gesti\u00f3n econ\u00f3mica.<\/p>\n<p>La actuaci\u00f3n subvencionada permitir\u00e1 la instalaci\u00f3n de una potencia de 1.540.87 kW de energ\u00eda solar fotovoltaica en infraestructuras de la universidad con la instalaci\u00f3n de m\u00e1s de 3.000 paneles<\/p>\n<div id=\"attachment_83844\" style=\"width: 310px\" class=\"wp-caption alignright\"><a href=\"https:\/\/www.ull.es\/portal\/noticias\/wp-content\/uploads\/sites\/13\/2025\/08\/Ahorro-energetico-20.jpg\" target=\"_blank\" rel=\"noopener\"><img aria-describedby=\"caption-attachment-83844\" decoding=\"async\" loading=\"lazy\" class=\"size-medium wp-image-83844\" src=\"https:\/\/www.ull.es\/portal\/noticias\/wp-content\/uploads\/sites\/13\/2025\/08\/Ahorro-energetico-20-300x202.jpg\" alt=\"\" width=\"300\" height=\"202\" srcset=\"https:\/\/www.ull.es\/portal\/noticias\/wp-content\/uploads\/sites\/13\/2025\/08\/Ahorro-energetico-20-300x202.jpg 300w, https:\/\/www.ull.es\/portal\/noticias\/wp-content\/uploads\/sites\/13\/2025\/08\/Ahorro-energetico-20-1024x690.jpg 1024w, https:\/\/www.ull.es\/portal\/noticias\/wp-content\/uploads\/sites\/13\/2025\/08\/Ahorro-energetico-20-768x518.jpg 768w, https:\/\/www.ull.es\/portal\/noticias\/wp-content\/uploads\/sites\/13\/2025\/08\/Ahorro-energetico-20-375x253.jpg 375w, https:\/\/www.ull.es\/portal\/noticias\/wp-content\/uploads\/sites\/13\/2025\/08\/Ahorro-energetico-20-750x506.jpg 750w, https:\/\/www.ull.es\/portal\/noticias\/wp-content\/uploads\/sites\/13\/2025\/08\/Ahorro-energetico-20-1140x769.jpg 1140w, https:\/\/www.ull.es\/portal\/noticias\/wp-content\/uploads\/sites\/13\/2025\/08\/Ahorro-energetico-20.jpg 1200w\" sizes=\"(max-width: 300px) 100vw, 300px\" \/><\/a><p id=\"caption-attachment-83844\" class=\"wp-caption-text\">Visita a la cubierta de F\u00edsica y Matem\u00e1ticas.<\/p><\/div>\n<p>solares. Se prev\u00e9 generar en torno a 3,78 MW\/h, lo que supondr\u00e1 un 32 % del consumo energ\u00e9tico y un ahorro econ\u00f3mico elevado.<\/p>\n<p>Tras las intervenciones, se llev\u00f3 a cabo una visita a la cubierta de F\u00edsica y Matem\u00e1ticas, para conocer m\u00e1s detalles de la instalaci\u00f3n, que incluye un prototipo para que la comunidad universitaria en el futuro pueda cargar sus aparatos electr\u00f3nicos.<\/p>\n","protected":false},"excerpt":{"rendered":"<p>La Universidad de La Laguna cuenta con 40 edificios destinados a la docencia, investigaci\u00f3n, alojamiento o actividad administrativa y de&#8230;<\/p>\n","protected":false},"author":23,"featured_media":83843,"comment_status":"closed","ping_status":"closed","sticky":false,"template":"","format":"standard","meta":{"inline_featured_image":false,"footnotes":""},"categories":[5232,345,348,2765],"tags":[],"acf":[],"yoast_head":"<!-- This site is optimized with the Yoast SEO plugin v21.3 - https:\/\/yoast.com\/wordpress\/plugins\/seo\/ -->\n<title>El proyecto de energ\u00eda fotovoltaica de la ULL producir\u00e1 un tercio de la electricidad de la instituci\u00f3n acad\u00e9mica - ULL - Noticias<\/title>\n<meta name=\"robots\" content=\"index, follow, max-snippet:-1, max-image-preview:large, max-video-preview:-1\" \/>\n<link rel=\"canonical\" href=\"https:\/\/www.ull.es\/portal\/noticias\/2025\/el-proyecto-de-energia-fotovoltaica-de-la-ull-producira-un-tercio-de-la-electricidad-de-la-institucion-academica\/\" \/>\n<meta property=\"og:locale\" content=\"es_ES\" \/>\n<meta property=\"og:type\" content=\"article\" \/>\n<meta property=\"og:title\" content=\"El proyecto de energ\u00eda fotovoltaica de la ULL producir\u00e1 un tercio de la electricidad de la instituci\u00f3n acad\u00e9mica - ULL - Noticias\" \/>\n<meta property=\"og:description\" content=\"La Universidad de La Laguna cuenta con 40 edificios destinados a la docencia, investigaci\u00f3n, alojamiento o actividad administrativa y de...\" \/>\n<meta property=\"og:url\" content=\"https:\/\/www.ull.es\/portal\/noticias\/2025\/el-proyecto-de-energia-fotovoltaica-de-la-ull-producira-un-tercio-de-la-electricidad-de-la-institucion-academica\/\" \/>\n<meta property=\"og:site_name\" content=\"ULL - Noticias\" \/>\n<meta property=\"article:publisher\" content=\"https:\/\/www.facebook.com\/universidaddelalaguna\/\" \/>\n<meta property=\"article:published_time\" content=\"2025-08-01T13:32:39+00:00\" \/>\n<meta property=\"article:modified_time\" content=\"2025-08-01T13:35:22+00:00\" \/>\n<meta property=\"og:image\" content=\"https:\/\/www.ull.es\/portal\/noticias\/wp-content\/uploads\/sites\/13\/2025\/08\/Ahorro-energetico-06.jpg\" \/>\n\t<meta property=\"og:image:width\" content=\"1200\" \/>\n\t<meta property=\"og:image:height\" content=\"800\" \/>\n\t<meta property=\"og:image:type\" content=\"image\/jpeg\" \/>\n<meta name=\"author\" content=\"gaprsa\" \/>\n<meta name=\"twitter:card\" content=\"summary_large_image\" \/>\n<meta name=\"twitter:creator\" content=\"@CanalULL\" \/>\n<meta name=\"twitter:site\" content=\"@CanalULL\" \/>\n<meta name=\"twitter:label1\" content=\"Escrito por\" \/>\n\t<meta name=\"twitter:data1\" content=\"gaprsa\" \/>\n\t<meta name=\"twitter:label2\" content=\"Tiempo de lectura\" \/>\n\t<meta name=\"twitter:data2\" content=\"4 minutos\" \/>\n<script type=\"application\/ld+json\" class=\"yoast-schema-graph\">{\"@context\":\"https:\/\/schema.org\",\"@graph\":[{\"@type\":\"WebPage\",\"@id\":\"https:\/\/www.ull.es\/portal\/noticias\/2025\/el-proyecto-de-energia-fotovoltaica-de-la-ull-producira-un-tercio-de-la-electricidad-de-la-institucion-academica\/\",\"url\":\"https:\/\/www.ull.es\/portal\/noticias\/2025\/el-proyecto-de-energia-fotovoltaica-de-la-ull-producira-un-tercio-de-la-electricidad-de-la-institucion-academica\/\",\"name\":\"El proyecto de energ\u00eda fotovoltaica de la ULL producir\u00e1 un tercio de la electricidad de la instituci\u00f3n acad\u00e9mica - ULL - Noticias\",\"isPartOf\":{\"@id\":\"https:\/\/www.ull.es\/portal\/noticias\/#website\"},\"datePublished\":\"2025-08-01T13:32:39+00:00\",\"dateModified\":\"2025-08-01T13:35:22+00:00\",\"author\":{\"@id\":\"https:\/\/www.ull.es\/portal\/noticias\/#\/schema\/person\/b2b1a89d43ffa609e591f7df8ef3e817\"},\"breadcrumb\":{\"@id\":\"https:\/\/www.ull.es\/portal\/noticias\/2025\/el-proyecto-de-energia-fotovoltaica-de-la-ull-producira-un-tercio-de-la-electricidad-de-la-institucion-academica\/#breadcrumb\"},\"inLanguage\":\"es\",\"potentialAction\":[{\"@type\":\"ReadAction\",\"target\":[\"https:\/\/www.ull.es\/portal\/noticias\/2025\/el-proyecto-de-energia-fotovoltaica-de-la-ull-producira-un-tercio-de-la-electricidad-de-la-institucion-academica\/\"]}]},{\"@type\":\"BreadcrumbList\",\"@id\":\"https:\/\/www.ull.es\/portal\/noticias\/2025\/el-proyecto-de-energia-fotovoltaica-de-la-ull-producira-un-tercio-de-la-electricidad-de-la-institucion-academica\/#breadcrumb\",\"itemListElement\":[{\"@type\":\"ListItem\",\"position\":1,\"name\":\"Portada\",\"item\":\"https:\/\/www.ull.es\/portal\/noticias\/\"},{\"@type\":\"ListItem\",\"position\":2,\"name\":\"El proyecto de energ\u00eda fotovoltaica de la ULL producir\u00e1 un tercio de la electricidad de la instituci\u00f3n acad\u00e9mica\"}]},{\"@type\":\"WebSite\",\"@id\":\"https:\/\/www.ull.es\/portal\/noticias\/#website\",\"url\":\"https:\/\/www.ull.es\/portal\/noticias\/\",\"name\":\"ULL - Noticias\",\"description\":\"\",\"potentialAction\":[{\"@type\":\"SearchAction\",\"target\":{\"@type\":\"EntryPoint\",\"urlTemplate\":\"https:\/\/www.ull.es\/portal\/noticias\/?s={search_term_string}\"},\"query-input\":\"required name=search_term_string\"}],\"inLanguage\":\"es\"},{\"@type\":\"Person\",\"@id\":\"https:\/\/www.ull.es\/portal\/noticias\/#\/schema\/person\/b2b1a89d43ffa609e591f7df8ef3e817\",\"name\":\"gaprsa\",\"image\":{\"@type\":\"ImageObject\",\"inLanguage\":\"es\",\"@id\":\"https:\/\/www.ull.es\/portal\/noticias\/#\/schema\/person\/image\/\",\"url\":\"https:\/\/secure.gravatar.com\/avatar\/443820550921091458b4823867723b3d?s=96&d=mm&r=g\",\"contentUrl\":\"https:\/\/secure.gravatar.com\/avatar\/443820550921091458b4823867723b3d?s=96&d=mm&r=g\",\"caption\":\"gaprsa\"},\"url\":\"https:\/\/www.ull.es\/portal\/noticias\/author\/gaprsa\/\"}]}<\/script>\n<!-- \/ Yoast SEO plugin. -->","yoast_head_json":{"title":"El proyecto de energ\u00eda fotovoltaica de la ULL producir\u00e1 un tercio de la electricidad de la instituci\u00f3n acad\u00e9mica - ULL - Noticias","robots":{"index":"index","follow":"follow","max-snippet":"max-snippet:-1","max-image-preview":"max-image-preview:large","max-video-preview":"max-video-preview:-1"},"canonical":"https:\/\/www.ull.es\/portal\/noticias\/2025\/el-proyecto-de-energia-fotovoltaica-de-la-ull-producira-un-tercio-de-la-electricidad-de-la-institucion-academica\/","og_locale":"es_ES","og_type":"article","og_title":"El proyecto de energ\u00eda fotovoltaica de la ULL producir\u00e1 un tercio de la electricidad de la instituci\u00f3n acad\u00e9mica - ULL - Noticias","og_description":"La Universidad de La Laguna cuenta con 40 edificios destinados a la docencia, investigaci\u00f3n, alojamiento o actividad administrativa y de...","og_url":"https:\/\/www.ull.es\/portal\/noticias\/2025\/el-proyecto-de-energia-fotovoltaica-de-la-ull-producira-un-tercio-de-la-electricidad-de-la-institucion-academica\/","og_site_name":"ULL - Noticias","article_publisher":"https:\/\/www.facebook.com\/universidaddelalaguna\/","article_published_time":"2025-08-01T13:32:39+00:00","article_modified_time":"2025-08-01T13:35:22+00:00","og_image":[{"width":1200,"height":800,"url":"https:\/\/www.ull.es\/portal\/noticias\/wp-content\/uploads\/sites\/13\/2025\/08\/Ahorro-energetico-06.jpg","type":"image\/jpeg"}],"author":"gaprsa","twitter_card":"summary_large_image","twitter_creator":"@CanalULL","twitter_site":"@CanalULL","twitter_misc":{"Escrito por":"gaprsa","Tiempo de lectura":"4 minutos"},"schema":{"@context":"https:\/\/schema.org","@graph":[{"@type":"WebPage","@id":"https:\/\/www.ull.es\/portal\/noticias\/2025\/el-proyecto-de-energia-fotovoltaica-de-la-ull-producira-un-tercio-de-la-electricidad-de-la-institucion-academica\/","url":"https:\/\/www.ull.es\/portal\/noticias\/2025\/el-proyecto-de-energia-fotovoltaica-de-la-ull-producira-un-tercio-de-la-electricidad-de-la-institucion-academica\/","name":"El proyecto de energ\u00eda fotovoltaica de la ULL producir\u00e1 un tercio de la electricidad de la instituci\u00f3n acad\u00e9mica - ULL - Noticias","isPartOf":{"@id":"https:\/\/www.ull.es\/portal\/noticias\/#website"},"datePublished":"2025-08-01T13:32:39+00:00","dateModified":"2025-08-01T13:35:22+00:00","author":{"@id":"https:\/\/www.ull.es\/portal\/noticias\/#\/schema\/person\/b2b1a89d43ffa609e591f7df8ef3e817"},"breadcrumb":{"@id":"https:\/\/www.ull.es\/portal\/noticias\/2025\/el-proyecto-de-energia-fotovoltaica-de-la-ull-producira-un-tercio-de-la-electricidad-de-la-institucion-academica\/#breadcrumb"},"inLanguage":"es","potentialAction":[{"@type":"ReadAction","target":["https:\/\/www.ull.es\/portal\/noticias\/2025\/el-proyecto-de-energia-fotovoltaica-de-la-ull-producira-un-tercio-de-la-electricidad-de-la-institucion-academica\/"]}]},{"@type":"BreadcrumbList","@id":"https:\/\/www.ull.es\/portal\/noticias\/2025\/el-proyecto-de-energia-fotovoltaica-de-la-ull-producira-un-tercio-de-la-electricidad-de-la-institucion-academica\/#breadcrumb","itemListElement":[{"@type":"ListItem","position":1,"name":"Portada","item":"https:\/\/www.ull.es\/portal\/noticias\/"},{"@type":"ListItem","position":2,"name":"El proyecto de energ\u00eda fotovoltaica de la ULL producir\u00e1 un tercio de la electricidad de la instituci\u00f3n acad\u00e9mica"}]},{"@type":"WebSite","@id":"https:\/\/www.ull.es\/portal\/noticias\/#website","url":"https:\/\/www.ull.es\/portal\/noticias\/","name":"ULL - Noticias","description":"","potentialAction":[{"@type":"SearchAction","target":{"@type":"EntryPoint","urlTemplate":"https:\/\/www.ull.es\/portal\/noticias\/?s={search_term_string}"},"query-input":"required name=search_term_string"}],"inLanguage":"es"},{"@type":"Person","@id":"https:\/\/www.ull.es\/portal\/noticias\/#\/schema\/person\/b2b1a89d43ffa609e591f7df8ef3e817","name":"gaprsa","image":{"@type":"ImageObject","inLanguage":"es","@id":"https:\/\/www.ull.es\/portal\/noticias\/#\/schema\/person\/image\/","url":"https:\/\/secure.gravatar.com\/avatar\/443820550921091458b4823867723b3d?s=96&d=mm&r=g","contentUrl":"https:\/\/secure.gravatar.com\/avatar\/443820550921091458b4823867723b3d?s=96&d=mm&r=g","caption":"gaprsa"},"url":"https:\/\/www.ull.es\/portal\/noticias\/author\/gaprsa\/"}]}},"primary_category":{"id":345,"name":"Destacado","slug":"destacado","link":"https:\/\/www.ull.es\/portal\/noticias\/category\/destacado\/"},"featured_image_thumbnail_url":"https:\/\/www.ull.es\/portal\/noticias\/wp-content\/uploads\/sites\/13\/2025\/08\/Ahorro-energetico-06-300x200.jpg","_links":{"self":[{"href":"https:\/\/www.ull.es\/portal\/noticias\/wp-json\/wp\/v2\/posts\/83841"}],"collection":[{"href":"https:\/\/www.ull.es\/portal\/noticias\/wp-json\/wp\/v2\/posts"}],"about":[{"href":"https:\/\/www.ull.es\/portal\/noticias\/wp-json\/wp\/v2\/types\/post"}],"author":[{"embeddable":true,"href":"https:\/\/www.ull.es\/portal\/noticias\/wp-json\/wp\/v2\/users\/23"}],"replies":[{"embeddable":true,"href":"https:\/\/www.ull.es\/portal\/noticias\/wp-json\/wp\/v2\/comments?post=83841"}],"version-history":[{"count":2,"href":"https:\/\/www.ull.es\/portal\/noticias\/wp-json\/wp\/v2\/posts\/83841\/revisions"}],"predecessor-version":[{"id":83846,"href":"https:\/\/www.ull.es\/portal\/noticias\/wp-json\/wp\/v2\/posts\/83841\/revisions\/83846"}],"wp:featuredmedia":[{"embeddable":true,"href":"https:\/\/www.ull.es\/portal\/noticias\/wp-json\/wp\/v2\/media\/83843"}],"wp:attachment":[{"href":"https:\/\/www.ull.es\/portal\/noticias\/wp-json\/wp\/v2\/media?parent=83841"}],"wp:term":[{"taxonomy":"category","embeddable":true,"href":"https:\/\/www.ull.es\/portal\/noticias\/wp-json\/wp\/v2\/categories?post=83841"},{"taxonomy":"post_tag","embeddable":true,"href":"https:\/\/www.ull.es\/portal\/noticias\/wp-json\/wp\/v2\/tags?post=83841"}],"curies":[{"name":"wp","href":"https:\/\/api.w.org\/{rel}","templated":true}]}}