{"id":83856,"date":"2025-08-04T10:30:34","date_gmt":"2025-08-04T10:30:34","guid":{"rendered":"https:\/\/www.ull.es\/portal\/noticias\/?p=83856"},"modified":"2025-08-04T10:30:34","modified_gmt":"2025-08-04T10:30:34","slug":"la-universidad-de-verano-de-la-gomera-continuara-su-programacion-en-septiembre-con-tres-actividades-gratuitas","status":"publish","type":"post","link":"https:\/\/www.ull.es\/portal\/noticias\/2025\/la-universidad-de-verano-de-la-gomera-continuara-su-programacion-en-septiembre-con-tres-actividades-gratuitas\/","title":{"rendered":"La Universidad de Verano de La Gomera continuar\u00e1 su programaci\u00f3n en septiembre con tres actividades gratuitas"},"content":{"rendered":"<p>La <a href=\"https:\/\/www.ull.es\/cultura\/cursos-extension-universitaria\/universidad-de-verano-de-la-gomera\/\" target=\"_blank\" rel=\"noopener\">Universidad de Verano de La Gomera<\/a> retomar\u00e1 su actividad en el mes de septiembre con tres propuestas formativas gratuitas, que pondr\u00e1n el cierre a su programaci\u00f3n de 2025. Esta iniciativa, organizada por la Universidad de La Laguna y financiada por el Cabildo Insular, desarrollar\u00e1 durante la primera quincena del mes nuevas acciones vinculadas al patrimonio cultural, la historia atl\u00e1ntica y la educaci\u00f3n ambiental.<\/p>\n<p>La primera cita ser\u00e1 el curso <a href=\"https:\/\/www.ull.es\/portal\/agenda\/evento\/formacion-en-actividades-de-ocio-educativo-en-la-naturaleza\/\" target=\"_blank\" rel=\"noopener\">\u2018Formaci\u00f3n en actividades de ocio educativo en la naturaleza\u2019<\/a>, que se celebrar\u00e1 del 1 al 5 de septiembre, de 9:00 a 13:00 horas, en el Archivo General Insular de La Gomera, en San Sebasti\u00e1n. Esta formaci\u00f3n permitir\u00e1 al alumnado familiarizarse con el entorno natural gomero, su valor ecol\u00f3gico y cultural, as\u00ed como aprender a aplicar t\u00e9cnicas de dinamizaci\u00f3n de grupos al aire libre e interpretar el medio de forma responsable, fomentando actitudes de conservaci\u00f3n.<\/p>\n<p>El 3 de septiembre, a las 19:30 horas, se llevar\u00e1 a cabo un cinef\u00f3rum titulado <a href=\"https:\/\/www.ull.es\/portal\/agenda\/evento\/cineforum-la-mision-una-historia-de-america\/\" target=\"_blank\" rel=\"noopener\">\u2018La misi\u00f3n \u2013 La historia de Am\u00e9rica\u2019<\/a>, en el Sal\u00f3n de Plenos del Cabildo. La actividad invita a reflexionar, a trav\u00e9s del cine, sobre los procesos hist\u00f3ricos de colonizaci\u00f3n, mestizaje e identidad cultural, promoviendo el debate en torno al papel de Canarias como puente entre continentes.<\/p>\n<p>La programaci\u00f3n se cerrar\u00e1 con el curso <a href=\"https:\/\/www.ull.es\/portal\/agenda\/evento\/canarias-y-america-cinco-siglos-de-transito-cultural\/\" target=\"_blank\" rel=\"noopener\">\u2018Canarias y Am\u00e9rica: cinco siglos de tr\u00e1nsito cultural\u2019<\/a>, que tendr\u00e1 lugar del 16 al 18 de septiembre tambi\u00e9n en el Sal\u00f3n de Plenos del Cabildo. En este espacio, el alumnado explorar\u00e1 los lazos hist\u00f3ricos y culturales que unen al Archipi\u00e9lago con Am\u00e9rica, prestando especial atenci\u00f3n al papel de La Gomera como punto estrat\u00e9gico en las rutas atl\u00e1nticas. Adem\u00e1s de abordar aspectos hist\u00f3ricos, se promover\u00e1 una mirada cr\u00edtica a los procesos de migraci\u00f3n e intercambio cultural, as\u00ed como al valor del patrimonio com\u00fan en el contexto global.<\/p>\n<p>La gratuidad de las actividades supone una oportunidad formativa abierta a toda la ciudadan\u00eda, reafirmando el compromiso del programa con el acceso al conocimiento, el desarrollo insular y la proyecci\u00f3n cultural de La Gomera.<\/p>\n","protected":false},"excerpt":{"rendered":"<p>La Universidad de Verano de La Gomera retomar\u00e1 su actividad en el mes de septiembre con tres propuestas formativas gratuitas,&#8230;<\/p>\n","protected":false},"author":23,"featured_media":83857,"comment_status":"closed","ping_status":"closed","sticky":false,"template":"","format":"standard","meta":{"inline_featured_image":false,"footnotes":""},"categories":[344,345,2765],"tags":[],"acf":[],"yoast_head":"<!-- This site is optimized with the Yoast SEO plugin v21.3 - https:\/\/yoast.com\/wordpress\/plugins\/seo\/ -->\n<title>La Universidad de Verano de La Gomera continuar\u00e1 su programaci\u00f3n en septiembre con tres actividades gratuitas - ULL - Noticias<\/title>\n<meta name=\"robots\" content=\"index, follow, max-snippet:-1, max-image-preview:large, max-video-preview:-1\" \/>\n<link rel=\"canonical\" href=\"https:\/\/www.ull.es\/portal\/noticias\/2025\/la-universidad-de-verano-de-la-gomera-continuara-su-programacion-en-septiembre-con-tres-actividades-gratuitas\/\" \/>\n<meta property=\"og:locale\" content=\"es_ES\" \/>\n<meta property=\"og:type\" content=\"article\" \/>\n<meta property=\"og:title\" content=\"La Universidad de Verano de La Gomera continuar\u00e1 su programaci\u00f3n en septiembre con tres actividades gratuitas - ULL - Noticias\" \/>\n<meta property=\"og:description\" content=\"La Universidad de Verano de La Gomera retomar\u00e1 su actividad en el mes de septiembre con tres propuestas formativas gratuitas,...\" \/>\n<meta property=\"og:url\" content=\"https:\/\/www.ull.es\/portal\/noticias\/2025\/la-universidad-de-verano-de-la-gomera-continuara-su-programacion-en-septiembre-con-tres-actividades-gratuitas\/\" \/>\n<meta property=\"og:site_name\" content=\"ULL - Noticias\" \/>\n<meta property=\"article:publisher\" content=\"https:\/\/www.facebook.com\/universidaddelalaguna\/\" \/>\n<meta property=\"article:published_time\" content=\"2025-08-04T10:30:34+00:00\" \/>\n<meta property=\"og:image\" content=\"https:\/\/www.ull.es\/portal\/noticias\/wp-content\/uploads\/sites\/13\/2025\/08\/Actividades-septiembre.png\" \/>\n\t<meta property=\"og:image:width\" content=\"1920\" \/>\n\t<meta property=\"og:image:height\" content=\"1080\" \/>\n\t<meta property=\"og:image:type\" content=\"image\/png\" \/>\n<meta name=\"author\" content=\"gaprsa\" \/>\n<meta name=\"twitter:card\" content=\"summary_large_image\" \/>\n<meta name=\"twitter:creator\" content=\"@CanalULL\" \/>\n<meta name=\"twitter:site\" content=\"@CanalULL\" \/>\n<meta name=\"twitter:label1\" content=\"Escrito por\" \/>\n\t<meta name=\"twitter:data1\" content=\"gaprsa\" \/>\n\t<meta name=\"twitter:label2\" content=\"Tiempo de lectura\" \/>\n\t<meta name=\"twitter:data2\" content=\"2 minutos\" \/>\n<script type=\"application\/ld+json\" class=\"yoast-schema-graph\">{\"@context\":\"https:\/\/schema.org\",\"@graph\":[{\"@type\":\"WebPage\",\"@id\":\"https:\/\/www.ull.es\/portal\/noticias\/2025\/la-universidad-de-verano-de-la-gomera-continuara-su-programacion-en-septiembre-con-tres-actividades-gratuitas\/\",\"url\":\"https:\/\/www.ull.es\/portal\/noticias\/2025\/la-universidad-de-verano-de-la-gomera-continuara-su-programacion-en-septiembre-con-tres-actividades-gratuitas\/\",\"name\":\"La Universidad de Verano de La Gomera continuar\u00e1 su programaci\u00f3n en septiembre con tres actividades gratuitas - ULL - Noticias\",\"isPartOf\":{\"@id\":\"https:\/\/www.ull.es\/portal\/noticias\/#website\"},\"datePublished\":\"2025-08-04T10:30:34+00:00\",\"dateModified\":\"2025-08-04T10:30:34+00:00\",\"author\":{\"@id\":\"https:\/\/www.ull.es\/portal\/noticias\/#\/schema\/person\/b2b1a89d43ffa609e591f7df8ef3e817\"},\"breadcrumb\":{\"@id\":\"https:\/\/www.ull.es\/portal\/noticias\/2025\/la-universidad-de-verano-de-la-gomera-continuara-su-programacion-en-septiembre-con-tres-actividades-gratuitas\/#breadcrumb\"},\"inLanguage\":\"es\",\"potentialAction\":[{\"@type\":\"ReadAction\",\"target\":[\"https:\/\/www.ull.es\/portal\/noticias\/2025\/la-universidad-de-verano-de-la-gomera-continuara-su-programacion-en-septiembre-con-tres-actividades-gratuitas\/\"]}]},{\"@type\":\"BreadcrumbList\",\"@id\":\"https:\/\/www.ull.es\/portal\/noticias\/2025\/la-universidad-de-verano-de-la-gomera-continuara-su-programacion-en-septiembre-con-tres-actividades-gratuitas\/#breadcrumb\",\"itemListElement\":[{\"@type\":\"ListItem\",\"position\":1,\"name\":\"Portada\",\"item\":\"https:\/\/www.ull.es\/portal\/noticias\/\"},{\"@type\":\"ListItem\",\"position\":2,\"name\":\"La Universidad de Verano de La Gomera continuar\u00e1 su programaci\u00f3n en septiembre con tres actividades gratuitas\"}]},{\"@type\":\"WebSite\",\"@id\":\"https:\/\/www.ull.es\/portal\/noticias\/#website\",\"url\":\"https:\/\/www.ull.es\/portal\/noticias\/\",\"name\":\"ULL - Noticias\",\"description\":\"\",\"potentialAction\":[{\"@type\":\"SearchAction\",\"target\":{\"@type\":\"EntryPoint\",\"urlTemplate\":\"https:\/\/www.ull.es\/portal\/noticias\/?s={search_term_string}\"},\"query-input\":\"required name=search_term_string\"}],\"inLanguage\":\"es\"},{\"@type\":\"Person\",\"@id\":\"https:\/\/www.ull.es\/portal\/noticias\/#\/schema\/person\/b2b1a89d43ffa609e591f7df8ef3e817\",\"name\":\"gaprsa\",\"image\":{\"@type\":\"ImageObject\",\"inLanguage\":\"es\",\"@id\":\"https:\/\/www.ull.es\/portal\/noticias\/#\/schema\/person\/image\/\",\"url\":\"https:\/\/secure.gravatar.com\/avatar\/443820550921091458b4823867723b3d?s=96&d=mm&r=g\",\"contentUrl\":\"https:\/\/secure.gravatar.com\/avatar\/443820550921091458b4823867723b3d?s=96&d=mm&r=g\",\"caption\":\"gaprsa\"},\"url\":\"https:\/\/www.ull.es\/portal\/noticias\/author\/gaprsa\/\"}]}<\/script>\n<!-- \/ Yoast SEO plugin. -->","yoast_head_json":{"title":"La Universidad de Verano de La Gomera continuar\u00e1 su programaci\u00f3n en septiembre con tres actividades gratuitas - ULL - Noticias","robots":{"index":"index","follow":"follow","max-snippet":"max-snippet:-1","max-image-preview":"max-image-preview:large","max-video-preview":"max-video-preview:-1"},"canonical":"https:\/\/www.ull.es\/portal\/noticias\/2025\/la-universidad-de-verano-de-la-gomera-continuara-su-programacion-en-septiembre-con-tres-actividades-gratuitas\/","og_locale":"es_ES","og_type":"article","og_title":"La Universidad de Verano de La Gomera continuar\u00e1 su programaci\u00f3n en septiembre con tres actividades gratuitas - ULL - Noticias","og_description":"La Universidad de Verano de La Gomera retomar\u00e1 su actividad en el mes de septiembre con tres propuestas formativas gratuitas,...","og_url":"https:\/\/www.ull.es\/portal\/noticias\/2025\/la-universidad-de-verano-de-la-gomera-continuara-su-programacion-en-septiembre-con-tres-actividades-gratuitas\/","og_site_name":"ULL - Noticias","article_publisher":"https:\/\/www.facebook.com\/universidaddelalaguna\/","article_published_time":"2025-08-04T10:30:34+00:00","og_image":[{"width":1920,"height":1080,"url":"https:\/\/www.ull.es\/portal\/noticias\/wp-content\/uploads\/sites\/13\/2025\/08\/Actividades-septiembre.png","type":"image\/png"}],"author":"gaprsa","twitter_card":"summary_large_image","twitter_creator":"@CanalULL","twitter_site":"@CanalULL","twitter_misc":{"Escrito por":"gaprsa","Tiempo de lectura":"2 minutos"},"schema":{"@context":"https:\/\/schema.org","@graph":[{"@type":"WebPage","@id":"https:\/\/www.ull.es\/portal\/noticias\/2025\/la-universidad-de-verano-de-la-gomera-continuara-su-programacion-en-septiembre-con-tres-actividades-gratuitas\/","url":"https:\/\/www.ull.es\/portal\/noticias\/2025\/la-universidad-de-verano-de-la-gomera-continuara-su-programacion-en-septiembre-con-tres-actividades-gratuitas\/","name":"La Universidad de Verano de La Gomera continuar\u00e1 su programaci\u00f3n en septiembre con tres actividades gratuitas - ULL - Noticias","isPartOf":{"@id":"https:\/\/www.ull.es\/portal\/noticias\/#website"},"datePublished":"2025-08-04T10:30:34+00:00","dateModified":"2025-08-04T10:30:34+00:00","author":{"@id":"https:\/\/www.ull.es\/portal\/noticias\/#\/schema\/person\/b2b1a89d43ffa609e591f7df8ef3e817"},"breadcrumb":{"@id":"https:\/\/www.ull.es\/portal\/noticias\/2025\/la-universidad-de-verano-de-la-gomera-continuara-su-programacion-en-septiembre-con-tres-actividades-gratuitas\/#breadcrumb"},"inLanguage":"es","potentialAction":[{"@type":"ReadAction","target":["https:\/\/www.ull.es\/portal\/noticias\/2025\/la-universidad-de-verano-de-la-gomera-continuara-su-programacion-en-septiembre-con-tres-actividades-gratuitas\/"]}]},{"@type":"BreadcrumbList","@id":"https:\/\/www.ull.es\/portal\/noticias\/2025\/la-universidad-de-verano-de-la-gomera-continuara-su-programacion-en-septiembre-con-tres-actividades-gratuitas\/#breadcrumb","itemListElement":[{"@type":"ListItem","position":1,"name":"Portada","item":"https:\/\/www.ull.es\/portal\/noticias\/"},{"@type":"ListItem","position":2,"name":"La Universidad de Verano de La Gomera continuar\u00e1 su programaci\u00f3n en septiembre con tres actividades gratuitas"}]},{"@type":"WebSite","@id":"https:\/\/www.ull.es\/portal\/noticias\/#website","url":"https:\/\/www.ull.es\/portal\/noticias\/","name":"ULL - Noticias","description":"","potentialAction":[{"@type":"SearchAction","target":{"@type":"EntryPoint","urlTemplate":"https:\/\/www.ull.es\/portal\/noticias\/?s={search_term_string}"},"query-input":"required name=search_term_string"}],"inLanguage":"es"},{"@type":"Person","@id":"https:\/\/www.ull.es\/portal\/noticias\/#\/schema\/person\/b2b1a89d43ffa609e591f7df8ef3e817","name":"gaprsa","image":{"@type":"ImageObject","inLanguage":"es","@id":"https:\/\/www.ull.es\/portal\/noticias\/#\/schema\/person\/image\/","url":"https:\/\/secure.gravatar.com\/avatar\/443820550921091458b4823867723b3d?s=96&d=mm&r=g","contentUrl":"https:\/\/secure.gravatar.com\/avatar\/443820550921091458b4823867723b3d?s=96&d=mm&r=g","caption":"gaprsa"},"url":"https:\/\/www.ull.es\/portal\/noticias\/author\/gaprsa\/"}]}},"primary_category":{"id":345,"name":"Destacado","slug":"destacado","link":"https:\/\/www.ull.es\/portal\/noticias\/category\/destacado\/"},"featured_image_thumbnail_url":"https:\/\/www.ull.es\/portal\/noticias\/wp-content\/uploads\/sites\/13\/2025\/08\/Actividades-septiembre-300x169.png","_links":{"self":[{"href":"https:\/\/www.ull.es\/portal\/noticias\/wp-json\/wp\/v2\/posts\/83856"}],"collection":[{"href":"https:\/\/www.ull.es\/portal\/noticias\/wp-json\/wp\/v2\/posts"}],"about":[{"href":"https:\/\/www.ull.es\/portal\/noticias\/wp-json\/wp\/v2\/types\/post"}],"author":[{"embeddable":true,"href":"https:\/\/www.ull.es\/portal\/noticias\/wp-json\/wp\/v2\/users\/23"}],"replies":[{"embeddable":true,"href":"https:\/\/www.ull.es\/portal\/noticias\/wp-json\/wp\/v2\/comments?post=83856"}],"version-history":[{"count":1,"href":"https:\/\/www.ull.es\/portal\/noticias\/wp-json\/wp\/v2\/posts\/83856\/revisions"}],"predecessor-version":[{"id":83858,"href":"https:\/\/www.ull.es\/portal\/noticias\/wp-json\/wp\/v2\/posts\/83856\/revisions\/83858"}],"wp:featuredmedia":[{"embeddable":true,"href":"https:\/\/www.ull.es\/portal\/noticias\/wp-json\/wp\/v2\/media\/83857"}],"wp:attachment":[{"href":"https:\/\/www.ull.es\/portal\/noticias\/wp-json\/wp\/v2\/media?parent=83856"}],"wp:term":[{"taxonomy":"category","embeddable":true,"href":"https:\/\/www.ull.es\/portal\/noticias\/wp-json\/wp\/v2\/categories?post=83856"},{"taxonomy":"post_tag","embeddable":true,"href":"https:\/\/www.ull.es\/portal\/noticias\/wp-json\/wp\/v2\/tags?post=83856"}],"curies":[{"name":"wp","href":"https:\/\/api.w.org\/{rel}","templated":true}]}}