{"id":83911,"date":"2025-08-26T08:42:12","date_gmt":"2025-08-26T08:42:12","guid":{"rendered":"https:\/\/www.ull.es\/portal\/noticias\/?p=83911"},"modified":"2025-08-26T08:42:12","modified_gmt":"2025-08-26T08:42:12","slug":"tesis-semiotica-modelo-identitario-literatura-canaria-transicion","status":"publish","type":"post","link":"https:\/\/www.ull.es\/portal\/noticias\/2025\/tesis-semiotica-modelo-identitario-literatura-canaria-transicion\/","title":{"rendered":"Una tesis sobre semi\u00f3tica describe el modelo identitario que impuls\u00f3 una nueva literatura canaria en la Transici\u00f3n"},"content":{"rendered":"<p>La Universidad de La Laguna ha acogido recientemente la defensa de la tesis doctoral de <a href=\"https:\/\/portalciencia.ull.es\/investigadores\/82556\/detalle\" target=\"_blank\" rel=\"noopener\" target=\"_blank\" rel=\"noopener\">Virginia Mart\u00edn D\u00e1vila<\/a>, titulada \u201cLa isla se autodescribe. Personaje, modelo de mundo e identidad en la narrativa de J. J. Armas Marcelo, Luis Le\u00f3n Barreto y V\u00edctor Ram\u00edrez entre 1978 y 1988\u201d, calificada con un sobresaliente <em>cum laude<\/em>. El acto acad\u00e9mico, que tuvo lugar el 24 de julio en la Sala de Audiovisuales de la Secci\u00f3n de Filolog\u00eda, estuvo acompa\u00f1ado de los dos directores de la investigaci\u00f3n, los profesores <a href=\"https:\/\/portalciencia.ull.es\/investigadores\/80843\/detalle\" target=\"_blank\" rel=\"noopener\" target=\"_blank\" rel=\"noopener\">F\u00e9lix R\u00edos<\/a>, presente en la sala, y Francescu Sedda, conectado por videoconferencia desde Italia.<\/p>\n<p>Bajo la menci\u00f3n de doctorado internacional, el trabajo queda enmarcado en el campo de la semi\u00f3tica mediante de una doble vertiente definida por sus dos directores: una vinculaci\u00f3n a los grandes sistemas y procesos de determinados autores y grandes obras canarias -en mayor relaci\u00f3n con las publicaciones de Sedda-, y el m\u00e1s tradicional, vinculado al examen de los textos literarios y los contextos sociales -m\u00e1s cercano a R\u00edos-.<\/p>\n<p><a href=\"https:\/\/www.ull.es\/portal\/noticias\/wp-content\/uploads\/sites\/13\/2025\/08\/Tesis-Virginia-Martin-03.jpg\" target=\"_blank\" rel=\"noopener\" target=\"_blank\" rel=\"noopener\"><img decoding=\"async\" loading=\"lazy\" class=\"alignleft wp-image-83913 size-medium\" src=\"https:\/\/www.ull.es\/portal\/noticias\/wp-content\/uploads\/sites\/13\/2025\/08\/Tesis-Virginia-Martin-03-300x200.jpg\" alt=\"\" width=\"300\" height=\"200\" srcset=\"https:\/\/www.ull.es\/portal\/noticias\/wp-content\/uploads\/sites\/13\/2025\/08\/Tesis-Virginia-Martin-03-300x200.jpg 300w, https:\/\/www.ull.es\/portal\/noticias\/wp-content\/uploads\/sites\/13\/2025\/08\/Tesis-Virginia-Martin-03-1024x683.jpg 1024w, https:\/\/www.ull.es\/portal\/noticias\/wp-content\/uploads\/sites\/13\/2025\/08\/Tesis-Virginia-Martin-03-768x512.jpg 768w, https:\/\/www.ull.es\/portal\/noticias\/wp-content\/uploads\/sites\/13\/2025\/08\/Tesis-Virginia-Martin-03-375x250.jpg 375w, https:\/\/www.ull.es\/portal\/noticias\/wp-content\/uploads\/sites\/13\/2025\/08\/Tesis-Virginia-Martin-03-750x500.jpg 750w, https:\/\/www.ull.es\/portal\/noticias\/wp-content\/uploads\/sites\/13\/2025\/08\/Tesis-Virginia-Martin-03-1140x760.jpg 1140w, https:\/\/www.ull.es\/portal\/noticias\/wp-content\/uploads\/sites\/13\/2025\/08\/Tesis-Virginia-Martin-03.jpg 1200w\" sizes=\"(max-width: 300px) 100vw, 300px\" \/><\/a>En este estudio, que recibi\u00f3 una beca de la Agencia Canaria de Investigaci\u00f3n, Innovaci\u00f3n y Sociedad de la Informaci\u00f3n, se ha valorado tanto el esfuerzo ling\u00fc\u00edstico como conceptual de Mart\u00edn como viaje entre el espa\u00f1ol y el italiano, unido a los diferentes niveles de an\u00e1lisis y enfoques en la semi\u00f3tica. Durante el doctorado, la autora tuvo dos estancias en Italia que le permitieron profundizar en sus conocimientos te\u00f3ricos en torno a los grandes semi\u00f3logos: desde la semi\u00f3tica de la cultura de Yuri Lotman, pasando por el desarrollo de los procedimientos descriptivos de la narratolog\u00eda de Algirdas Julius Greimas y la semi\u00f3tica literaria e indagaci\u00f3n de personajes de Jacques Geninasca.<\/p>\n<p>Mientras que la segunda parte del t\u00edtulo de la tesis se\u00f1ala los elementos que se definen en el texto cient\u00edfico, la primera, relativa a \u201cla isla\u201d, sirve como gui\u00f1o po\u00e9tico a su aparato te\u00f3rico. Esta abarca la d\u00e9cada de 1978 a 1988 con un fin autodescriptivo de la esfera canaria para evocar las premisas te\u00f3ricas que tienen como eje central la literatura isle\u00f1a. La elecci\u00f3n tem\u00e1tica no resulta casual, dado el origen de ambos directores: R\u00edos, por la parte canaria, y Sedda, originario de Cerde\u00f1a y experto en este \u00e1mbito. Ambos se conocieron en un congreso internacional a\u00f1os atr\u00e1s y el fil\u00f3logo tinerfe\u00f1o vio una oportunidad para sumar esta dimensi\u00f3n que trajo el semi\u00f3logo sardo a la investigaci\u00f3n que iniciar\u00eda Virginia Mart\u00edn.<\/p>\n<p>As\u00ed, se analizan tres obras de los autores m\u00e1s can\u00f3nicos dentro de esta generaci\u00f3n legendaria de las letras canarias, tanto a nivel acad\u00e9mico como social y de ventas en el mercado. Se trata de <em>Las naves quemadas <\/em>(1982), de J.J. Armas Marcelo; <em>Los espiritistas de Telde <\/em>(1981), de Luis Le\u00f3n Barreto; y <em>Nos dejaron el muerto <\/em>(1984), de V\u00edctor Ram\u00edrez.<\/p>\n<p>La primera novela recrea la odisea de la conquista de Am\u00e9rica entre los siglos XV y XVI, partiendo de una isla canaria imaginaria en una mezcla de reconstrucci\u00f3n literaria y ficticia. La segunda de ellas propone un rastreo por la historia del mestizaje cultural de Telde, tanto de la ra\u00edz prehisp\u00e1nica como todo lo que vino despu\u00e9s como paradigma de la fusi\u00f3n cultural que existe en Canarias y las creencias que van m\u00e1s all\u00e1 de la religi\u00f3n. La \u00faltima obra, que inspir\u00f3 la pel\u00edcula <em>La caja<\/em> (2007), parte de la muerte del odiado don Lucio, para, a trav\u00e9s de los ojos de un ni\u00f1o que asiste como testigo al velatorio, hilar la vida de los habitantes de un barrio de Las Palmas de Gran Canaria durante la posguerra.<\/p>\n<p>Si bien Armas Marcelo es un autor con mucha proyecci\u00f3n nacional e internacional, principalmente en Am\u00e9rica latina, Le\u00f3n Barreto es un ejemplo de reconocimiento a nivel regional, como precursor de su generaci\u00f3n. Por su parte, Ram\u00edrez lleva su esfera literaria a lo m\u00e1s local, al propio barrio, y la reproducci\u00f3n de dialecto canario, aunque es un escritor que ha tenido una mayor trascendencia a nivel geogr\u00e1fico en las \u00faltimas d\u00e9cadas.<\/p>\n<div id=\"attachment_83914\" style=\"width: 310px\" class=\"wp-caption alignright\"><a href=\"https:\/\/www.ull.es\/portal\/noticias\/wp-content\/uploads\/sites\/13\/2025\/08\/Tesis-Virginia-Martin-01.jpg\" target=\"_blank\" rel=\"noopener\" target=\"_blank\" rel=\"noopener\"><img aria-describedby=\"caption-attachment-83914\" decoding=\"async\" loading=\"lazy\" class=\"wp-image-83914 size-medium\" src=\"https:\/\/www.ull.es\/portal\/noticias\/wp-content\/uploads\/sites\/13\/2025\/08\/Tesis-Virginia-Martin-01-300x200.jpg\" alt=\"Mart\u00edn con un de sus codirectores, F\u00e9lix R\u00edos.\" width=\"300\" height=\"200\" srcset=\"https:\/\/www.ull.es\/portal\/noticias\/wp-content\/uploads\/sites\/13\/2025\/08\/Tesis-Virginia-Martin-01-300x200.jpg 300w, https:\/\/www.ull.es\/portal\/noticias\/wp-content\/uploads\/sites\/13\/2025\/08\/Tesis-Virginia-Martin-01-1024x683.jpg 1024w, https:\/\/www.ull.es\/portal\/noticias\/wp-content\/uploads\/sites\/13\/2025\/08\/Tesis-Virginia-Martin-01-768x512.jpg 768w, https:\/\/www.ull.es\/portal\/noticias\/wp-content\/uploads\/sites\/13\/2025\/08\/Tesis-Virginia-Martin-01-375x250.jpg 375w, https:\/\/www.ull.es\/portal\/noticias\/wp-content\/uploads\/sites\/13\/2025\/08\/Tesis-Virginia-Martin-01-750x500.jpg 750w, https:\/\/www.ull.es\/portal\/noticias\/wp-content\/uploads\/sites\/13\/2025\/08\/Tesis-Virginia-Martin-01-1140x760.jpg 1140w, https:\/\/www.ull.es\/portal\/noticias\/wp-content\/uploads\/sites\/13\/2025\/08\/Tesis-Virginia-Martin-01.jpg 1200w\" sizes=\"(max-width: 300px) 100vw, 300px\" \/><\/a><p id=\"caption-attachment-83914\" class=\"wp-caption-text\">Mart\u00edn con un de sus codirectores, F\u00e9lix R\u00edos.<\/p><\/div>\n<p>A pesar de sus diferentes \u00e1ngulos, los tres autores confluyen en esta tesis como m\u00e1ximos exponentes del cambio de paradigma literario que se vivenci\u00f3 en Canarias en el per\u00edodo analizado y que pervive hasta el presente. En ese tiempo, las obras ya no estaban tan centradas en el paisaje, sino que los personajes se convirtieron en sujetos que viven la historia de Canarias, con todo lo nuevo que trajo este per\u00edodo de transici\u00f3n hacia la democracia y la construcci\u00f3n del Estado de las autonom\u00edas.<\/p>\n<p>Esta generaci\u00f3n de escritores canarios cre\u00f3 una nueva forma de entender el mundo, un nuevo modelo para la democracia y una nueva forma de entender Canarias. La lectura de sus novelas queda mediada por \u201cla isla\u201d como marco de las grandes configuraciones identitarias del archipi\u00e9lago en esa b\u00fasqueda de autodefinirse. Esto aporta a la literatura canaria una nueva capacidad de la sociedad de leerse a s\u00ed misma, convirtiendo a las islas en un sujeto hist\u00f3rico que vive y toma valor a nivel de sistema. Se consigue una transformaci\u00f3n en la significaci\u00f3n de las relaciones locales, que no son espacios inm\u00f3viles o aislados, sino que est\u00e1n abiertos a las culturas y realidades en esta forja de la identidad.<\/p>\n<p>A pesar de la disminuci\u00f3n de producci\u00f3n literaria a partir de los a\u00f1os noventa, este modelo descrito en el trabajo de Virginia Mart\u00edn sigue vigente y escritores como Le\u00f3n Barreto siguen en activo, como representante de este paradigma, a pesar de las modificaciones que ha experimentado en las d\u00e9cadas recientes. As\u00ed es que, por su amplia aportaci\u00f3n al an\u00e1lisis de la historia de Canarias, as\u00ed como a la semi\u00f3tica de la isla, esta tesis se plantea como punto de partida hacia nuevas publicaciones y posibles monograf\u00edas.<\/p>\n","protected":false},"excerpt":{"rendered":"<p>La Universidad de La Laguna ha acogido recientemente la defensa de la tesis doctoral de Virginia Mart\u00edn D\u00e1vila, titulada \u201cLa&#8230;<\/p>\n","protected":false},"author":21,"featured_media":83912,"comment_status":"closed","ping_status":"closed","sticky":false,"template":"","format":"standard","meta":{"inline_featured_image":false,"footnotes":""},"categories":[345,350,2765],"tags":[11870,11871,11873,5871,2478,6887,11872,11869],"acf":[],"yoast_head":"<!-- This site is optimized with the Yoast SEO plugin v21.3 - https:\/\/yoast.com\/wordpress\/plugins\/seo\/ -->\n<title>Una tesis aborda la literatura canaria surgida en la Transici\u00f3n<\/title>\n<meta name=\"description\" content=\"La tesis de Virginia Mart\u00edn analiza desde la semi\u00f3tica la relevancia de tres obres de J.J. Armas Marcelo, V\u00edctor Ram\u00edrez y Luis Le\u00f3n Barreto.\" \/>\n<meta name=\"robots\" content=\"index, follow, max-snippet:-1, max-image-preview:large, max-video-preview:-1\" \/>\n<link rel=\"canonical\" href=\"https:\/\/www.ull.es\/portal\/noticias\/2025\/tesis-semiotica-modelo-identitario-literatura-canaria-transicion\/\" \/>\n<meta property=\"og:locale\" content=\"es_ES\" \/>\n<meta property=\"og:type\" content=\"article\" \/>\n<meta property=\"og:title\" content=\"Una tesis aborda la literatura canaria surgida en la Transici\u00f3n\" \/>\n<meta property=\"og:description\" content=\"La tesis de Virginia Mart\u00edn analiza desde la semi\u00f3tica la relevancia de tres obres de J.J. Armas Marcelo, V\u00edctor Ram\u00edrez y Luis Le\u00f3n Barreto.\" \/>\n<meta property=\"og:url\" content=\"https:\/\/www.ull.es\/portal\/noticias\/2025\/tesis-semiotica-modelo-identitario-literatura-canaria-transicion\/\" \/>\n<meta property=\"og:site_name\" content=\"ULL - Noticias\" \/>\n<meta property=\"article:publisher\" content=\"https:\/\/www.facebook.com\/universidaddelalaguna\/\" \/>\n<meta property=\"article:published_time\" content=\"2025-08-26T08:42:12+00:00\" \/>\n<meta property=\"og:image\" content=\"https:\/\/www.ull.es\/portal\/noticias\/wp-content\/uploads\/sites\/13\/2025\/08\/Tesis-Virginia-Martin-05.jpg\" \/>\n\t<meta property=\"og:image:width\" content=\"1200\" \/>\n\t<meta property=\"og:image:height\" content=\"800\" \/>\n\t<meta property=\"og:image:type\" content=\"image\/jpeg\" \/>\n<meta name=\"author\" content=\"prensa2\" \/>\n<meta name=\"twitter:card\" content=\"summary_large_image\" \/>\n<meta name=\"twitter:creator\" content=\"@CanalULL\" \/>\n<meta name=\"twitter:site\" content=\"@CanalULL\" \/>\n<meta name=\"twitter:label1\" content=\"Escrito por\" \/>\n\t<meta name=\"twitter:data1\" content=\"prensa2\" \/>\n\t<meta name=\"twitter:label2\" content=\"Tiempo de lectura\" \/>\n\t<meta name=\"twitter:data2\" content=\"5 minutos\" \/>\n<script type=\"application\/ld+json\" class=\"yoast-schema-graph\">{\"@context\":\"https:\/\/schema.org\",\"@graph\":[{\"@type\":\"WebPage\",\"@id\":\"https:\/\/www.ull.es\/portal\/noticias\/2025\/tesis-semiotica-modelo-identitario-literatura-canaria-transicion\/\",\"url\":\"https:\/\/www.ull.es\/portal\/noticias\/2025\/tesis-semiotica-modelo-identitario-literatura-canaria-transicion\/\",\"name\":\"Una tesis aborda la literatura canaria surgida en la Transici\u00f3n\",\"isPartOf\":{\"@id\":\"https:\/\/www.ull.es\/portal\/noticias\/#website\"},\"datePublished\":\"2025-08-26T08:42:12+00:00\",\"dateModified\":\"2025-08-26T08:42:12+00:00\",\"author\":{\"@id\":\"https:\/\/www.ull.es\/portal\/noticias\/#\/schema\/person\/c3b2aa857797592927a03740d6664376\"},\"description\":\"La tesis de Virginia Mart\u00edn analiza desde la semi\u00f3tica la relevancia de tres obres de J.J. Armas Marcelo, V\u00edctor Ram\u00edrez y Luis Le\u00f3n Barreto.\",\"breadcrumb\":{\"@id\":\"https:\/\/www.ull.es\/portal\/noticias\/2025\/tesis-semiotica-modelo-identitario-literatura-canaria-transicion\/#breadcrumb\"},\"inLanguage\":\"es\",\"potentialAction\":[{\"@type\":\"ReadAction\",\"target\":[\"https:\/\/www.ull.es\/portal\/noticias\/2025\/tesis-semiotica-modelo-identitario-literatura-canaria-transicion\/\"]}]},{\"@type\":\"BreadcrumbList\",\"@id\":\"https:\/\/www.ull.es\/portal\/noticias\/2025\/tesis-semiotica-modelo-identitario-literatura-canaria-transicion\/#breadcrumb\",\"itemListElement\":[{\"@type\":\"ListItem\",\"position\":1,\"name\":\"Portada\",\"item\":\"https:\/\/www.ull.es\/portal\/noticias\/\"},{\"@type\":\"ListItem\",\"position\":2,\"name\":\"Una tesis sobre semi\u00f3tica describe el modelo identitario que impuls\u00f3 una nueva literatura canaria en la Transici\u00f3n\"}]},{\"@type\":\"WebSite\",\"@id\":\"https:\/\/www.ull.es\/portal\/noticias\/#website\",\"url\":\"https:\/\/www.ull.es\/portal\/noticias\/\",\"name\":\"ULL - Noticias\",\"description\":\"\",\"potentialAction\":[{\"@type\":\"SearchAction\",\"target\":{\"@type\":\"EntryPoint\",\"urlTemplate\":\"https:\/\/www.ull.es\/portal\/noticias\/?s={search_term_string}\"},\"query-input\":\"required name=search_term_string\"}],\"inLanguage\":\"es\"},{\"@type\":\"Person\",\"@id\":\"https:\/\/www.ull.es\/portal\/noticias\/#\/schema\/person\/c3b2aa857797592927a03740d6664376\",\"name\":\"prensa2\",\"image\":{\"@type\":\"ImageObject\",\"inLanguage\":\"es\",\"@id\":\"https:\/\/www.ull.es\/portal\/noticias\/#\/schema\/person\/image\/\",\"url\":\"https:\/\/secure.gravatar.com\/avatar\/b58f310a5de5feb33d1e026d2493f23c?s=96&d=mm&r=g\",\"contentUrl\":\"https:\/\/secure.gravatar.com\/avatar\/b58f310a5de5feb33d1e026d2493f23c?s=96&d=mm&r=g\",\"caption\":\"prensa2\"},\"url\":\"https:\/\/www.ull.es\/portal\/noticias\/author\/prensa2\/\"}]}<\/script>\n<!-- \/ Yoast SEO plugin. -->","yoast_head_json":{"title":"Una tesis aborda la literatura canaria surgida en la Transici\u00f3n","description":"La tesis de Virginia Mart\u00edn analiza desde la semi\u00f3tica la relevancia de tres obres de J.J. Armas Marcelo, V\u00edctor Ram\u00edrez y Luis Le\u00f3n Barreto.","robots":{"index":"index","follow":"follow","max-snippet":"max-snippet:-1","max-image-preview":"max-image-preview:large","max-video-preview":"max-video-preview:-1"},"canonical":"https:\/\/www.ull.es\/portal\/noticias\/2025\/tesis-semiotica-modelo-identitario-literatura-canaria-transicion\/","og_locale":"es_ES","og_type":"article","og_title":"Una tesis aborda la literatura canaria surgida en la Transici\u00f3n","og_description":"La tesis de Virginia Mart\u00edn analiza desde la semi\u00f3tica la relevancia de tres obres de J.J. Armas Marcelo, V\u00edctor Ram\u00edrez y Luis Le\u00f3n Barreto.","og_url":"https:\/\/www.ull.es\/portal\/noticias\/2025\/tesis-semiotica-modelo-identitario-literatura-canaria-transicion\/","og_site_name":"ULL - Noticias","article_publisher":"https:\/\/www.facebook.com\/universidaddelalaguna\/","article_published_time":"2025-08-26T08:42:12+00:00","og_image":[{"width":1200,"height":800,"url":"https:\/\/www.ull.es\/portal\/noticias\/wp-content\/uploads\/sites\/13\/2025\/08\/Tesis-Virginia-Martin-05.jpg","type":"image\/jpeg"}],"author":"prensa2","twitter_card":"summary_large_image","twitter_creator":"@CanalULL","twitter_site":"@CanalULL","twitter_misc":{"Escrito por":"prensa2","Tiempo de lectura":"5 minutos"},"schema":{"@context":"https:\/\/schema.org","@graph":[{"@type":"WebPage","@id":"https:\/\/www.ull.es\/portal\/noticias\/2025\/tesis-semiotica-modelo-identitario-literatura-canaria-transicion\/","url":"https:\/\/www.ull.es\/portal\/noticias\/2025\/tesis-semiotica-modelo-identitario-literatura-canaria-transicion\/","name":"Una tesis aborda la literatura canaria surgida en la Transici\u00f3n","isPartOf":{"@id":"https:\/\/www.ull.es\/portal\/noticias\/#website"},"datePublished":"2025-08-26T08:42:12+00:00","dateModified":"2025-08-26T08:42:12+00:00","author":{"@id":"https:\/\/www.ull.es\/portal\/noticias\/#\/schema\/person\/c3b2aa857797592927a03740d6664376"},"description":"La tesis de Virginia Mart\u00edn analiza desde la semi\u00f3tica la relevancia de tres obres de J.J. Armas Marcelo, V\u00edctor Ram\u00edrez y Luis Le\u00f3n Barreto.","breadcrumb":{"@id":"https:\/\/www.ull.es\/portal\/noticias\/2025\/tesis-semiotica-modelo-identitario-literatura-canaria-transicion\/#breadcrumb"},"inLanguage":"es","potentialAction":[{"@type":"ReadAction","target":["https:\/\/www.ull.es\/portal\/noticias\/2025\/tesis-semiotica-modelo-identitario-literatura-canaria-transicion\/"]}]},{"@type":"BreadcrumbList","@id":"https:\/\/www.ull.es\/portal\/noticias\/2025\/tesis-semiotica-modelo-identitario-literatura-canaria-transicion\/#breadcrumb","itemListElement":[{"@type":"ListItem","position":1,"name":"Portada","item":"https:\/\/www.ull.es\/portal\/noticias\/"},{"@type":"ListItem","position":2,"name":"Una tesis sobre semi\u00f3tica describe el modelo identitario que impuls\u00f3 una nueva literatura canaria en la Transici\u00f3n"}]},{"@type":"WebSite","@id":"https:\/\/www.ull.es\/portal\/noticias\/#website","url":"https:\/\/www.ull.es\/portal\/noticias\/","name":"ULL - Noticias","description":"","potentialAction":[{"@type":"SearchAction","target":{"@type":"EntryPoint","urlTemplate":"https:\/\/www.ull.es\/portal\/noticias\/?s={search_term_string}"},"query-input":"required name=search_term_string"}],"inLanguage":"es"},{"@type":"Person","@id":"https:\/\/www.ull.es\/portal\/noticias\/#\/schema\/person\/c3b2aa857797592927a03740d6664376","name":"prensa2","image":{"@type":"ImageObject","inLanguage":"es","@id":"https:\/\/www.ull.es\/portal\/noticias\/#\/schema\/person\/image\/","url":"https:\/\/secure.gravatar.com\/avatar\/b58f310a5de5feb33d1e026d2493f23c?s=96&d=mm&r=g","contentUrl":"https:\/\/secure.gravatar.com\/avatar\/b58f310a5de5feb33d1e026d2493f23c?s=96&d=mm&r=g","caption":"prensa2"},"url":"https:\/\/www.ull.es\/portal\/noticias\/author\/prensa2\/"}]}},"primary_category":{"id":345,"name":"Destacado","slug":"destacado","link":"https:\/\/www.ull.es\/portal\/noticias\/category\/destacado\/"},"featured_image_thumbnail_url":"https:\/\/www.ull.es\/portal\/noticias\/wp-content\/uploads\/sites\/13\/2025\/08\/Tesis-Virginia-Martin-05-300x200.jpg","_links":{"self":[{"href":"https:\/\/www.ull.es\/portal\/noticias\/wp-json\/wp\/v2\/posts\/83911"}],"collection":[{"href":"https:\/\/www.ull.es\/portal\/noticias\/wp-json\/wp\/v2\/posts"}],"about":[{"href":"https:\/\/www.ull.es\/portal\/noticias\/wp-json\/wp\/v2\/types\/post"}],"author":[{"embeddable":true,"href":"https:\/\/www.ull.es\/portal\/noticias\/wp-json\/wp\/v2\/users\/21"}],"replies":[{"embeddable":true,"href":"https:\/\/www.ull.es\/portal\/noticias\/wp-json\/wp\/v2\/comments?post=83911"}],"version-history":[{"count":1,"href":"https:\/\/www.ull.es\/portal\/noticias\/wp-json\/wp\/v2\/posts\/83911\/revisions"}],"predecessor-version":[{"id":83915,"href":"https:\/\/www.ull.es\/portal\/noticias\/wp-json\/wp\/v2\/posts\/83911\/revisions\/83915"}],"wp:featuredmedia":[{"embeddable":true,"href":"https:\/\/www.ull.es\/portal\/noticias\/wp-json\/wp\/v2\/media\/83912"}],"wp:attachment":[{"href":"https:\/\/www.ull.es\/portal\/noticias\/wp-json\/wp\/v2\/media?parent=83911"}],"wp:term":[{"taxonomy":"category","embeddable":true,"href":"https:\/\/www.ull.es\/portal\/noticias\/wp-json\/wp\/v2\/categories?post=83911"},{"taxonomy":"post_tag","embeddable":true,"href":"https:\/\/www.ull.es\/portal\/noticias\/wp-json\/wp\/v2\/tags?post=83911"}],"curies":[{"name":"wp","href":"https:\/\/api.w.org\/{rel}","templated":true}]}}