{"id":83930,"date":"2025-08-28T10:56:44","date_gmt":"2025-08-28T10:56:44","guid":{"rendered":"https:\/\/www.ull.es\/portal\/noticias\/?p=83930"},"modified":"2025-08-28T10:57:47","modified_gmt":"2025-08-28T10:57:47","slug":"aula-divulgacion-cientifica-ull-participa-ii-global-skeptics-pub","status":"publish","type":"post","link":"https:\/\/www.ull.es\/portal\/noticias\/2025\/aula-divulgacion-cientifica-ull-participa-ii-global-skeptics-pub\/","title":{"rendered":"El Aula de Divulgaci\u00f3n Cient\u00edfica de la ULL, \u00fanica participaci\u00f3n espa\u00f1ola en la II Global Skeptics in the Pub"},"content":{"rendered":"<p>La segunda edici\u00f3n de <em>Global Skeptics in the Pub<\/em>, una marat\u00f3n de veinticuatro horas en la que participaron las personas y entidades responsables de los ciclos informales de divulgaci\u00f3n conocidos como <em>\u201c<\/em><em>Esc\u00e9pticos en el Pub\u201d, <\/em>se celebr\u00f3 de manera online el pasado 22 de agosto. El <a href=\"https:\/\/www.ull.es\/portal\/aulasycatedrasculturales\/aula-cultural-de-divulgacion-cientifica\/\" target=\"_blank\" rel=\"noopener\" target=\"_blank\" rel=\"noopener\">Aula Cultural de Divulgaci\u00f3n Cient\u00edfica<\/a> de la Universidad de La Laguna fue la \u00fanica entidad espa\u00f1ola participante en este encuentro que congreg\u00f3 conexiones de 54 entidades de todos los continentes.<\/p>\n<p>El aula de la Universidad de La Laguna tiene entre sus actividades, precisamente, la organizaci\u00f3n del ciclo en Tenerife, que <a href=\"https:\/\/www.ull.es\/portal\/agenda\/evento\/escepticos-en-el-pub-en-tenerife-n-o-121-16-2-importancia-del-cribado-de-cancer-de-colon-en-poblacion-sana\/\" target=\"_blank\" rel=\"noopener\" target=\"_blank\" rel=\"noopener\">el pr\u00f3ximo 24 de octubre<\/a> celebrar\u00e1 su edici\u00f3n 121 con una sesi\u00f3n dedicada al cribado de c\u00e1ncer de colon en la poblaci\u00f3n sana.<\/p>\n<p>En este evento global celebrado en agosto, particip\u00f3 en nombre de la entidad de la Universidad de La Laguna el codirector de su Aula de Divulgaci\u00f3n Cient\u00edfica, <a href=\"https:\/\/portalciencia.ull.es\/investigadores\/81352\/detalle\" target=\"_blank\" rel=\"noopener\" target=\"_blank\" rel=\"noopener\">Luis Capote P\u00e9rez<\/a>. El programa solamente ofrec\u00eda a cada participante un periodo de diez minutos, que fueron empelados para presentar brevemente la historia de esta entidad que desde su creaci\u00f3n ha perseguido tres objetivos b\u00e1sicos: la divulgaci\u00f3n de la ciencia, la diseminaci\u00f3n del pensamiento cr\u00edtico y la cr\u00edtica cient\u00edfica a las pseudociencias.<\/p>\n<p>Capote explic\u00f3 que el aula como tal fue fundada el 14 de noviembre de 2003, si bien ya exist\u00edan precedentes en la Universidad de La Laguna como la organizaci\u00f3n de un curso interdisciplinar sobre ciencia y pseudociencia que sirvi\u00f3 como acicate para crear un organismo permanente centrado en dichos asuntos. A lo largo de estas dos d\u00e9cadas de actividades, el aula ha colaborado con varios medios de comunicaci\u00f3n, ha publicado libros divulgativos, ha organizado seminarios y, sobre todo, ha mantenido la actividad de \u201cEsc\u00e9pticos en el pub\u201d durante quince ediciones hasta ahora.<\/p>\n<p>El evento <em>Global Skeptics in the Pub<\/em> estuvo coordinado por el estadounidense David Almandsmith, miembro de la organizaci\u00f3n californiana Bay Area Skeptics. Comenz\u00f3 a las 19:00 horas de Nueva Zelanda y termin\u00f3 a las 21:00 de Haw\u00e1i. Durante ese tiempo, colectivos de todo el mundo ejercieron la funci\u00f3n anfitriona para presentar la labor que desarrollan, poner en com\u00fan experiencias y discutir sobre el auge de los bulos en todo el mundo y los v\u00ednculos con ciertos movimientos pol\u00edticos en todo el mundo.<\/p>\n","protected":false},"excerpt":{"rendered":"<p>La segunda edici\u00f3n de Global Skeptics in the Pub, una marat\u00f3n de veinticuatro horas en la que participaron las personas&#8230;<\/p>\n","protected":false},"author":21,"featured_media":83931,"comment_status":"closed","ping_status":"closed","sticky":false,"template":"","format":"standard","meta":{"inline_featured_image":false,"footnotes":""},"categories":[345,348,2765],"tags":[11596,1049,11156,11879,1771],"acf":[],"yoast_head":"<!-- This site is optimized with the Yoast SEO plugin v21.3 - https:\/\/yoast.com\/wordpress\/plugins\/seo\/ -->\n<title>La ULL, \u00fanica participante espa\u00f1ola en Global Skeptics in the Pub<\/title>\n<meta name=\"description\" content=\"El Aula de Divulgaci\u00f3n Cient\u00edfica de la instituci\u00f3n present\u00f3 su actividad en este evento global celebrado online el 22 de agosto.\" \/>\n<meta name=\"robots\" content=\"index, follow, max-snippet:-1, max-image-preview:large, max-video-preview:-1\" \/>\n<link rel=\"canonical\" href=\"https:\/\/www.ull.es\/portal\/noticias\/2025\/aula-divulgacion-cientifica-ull-participa-ii-global-skeptics-pub\/\" \/>\n<meta property=\"og:locale\" content=\"es_ES\" \/>\n<meta property=\"og:type\" content=\"article\" \/>\n<meta property=\"og:title\" content=\"La ULL, \u00fanica participante espa\u00f1ola en Global Skeptics in the Pub\" \/>\n<meta property=\"og:description\" content=\"El Aula de Divulgaci\u00f3n Cient\u00edfica de la instituci\u00f3n present\u00f3 su actividad en este evento global celebrado online el 22 de agosto.\" \/>\n<meta property=\"og:url\" content=\"https:\/\/www.ull.es\/portal\/noticias\/2025\/aula-divulgacion-cientifica-ull-participa-ii-global-skeptics-pub\/\" \/>\n<meta property=\"og:site_name\" content=\"ULL - Noticias\" \/>\n<meta property=\"article:publisher\" content=\"https:\/\/www.facebook.com\/universidaddelalaguna\/\" \/>\n<meta property=\"article:published_time\" content=\"2025-08-28T10:56:44+00:00\" \/>\n<meta property=\"article:modified_time\" content=\"2025-08-28T10:57:47+00:00\" \/>\n<meta property=\"og:image\" content=\"https:\/\/www.ull.es\/portal\/noticias\/wp-content\/uploads\/sites\/13\/2025\/08\/global-skeptics-pub-banner.jpg\" \/>\n\t<meta property=\"og:image:width\" content=\"1200\" \/>\n\t<meta property=\"og:image:height\" content=\"690\" \/>\n\t<meta property=\"og:image:type\" content=\"image\/jpeg\" \/>\n<meta name=\"author\" content=\"prensa2\" \/>\n<meta name=\"twitter:card\" content=\"summary_large_image\" \/>\n<meta name=\"twitter:creator\" content=\"@CanalULL\" \/>\n<meta name=\"twitter:site\" content=\"@CanalULL\" \/>\n<meta name=\"twitter:label1\" content=\"Escrito por\" \/>\n\t<meta name=\"twitter:data1\" content=\"prensa2\" \/>\n\t<meta name=\"twitter:label2\" content=\"Tiempo de lectura\" \/>\n\t<meta name=\"twitter:data2\" content=\"2 minutos\" \/>\n<script type=\"application\/ld+json\" class=\"yoast-schema-graph\">{\"@context\":\"https:\/\/schema.org\",\"@graph\":[{\"@type\":\"WebPage\",\"@id\":\"https:\/\/www.ull.es\/portal\/noticias\/2025\/aula-divulgacion-cientifica-ull-participa-ii-global-skeptics-pub\/\",\"url\":\"https:\/\/www.ull.es\/portal\/noticias\/2025\/aula-divulgacion-cientifica-ull-participa-ii-global-skeptics-pub\/\",\"name\":\"La ULL, \u00fanica participante espa\u00f1ola en Global Skeptics in the Pub\",\"isPartOf\":{\"@id\":\"https:\/\/www.ull.es\/portal\/noticias\/#website\"},\"datePublished\":\"2025-08-28T10:56:44+00:00\",\"dateModified\":\"2025-08-28T10:57:47+00:00\",\"author\":{\"@id\":\"https:\/\/www.ull.es\/portal\/noticias\/#\/schema\/person\/c3b2aa857797592927a03740d6664376\"},\"description\":\"El Aula de Divulgaci\u00f3n Cient\u00edfica de la instituci\u00f3n present\u00f3 su actividad en este evento global celebrado online el 22 de agosto.\",\"breadcrumb\":{\"@id\":\"https:\/\/www.ull.es\/portal\/noticias\/2025\/aula-divulgacion-cientifica-ull-participa-ii-global-skeptics-pub\/#breadcrumb\"},\"inLanguage\":\"es\",\"potentialAction\":[{\"@type\":\"ReadAction\",\"target\":[\"https:\/\/www.ull.es\/portal\/noticias\/2025\/aula-divulgacion-cientifica-ull-participa-ii-global-skeptics-pub\/\"]}]},{\"@type\":\"BreadcrumbList\",\"@id\":\"https:\/\/www.ull.es\/portal\/noticias\/2025\/aula-divulgacion-cientifica-ull-participa-ii-global-skeptics-pub\/#breadcrumb\",\"itemListElement\":[{\"@type\":\"ListItem\",\"position\":1,\"name\":\"Portada\",\"item\":\"https:\/\/www.ull.es\/portal\/noticias\/\"},{\"@type\":\"ListItem\",\"position\":2,\"name\":\"El Aula de Divulgaci\u00f3n Cient\u00edfica de la ULL, \u00fanica participaci\u00f3n espa\u00f1ola en la II Global Skeptics in the Pub\"}]},{\"@type\":\"WebSite\",\"@id\":\"https:\/\/www.ull.es\/portal\/noticias\/#website\",\"url\":\"https:\/\/www.ull.es\/portal\/noticias\/\",\"name\":\"ULL - Noticias\",\"description\":\"\",\"potentialAction\":[{\"@type\":\"SearchAction\",\"target\":{\"@type\":\"EntryPoint\",\"urlTemplate\":\"https:\/\/www.ull.es\/portal\/noticias\/?s={search_term_string}\"},\"query-input\":\"required name=search_term_string\"}],\"inLanguage\":\"es\"},{\"@type\":\"Person\",\"@id\":\"https:\/\/www.ull.es\/portal\/noticias\/#\/schema\/person\/c3b2aa857797592927a03740d6664376\",\"name\":\"prensa2\",\"image\":{\"@type\":\"ImageObject\",\"inLanguage\":\"es\",\"@id\":\"https:\/\/www.ull.es\/portal\/noticias\/#\/schema\/person\/image\/\",\"url\":\"https:\/\/secure.gravatar.com\/avatar\/b58f310a5de5feb33d1e026d2493f23c?s=96&d=mm&r=g\",\"contentUrl\":\"https:\/\/secure.gravatar.com\/avatar\/b58f310a5de5feb33d1e026d2493f23c?s=96&d=mm&r=g\",\"caption\":\"prensa2\"},\"url\":\"https:\/\/www.ull.es\/portal\/noticias\/author\/prensa2\/\"}]}<\/script>\n<!-- \/ Yoast SEO plugin. -->","yoast_head_json":{"title":"La ULL, \u00fanica participante espa\u00f1ola en Global Skeptics in the Pub","description":"El Aula de Divulgaci\u00f3n Cient\u00edfica de la instituci\u00f3n present\u00f3 su actividad en este evento global celebrado online el 22 de agosto.","robots":{"index":"index","follow":"follow","max-snippet":"max-snippet:-1","max-image-preview":"max-image-preview:large","max-video-preview":"max-video-preview:-1"},"canonical":"https:\/\/www.ull.es\/portal\/noticias\/2025\/aula-divulgacion-cientifica-ull-participa-ii-global-skeptics-pub\/","og_locale":"es_ES","og_type":"article","og_title":"La ULL, \u00fanica participante espa\u00f1ola en Global Skeptics in the Pub","og_description":"El Aula de Divulgaci\u00f3n Cient\u00edfica de la instituci\u00f3n present\u00f3 su actividad en este evento global celebrado online el 22 de agosto.","og_url":"https:\/\/www.ull.es\/portal\/noticias\/2025\/aula-divulgacion-cientifica-ull-participa-ii-global-skeptics-pub\/","og_site_name":"ULL - Noticias","article_publisher":"https:\/\/www.facebook.com\/universidaddelalaguna\/","article_published_time":"2025-08-28T10:56:44+00:00","article_modified_time":"2025-08-28T10:57:47+00:00","og_image":[{"width":1200,"height":690,"url":"https:\/\/www.ull.es\/portal\/noticias\/wp-content\/uploads\/sites\/13\/2025\/08\/global-skeptics-pub-banner.jpg","type":"image\/jpeg"}],"author":"prensa2","twitter_card":"summary_large_image","twitter_creator":"@CanalULL","twitter_site":"@CanalULL","twitter_misc":{"Escrito por":"prensa2","Tiempo de lectura":"2 minutos"},"schema":{"@context":"https:\/\/schema.org","@graph":[{"@type":"WebPage","@id":"https:\/\/www.ull.es\/portal\/noticias\/2025\/aula-divulgacion-cientifica-ull-participa-ii-global-skeptics-pub\/","url":"https:\/\/www.ull.es\/portal\/noticias\/2025\/aula-divulgacion-cientifica-ull-participa-ii-global-skeptics-pub\/","name":"La ULL, \u00fanica participante espa\u00f1ola en Global Skeptics in the Pub","isPartOf":{"@id":"https:\/\/www.ull.es\/portal\/noticias\/#website"},"datePublished":"2025-08-28T10:56:44+00:00","dateModified":"2025-08-28T10:57:47+00:00","author":{"@id":"https:\/\/www.ull.es\/portal\/noticias\/#\/schema\/person\/c3b2aa857797592927a03740d6664376"},"description":"El Aula de Divulgaci\u00f3n Cient\u00edfica de la instituci\u00f3n present\u00f3 su actividad en este evento global celebrado online el 22 de agosto.","breadcrumb":{"@id":"https:\/\/www.ull.es\/portal\/noticias\/2025\/aula-divulgacion-cientifica-ull-participa-ii-global-skeptics-pub\/#breadcrumb"},"inLanguage":"es","potentialAction":[{"@type":"ReadAction","target":["https:\/\/www.ull.es\/portal\/noticias\/2025\/aula-divulgacion-cientifica-ull-participa-ii-global-skeptics-pub\/"]}]},{"@type":"BreadcrumbList","@id":"https:\/\/www.ull.es\/portal\/noticias\/2025\/aula-divulgacion-cientifica-ull-participa-ii-global-skeptics-pub\/#breadcrumb","itemListElement":[{"@type":"ListItem","position":1,"name":"Portada","item":"https:\/\/www.ull.es\/portal\/noticias\/"},{"@type":"ListItem","position":2,"name":"El Aula de Divulgaci\u00f3n Cient\u00edfica de la ULL, \u00fanica participaci\u00f3n espa\u00f1ola en la II Global Skeptics in the Pub"}]},{"@type":"WebSite","@id":"https:\/\/www.ull.es\/portal\/noticias\/#website","url":"https:\/\/www.ull.es\/portal\/noticias\/","name":"ULL - Noticias","description":"","potentialAction":[{"@type":"SearchAction","target":{"@type":"EntryPoint","urlTemplate":"https:\/\/www.ull.es\/portal\/noticias\/?s={search_term_string}"},"query-input":"required name=search_term_string"}],"inLanguage":"es"},{"@type":"Person","@id":"https:\/\/www.ull.es\/portal\/noticias\/#\/schema\/person\/c3b2aa857797592927a03740d6664376","name":"prensa2","image":{"@type":"ImageObject","inLanguage":"es","@id":"https:\/\/www.ull.es\/portal\/noticias\/#\/schema\/person\/image\/","url":"https:\/\/secure.gravatar.com\/avatar\/b58f310a5de5feb33d1e026d2493f23c?s=96&d=mm&r=g","contentUrl":"https:\/\/secure.gravatar.com\/avatar\/b58f310a5de5feb33d1e026d2493f23c?s=96&d=mm&r=g","caption":"prensa2"},"url":"https:\/\/www.ull.es\/portal\/noticias\/author\/prensa2\/"}]}},"primary_category":{"id":345,"name":"Destacado","slug":"destacado","link":"https:\/\/www.ull.es\/portal\/noticias\/category\/destacado\/"},"featured_image_thumbnail_url":"https:\/\/www.ull.es\/portal\/noticias\/wp-content\/uploads\/sites\/13\/2025\/08\/global-skeptics-pub-banner-300x173.jpg","_links":{"self":[{"href":"https:\/\/www.ull.es\/portal\/noticias\/wp-json\/wp\/v2\/posts\/83930"}],"collection":[{"href":"https:\/\/www.ull.es\/portal\/noticias\/wp-json\/wp\/v2\/posts"}],"about":[{"href":"https:\/\/www.ull.es\/portal\/noticias\/wp-json\/wp\/v2\/types\/post"}],"author":[{"embeddable":true,"href":"https:\/\/www.ull.es\/portal\/noticias\/wp-json\/wp\/v2\/users\/21"}],"replies":[{"embeddable":true,"href":"https:\/\/www.ull.es\/portal\/noticias\/wp-json\/wp\/v2\/comments?post=83930"}],"version-history":[{"count":1,"href":"https:\/\/www.ull.es\/portal\/noticias\/wp-json\/wp\/v2\/posts\/83930\/revisions"}],"predecessor-version":[{"id":83932,"href":"https:\/\/www.ull.es\/portal\/noticias\/wp-json\/wp\/v2\/posts\/83930\/revisions\/83932"}],"wp:featuredmedia":[{"embeddable":true,"href":"https:\/\/www.ull.es\/portal\/noticias\/wp-json\/wp\/v2\/media\/83931"}],"wp:attachment":[{"href":"https:\/\/www.ull.es\/portal\/noticias\/wp-json\/wp\/v2\/media?parent=83930"}],"wp:term":[{"taxonomy":"category","embeddable":true,"href":"https:\/\/www.ull.es\/portal\/noticias\/wp-json\/wp\/v2\/categories?post=83930"},{"taxonomy":"post_tag","embeddable":true,"href":"https:\/\/www.ull.es\/portal\/noticias\/wp-json\/wp\/v2\/tags?post=83930"}],"curies":[{"name":"wp","href":"https:\/\/api.w.org\/{rel}","templated":true}]}}