{"id":83980,"date":"2025-09-03T11:43:14","date_gmt":"2025-09-03T11:43:14","guid":{"rendered":"https:\/\/www.ull.es\/portal\/noticias\/?p=83980"},"modified":"2025-09-03T11:43:14","modified_gmt":"2025-09-03T11:43:14","slug":"el-humor-acido-de-dani-mateo-inaugura-una-nueva-temporada-en-el-paraninfo-de-la-ull","status":"publish","type":"post","link":"https:\/\/www.ull.es\/portal\/noticias\/2025\/el-humor-acido-de-dani-mateo-inaugura-una-nueva-temporada-en-el-paraninfo-de-la-ull\/","title":{"rendered":"El humor \u00e1cido de Dani Mateo inaugura una nueva temporada en el Paraninfo de la ULL"},"content":{"rendered":"<p>El c\u00f3mico y presentador <a href=\"https:\/\/es.wikipedia.org\/wiki\/Dani_Mateo\" target=\"_blank\" rel=\"noopener\">Dani Mateo<\/a> actuar\u00e1 este s\u00e1bado 6 de septiembre, a las 21:30 horas, en el Paraninfo de la Universidad de La Laguna. Con su espect\u00e1culo \u2018\u00bfPor qu\u00e9 no te callas?\u2019 se estrena una nueva temporada en las tablas del recinto universitario, con una programaci\u00f3n repleta de teatro, m\u00fasica, cine y otras expresiones esc\u00e9nicas. Las entradas de este evento est\u00e1n a la venta a partir de 25 euros en <a href=\"https:\/\/www.ecoentradas.com\/elegirsesion\/2760\" target=\"_blank\" rel=\"noopener\">Ecoentradas<\/a>.<\/p>\n<p>La pieza de humor \u2018\u00bfPor qu\u00e9 no te callas?\u2019 es un mon\u00f3logo sobre los absurdos de la vida moderna, utilizando como percha la famosa frase que el entonces rey Juan Carlos II le espet\u00f3 al tambi\u00e9n entonces presidente de Venezuela Hugo Ch\u00e1vez en una cumbre iberoamericana.<\/p>\n<p>Daniel Mateo i Patau, m\u00e1s conocido como Dani Mateo, es un c\u00f3mico, actor y presentador de radio y televisi\u00f3n catal\u00e1n, quien actualmente es colaborador del programa de la Sexta \u2018El Intermedio\u2019 y conductor de \u2018Zapeando\u2019. Plasma en este show su humor \u00e1cido, en el que utiliza su estilo caracter\u00edstico para abordar temas como la cultura de internet, las veleidades de la pol\u00edtica, las teor\u00edas conspirativas y las peculiaridades del d\u00eda a d\u00eda.<\/p>\n<p>El artista reflexiona sobre los tiempos que vivimos, invitando a la audiencia a encontrar la felicidad en los peque\u00f1os placeres y a no esperar demasiado de la vida. Adem\u00e1s, se revisar\u00e1n los momentos m\u00e1s surrealistas de la humanidad, incluyendo temas como los memes virales o la competici\u00f3n en Internet por encontrar al animal m\u00e1s estrafalario por el centro de las ciudades.<\/p>\n<p>Licenciado en Periodismo por la\u00a0Universidad Aut\u00f3noma de Barcelona, \u200b\u200binici\u00f3 su trayectoria en la radio local. Despu\u00e9s pas\u00f3 por varias emisoras profesionales catalanas,\u00a0para dar el salto a \u2018Los 40 Principales\u2019. Luego entr\u00f3 en televisi\u00f3n, introduci\u00e9ndose de lleno en el mundo de los mon\u00f3logos y formando parte de los humoristas de la cadena Paramount Comedy. A partir de 2007 empez\u00f3 a trabajar en el programa \u2018S\u00e9 lo que hicisteis&#8230;<em>\u2019<\/em>, para luego formar parte en 2011 del equipo de\u00a0\u2018El Intermedio\u2019.<\/p>\n","protected":false},"excerpt":{"rendered":"<p>El c\u00f3mico y presentador Dani Mateo actuar\u00e1 este s\u00e1bado 6 de septiembre, a las 21:30 horas, en el Paraninfo de&#8230;<\/p>\n","protected":false},"author":23,"featured_media":83981,"comment_status":"closed","ping_status":"closed","sticky":false,"template":"","format":"standard","meta":{"inline_featured_image":false,"footnotes":""},"categories":[344,345,2765],"tags":[],"acf":[],"yoast_head":"<!-- This site is optimized with the Yoast SEO plugin v21.3 - https:\/\/yoast.com\/wordpress\/plugins\/seo\/ -->\n<title>El humor \u00e1cido de Dani Mateo inaugura una nueva temporada en el Paraninfo de la ULL - ULL - Noticias<\/title>\n<meta name=\"robots\" content=\"index, follow, max-snippet:-1, max-image-preview:large, max-video-preview:-1\" \/>\n<link rel=\"canonical\" href=\"https:\/\/www.ull.es\/portal\/noticias\/2025\/el-humor-acido-de-dani-mateo-inaugura-una-nueva-temporada-en-el-paraninfo-de-la-ull\/\" \/>\n<meta property=\"og:locale\" content=\"es_ES\" \/>\n<meta property=\"og:type\" content=\"article\" \/>\n<meta property=\"og:title\" content=\"El humor \u00e1cido de Dani Mateo inaugura una nueva temporada en el Paraninfo de la ULL - ULL - Noticias\" \/>\n<meta property=\"og:description\" content=\"El c\u00f3mico y presentador Dani Mateo actuar\u00e1 este s\u00e1bado 6 de septiembre, a las 21:30 horas, en el Paraninfo de...\" \/>\n<meta property=\"og:url\" content=\"https:\/\/www.ull.es\/portal\/noticias\/2025\/el-humor-acido-de-dani-mateo-inaugura-una-nueva-temporada-en-el-paraninfo-de-la-ull\/\" \/>\n<meta property=\"og:site_name\" content=\"ULL - Noticias\" \/>\n<meta property=\"article:publisher\" content=\"https:\/\/www.facebook.com\/universidaddelalaguna\/\" \/>\n<meta property=\"article:published_time\" content=\"2025-09-03T11:43:14+00:00\" \/>\n<meta property=\"og:image\" content=\"https:\/\/www.ull.es\/portal\/noticias\/wp-content\/uploads\/sites\/13\/2025\/09\/Dani-Mateo-Paraninfo.jpg\" \/>\n\t<meta property=\"og:image:width\" content=\"750\" \/>\n\t<meta property=\"og:image:height\" content=\"370\" \/>\n\t<meta property=\"og:image:type\" content=\"image\/jpeg\" \/>\n<meta name=\"author\" content=\"gaprsa\" \/>\n<meta name=\"twitter:card\" content=\"summary_large_image\" \/>\n<meta name=\"twitter:creator\" content=\"@CanalULL\" \/>\n<meta name=\"twitter:site\" content=\"@CanalULL\" \/>\n<meta name=\"twitter:label1\" content=\"Escrito por\" \/>\n\t<meta name=\"twitter:data1\" content=\"gaprsa\" \/>\n\t<meta name=\"twitter:label2\" content=\"Tiempo de lectura\" \/>\n\t<meta name=\"twitter:data2\" content=\"2 minutos\" \/>\n<script type=\"application\/ld+json\" class=\"yoast-schema-graph\">{\"@context\":\"https:\/\/schema.org\",\"@graph\":[{\"@type\":\"WebPage\",\"@id\":\"https:\/\/www.ull.es\/portal\/noticias\/2025\/el-humor-acido-de-dani-mateo-inaugura-una-nueva-temporada-en-el-paraninfo-de-la-ull\/\",\"url\":\"https:\/\/www.ull.es\/portal\/noticias\/2025\/el-humor-acido-de-dani-mateo-inaugura-una-nueva-temporada-en-el-paraninfo-de-la-ull\/\",\"name\":\"El humor \u00e1cido de Dani Mateo inaugura una nueva temporada en el Paraninfo de la ULL - ULL - Noticias\",\"isPartOf\":{\"@id\":\"https:\/\/www.ull.es\/portal\/noticias\/#website\"},\"datePublished\":\"2025-09-03T11:43:14+00:00\",\"dateModified\":\"2025-09-03T11:43:14+00:00\",\"author\":{\"@id\":\"https:\/\/www.ull.es\/portal\/noticias\/#\/schema\/person\/b2b1a89d43ffa609e591f7df8ef3e817\"},\"breadcrumb\":{\"@id\":\"https:\/\/www.ull.es\/portal\/noticias\/2025\/el-humor-acido-de-dani-mateo-inaugura-una-nueva-temporada-en-el-paraninfo-de-la-ull\/#breadcrumb\"},\"inLanguage\":\"es\",\"potentialAction\":[{\"@type\":\"ReadAction\",\"target\":[\"https:\/\/www.ull.es\/portal\/noticias\/2025\/el-humor-acido-de-dani-mateo-inaugura-una-nueva-temporada-en-el-paraninfo-de-la-ull\/\"]}]},{\"@type\":\"BreadcrumbList\",\"@id\":\"https:\/\/www.ull.es\/portal\/noticias\/2025\/el-humor-acido-de-dani-mateo-inaugura-una-nueva-temporada-en-el-paraninfo-de-la-ull\/#breadcrumb\",\"itemListElement\":[{\"@type\":\"ListItem\",\"position\":1,\"name\":\"Portada\",\"item\":\"https:\/\/www.ull.es\/portal\/noticias\/\"},{\"@type\":\"ListItem\",\"position\":2,\"name\":\"El humor \u00e1cido de Dani Mateo inaugura una nueva temporada en el Paraninfo de la ULL\"}]},{\"@type\":\"WebSite\",\"@id\":\"https:\/\/www.ull.es\/portal\/noticias\/#website\",\"url\":\"https:\/\/www.ull.es\/portal\/noticias\/\",\"name\":\"ULL - Noticias\",\"description\":\"\",\"potentialAction\":[{\"@type\":\"SearchAction\",\"target\":{\"@type\":\"EntryPoint\",\"urlTemplate\":\"https:\/\/www.ull.es\/portal\/noticias\/?s={search_term_string}\"},\"query-input\":\"required name=search_term_string\"}],\"inLanguage\":\"es\"},{\"@type\":\"Person\",\"@id\":\"https:\/\/www.ull.es\/portal\/noticias\/#\/schema\/person\/b2b1a89d43ffa609e591f7df8ef3e817\",\"name\":\"gaprsa\",\"image\":{\"@type\":\"ImageObject\",\"inLanguage\":\"es\",\"@id\":\"https:\/\/www.ull.es\/portal\/noticias\/#\/schema\/person\/image\/\",\"url\":\"https:\/\/secure.gravatar.com\/avatar\/443820550921091458b4823867723b3d?s=96&d=mm&r=g\",\"contentUrl\":\"https:\/\/secure.gravatar.com\/avatar\/443820550921091458b4823867723b3d?s=96&d=mm&r=g\",\"caption\":\"gaprsa\"},\"url\":\"https:\/\/www.ull.es\/portal\/noticias\/author\/gaprsa\/\"}]}<\/script>\n<!-- \/ Yoast SEO plugin. -->","yoast_head_json":{"title":"El humor \u00e1cido de Dani Mateo inaugura una nueva temporada en el Paraninfo de la ULL - ULL - Noticias","robots":{"index":"index","follow":"follow","max-snippet":"max-snippet:-1","max-image-preview":"max-image-preview:large","max-video-preview":"max-video-preview:-1"},"canonical":"https:\/\/www.ull.es\/portal\/noticias\/2025\/el-humor-acido-de-dani-mateo-inaugura-una-nueva-temporada-en-el-paraninfo-de-la-ull\/","og_locale":"es_ES","og_type":"article","og_title":"El humor \u00e1cido de Dani Mateo inaugura una nueva temporada en el Paraninfo de la ULL - ULL - Noticias","og_description":"El c\u00f3mico y presentador Dani Mateo actuar\u00e1 este s\u00e1bado 6 de septiembre, a las 21:30 horas, en el Paraninfo de...","og_url":"https:\/\/www.ull.es\/portal\/noticias\/2025\/el-humor-acido-de-dani-mateo-inaugura-una-nueva-temporada-en-el-paraninfo-de-la-ull\/","og_site_name":"ULL - Noticias","article_publisher":"https:\/\/www.facebook.com\/universidaddelalaguna\/","article_published_time":"2025-09-03T11:43:14+00:00","og_image":[{"width":750,"height":370,"url":"https:\/\/www.ull.es\/portal\/noticias\/wp-content\/uploads\/sites\/13\/2025\/09\/Dani-Mateo-Paraninfo.jpg","type":"image\/jpeg"}],"author":"gaprsa","twitter_card":"summary_large_image","twitter_creator":"@CanalULL","twitter_site":"@CanalULL","twitter_misc":{"Escrito por":"gaprsa","Tiempo de lectura":"2 minutos"},"schema":{"@context":"https:\/\/schema.org","@graph":[{"@type":"WebPage","@id":"https:\/\/www.ull.es\/portal\/noticias\/2025\/el-humor-acido-de-dani-mateo-inaugura-una-nueva-temporada-en-el-paraninfo-de-la-ull\/","url":"https:\/\/www.ull.es\/portal\/noticias\/2025\/el-humor-acido-de-dani-mateo-inaugura-una-nueva-temporada-en-el-paraninfo-de-la-ull\/","name":"El humor \u00e1cido de Dani Mateo inaugura una nueva temporada en el Paraninfo de la ULL - ULL - Noticias","isPartOf":{"@id":"https:\/\/www.ull.es\/portal\/noticias\/#website"},"datePublished":"2025-09-03T11:43:14+00:00","dateModified":"2025-09-03T11:43:14+00:00","author":{"@id":"https:\/\/www.ull.es\/portal\/noticias\/#\/schema\/person\/b2b1a89d43ffa609e591f7df8ef3e817"},"breadcrumb":{"@id":"https:\/\/www.ull.es\/portal\/noticias\/2025\/el-humor-acido-de-dani-mateo-inaugura-una-nueva-temporada-en-el-paraninfo-de-la-ull\/#breadcrumb"},"inLanguage":"es","potentialAction":[{"@type":"ReadAction","target":["https:\/\/www.ull.es\/portal\/noticias\/2025\/el-humor-acido-de-dani-mateo-inaugura-una-nueva-temporada-en-el-paraninfo-de-la-ull\/"]}]},{"@type":"BreadcrumbList","@id":"https:\/\/www.ull.es\/portal\/noticias\/2025\/el-humor-acido-de-dani-mateo-inaugura-una-nueva-temporada-en-el-paraninfo-de-la-ull\/#breadcrumb","itemListElement":[{"@type":"ListItem","position":1,"name":"Portada","item":"https:\/\/www.ull.es\/portal\/noticias\/"},{"@type":"ListItem","position":2,"name":"El humor \u00e1cido de Dani Mateo inaugura una nueva temporada en el Paraninfo de la ULL"}]},{"@type":"WebSite","@id":"https:\/\/www.ull.es\/portal\/noticias\/#website","url":"https:\/\/www.ull.es\/portal\/noticias\/","name":"ULL - Noticias","description":"","potentialAction":[{"@type":"SearchAction","target":{"@type":"EntryPoint","urlTemplate":"https:\/\/www.ull.es\/portal\/noticias\/?s={search_term_string}"},"query-input":"required name=search_term_string"}],"inLanguage":"es"},{"@type":"Person","@id":"https:\/\/www.ull.es\/portal\/noticias\/#\/schema\/person\/b2b1a89d43ffa609e591f7df8ef3e817","name":"gaprsa","image":{"@type":"ImageObject","inLanguage":"es","@id":"https:\/\/www.ull.es\/portal\/noticias\/#\/schema\/person\/image\/","url":"https:\/\/secure.gravatar.com\/avatar\/443820550921091458b4823867723b3d?s=96&d=mm&r=g","contentUrl":"https:\/\/secure.gravatar.com\/avatar\/443820550921091458b4823867723b3d?s=96&d=mm&r=g","caption":"gaprsa"},"url":"https:\/\/www.ull.es\/portal\/noticias\/author\/gaprsa\/"}]}},"primary_category":{"id":345,"name":"Destacado","slug":"destacado","link":"https:\/\/www.ull.es\/portal\/noticias\/category\/destacado\/"},"featured_image_thumbnail_url":"https:\/\/www.ull.es\/portal\/noticias\/wp-content\/uploads\/sites\/13\/2025\/09\/Dani-Mateo-Paraninfo-300x148.jpg","_links":{"self":[{"href":"https:\/\/www.ull.es\/portal\/noticias\/wp-json\/wp\/v2\/posts\/83980"}],"collection":[{"href":"https:\/\/www.ull.es\/portal\/noticias\/wp-json\/wp\/v2\/posts"}],"about":[{"href":"https:\/\/www.ull.es\/portal\/noticias\/wp-json\/wp\/v2\/types\/post"}],"author":[{"embeddable":true,"href":"https:\/\/www.ull.es\/portal\/noticias\/wp-json\/wp\/v2\/users\/23"}],"replies":[{"embeddable":true,"href":"https:\/\/www.ull.es\/portal\/noticias\/wp-json\/wp\/v2\/comments?post=83980"}],"version-history":[{"count":1,"href":"https:\/\/www.ull.es\/portal\/noticias\/wp-json\/wp\/v2\/posts\/83980\/revisions"}],"predecessor-version":[{"id":83982,"href":"https:\/\/www.ull.es\/portal\/noticias\/wp-json\/wp\/v2\/posts\/83980\/revisions\/83982"}],"wp:featuredmedia":[{"embeddable":true,"href":"https:\/\/www.ull.es\/portal\/noticias\/wp-json\/wp\/v2\/media\/83981"}],"wp:attachment":[{"href":"https:\/\/www.ull.es\/portal\/noticias\/wp-json\/wp\/v2\/media?parent=83980"}],"wp:term":[{"taxonomy":"category","embeddable":true,"href":"https:\/\/www.ull.es\/portal\/noticias\/wp-json\/wp\/v2\/categories?post=83980"},{"taxonomy":"post_tag","embeddable":true,"href":"https:\/\/www.ull.es\/portal\/noticias\/wp-json\/wp\/v2\/tags?post=83980"}],"curies":[{"name":"wp","href":"https:\/\/api.w.org\/{rel}","templated":true}]}}