{"id":84085,"date":"2025-09-11T09:30:36","date_gmt":"2025-09-11T09:30:36","guid":{"rendered":"https:\/\/www.ull.es\/portal\/noticias\/?p=84085"},"modified":"2025-09-11T09:30:36","modified_gmt":"2025-09-11T09:30:36","slug":"ull-refuerza-relaciones-universidades-cabo-verde-jean-piaget","status":"publish","type":"post","link":"https:\/\/www.ull.es\/portal\/noticias\/2025\/ull-refuerza-relaciones-universidades-cabo-verde-jean-piaget\/","title":{"rendered":"La ULL refuerza sus relaciones con las universidades de Cabo Verde y Jean Piaget"},"content":{"rendered":"<p>Una delegaci\u00f3n de la Universidad de La Laguna se ha desplazado esta semana a Cabo Verde para mantener una reuni\u00f3n institucional con la Universidad de Cabo Verde (<a href=\"https:\/\/www.unicv.edu.cv\/pt\/\" target=\"_blank\" rel=\"noopener\" target=\"_blank\" rel=\"noopener\">UniCV<\/a>), con el objetivo de dar continuidad al Protocolo de Entendimiento firmado el pasado mes de julio, en el marco de <a href=\"https:\/\/campusafrica.org\/es\/\" target=\"_blank\" rel=\"noopener\" target=\"_blank\" rel=\"noopener\">Campus \u00c1frica<\/a>, entre ambos centros acad\u00e9micos, adem\u00e1s del Cabildo Insular de Tenerife y la Universidad Gaston Berger de Senegal. Durante la visita, la delegaci\u00f3n canaria tambi\u00e9n ha visitado la <a href=\"https:\/\/www.unipiaget.edu.cv\/\" target=\"_blank\" rel=\"noopener\" target=\"_blank\" rel=\"noopener\">Universidad Jean Piaget de Cabo Verde<\/a>, instituci\u00f3n privada sin \u00e1nimo de lucro vinculada al Instituto Piaget de Portugal.<\/p>\n<p>La delegaci\u00f3n de la Universidad de La Laguna ha estado integrada por la vicerrectora de Internacionalizaci\u00f3n y Cooperaci\u00f3n, Inmaculada Gonz\u00e1lez; la directora de Secretariado de Cooperaci\u00f3n y Movilidad con \u00c1frica y Latinoam\u00e9rica, Alba Rodr\u00edguez; y la Jefa de Secci\u00f3n de Internacionalizaci\u00f3n, Elisabeth Garc\u00eda Navarro.<\/p>\n<p>El acuerdo formado con la Universidad de Cabo Verde tiene como objeto fomentar la movilidad internacional de car\u00e1cter horizontal, enmarcada en un modelo de cooperaci\u00f3n circular. Financiado por el Cabildo de Tenerife, el programa derivado del convenio permitir\u00e1 estancias cortas de profesorado de las universidades firmantes en titulaciones de m\u00e1ster compartidas en asuntos prioritarios comunes como turismo sostenible, econom\u00eda circular, inteligencia artificial, derechos humanos, transici\u00f3n digital, artes, estudios de g\u00e9nero o gesti\u00f3n cultural. Estas tem\u00e1ticas est\u00e1n a\u00fan pendientes de concretar con la universidad senegalesa tambi\u00e9n asociada a esta iniciativa.<\/p>\n<p>La reuni\u00f3n se celebr\u00f3 en la sala de reuniones del Rectorado del Campus de Palmarejo Grande y estuvo presidida por el rector de la Uni-CV, Jos\u00e9 Arlindo Barreto, acompa\u00f1ado por la vicerrectora de Estudiantes y de Extensi\u00f3n Universitaria; el presidente de la Escuela de Negocios, Gesti\u00f3n y Derecho; el vicepresidente de la Facultad de Ciencias y Tecnolog\u00edas; la asesora de Internacionalizaci\u00f3n, Movilidad y Cooperaci\u00f3n y el presidente de la Facultad de Educaci\u00f3n. Las partes acordaron que la movilidad del profesorado ser\u00e1 el punto de partida para una cooperaci\u00f3n inmediata, con una ampliaci\u00f3n progresiva al estudiantado tras la validaci\u00f3n de las \u00e1reas prioritarias.<\/p>\n<p>Tras la reuni\u00f3n, las representantes de la Universidad de La Laguna tambi\u00e9n visitaron algunas infraestructuras de la instituci\u00f3n caboverdiana, como el Centro de Investigaci\u00f3n y Formaci\u00f3n en G\u00e9nero y Familia (<a href=\"https:\/\/www.unicv.edu.cv\/pt\/investigacao-fcsha\/centro-de-investigacao-em-genero-e-familia\" target=\"_blank\" rel=\"noopener\" target=\"_blank\" rel=\"noopener\">CICEF<\/a>) y un laboratorio en construcci\u00f3n gracias al proyecto <a href=\"https:\/\/tecnomac.site\/\" target=\"_blank\" rel=\"noopener\" target=\"_blank\" rel=\"noopener\">TECNOMAC<\/a> en el que colaboran ambas organizaciones.<\/p>\n<div id=\"attachment_84087\" style=\"width: 210px\" class=\"wp-caption alignleft\"><a href=\"https:\/\/www.ull.es\/portal\/noticias\/wp-content\/uploads\/sites\/13\/2025\/09\/reunion-universidad-jean-piaget-sept-2025.jpg\" target=\"_blank\" rel=\"noopener\" target=\"_blank\" rel=\"noopener\"><img aria-describedby=\"caption-attachment-84087\" decoding=\"async\" loading=\"lazy\" class=\"wp-image-84087 size-medium\" src=\"https:\/\/www.ull.es\/portal\/noticias\/wp-content\/uploads\/sites\/13\/2025\/09\/reunion-universidad-jean-piaget-sept-2025-200x300.jpg\" alt=\"Reuni\u00f3n en la Universidad Jean Piaget.\" width=\"200\" height=\"300\" srcset=\"https:\/\/www.ull.es\/portal\/noticias\/wp-content\/uploads\/sites\/13\/2025\/09\/reunion-universidad-jean-piaget-sept-2025-200x300.jpg 200w, https:\/\/www.ull.es\/portal\/noticias\/wp-content\/uploads\/sites\/13\/2025\/09\/reunion-universidad-jean-piaget-sept-2025-683x1024.jpg 683w, https:\/\/www.ull.es\/portal\/noticias\/wp-content\/uploads\/sites\/13\/2025\/09\/reunion-universidad-jean-piaget-sept-2025-768x1152.jpg 768w, https:\/\/www.ull.es\/portal\/noticias\/wp-content\/uploads\/sites\/13\/2025\/09\/reunion-universidad-jean-piaget-sept-2025-375x563.jpg 375w, https:\/\/www.ull.es\/portal\/noticias\/wp-content\/uploads\/sites\/13\/2025\/09\/reunion-universidad-jean-piaget-sept-2025-750x1125.jpg 750w, https:\/\/www.ull.es\/portal\/noticias\/wp-content\/uploads\/sites\/13\/2025\/09\/reunion-universidad-jean-piaget-sept-2025.jpg 800w\" sizes=\"(max-width: 200px) 100vw, 200px\" \/><\/a><p id=\"caption-attachment-84087\" class=\"wp-caption-text\">Reuni\u00f3n en la Universidad Jean Piaget.<\/p><\/div>\n<p>Durante su estancia en Praia, la delegaci\u00f3n de la Universidad de La Laguna tambi\u00e9n realiz\u00f3 una visita al centro asociado al Instituto Piaget en la capital, la Universidad Jean Piaget de Cabo Verde, para poner en com\u00fan los programas activos entre ambas instituciones. Fue recibida por la rectora, Joanita Cristina Rodrigues, y la responsable de la Internacionalizaci\u00f3n.<\/p>\n<p>El encuentro sirvi\u00f3 para reforzar los lazos ya existentes, actualizando y ampliando l\u00edneas de cooperaci\u00f3n que podr\u00e1n articularse en torno a los nuevos canales de movilidad internacional ofertados desde el vicerrectorado: <a href=\"https:\/\/www.ull.es\/internacional\/liderafrica\/\" target=\"_blank\" rel=\"noopener\" target=\"_blank\" rel=\"noopener\">LiderAfrica<\/a>, MujeresX\u00c1frica, as\u00ed como ayudas a estancias para profesorado y doctorandos extracomunitarios.<\/p>\n","protected":false},"excerpt":{"rendered":"<p>Una delegaci\u00f3n de la Universidad de La Laguna se ha desplazado esta semana a Cabo Verde para mantener una reuni\u00f3n&#8230;<\/p>\n","protected":false},"author":21,"featured_media":84086,"comment_status":"closed","ping_status":"closed","sticky":false,"template":"","format":"standard","meta":{"inline_featured_image":false,"footnotes":""},"categories":[345,349,2765],"tags":[685,910,11173,3746,4656,8272,10569],"acf":[],"yoast_head":"<!-- This site is optimized with the Yoast SEO plugin v21.3 - https:\/\/yoast.com\/wordpress\/plugins\/seo\/ -->\n<title>La ULL refuerza sus relaciones con centros de Cabo Verde<\/title>\n<meta name=\"description\" content=\"Una delegaci\u00f3n de la ULL ha visitado esta semana Cabo Verde para cerrar acuerdos con las universidades de Cabo Verde y Jean Piaget.\" \/>\n<meta name=\"robots\" content=\"index, follow, max-snippet:-1, max-image-preview:large, max-video-preview:-1\" \/>\n<link rel=\"canonical\" href=\"https:\/\/www.ull.es\/portal\/noticias\/2025\/ull-refuerza-relaciones-universidades-cabo-verde-jean-piaget\/\" \/>\n<meta property=\"og:locale\" content=\"es_ES\" \/>\n<meta property=\"og:type\" content=\"article\" \/>\n<meta property=\"og:title\" content=\"La ULL refuerza sus relaciones con centros de Cabo Verde\" \/>\n<meta property=\"og:description\" content=\"Una delegaci\u00f3n de la ULL ha visitado esta semana Cabo Verde para cerrar acuerdos con las universidades de Cabo Verde y Jean Piaget.\" \/>\n<meta property=\"og:url\" content=\"https:\/\/www.ull.es\/portal\/noticias\/2025\/ull-refuerza-relaciones-universidades-cabo-verde-jean-piaget\/\" \/>\n<meta property=\"og:site_name\" content=\"ULL - Noticias\" \/>\n<meta property=\"article:publisher\" content=\"https:\/\/www.facebook.com\/universidaddelalaguna\/\" \/>\n<meta property=\"article:published_time\" content=\"2025-09-11T09:30:36+00:00\" \/>\n<meta property=\"og:image\" content=\"https:\/\/www.ull.es\/portal\/noticias\/wp-content\/uploads\/sites\/13\/2025\/09\/reunion-unicv-septiembre-2025.jpg\" \/>\n\t<meta property=\"og:image:width\" content=\"1200\" \/>\n\t<meta property=\"og:image:height\" content=\"800\" \/>\n\t<meta property=\"og:image:type\" content=\"image\/jpeg\" \/>\n<meta name=\"author\" content=\"prensa2\" \/>\n<meta name=\"twitter:card\" content=\"summary_large_image\" \/>\n<meta name=\"twitter:creator\" content=\"@CanalULL\" \/>\n<meta name=\"twitter:site\" content=\"@CanalULL\" \/>\n<meta name=\"twitter:label1\" content=\"Escrito por\" \/>\n\t<meta name=\"twitter:data1\" content=\"prensa2\" \/>\n\t<meta name=\"twitter:label2\" content=\"Tiempo de lectura\" \/>\n\t<meta name=\"twitter:data2\" content=\"3 minutos\" \/>\n<script type=\"application\/ld+json\" class=\"yoast-schema-graph\">{\"@context\":\"https:\/\/schema.org\",\"@graph\":[{\"@type\":\"WebPage\",\"@id\":\"https:\/\/www.ull.es\/portal\/noticias\/2025\/ull-refuerza-relaciones-universidades-cabo-verde-jean-piaget\/\",\"url\":\"https:\/\/www.ull.es\/portal\/noticias\/2025\/ull-refuerza-relaciones-universidades-cabo-verde-jean-piaget\/\",\"name\":\"La ULL refuerza sus relaciones con centros de Cabo Verde\",\"isPartOf\":{\"@id\":\"https:\/\/www.ull.es\/portal\/noticias\/#website\"},\"datePublished\":\"2025-09-11T09:30:36+00:00\",\"dateModified\":\"2025-09-11T09:30:36+00:00\",\"author\":{\"@id\":\"https:\/\/www.ull.es\/portal\/noticias\/#\/schema\/person\/c3b2aa857797592927a03740d6664376\"},\"description\":\"Una delegaci\u00f3n de la ULL ha visitado esta semana Cabo Verde para cerrar acuerdos con las universidades de Cabo Verde y Jean Piaget.\",\"breadcrumb\":{\"@id\":\"https:\/\/www.ull.es\/portal\/noticias\/2025\/ull-refuerza-relaciones-universidades-cabo-verde-jean-piaget\/#breadcrumb\"},\"inLanguage\":\"es\",\"potentialAction\":[{\"@type\":\"ReadAction\",\"target\":[\"https:\/\/www.ull.es\/portal\/noticias\/2025\/ull-refuerza-relaciones-universidades-cabo-verde-jean-piaget\/\"]}]},{\"@type\":\"BreadcrumbList\",\"@id\":\"https:\/\/www.ull.es\/portal\/noticias\/2025\/ull-refuerza-relaciones-universidades-cabo-verde-jean-piaget\/#breadcrumb\",\"itemListElement\":[{\"@type\":\"ListItem\",\"position\":1,\"name\":\"Portada\",\"item\":\"https:\/\/www.ull.es\/portal\/noticias\/\"},{\"@type\":\"ListItem\",\"position\":2,\"name\":\"La ULL refuerza sus relaciones con las universidades de Cabo Verde y Jean Piaget\"}]},{\"@type\":\"WebSite\",\"@id\":\"https:\/\/www.ull.es\/portal\/noticias\/#website\",\"url\":\"https:\/\/www.ull.es\/portal\/noticias\/\",\"name\":\"ULL - Noticias\",\"description\":\"\",\"potentialAction\":[{\"@type\":\"SearchAction\",\"target\":{\"@type\":\"EntryPoint\",\"urlTemplate\":\"https:\/\/www.ull.es\/portal\/noticias\/?s={search_term_string}\"},\"query-input\":\"required name=search_term_string\"}],\"inLanguage\":\"es\"},{\"@type\":\"Person\",\"@id\":\"https:\/\/www.ull.es\/portal\/noticias\/#\/schema\/person\/c3b2aa857797592927a03740d6664376\",\"name\":\"prensa2\",\"image\":{\"@type\":\"ImageObject\",\"inLanguage\":\"es\",\"@id\":\"https:\/\/www.ull.es\/portal\/noticias\/#\/schema\/person\/image\/\",\"url\":\"https:\/\/secure.gravatar.com\/avatar\/b58f310a5de5feb33d1e026d2493f23c?s=96&d=mm&r=g\",\"contentUrl\":\"https:\/\/secure.gravatar.com\/avatar\/b58f310a5de5feb33d1e026d2493f23c?s=96&d=mm&r=g\",\"caption\":\"prensa2\"},\"url\":\"https:\/\/www.ull.es\/portal\/noticias\/author\/prensa2\/\"}]}<\/script>\n<!-- \/ Yoast SEO plugin. -->","yoast_head_json":{"title":"La ULL refuerza sus relaciones con centros de Cabo Verde","description":"Una delegaci\u00f3n de la ULL ha visitado esta semana Cabo Verde para cerrar acuerdos con las universidades de Cabo Verde y Jean Piaget.","robots":{"index":"index","follow":"follow","max-snippet":"max-snippet:-1","max-image-preview":"max-image-preview:large","max-video-preview":"max-video-preview:-1"},"canonical":"https:\/\/www.ull.es\/portal\/noticias\/2025\/ull-refuerza-relaciones-universidades-cabo-verde-jean-piaget\/","og_locale":"es_ES","og_type":"article","og_title":"La ULL refuerza sus relaciones con centros de Cabo Verde","og_description":"Una delegaci\u00f3n de la ULL ha visitado esta semana Cabo Verde para cerrar acuerdos con las universidades de Cabo Verde y Jean Piaget.","og_url":"https:\/\/www.ull.es\/portal\/noticias\/2025\/ull-refuerza-relaciones-universidades-cabo-verde-jean-piaget\/","og_site_name":"ULL - Noticias","article_publisher":"https:\/\/www.facebook.com\/universidaddelalaguna\/","article_published_time":"2025-09-11T09:30:36+00:00","og_image":[{"width":1200,"height":800,"url":"https:\/\/www.ull.es\/portal\/noticias\/wp-content\/uploads\/sites\/13\/2025\/09\/reunion-unicv-septiembre-2025.jpg","type":"image\/jpeg"}],"author":"prensa2","twitter_card":"summary_large_image","twitter_creator":"@CanalULL","twitter_site":"@CanalULL","twitter_misc":{"Escrito por":"prensa2","Tiempo de lectura":"3 minutos"},"schema":{"@context":"https:\/\/schema.org","@graph":[{"@type":"WebPage","@id":"https:\/\/www.ull.es\/portal\/noticias\/2025\/ull-refuerza-relaciones-universidades-cabo-verde-jean-piaget\/","url":"https:\/\/www.ull.es\/portal\/noticias\/2025\/ull-refuerza-relaciones-universidades-cabo-verde-jean-piaget\/","name":"La ULL refuerza sus relaciones con centros de Cabo Verde","isPartOf":{"@id":"https:\/\/www.ull.es\/portal\/noticias\/#website"},"datePublished":"2025-09-11T09:30:36+00:00","dateModified":"2025-09-11T09:30:36+00:00","author":{"@id":"https:\/\/www.ull.es\/portal\/noticias\/#\/schema\/person\/c3b2aa857797592927a03740d6664376"},"description":"Una delegaci\u00f3n de la ULL ha visitado esta semana Cabo Verde para cerrar acuerdos con las universidades de Cabo Verde y Jean Piaget.","breadcrumb":{"@id":"https:\/\/www.ull.es\/portal\/noticias\/2025\/ull-refuerza-relaciones-universidades-cabo-verde-jean-piaget\/#breadcrumb"},"inLanguage":"es","potentialAction":[{"@type":"ReadAction","target":["https:\/\/www.ull.es\/portal\/noticias\/2025\/ull-refuerza-relaciones-universidades-cabo-verde-jean-piaget\/"]}]},{"@type":"BreadcrumbList","@id":"https:\/\/www.ull.es\/portal\/noticias\/2025\/ull-refuerza-relaciones-universidades-cabo-verde-jean-piaget\/#breadcrumb","itemListElement":[{"@type":"ListItem","position":1,"name":"Portada","item":"https:\/\/www.ull.es\/portal\/noticias\/"},{"@type":"ListItem","position":2,"name":"La ULL refuerza sus relaciones con las universidades de Cabo Verde y Jean Piaget"}]},{"@type":"WebSite","@id":"https:\/\/www.ull.es\/portal\/noticias\/#website","url":"https:\/\/www.ull.es\/portal\/noticias\/","name":"ULL - Noticias","description":"","potentialAction":[{"@type":"SearchAction","target":{"@type":"EntryPoint","urlTemplate":"https:\/\/www.ull.es\/portal\/noticias\/?s={search_term_string}"},"query-input":"required name=search_term_string"}],"inLanguage":"es"},{"@type":"Person","@id":"https:\/\/www.ull.es\/portal\/noticias\/#\/schema\/person\/c3b2aa857797592927a03740d6664376","name":"prensa2","image":{"@type":"ImageObject","inLanguage":"es","@id":"https:\/\/www.ull.es\/portal\/noticias\/#\/schema\/person\/image\/","url":"https:\/\/secure.gravatar.com\/avatar\/b58f310a5de5feb33d1e026d2493f23c?s=96&d=mm&r=g","contentUrl":"https:\/\/secure.gravatar.com\/avatar\/b58f310a5de5feb33d1e026d2493f23c?s=96&d=mm&r=g","caption":"prensa2"},"url":"https:\/\/www.ull.es\/portal\/noticias\/author\/prensa2\/"}]}},"primary_category":{"id":345,"name":"Destacado","slug":"destacado","link":"https:\/\/www.ull.es\/portal\/noticias\/category\/destacado\/"},"featured_image_thumbnail_url":"https:\/\/www.ull.es\/portal\/noticias\/wp-content\/uploads\/sites\/13\/2025\/09\/reunion-unicv-septiembre-2025-300x200.jpg","_links":{"self":[{"href":"https:\/\/www.ull.es\/portal\/noticias\/wp-json\/wp\/v2\/posts\/84085"}],"collection":[{"href":"https:\/\/www.ull.es\/portal\/noticias\/wp-json\/wp\/v2\/posts"}],"about":[{"href":"https:\/\/www.ull.es\/portal\/noticias\/wp-json\/wp\/v2\/types\/post"}],"author":[{"embeddable":true,"href":"https:\/\/www.ull.es\/portal\/noticias\/wp-json\/wp\/v2\/users\/21"}],"replies":[{"embeddable":true,"href":"https:\/\/www.ull.es\/portal\/noticias\/wp-json\/wp\/v2\/comments?post=84085"}],"version-history":[{"count":2,"href":"https:\/\/www.ull.es\/portal\/noticias\/wp-json\/wp\/v2\/posts\/84085\/revisions"}],"predecessor-version":[{"id":84089,"href":"https:\/\/www.ull.es\/portal\/noticias\/wp-json\/wp\/v2\/posts\/84085\/revisions\/84089"}],"wp:featuredmedia":[{"embeddable":true,"href":"https:\/\/www.ull.es\/portal\/noticias\/wp-json\/wp\/v2\/media\/84086"}],"wp:attachment":[{"href":"https:\/\/www.ull.es\/portal\/noticias\/wp-json\/wp\/v2\/media?parent=84085"}],"wp:term":[{"taxonomy":"category","embeddable":true,"href":"https:\/\/www.ull.es\/portal\/noticias\/wp-json\/wp\/v2\/categories?post=84085"},{"taxonomy":"post_tag","embeddable":true,"href":"https:\/\/www.ull.es\/portal\/noticias\/wp-json\/wp\/v2\/tags?post=84085"}],"curies":[{"name":"wp","href":"https:\/\/api.w.org\/{rel}","templated":true}]}}