{"id":84154,"date":"2025-09-17T10:36:48","date_gmt":"2025-09-17T10:36:48","guid":{"rendered":"https:\/\/www.ull.es\/portal\/noticias\/?p=84154"},"modified":"2025-09-17T10:45:23","modified_gmt":"2025-09-17T10:45:23","slug":"el-paraninfo-universitario-una-de-las-sedes-del-festival-de-humor-reislas","status":"publish","type":"post","link":"https:\/\/www.ull.es\/portal\/noticias\/2025\/el-paraninfo-universitario-una-de-las-sedes-del-festival-de-humor-reislas\/","title":{"rendered":"El Paraninfo Universitario, una de las sedes del Festival de Humor Re\u00edslas"},"content":{"rendered":"<p>La tercera edici\u00f3n del <a href=\"https:\/\/reislas.com\/\" target=\"_blank\" rel=\"noopener\">Festival de Humor Re\u00edslas<\/a>, que se celebrar\u00e1 este a\u00f1o en las ocho islas del archipi\u00e9lago, contar\u00e1 con el Paraninfo de la Universidad de La Laguna como una de sus sedes. Entre el 2 de septiembre y el 5 de octubre tendr\u00e1n lugar un total de 33 espect\u00e1culos en quince escenarios diferentes.<\/p>\n<p>Trece humoristas del panorama actual de la comedia en Espa\u00f1a, cinco de ellos canarios, integran la oferta de este festival, entre los que figuran David Cepo, Luis Piedrahita, Dani Rovira, Maru Candel, David Navarro y Patricia Galv\u00e1n, entre otros, a los que se unen los canarios, Kike P\u00e9rez, Omayra Cazorla, Abi\u00e1n D\u00edaz, Jorge \u00c1vila y Sa\u00fal Romero.<\/p>\n<p>Este fin de semana, el viernes 19 de septiembre, actuar\u00e1n en el Paraninfo\u00a0 la c\u00f3mica andaluza <a href=\"https:\/\/www.marucandel.com\/\" target=\"_blank\" rel=\"noopener\">Maru Candel<\/a> a las 18:00 horas, el actor y escritor <a href=\"https:\/\/es.wikipedia.org\/wiki\/Hovik_Keuchkerian\" target=\"_blank\" rel=\"noopener\">Hovik Keuchkerian<\/a> a las 21:00 horas y el domingo 21 de septiembre, a las 19:00 horas, lo har\u00e1 la humorista <a href=\"https:\/\/patriciagalvan.show\/\" target=\"_blank\" rel=\"noopener\">Patricia Galv\u00e1n<\/a>. La siguiente semana, el 28 de septiembre a las 19:00 horas, cerrar\u00e1 este festival en el recinto universitario el c\u00f3mico tinerfe\u00f1o Abi\u00e1n D\u00edaz. Las entradas pueden adquirirse en la plataforma de <a href=\"https:\/\/www.ecoentradas.com\/\" target=\"_blank\" rel=\"noopener\">Ecoentradas<\/a>.<\/p>\n<p><a href=\"https:\/\/www.ull.es\/portal\/noticias\/wp-content\/uploads\/sites\/13\/2025\/09\/REISLAS-MARU-CANDEL.jpg\" target=\"_blank\" rel=\"noopener\"><img decoding=\"async\" loading=\"lazy\" class=\"alignleft size-medium wp-image-84157\" src=\"https:\/\/www.ull.es\/portal\/noticias\/wp-content\/uploads\/sites\/13\/2025\/09\/REISLAS-MARU-CANDEL-300x148.jpg\" alt=\"\" width=\"300\" height=\"148\" srcset=\"https:\/\/www.ull.es\/portal\/noticias\/wp-content\/uploads\/sites\/13\/2025\/09\/REISLAS-MARU-CANDEL-300x148.jpg 300w, https:\/\/www.ull.es\/portal\/noticias\/wp-content\/uploads\/sites\/13\/2025\/09\/REISLAS-MARU-CANDEL-1024x506.jpg 1024w, https:\/\/www.ull.es\/portal\/noticias\/wp-content\/uploads\/sites\/13\/2025\/09\/REISLAS-MARU-CANDEL-768x379.jpg 768w, https:\/\/www.ull.es\/portal\/noticias\/wp-content\/uploads\/sites\/13\/2025\/09\/REISLAS-MARU-CANDEL-1536x758.jpg 1536w, https:\/\/www.ull.es\/portal\/noticias\/wp-content\/uploads\/sites\/13\/2025\/09\/REISLAS-MARU-CANDEL-375x185.jpg 375w, https:\/\/www.ull.es\/portal\/noticias\/wp-content\/uploads\/sites\/13\/2025\/09\/REISLAS-MARU-CANDEL-750x370.jpg 750w, https:\/\/www.ull.es\/portal\/noticias\/wp-content\/uploads\/sites\/13\/2025\/09\/REISLAS-MARU-CANDEL-1140x563.jpg 1140w, https:\/\/www.ull.es\/portal\/noticias\/wp-content\/uploads\/sites\/13\/2025\/09\/REISLAS-MARU-CANDEL.jpg 1600w\" sizes=\"(max-width: 300px) 100vw, 300px\" \/><\/a>La actriz c\u00f3mica y cantante andaluza Maru Candel se presenta en este festival por vez primera. Es una de las grandes monologuistas femeninas del panorama actual en nuestro pa\u00eds, y como actriz ha participado en varios cortometrajes y obras de teatro como \u2018Hombres\u2019, de Sergi Berbel o \u2018La extra\u00f1a pareja\u2019, de Neil Simon, adem\u00e1s de formar parte de la serie \u2018Corto y Cambio\u2019, de Comedy Central.<\/p>\n<p>Hovik Keuchkerian vuelve a subirse a un escenario despu\u00e9s de m\u00e1s de quince a\u00f1os alejado del circuito de la comedia. Regresa con \u2018Grito\u2019, un espect\u00e1culo en el que conecta con su esencia de c\u00f3mico. Con este show, recupera un discurso \u00e1cido, profundo, que por momentos har\u00e1 sentir inc\u00f3modo al espectador. En su pieza, se adentra en el centro mismo de los grandes temas de la realidad social del momento. La guerra, la intolerancia, los extremismos, la ausencia de humanidad o la manipulaci\u00f3n son algunos de los temas que Hovik aborda con su particular humor c\u00e1ustico y su potencia en el escenario.<\/p>\n<p>Por su parte, este domingo, la actriz y monologuista andaluza Patricia Galv\u00e1n, adem\u00e1s de ser muy conocida por sus famosas improvisaciones, llega a Canarias con \u2018Hardcore\u2019, un mon\u00f3logo c\u00f3mico<a href=\"https:\/\/www.ull.es\/portal\/noticias\/wp-content\/uploads\/sites\/13\/2025\/09\/REISLAS-PATRICIA-GALVAN-TENERIFE.jpg\" target=\"_blank\" rel=\"noopener\"><img decoding=\"async\" loading=\"lazy\" class=\"alignright size-medium wp-image-84159\" src=\"https:\/\/www.ull.es\/portal\/noticias\/wp-content\/uploads\/sites\/13\/2025\/09\/REISLAS-PATRICIA-GALVAN-TENERIFE-300x148.jpg\" alt=\"\" width=\"300\" height=\"148\" srcset=\"https:\/\/www.ull.es\/portal\/noticias\/wp-content\/uploads\/sites\/13\/2025\/09\/REISLAS-PATRICIA-GALVAN-TENERIFE-300x148.jpg 300w, https:\/\/www.ull.es\/portal\/noticias\/wp-content\/uploads\/sites\/13\/2025\/09\/REISLAS-PATRICIA-GALVAN-TENERIFE-1024x506.jpg 1024w, https:\/\/www.ull.es\/portal\/noticias\/wp-content\/uploads\/sites\/13\/2025\/09\/REISLAS-PATRICIA-GALVAN-TENERIFE-768x379.jpg 768w, https:\/\/www.ull.es\/portal\/noticias\/wp-content\/uploads\/sites\/13\/2025\/09\/REISLAS-PATRICIA-GALVAN-TENERIFE-1536x758.jpg 1536w, https:\/\/www.ull.es\/portal\/noticias\/wp-content\/uploads\/sites\/13\/2025\/09\/REISLAS-PATRICIA-GALVAN-TENERIFE-375x185.jpg 375w, https:\/\/www.ull.es\/portal\/noticias\/wp-content\/uploads\/sites\/13\/2025\/09\/REISLAS-PATRICIA-GALVAN-TENERIFE-750x370.jpg 750w, https:\/\/www.ull.es\/portal\/noticias\/wp-content\/uploads\/sites\/13\/2025\/09\/REISLAS-PATRICIA-GALVAN-TENERIFE-1140x563.jpg 1140w, https:\/\/www.ull.es\/portal\/noticias\/wp-content\/uploads\/sites\/13\/2025\/09\/REISLAS-PATRICIA-GALVAN-TENERIFE.jpg 1600w\" sizes=\"(max-width: 300px) 100vw, 300px\" \/><\/a> muy aut\u00e9ntico que rompe todo lo pol\u00edticamente correcto para que el p\u00fablico no pare de re\u00edr. Sin pelos en la lengua y con el \u00fanico objetivo de hacer olvidar los problemas, se sumerge en esta comedia 100% andaluza.<\/p>\n<p>Y para cerrar este festival, el domingo 28 de septiembre el c\u00f3mico tinerfe\u00f1o Abi\u00e1n D\u00edaz har\u00e1 todo lo posible para que r\u00edas sin parar. La mayor\u00eda de sus trabajos en el escenario han sido en solitario, aunque tambi\u00e9n ha realizado varios espect\u00e1culos colaborativos como \u201cEl Funeral\u201d en el Teatro Reina Victoria en Madrid o en el Teatro de Triana en Sevilla. Adem\u00e1s ha participado en producciones como la serie de \u2018Las noches de Tef\u00eda\u2019 o la serie francesa de \u2018Kill skills\u2019. En cuanto a televisi\u00f3n, ha sido subdirector, guionista y colaborador del programa \u2018Una mala noche\u2019, de Televisi\u00f3n Canaria.<\/p>\n","protected":false},"excerpt":{"rendered":"<p>La tercera edici\u00f3n del Festival de Humor Re\u00edslas, que se celebrar\u00e1 este a\u00f1o en las ocho islas del archipi\u00e9lago, contar\u00e1&#8230;<\/p>\n","protected":false},"author":23,"featured_media":84156,"comment_status":"closed","ping_status":"closed","sticky":false,"template":"","format":"standard","meta":{"inline_featured_image":false,"footnotes":""},"categories":[344,345,2765],"tags":[],"acf":[],"yoast_head":"<!-- This site is optimized with the Yoast SEO plugin v21.3 - https:\/\/yoast.com\/wordpress\/plugins\/seo\/ -->\n<title>El Paraninfo Universitario, una de las sedes del Festival de Humor Re\u00edslas - ULL - Noticias<\/title>\n<meta name=\"robots\" content=\"index, follow, max-snippet:-1, max-image-preview:large, max-video-preview:-1\" \/>\n<link rel=\"canonical\" href=\"https:\/\/www.ull.es\/portal\/noticias\/2025\/el-paraninfo-universitario-una-de-las-sedes-del-festival-de-humor-reislas\/\" \/>\n<meta property=\"og:locale\" content=\"es_ES\" \/>\n<meta property=\"og:type\" content=\"article\" \/>\n<meta property=\"og:title\" content=\"El Paraninfo Universitario, una de las sedes del Festival de Humor Re\u00edslas - ULL - Noticias\" \/>\n<meta property=\"og:description\" content=\"La tercera edici\u00f3n del Festival de Humor Re\u00edslas, que se celebrar\u00e1 este a\u00f1o en las ocho islas del archipi\u00e9lago, contar\u00e1...\" \/>\n<meta property=\"og:url\" content=\"https:\/\/www.ull.es\/portal\/noticias\/2025\/el-paraninfo-universitario-una-de-las-sedes-del-festival-de-humor-reislas\/\" \/>\n<meta property=\"og:site_name\" content=\"ULL - Noticias\" \/>\n<meta property=\"article:publisher\" content=\"https:\/\/www.facebook.com\/universidaddelalaguna\/\" \/>\n<meta property=\"article:published_time\" content=\"2025-09-17T10:36:48+00:00\" \/>\n<meta property=\"article:modified_time\" content=\"2025-09-17T10:45:23+00:00\" \/>\n<meta property=\"og:image\" content=\"https:\/\/www.ull.es\/portal\/noticias\/wp-content\/uploads\/sites\/13\/2025\/09\/REISLAS-HOVIK-TENERIFE.jpg\" \/>\n\t<meta property=\"og:image:width\" content=\"1600\" \/>\n\t<meta property=\"og:image:height\" content=\"790\" \/>\n\t<meta property=\"og:image:type\" content=\"image\/jpeg\" \/>\n<meta name=\"author\" content=\"gaprsa\" \/>\n<meta name=\"twitter:card\" content=\"summary_large_image\" \/>\n<meta name=\"twitter:creator\" content=\"@CanalULL\" \/>\n<meta name=\"twitter:site\" content=\"@CanalULL\" \/>\n<meta name=\"twitter:label1\" content=\"Escrito por\" \/>\n\t<meta name=\"twitter:data1\" content=\"gaprsa\" \/>\n\t<meta name=\"twitter:label2\" content=\"Tiempo de lectura\" \/>\n\t<meta name=\"twitter:data2\" content=\"3 minutos\" \/>\n<script type=\"application\/ld+json\" class=\"yoast-schema-graph\">{\"@context\":\"https:\/\/schema.org\",\"@graph\":[{\"@type\":\"WebPage\",\"@id\":\"https:\/\/www.ull.es\/portal\/noticias\/2025\/el-paraninfo-universitario-una-de-las-sedes-del-festival-de-humor-reislas\/\",\"url\":\"https:\/\/www.ull.es\/portal\/noticias\/2025\/el-paraninfo-universitario-una-de-las-sedes-del-festival-de-humor-reislas\/\",\"name\":\"El Paraninfo Universitario, una de las sedes del Festival de Humor Re\u00edslas - ULL - Noticias\",\"isPartOf\":{\"@id\":\"https:\/\/www.ull.es\/portal\/noticias\/#website\"},\"datePublished\":\"2025-09-17T10:36:48+00:00\",\"dateModified\":\"2025-09-17T10:45:23+00:00\",\"author\":{\"@id\":\"https:\/\/www.ull.es\/portal\/noticias\/#\/schema\/person\/b2b1a89d43ffa609e591f7df8ef3e817\"},\"breadcrumb\":{\"@id\":\"https:\/\/www.ull.es\/portal\/noticias\/2025\/el-paraninfo-universitario-una-de-las-sedes-del-festival-de-humor-reislas\/#breadcrumb\"},\"inLanguage\":\"es\",\"potentialAction\":[{\"@type\":\"ReadAction\",\"target\":[\"https:\/\/www.ull.es\/portal\/noticias\/2025\/el-paraninfo-universitario-una-de-las-sedes-del-festival-de-humor-reislas\/\"]}]},{\"@type\":\"BreadcrumbList\",\"@id\":\"https:\/\/www.ull.es\/portal\/noticias\/2025\/el-paraninfo-universitario-una-de-las-sedes-del-festival-de-humor-reislas\/#breadcrumb\",\"itemListElement\":[{\"@type\":\"ListItem\",\"position\":1,\"name\":\"Portada\",\"item\":\"https:\/\/www.ull.es\/portal\/noticias\/\"},{\"@type\":\"ListItem\",\"position\":2,\"name\":\"El Paraninfo Universitario, una de las sedes del Festival de Humor Re\u00edslas\"}]},{\"@type\":\"WebSite\",\"@id\":\"https:\/\/www.ull.es\/portal\/noticias\/#website\",\"url\":\"https:\/\/www.ull.es\/portal\/noticias\/\",\"name\":\"ULL - Noticias\",\"description\":\"\",\"potentialAction\":[{\"@type\":\"SearchAction\",\"target\":{\"@type\":\"EntryPoint\",\"urlTemplate\":\"https:\/\/www.ull.es\/portal\/noticias\/?s={search_term_string}\"},\"query-input\":\"required name=search_term_string\"}],\"inLanguage\":\"es\"},{\"@type\":\"Person\",\"@id\":\"https:\/\/www.ull.es\/portal\/noticias\/#\/schema\/person\/b2b1a89d43ffa609e591f7df8ef3e817\",\"name\":\"gaprsa\",\"image\":{\"@type\":\"ImageObject\",\"inLanguage\":\"es\",\"@id\":\"https:\/\/www.ull.es\/portal\/noticias\/#\/schema\/person\/image\/\",\"url\":\"https:\/\/secure.gravatar.com\/avatar\/443820550921091458b4823867723b3d?s=96&d=mm&r=g\",\"contentUrl\":\"https:\/\/secure.gravatar.com\/avatar\/443820550921091458b4823867723b3d?s=96&d=mm&r=g\",\"caption\":\"gaprsa\"},\"url\":\"https:\/\/www.ull.es\/portal\/noticias\/author\/gaprsa\/\"}]}<\/script>\n<!-- \/ Yoast SEO plugin. -->","yoast_head_json":{"title":"El Paraninfo Universitario, una de las sedes del Festival de Humor Re\u00edslas - ULL - Noticias","robots":{"index":"index","follow":"follow","max-snippet":"max-snippet:-1","max-image-preview":"max-image-preview:large","max-video-preview":"max-video-preview:-1"},"canonical":"https:\/\/www.ull.es\/portal\/noticias\/2025\/el-paraninfo-universitario-una-de-las-sedes-del-festival-de-humor-reislas\/","og_locale":"es_ES","og_type":"article","og_title":"El Paraninfo Universitario, una de las sedes del Festival de Humor Re\u00edslas - ULL - Noticias","og_description":"La tercera edici\u00f3n del Festival de Humor Re\u00edslas, que se celebrar\u00e1 este a\u00f1o en las ocho islas del archipi\u00e9lago, contar\u00e1...","og_url":"https:\/\/www.ull.es\/portal\/noticias\/2025\/el-paraninfo-universitario-una-de-las-sedes-del-festival-de-humor-reislas\/","og_site_name":"ULL - Noticias","article_publisher":"https:\/\/www.facebook.com\/universidaddelalaguna\/","article_published_time":"2025-09-17T10:36:48+00:00","article_modified_time":"2025-09-17T10:45:23+00:00","og_image":[{"width":1600,"height":790,"url":"https:\/\/www.ull.es\/portal\/noticias\/wp-content\/uploads\/sites\/13\/2025\/09\/REISLAS-HOVIK-TENERIFE.jpg","type":"image\/jpeg"}],"author":"gaprsa","twitter_card":"summary_large_image","twitter_creator":"@CanalULL","twitter_site":"@CanalULL","twitter_misc":{"Escrito por":"gaprsa","Tiempo de lectura":"3 minutos"},"schema":{"@context":"https:\/\/schema.org","@graph":[{"@type":"WebPage","@id":"https:\/\/www.ull.es\/portal\/noticias\/2025\/el-paraninfo-universitario-una-de-las-sedes-del-festival-de-humor-reislas\/","url":"https:\/\/www.ull.es\/portal\/noticias\/2025\/el-paraninfo-universitario-una-de-las-sedes-del-festival-de-humor-reislas\/","name":"El Paraninfo Universitario, una de las sedes del Festival de Humor Re\u00edslas - ULL - Noticias","isPartOf":{"@id":"https:\/\/www.ull.es\/portal\/noticias\/#website"},"datePublished":"2025-09-17T10:36:48+00:00","dateModified":"2025-09-17T10:45:23+00:00","author":{"@id":"https:\/\/www.ull.es\/portal\/noticias\/#\/schema\/person\/b2b1a89d43ffa609e591f7df8ef3e817"},"breadcrumb":{"@id":"https:\/\/www.ull.es\/portal\/noticias\/2025\/el-paraninfo-universitario-una-de-las-sedes-del-festival-de-humor-reislas\/#breadcrumb"},"inLanguage":"es","potentialAction":[{"@type":"ReadAction","target":["https:\/\/www.ull.es\/portal\/noticias\/2025\/el-paraninfo-universitario-una-de-las-sedes-del-festival-de-humor-reislas\/"]}]},{"@type":"BreadcrumbList","@id":"https:\/\/www.ull.es\/portal\/noticias\/2025\/el-paraninfo-universitario-una-de-las-sedes-del-festival-de-humor-reislas\/#breadcrumb","itemListElement":[{"@type":"ListItem","position":1,"name":"Portada","item":"https:\/\/www.ull.es\/portal\/noticias\/"},{"@type":"ListItem","position":2,"name":"El Paraninfo Universitario, una de las sedes del Festival de Humor Re\u00edslas"}]},{"@type":"WebSite","@id":"https:\/\/www.ull.es\/portal\/noticias\/#website","url":"https:\/\/www.ull.es\/portal\/noticias\/","name":"ULL - Noticias","description":"","potentialAction":[{"@type":"SearchAction","target":{"@type":"EntryPoint","urlTemplate":"https:\/\/www.ull.es\/portal\/noticias\/?s={search_term_string}"},"query-input":"required name=search_term_string"}],"inLanguage":"es"},{"@type":"Person","@id":"https:\/\/www.ull.es\/portal\/noticias\/#\/schema\/person\/b2b1a89d43ffa609e591f7df8ef3e817","name":"gaprsa","image":{"@type":"ImageObject","inLanguage":"es","@id":"https:\/\/www.ull.es\/portal\/noticias\/#\/schema\/person\/image\/","url":"https:\/\/secure.gravatar.com\/avatar\/443820550921091458b4823867723b3d?s=96&d=mm&r=g","contentUrl":"https:\/\/secure.gravatar.com\/avatar\/443820550921091458b4823867723b3d?s=96&d=mm&r=g","caption":"gaprsa"},"url":"https:\/\/www.ull.es\/portal\/noticias\/author\/gaprsa\/"}]}},"primary_category":{"id":344,"name":"Cultura","slug":"cultura","link":"https:\/\/www.ull.es\/portal\/noticias\/category\/cultura\/"},"featured_image_thumbnail_url":"https:\/\/www.ull.es\/portal\/noticias\/wp-content\/uploads\/sites\/13\/2025\/09\/REISLAS-HOVIK-TENERIFE-300x148.jpg","_links":{"self":[{"href":"https:\/\/www.ull.es\/portal\/noticias\/wp-json\/wp\/v2\/posts\/84154"}],"collection":[{"href":"https:\/\/www.ull.es\/portal\/noticias\/wp-json\/wp\/v2\/posts"}],"about":[{"href":"https:\/\/www.ull.es\/portal\/noticias\/wp-json\/wp\/v2\/types\/post"}],"author":[{"embeddable":true,"href":"https:\/\/www.ull.es\/portal\/noticias\/wp-json\/wp\/v2\/users\/23"}],"replies":[{"embeddable":true,"href":"https:\/\/www.ull.es\/portal\/noticias\/wp-json\/wp\/v2\/comments?post=84154"}],"version-history":[{"count":3,"href":"https:\/\/www.ull.es\/portal\/noticias\/wp-json\/wp\/v2\/posts\/84154\/revisions"}],"predecessor-version":[{"id":84160,"href":"https:\/\/www.ull.es\/portal\/noticias\/wp-json\/wp\/v2\/posts\/84154\/revisions\/84160"}],"wp:featuredmedia":[{"embeddable":true,"href":"https:\/\/www.ull.es\/portal\/noticias\/wp-json\/wp\/v2\/media\/84156"}],"wp:attachment":[{"href":"https:\/\/www.ull.es\/portal\/noticias\/wp-json\/wp\/v2\/media?parent=84154"}],"wp:term":[{"taxonomy":"category","embeddable":true,"href":"https:\/\/www.ull.es\/portal\/noticias\/wp-json\/wp\/v2\/categories?post=84154"},{"taxonomy":"post_tag","embeddable":true,"href":"https:\/\/www.ull.es\/portal\/noticias\/wp-json\/wp\/v2\/tags?post=84154"}],"curies":[{"name":"wp","href":"https:\/\/api.w.org\/{rel}","templated":true}]}}