{"id":84175,"date":"2025-09-18T07:46:01","date_gmt":"2025-09-18T07:46:01","guid":{"rendered":"https:\/\/www.ull.es\/portal\/noticias\/?p=84175"},"modified":"2025-09-18T07:52:46","modified_gmt":"2025-09-18T07:52:46","slug":"la-ull-participa-en-las-ii-jornadas-internacionales-sobre-la-proteccion-de-las-olas","status":"publish","type":"post","link":"https:\/\/www.ull.es\/portal\/noticias\/2025\/la-ull-participa-en-las-ii-jornadas-internacionales-sobre-la-proteccion-de-las-olas\/","title":{"rendered":"La ULL participa en las II Jornadas Internacionales sobre la Protecci\u00f3n de las Olas"},"content":{"rendered":"<p>La Federaci\u00f3n Canaria de Surf (FCS), junto con la Universidad de La Laguna, a trav\u00e9s de su Vicerrectorado de Sostenibilidad e Infraestructuras, organiza las II Jornadas Internacionales sobre la Protecci\u00f3n de las Olas en el marco de Socorro Classic, la cita anual que convoca a finales de septiembre varias pruebas de distintas modalidades del surf en la playa de El Socorro, ubicada en Los Realejos (norte de Tenerife). De esta forma, la FCS recupera un foro de intercambio global para la defensa de un recurso esencial desde el punto de vista deportivo, cultural, social, econ\u00f3mico y natural.<\/p>\n<p>Las jornadas se celebran el 25 y 26 de septiembre en el entorno de la playa, considerada un para\u00edso para los surfistas. La cita es en El Socorro despu\u00e9s de haber transcurrido quince a\u00f1os desde la celebraci\u00f3n de las primeras jornadas internacionales, que tuvieron lugar tambi\u00e9n en Tenerife, con la participaci\u00f3n de acad\u00e9micos de diferentes lugares del mundo y que fueron el impulso para que las olas pasaran a ser objeto del movimiento mundial Global Waves Conference.<\/p>\n<p>\u201cBuscamos un intercambio internacional de saberes y experiencias y aspiramos a crear un espacio que aborde tem\u00e1ticas relacionadas con la defensa de las olas de total vigencia. Nuestra intenci\u00f3n es recuperar un espacio de trabajo para tejer redes comunitarias a nivel local e internacional. Este a\u00f1o arrancamos con una propuesta modesta cuyo objetivo es darle continuidad en futuras ediciones, porque estas redes se construyen a un ritmo respetuoso con las din\u00e1micas de todos los participantes\u201d, explica Adri\u00e1n Garc\u00eda, vicepresidente de la FCS.<\/p>\n<p>Las jornadas est\u00e1n abiertas a cualquier persona interesada en la tem\u00e1tica general y el programa previsto, en el que participan expertos locales \u2013los profesores de la Universidad de La Laguna y surfistas \u00c1ngel Lobo, Yurena Gonz\u00e1lez y Adri\u00e1n Garc\u00eda\u2013 e internacionales \u2013Ana Manero (Australia), \u00c1ngelo Picardo (El Salvador), Carolina Butrich (Per\u00fa) y Juan Esteban Buttazzoni (Chile)\u2013, vinculados a la protecci\u00f3n de las olas desde distintas perspectivas.<\/p>\n<p>Para acudir a las actividades es necesaria una inscripci\u00f3n previa que se gestiona a trav\u00e9s de un formulario incluido en la p\u00e1gina web de Socorro Classic. Las sesiones comienzan ambos d\u00edas a las 17:00 horas, en una modalidad mixta, que permite el acceso presencial en la playa y tambi\u00e9n el digital, a trav\u00e9s de conexi\u00f3n por streaming. Se entregar\u00e1 un certificado de asistencia a quienes asistan al 80\u2009% del programa.<\/p>\n<p><strong>Programa y participantes<\/strong><\/p>\n<p>El programa comienza el jueves 25 de septiembre a las 17.00 horas con un acto de inauguraci\u00f3n que contar\u00e1 con la presencia de autoridades locales y acad\u00e9micas. Posteriormente, a las 17.30, tendr\u00e1 lugar una triple charla bajo el ep\u00edgrafe &#8216;La protecci\u00f3n de las olas, p\u00edldoras desde una visi\u00f3n local&#8217;, que cuenta con \u00c1ngel Lobo, doctor en Derecho de la ULL y presidente de la FCS; Adri\u00e1n Garc\u00eda, doctor en Sociolog\u00eda de la ULL; y Amaury Lavernhe, doble campe\u00f3n del mundo de bodyboard. Estas intervenciones dan paso a la mesa redonda &#8216;\u00bfEs posible la protecci\u00f3n con un enfoque local?&#8217;, moderada por Yurena Gonz\u00e1lez, doctora en Sociolog\u00eda de la ULL.<\/p>\n<p>La primera sesi\u00f3n de las jornadas se cierra a las 19.00 con la proyecci\u00f3n de la pel\u00edcula &#8216;Triumph&#8217;, documental producido por Sunday Film Maker y apoyado por @bodyboardsniper y @jonsenisland. Le seguir\u00e1 una tertulia con Amaury Lavernhe, protagonista de la cinta. De acuerdo con el mismo esquema, el t\u00edtulo &#8216;La protecci\u00f3n de las olas, p\u00edldoras desde<br \/>\nuna visi\u00f3n global&#8217; ser\u00e1 el marco para las intervenciones de expertos internacionales el viernes 26 a partir de las 17.00 horas. Se trata de Ana Manero, doctora en Econom\u00eda Pol\u00edtica y miembro del Centro de Econom\u00eda Ambiental y Pol\u00edticas P\u00fablicas en la Universidad de Australia Occidental (CEEP UWA); \u00c1ngelo Picardo, ocean\u00f3grafo responsable de la Save the Wave Coalition en El Salvador; Carolina Butrich, ingeniera medioambiental y gerente de la Iniciativa Conservamos por Naturaleza, impulsada en Per\u00fa por la Sociedad Peruana de Derecho Ambiental; y Juan Esteban Buttazzoni, abogado de la Fundaci\u00f3n Rompientes de Chile.<\/p>\n<p>La mesa redonda posterior, titulada &#8216;\u00bfEs posible la protecci\u00f3n con un enfoque global?&#8217;, comenzar\u00e1 a las 18.00 horas y ser\u00e1 moderada por Adri\u00e1n Garc\u00eda. A partir de las 19.00 horas, en el marco de las jornadas se proceder\u00e1 a proyectar una de las piezas audiovisuales de la presente edici\u00f3n del Save The Waves Film Festival \u2013el \u00fanico festival internacional de cine de surf y medio ambiente con tem\u00e1tica centrada en Norteam\u00e9rica, Latinoam\u00e9rica, Europa y Australia\u2013. Socorro Classic ser\u00e1 una de las paradas del tour del Save The Waves Film Festival 2025, proyectando varias cintas de las seleccionadas en el Festival: inspiradoras pel\u00edculas de no ficci\u00f3n y documentales sobre surf y deportes acu\u00e1ticos, viajes y aventura, conservaci\u00f3n y clima. Por \u00faltimo, a las 19.50 se celebrar\u00e1 la clausura de las jornadas.<\/p>\n","protected":false},"excerpt":{"rendered":"<p>La Federaci\u00f3n Canaria de Surf (FCS), junto con la Universidad de La Laguna, a trav\u00e9s de su Vicerrectorado de Sostenibilidad&#8230;<\/p>\n","protected":false},"author":23,"featured_media":84176,"comment_status":"closed","ping_status":"closed","sticky":false,"template":"","format":"standard","meta":{"inline_featured_image":false,"footnotes":""},"categories":[344,345,2765],"tags":[],"acf":[],"yoast_head":"<!-- This site is optimized with the Yoast SEO plugin v21.3 - https:\/\/yoast.com\/wordpress\/plugins\/seo\/ -->\n<title>La ULL participa en las II Jornadas Internacionales sobre la Protecci\u00f3n de las Olas - ULL - Noticias<\/title>\n<meta name=\"robots\" content=\"index, follow, max-snippet:-1, max-image-preview:large, max-video-preview:-1\" \/>\n<link rel=\"canonical\" href=\"https:\/\/www.ull.es\/portal\/noticias\/2025\/la-ull-participa-en-las-ii-jornadas-internacionales-sobre-la-proteccion-de-las-olas\/\" \/>\n<meta property=\"og:locale\" content=\"es_ES\" \/>\n<meta property=\"og:type\" content=\"article\" \/>\n<meta property=\"og:title\" content=\"La ULL participa en las II Jornadas Internacionales sobre la Protecci\u00f3n de las Olas - ULL - Noticias\" \/>\n<meta property=\"og:description\" content=\"La Federaci\u00f3n Canaria de Surf (FCS), junto con la Universidad de La Laguna, a trav\u00e9s de su Vicerrectorado de Sostenibilidad...\" \/>\n<meta property=\"og:url\" content=\"https:\/\/www.ull.es\/portal\/noticias\/2025\/la-ull-participa-en-las-ii-jornadas-internacionales-sobre-la-proteccion-de-las-olas\/\" \/>\n<meta property=\"og:site_name\" content=\"ULL - Noticias\" \/>\n<meta property=\"article:publisher\" content=\"https:\/\/www.facebook.com\/universidaddelalaguna\/\" \/>\n<meta property=\"article:published_time\" content=\"2025-09-18T07:46:01+00:00\" \/>\n<meta property=\"article:modified_time\" content=\"2025-09-18T07:52:46+00:00\" \/>\n<meta property=\"og:image\" content=\"https:\/\/www.ull.es\/portal\/noticias\/wp-content\/uploads\/sites\/13\/2025\/09\/Proteccion-de-las-Olas.jpg\" \/>\n\t<meta property=\"og:image:width\" content=\"1080\" \/>\n\t<meta property=\"og:image:height\" content=\"772\" \/>\n\t<meta property=\"og:image:type\" content=\"image\/jpeg\" \/>\n<meta name=\"author\" content=\"gaprsa\" \/>\n<meta name=\"twitter:card\" content=\"summary_large_image\" \/>\n<meta name=\"twitter:creator\" content=\"@CanalULL\" \/>\n<meta name=\"twitter:site\" content=\"@CanalULL\" \/>\n<meta name=\"twitter:label1\" content=\"Escrito por\" \/>\n\t<meta name=\"twitter:data1\" content=\"gaprsa\" \/>\n\t<meta name=\"twitter:label2\" content=\"Tiempo de lectura\" \/>\n\t<meta name=\"twitter:data2\" content=\"4 minutos\" \/>\n<script type=\"application\/ld+json\" class=\"yoast-schema-graph\">{\"@context\":\"https:\/\/schema.org\",\"@graph\":[{\"@type\":\"WebPage\",\"@id\":\"https:\/\/www.ull.es\/portal\/noticias\/2025\/la-ull-participa-en-las-ii-jornadas-internacionales-sobre-la-proteccion-de-las-olas\/\",\"url\":\"https:\/\/www.ull.es\/portal\/noticias\/2025\/la-ull-participa-en-las-ii-jornadas-internacionales-sobre-la-proteccion-de-las-olas\/\",\"name\":\"La ULL participa en las II Jornadas Internacionales sobre la Protecci\u00f3n de las Olas - ULL - Noticias\",\"isPartOf\":{\"@id\":\"https:\/\/www.ull.es\/portal\/noticias\/#website\"},\"datePublished\":\"2025-09-18T07:46:01+00:00\",\"dateModified\":\"2025-09-18T07:52:46+00:00\",\"author\":{\"@id\":\"https:\/\/www.ull.es\/portal\/noticias\/#\/schema\/person\/b2b1a89d43ffa609e591f7df8ef3e817\"},\"breadcrumb\":{\"@id\":\"https:\/\/www.ull.es\/portal\/noticias\/2025\/la-ull-participa-en-las-ii-jornadas-internacionales-sobre-la-proteccion-de-las-olas\/#breadcrumb\"},\"inLanguage\":\"es\",\"potentialAction\":[{\"@type\":\"ReadAction\",\"target\":[\"https:\/\/www.ull.es\/portal\/noticias\/2025\/la-ull-participa-en-las-ii-jornadas-internacionales-sobre-la-proteccion-de-las-olas\/\"]}]},{\"@type\":\"BreadcrumbList\",\"@id\":\"https:\/\/www.ull.es\/portal\/noticias\/2025\/la-ull-participa-en-las-ii-jornadas-internacionales-sobre-la-proteccion-de-las-olas\/#breadcrumb\",\"itemListElement\":[{\"@type\":\"ListItem\",\"position\":1,\"name\":\"Portada\",\"item\":\"https:\/\/www.ull.es\/portal\/noticias\/\"},{\"@type\":\"ListItem\",\"position\":2,\"name\":\"La ULL participa en las II Jornadas Internacionales sobre la Protecci\u00f3n de las Olas\"}]},{\"@type\":\"WebSite\",\"@id\":\"https:\/\/www.ull.es\/portal\/noticias\/#website\",\"url\":\"https:\/\/www.ull.es\/portal\/noticias\/\",\"name\":\"ULL - Noticias\",\"description\":\"\",\"potentialAction\":[{\"@type\":\"SearchAction\",\"target\":{\"@type\":\"EntryPoint\",\"urlTemplate\":\"https:\/\/www.ull.es\/portal\/noticias\/?s={search_term_string}\"},\"query-input\":\"required name=search_term_string\"}],\"inLanguage\":\"es\"},{\"@type\":\"Person\",\"@id\":\"https:\/\/www.ull.es\/portal\/noticias\/#\/schema\/person\/b2b1a89d43ffa609e591f7df8ef3e817\",\"name\":\"gaprsa\",\"image\":{\"@type\":\"ImageObject\",\"inLanguage\":\"es\",\"@id\":\"https:\/\/www.ull.es\/portal\/noticias\/#\/schema\/person\/image\/\",\"url\":\"https:\/\/secure.gravatar.com\/avatar\/443820550921091458b4823867723b3d?s=96&d=mm&r=g\",\"contentUrl\":\"https:\/\/secure.gravatar.com\/avatar\/443820550921091458b4823867723b3d?s=96&d=mm&r=g\",\"caption\":\"gaprsa\"},\"url\":\"https:\/\/www.ull.es\/portal\/noticias\/author\/gaprsa\/\"}]}<\/script>\n<!-- \/ Yoast SEO plugin. -->","yoast_head_json":{"title":"La ULL participa en las II Jornadas Internacionales sobre la Protecci\u00f3n de las Olas - ULL - Noticias","robots":{"index":"index","follow":"follow","max-snippet":"max-snippet:-1","max-image-preview":"max-image-preview:large","max-video-preview":"max-video-preview:-1"},"canonical":"https:\/\/www.ull.es\/portal\/noticias\/2025\/la-ull-participa-en-las-ii-jornadas-internacionales-sobre-la-proteccion-de-las-olas\/","og_locale":"es_ES","og_type":"article","og_title":"La ULL participa en las II Jornadas Internacionales sobre la Protecci\u00f3n de las Olas - ULL - Noticias","og_description":"La Federaci\u00f3n Canaria de Surf (FCS), junto con la Universidad de La Laguna, a trav\u00e9s de su Vicerrectorado de Sostenibilidad...","og_url":"https:\/\/www.ull.es\/portal\/noticias\/2025\/la-ull-participa-en-las-ii-jornadas-internacionales-sobre-la-proteccion-de-las-olas\/","og_site_name":"ULL - Noticias","article_publisher":"https:\/\/www.facebook.com\/universidaddelalaguna\/","article_published_time":"2025-09-18T07:46:01+00:00","article_modified_time":"2025-09-18T07:52:46+00:00","og_image":[{"width":1080,"height":772,"url":"https:\/\/www.ull.es\/portal\/noticias\/wp-content\/uploads\/sites\/13\/2025\/09\/Proteccion-de-las-Olas.jpg","type":"image\/jpeg"}],"author":"gaprsa","twitter_card":"summary_large_image","twitter_creator":"@CanalULL","twitter_site":"@CanalULL","twitter_misc":{"Escrito por":"gaprsa","Tiempo de lectura":"4 minutos"},"schema":{"@context":"https:\/\/schema.org","@graph":[{"@type":"WebPage","@id":"https:\/\/www.ull.es\/portal\/noticias\/2025\/la-ull-participa-en-las-ii-jornadas-internacionales-sobre-la-proteccion-de-las-olas\/","url":"https:\/\/www.ull.es\/portal\/noticias\/2025\/la-ull-participa-en-las-ii-jornadas-internacionales-sobre-la-proteccion-de-las-olas\/","name":"La ULL participa en las II Jornadas Internacionales sobre la Protecci\u00f3n de las Olas - ULL - Noticias","isPartOf":{"@id":"https:\/\/www.ull.es\/portal\/noticias\/#website"},"datePublished":"2025-09-18T07:46:01+00:00","dateModified":"2025-09-18T07:52:46+00:00","author":{"@id":"https:\/\/www.ull.es\/portal\/noticias\/#\/schema\/person\/b2b1a89d43ffa609e591f7df8ef3e817"},"breadcrumb":{"@id":"https:\/\/www.ull.es\/portal\/noticias\/2025\/la-ull-participa-en-las-ii-jornadas-internacionales-sobre-la-proteccion-de-las-olas\/#breadcrumb"},"inLanguage":"es","potentialAction":[{"@type":"ReadAction","target":["https:\/\/www.ull.es\/portal\/noticias\/2025\/la-ull-participa-en-las-ii-jornadas-internacionales-sobre-la-proteccion-de-las-olas\/"]}]},{"@type":"BreadcrumbList","@id":"https:\/\/www.ull.es\/portal\/noticias\/2025\/la-ull-participa-en-las-ii-jornadas-internacionales-sobre-la-proteccion-de-las-olas\/#breadcrumb","itemListElement":[{"@type":"ListItem","position":1,"name":"Portada","item":"https:\/\/www.ull.es\/portal\/noticias\/"},{"@type":"ListItem","position":2,"name":"La ULL participa en las II Jornadas Internacionales sobre la Protecci\u00f3n de las Olas"}]},{"@type":"WebSite","@id":"https:\/\/www.ull.es\/portal\/noticias\/#website","url":"https:\/\/www.ull.es\/portal\/noticias\/","name":"ULL - Noticias","description":"","potentialAction":[{"@type":"SearchAction","target":{"@type":"EntryPoint","urlTemplate":"https:\/\/www.ull.es\/portal\/noticias\/?s={search_term_string}"},"query-input":"required name=search_term_string"}],"inLanguage":"es"},{"@type":"Person","@id":"https:\/\/www.ull.es\/portal\/noticias\/#\/schema\/person\/b2b1a89d43ffa609e591f7df8ef3e817","name":"gaprsa","image":{"@type":"ImageObject","inLanguage":"es","@id":"https:\/\/www.ull.es\/portal\/noticias\/#\/schema\/person\/image\/","url":"https:\/\/secure.gravatar.com\/avatar\/443820550921091458b4823867723b3d?s=96&d=mm&r=g","contentUrl":"https:\/\/secure.gravatar.com\/avatar\/443820550921091458b4823867723b3d?s=96&d=mm&r=g","caption":"gaprsa"},"url":"https:\/\/www.ull.es\/portal\/noticias\/author\/gaprsa\/"}]}},"primary_category":{"id":345,"name":"Destacado","slug":"destacado","link":"https:\/\/www.ull.es\/portal\/noticias\/category\/destacado\/"},"featured_image_thumbnail_url":"https:\/\/www.ull.es\/portal\/noticias\/wp-content\/uploads\/sites\/13\/2025\/09\/Proteccion-de-las-Olas-300x214.jpg","_links":{"self":[{"href":"https:\/\/www.ull.es\/portal\/noticias\/wp-json\/wp\/v2\/posts\/84175"}],"collection":[{"href":"https:\/\/www.ull.es\/portal\/noticias\/wp-json\/wp\/v2\/posts"}],"about":[{"href":"https:\/\/www.ull.es\/portal\/noticias\/wp-json\/wp\/v2\/types\/post"}],"author":[{"embeddable":true,"href":"https:\/\/www.ull.es\/portal\/noticias\/wp-json\/wp\/v2\/users\/23"}],"replies":[{"embeddable":true,"href":"https:\/\/www.ull.es\/portal\/noticias\/wp-json\/wp\/v2\/comments?post=84175"}],"version-history":[{"count":7,"href":"https:\/\/www.ull.es\/portal\/noticias\/wp-json\/wp\/v2\/posts\/84175\/revisions"}],"predecessor-version":[{"id":84183,"href":"https:\/\/www.ull.es\/portal\/noticias\/wp-json\/wp\/v2\/posts\/84175\/revisions\/84183"}],"wp:featuredmedia":[{"embeddable":true,"href":"https:\/\/www.ull.es\/portal\/noticias\/wp-json\/wp\/v2\/media\/84176"}],"wp:attachment":[{"href":"https:\/\/www.ull.es\/portal\/noticias\/wp-json\/wp\/v2\/media?parent=84175"}],"wp:term":[{"taxonomy":"category","embeddable":true,"href":"https:\/\/www.ull.es\/portal\/noticias\/wp-json\/wp\/v2\/categories?post=84175"},{"taxonomy":"post_tag","embeddable":true,"href":"https:\/\/www.ull.es\/portal\/noticias\/wp-json\/wp\/v2\/tags?post=84175"}],"curies":[{"name":"wp","href":"https:\/\/api.w.org\/{rel}","templated":true}]}}