{"id":84249,"date":"2025-09-22T07:56:50","date_gmt":"2025-09-22T07:56:50","guid":{"rendered":"https:\/\/www.ull.es\/portal\/noticias\/?p=84249"},"modified":"2025-09-22T07:59:59","modified_gmt":"2025-09-22T07:59:59","slug":"la-catedra-de-ciberseguridad-binter-de-la-ull-lanza-su-convocatoria-anual-de-premios-para-los-mejores-tfg-y-tfm-del-curso-2024-2025","status":"publish","type":"post","link":"https:\/\/www.ull.es\/portal\/noticias\/2025\/la-catedra-de-ciberseguridad-binter-de-la-ull-lanza-su-convocatoria-anual-de-premios-para-los-mejores-tfg-y-tfm-del-curso-2024-2025\/","title":{"rendered":"La C\u00e1tedra de Ciberseguridad Binter de la ULL lanza su convocatoria anual de premios para los mejores TFG y TFM del curso 2024-2025"},"content":{"rendered":"<p>La C\u00e1tedra Institucional de Ciberseguridad Binter \u2013 U<span class=\"gmail_default\">LL<\/span>\u00a0ha abierto la convocatoria de su concurso anual dirigido a Trabajos Fin de Grado (TFG) y Trabajos Fin de M\u00e1ster (TFM) defendidos durante el curso acad\u00e9mico 2024-2025.<span class=\"gmail_default\">\u00a0<\/span>El objetivo de esta iniciativa es reconocer y premiar los trabajos m\u00e1s originales y de mayor calidad que aborden tem\u00e1ticas relacionadas con la ciberseguridad y que hayan sido presentados en la Universidad de La Laguna.<span class=\"gmail_default\">\u00a0<\/span>Se conceder\u00e1 un premio de 1.000 euros al mejor TFG y otro de 1.000 euros al mejor TFM.<\/p>\n<p>Adem\u00e1s, todas las personas participantes recibir\u00e1n un diploma acreditativo y un obsequio por su participaci\u00f3n.<span class=\"gmail_default\">\u00a0<\/span>Las\u00a0<span class=\"gmail_default\">candidaturas a los premios<\/span>\u00a0podr\u00e1n presentarse hasta el 19 de octubre<span class=\"gmail_default\">\u00a0de 2025. E<\/span>l fallo del jurado se dar\u00e1 a conocer durante la semana del 1 al 7 de noviembre de 2025.<span class=\"gmail_default\">\u00a0<\/span>Las personas interesadas deber\u00e1n remitir por correo electr\u00f3nico a\u00a0<a href=\"mailto:catedrabinter@ull.edu.es\" target=\"_blank\" rel=\"noopener\" target=\"_blank\" rel=\"noopener\">catedrabinter@ull.es<\/a>\u00a0dos archivos en formato PDF<span class=\"gmail_default\">\u00a0consistentes en<\/span>\u00a0la memoria completa del TFG o TFM y el expediente acad\u00e9mico con la calificaci\u00f3n final obtenida en el trabajo.<\/p>\n","protected":false},"excerpt":{"rendered":"<p>La C\u00e1tedra Institucional de Ciberseguridad Binter \u2013 ULL\u00a0ha abierto la convocatoria de su concurso anual dirigido a Trabajos Fin de&#8230;<\/p>\n","protected":false},"author":65,"featured_media":84253,"comment_status":"closed","ping_status":"closed","sticky":false,"template":"","format":"standard","meta":{"inline_featured_image":false,"footnotes":""},"categories":[7566],"tags":[],"acf":[],"yoast_head":"<!-- This site is optimized with the Yoast SEO plugin v21.3 - https:\/\/yoast.com\/wordpress\/plugins\/seo\/ -->\n<title>La C\u00e1tedra de Ciberseguridad Binter de la ULL lanza su convocatoria anual de premios para los mejores TFG y TFM del curso 2024-2025 - ULL - Noticias<\/title>\n<meta name=\"robots\" content=\"index, follow, max-snippet:-1, max-image-preview:large, max-video-preview:-1\" \/>\n<link rel=\"canonical\" href=\"https:\/\/www.ull.es\/portal\/noticias\/2025\/la-catedra-de-ciberseguridad-binter-de-la-ull-lanza-su-convocatoria-anual-de-premios-para-los-mejores-tfg-y-tfm-del-curso-2024-2025\/\" \/>\n<meta property=\"og:locale\" content=\"es_ES\" \/>\n<meta property=\"og:type\" content=\"article\" \/>\n<meta property=\"og:title\" content=\"La C\u00e1tedra de Ciberseguridad Binter de la ULL lanza su convocatoria anual de premios para los mejores TFG y TFM del curso 2024-2025 - ULL - Noticias\" \/>\n<meta property=\"og:description\" content=\"La C\u00e1tedra Institucional de Ciberseguridad Binter \u2013 ULL\u00a0ha abierto la convocatoria de su concurso anual dirigido a Trabajos Fin de...\" \/>\n<meta property=\"og:url\" content=\"https:\/\/www.ull.es\/portal\/noticias\/2025\/la-catedra-de-ciberseguridad-binter-de-la-ull-lanza-su-convocatoria-anual-de-premios-para-los-mejores-tfg-y-tfm-del-curso-2024-2025\/\" \/>\n<meta property=\"og:site_name\" content=\"ULL - Noticias\" \/>\n<meta property=\"article:publisher\" content=\"https:\/\/www.facebook.com\/universidaddelalaguna\/\" \/>\n<meta property=\"article:published_time\" content=\"2025-09-22T07:56:50+00:00\" \/>\n<meta property=\"article:modified_time\" content=\"2025-09-22T07:59:59+00:00\" \/>\n<meta property=\"og:image\" content=\"https:\/\/www.ull.es\/portal\/noticias\/wp-content\/uploads\/sites\/13\/2025\/09\/shutterstock_2544598899-1.jpg\" \/>\n\t<meta property=\"og:image:width\" content=\"1600\" \/>\n\t<meta property=\"og:image:height\" content=\"1067\" \/>\n\t<meta property=\"og:image:type\" content=\"image\/jpeg\" \/>\n<meta name=\"author\" content=\"gcom4\" \/>\n<meta name=\"twitter:card\" content=\"summary_large_image\" \/>\n<meta name=\"twitter:creator\" content=\"@CanalULL\" \/>\n<meta name=\"twitter:site\" content=\"@CanalULL\" \/>\n<meta name=\"twitter:label1\" content=\"Escrito por\" \/>\n\t<meta name=\"twitter:data1\" content=\"gcom4\" \/>\n\t<meta name=\"twitter:label2\" content=\"Tiempo de lectura\" \/>\n\t<meta name=\"twitter:data2\" content=\"1 minuto\" \/>\n<script type=\"application\/ld+json\" class=\"yoast-schema-graph\">{\"@context\":\"https:\/\/schema.org\",\"@graph\":[{\"@type\":\"WebPage\",\"@id\":\"https:\/\/www.ull.es\/portal\/noticias\/2025\/la-catedra-de-ciberseguridad-binter-de-la-ull-lanza-su-convocatoria-anual-de-premios-para-los-mejores-tfg-y-tfm-del-curso-2024-2025\/\",\"url\":\"https:\/\/www.ull.es\/portal\/noticias\/2025\/la-catedra-de-ciberseguridad-binter-de-la-ull-lanza-su-convocatoria-anual-de-premios-para-los-mejores-tfg-y-tfm-del-curso-2024-2025\/\",\"name\":\"La C\u00e1tedra de Ciberseguridad Binter de la ULL lanza su convocatoria anual de premios para los mejores TFG y TFM del curso 2024-2025 - ULL - Noticias\",\"isPartOf\":{\"@id\":\"https:\/\/www.ull.es\/portal\/noticias\/#website\"},\"datePublished\":\"2025-09-22T07:56:50+00:00\",\"dateModified\":\"2025-09-22T07:59:59+00:00\",\"author\":{\"@id\":\"https:\/\/www.ull.es\/portal\/noticias\/#\/schema\/person\/9924518fb1ad37d4428e7b5d6f311773\"},\"breadcrumb\":{\"@id\":\"https:\/\/www.ull.es\/portal\/noticias\/2025\/la-catedra-de-ciberseguridad-binter-de-la-ull-lanza-su-convocatoria-anual-de-premios-para-los-mejores-tfg-y-tfm-del-curso-2024-2025\/#breadcrumb\"},\"inLanguage\":\"es\",\"potentialAction\":[{\"@type\":\"ReadAction\",\"target\":[\"https:\/\/www.ull.es\/portal\/noticias\/2025\/la-catedra-de-ciberseguridad-binter-de-la-ull-lanza-su-convocatoria-anual-de-premios-para-los-mejores-tfg-y-tfm-del-curso-2024-2025\/\"]}]},{\"@type\":\"BreadcrumbList\",\"@id\":\"https:\/\/www.ull.es\/portal\/noticias\/2025\/la-catedra-de-ciberseguridad-binter-de-la-ull-lanza-su-convocatoria-anual-de-premios-para-los-mejores-tfg-y-tfm-del-curso-2024-2025\/#breadcrumb\",\"itemListElement\":[{\"@type\":\"ListItem\",\"position\":1,\"name\":\"Portada\",\"item\":\"https:\/\/www.ull.es\/portal\/noticias\/\"},{\"@type\":\"ListItem\",\"position\":2,\"name\":\"La C\u00e1tedra de Ciberseguridad Binter de la ULL lanza su convocatoria anual de premios para los mejores TFG y TFM del curso 2024-2025\"}]},{\"@type\":\"WebSite\",\"@id\":\"https:\/\/www.ull.es\/portal\/noticias\/#website\",\"url\":\"https:\/\/www.ull.es\/portal\/noticias\/\",\"name\":\"ULL - Noticias\",\"description\":\"\",\"potentialAction\":[{\"@type\":\"SearchAction\",\"target\":{\"@type\":\"EntryPoint\",\"urlTemplate\":\"https:\/\/www.ull.es\/portal\/noticias\/?s={search_term_string}\"},\"query-input\":\"required name=search_term_string\"}],\"inLanguage\":\"es\"},{\"@type\":\"Person\",\"@id\":\"https:\/\/www.ull.es\/portal\/noticias\/#\/schema\/person\/9924518fb1ad37d4428e7b5d6f311773\",\"name\":\"gcom4\",\"image\":{\"@type\":\"ImageObject\",\"inLanguage\":\"es\",\"@id\":\"https:\/\/www.ull.es\/portal\/noticias\/#\/schema\/person\/image\/\",\"url\":\"https:\/\/secure.gravatar.com\/avatar\/a5d1f5573f10617ccfcc209aaf6aa7fb?s=96&d=mm&r=g\",\"contentUrl\":\"https:\/\/secure.gravatar.com\/avatar\/a5d1f5573f10617ccfcc209aaf6aa7fb?s=96&d=mm&r=g\",\"caption\":\"gcom4\"},\"url\":\"https:\/\/www.ull.es\/portal\/noticias\/author\/gcom4\/\"}]}<\/script>\n<!-- \/ Yoast SEO plugin. -->","yoast_head_json":{"title":"La C\u00e1tedra de Ciberseguridad Binter de la ULL lanza su convocatoria anual de premios para los mejores TFG y TFM del curso 2024-2025 - ULL - Noticias","robots":{"index":"index","follow":"follow","max-snippet":"max-snippet:-1","max-image-preview":"max-image-preview:large","max-video-preview":"max-video-preview:-1"},"canonical":"https:\/\/www.ull.es\/portal\/noticias\/2025\/la-catedra-de-ciberseguridad-binter-de-la-ull-lanza-su-convocatoria-anual-de-premios-para-los-mejores-tfg-y-tfm-del-curso-2024-2025\/","og_locale":"es_ES","og_type":"article","og_title":"La C\u00e1tedra de Ciberseguridad Binter de la ULL lanza su convocatoria anual de premios para los mejores TFG y TFM del curso 2024-2025 - ULL - Noticias","og_description":"La C\u00e1tedra Institucional de Ciberseguridad Binter \u2013 ULL\u00a0ha abierto la convocatoria de su concurso anual dirigido a Trabajos Fin de...","og_url":"https:\/\/www.ull.es\/portal\/noticias\/2025\/la-catedra-de-ciberseguridad-binter-de-la-ull-lanza-su-convocatoria-anual-de-premios-para-los-mejores-tfg-y-tfm-del-curso-2024-2025\/","og_site_name":"ULL - Noticias","article_publisher":"https:\/\/www.facebook.com\/universidaddelalaguna\/","article_published_time":"2025-09-22T07:56:50+00:00","article_modified_time":"2025-09-22T07:59:59+00:00","og_image":[{"width":1600,"height":1067,"url":"https:\/\/www.ull.es\/portal\/noticias\/wp-content\/uploads\/sites\/13\/2025\/09\/shutterstock_2544598899-1.jpg","type":"image\/jpeg"}],"author":"gcom4","twitter_card":"summary_large_image","twitter_creator":"@CanalULL","twitter_site":"@CanalULL","twitter_misc":{"Escrito por":"gcom4","Tiempo de lectura":"1 minuto"},"schema":{"@context":"https:\/\/schema.org","@graph":[{"@type":"WebPage","@id":"https:\/\/www.ull.es\/portal\/noticias\/2025\/la-catedra-de-ciberseguridad-binter-de-la-ull-lanza-su-convocatoria-anual-de-premios-para-los-mejores-tfg-y-tfm-del-curso-2024-2025\/","url":"https:\/\/www.ull.es\/portal\/noticias\/2025\/la-catedra-de-ciberseguridad-binter-de-la-ull-lanza-su-convocatoria-anual-de-premios-para-los-mejores-tfg-y-tfm-del-curso-2024-2025\/","name":"La C\u00e1tedra de Ciberseguridad Binter de la ULL lanza su convocatoria anual de premios para los mejores TFG y TFM del curso 2024-2025 - ULL - Noticias","isPartOf":{"@id":"https:\/\/www.ull.es\/portal\/noticias\/#website"},"datePublished":"2025-09-22T07:56:50+00:00","dateModified":"2025-09-22T07:59:59+00:00","author":{"@id":"https:\/\/www.ull.es\/portal\/noticias\/#\/schema\/person\/9924518fb1ad37d4428e7b5d6f311773"},"breadcrumb":{"@id":"https:\/\/www.ull.es\/portal\/noticias\/2025\/la-catedra-de-ciberseguridad-binter-de-la-ull-lanza-su-convocatoria-anual-de-premios-para-los-mejores-tfg-y-tfm-del-curso-2024-2025\/#breadcrumb"},"inLanguage":"es","potentialAction":[{"@type":"ReadAction","target":["https:\/\/www.ull.es\/portal\/noticias\/2025\/la-catedra-de-ciberseguridad-binter-de-la-ull-lanza-su-convocatoria-anual-de-premios-para-los-mejores-tfg-y-tfm-del-curso-2024-2025\/"]}]},{"@type":"BreadcrumbList","@id":"https:\/\/www.ull.es\/portal\/noticias\/2025\/la-catedra-de-ciberseguridad-binter-de-la-ull-lanza-su-convocatoria-anual-de-premios-para-los-mejores-tfg-y-tfm-del-curso-2024-2025\/#breadcrumb","itemListElement":[{"@type":"ListItem","position":1,"name":"Portada","item":"https:\/\/www.ull.es\/portal\/noticias\/"},{"@type":"ListItem","position":2,"name":"La C\u00e1tedra de Ciberseguridad Binter de la ULL lanza su convocatoria anual de premios para los mejores TFG y TFM del curso 2024-2025"}]},{"@type":"WebSite","@id":"https:\/\/www.ull.es\/portal\/noticias\/#website","url":"https:\/\/www.ull.es\/portal\/noticias\/","name":"ULL - Noticias","description":"","potentialAction":[{"@type":"SearchAction","target":{"@type":"EntryPoint","urlTemplate":"https:\/\/www.ull.es\/portal\/noticias\/?s={search_term_string}"},"query-input":"required name=search_term_string"}],"inLanguage":"es"},{"@type":"Person","@id":"https:\/\/www.ull.es\/portal\/noticias\/#\/schema\/person\/9924518fb1ad37d4428e7b5d6f311773","name":"gcom4","image":{"@type":"ImageObject","inLanguage":"es","@id":"https:\/\/www.ull.es\/portal\/noticias\/#\/schema\/person\/image\/","url":"https:\/\/secure.gravatar.com\/avatar\/a5d1f5573f10617ccfcc209aaf6aa7fb?s=96&d=mm&r=g","contentUrl":"https:\/\/secure.gravatar.com\/avatar\/a5d1f5573f10617ccfcc209aaf6aa7fb?s=96&d=mm&r=g","caption":"gcom4"},"url":"https:\/\/www.ull.es\/portal\/noticias\/author\/gcom4\/"}]}},"primary_category":{"id":7566,"name":"C\u00e1tedra Ciberseguridad Binter","slug":"catedra-ciberseguridad-binter","link":"https:\/\/www.ull.es\/portal\/noticias\/category\/catedras-institucionales-y-de-empresa\/catedra-ciberseguridad-binter\/"},"featured_image_thumbnail_url":"https:\/\/www.ull.es\/portal\/noticias\/wp-content\/uploads\/sites\/13\/2025\/09\/shutterstock_2544598899-1-300x200.jpg","_links":{"self":[{"href":"https:\/\/www.ull.es\/portal\/noticias\/wp-json\/wp\/v2\/posts\/84249"}],"collection":[{"href":"https:\/\/www.ull.es\/portal\/noticias\/wp-json\/wp\/v2\/posts"}],"about":[{"href":"https:\/\/www.ull.es\/portal\/noticias\/wp-json\/wp\/v2\/types\/post"}],"author":[{"embeddable":true,"href":"https:\/\/www.ull.es\/portal\/noticias\/wp-json\/wp\/v2\/users\/65"}],"replies":[{"embeddable":true,"href":"https:\/\/www.ull.es\/portal\/noticias\/wp-json\/wp\/v2\/comments?post=84249"}],"version-history":[{"count":1,"href":"https:\/\/www.ull.es\/portal\/noticias\/wp-json\/wp\/v2\/posts\/84249\/revisions"}],"predecessor-version":[{"id":84251,"href":"https:\/\/www.ull.es\/portal\/noticias\/wp-json\/wp\/v2\/posts\/84249\/revisions\/84251"}],"wp:featuredmedia":[{"embeddable":true,"href":"https:\/\/www.ull.es\/portal\/noticias\/wp-json\/wp\/v2\/media\/84253"}],"wp:attachment":[{"href":"https:\/\/www.ull.es\/portal\/noticias\/wp-json\/wp\/v2\/media?parent=84249"}],"wp:term":[{"taxonomy":"category","embeddable":true,"href":"https:\/\/www.ull.es\/portal\/noticias\/wp-json\/wp\/v2\/categories?post=84249"},{"taxonomy":"post_tag","embeddable":true,"href":"https:\/\/www.ull.es\/portal\/noticias\/wp-json\/wp\/v2\/tags?post=84249"}],"curies":[{"name":"wp","href":"https:\/\/api.w.org\/{rel}","templated":true}]}}