{"id":84292,"date":"2025-09-22T12:54:02","date_gmt":"2025-09-22T12:54:02","guid":{"rendered":"https:\/\/www.ull.es\/portal\/noticias\/?p=84292"},"modified":"2025-09-23T13:19:32","modified_gmt":"2025-09-23T13:19:32","slug":"la-universidad-de-la-laguna-refuerza-su-apoyo-a-palestina-con-una-exposicion-y-un-concierto-solidario","status":"publish","type":"post","link":"https:\/\/www.ull.es\/portal\/noticias\/2025\/la-universidad-de-la-laguna-refuerza-su-apoyo-a-palestina-con-una-exposicion-y-un-concierto-solidario\/","title":{"rendered":"La Universidad de La Laguna refuerza su apoyo a Palestina con una exposici\u00f3n y un concierto solidario"},"content":{"rendered":"<p>La Universidad de La Laguna, en coherencia con su compromiso con los derechos humanos y la promoci\u00f3n de la paz, ha organizado esta semana dos actos de apoyo a la poblaci\u00f3n palestina.<\/p>\n<p>En primer lugar, el mi\u00e9rcoles 24 de septiembre a las 10:00 horas se inaugurar\u00e1 en el Edificio Central de la instituci\u00f3n acad\u00e9mica una exposici\u00f3n titulada \u2018Palestina: memoria, resistencia y genocidio\u2019, organizada por Puente Humano, una asociaci\u00f3n sin \u00e1nimo de lucro, compuesta por docentes y familias y comprometida con los derechos desde el marco educativo.<\/p>\n<p>A trav\u00e9s de im\u00e1genes, se invita a la comunidad universitaria y a la sociedad en general a mirar de frente al genocidio de Palestina, y a reafirmar la importancia de la justicia, el compromiso y la solidaridad internacional. Se podr\u00e1 visitar hasta el pr\u00f3ximo 30 de septiembre.<\/p>\n<p>Ese mismo d\u00eda, a partir de las 19:30 horas, el Paraninfo de la Universidad de La Laguna acoge un concierto solidario a favor de la Asociaci\u00f3n Palestina del campamento de refugiados de Askar, en Cisjordania, con el objeto de recaudar fondos para la regi\u00f3n. Las entradas pueden adquirirse en <a href=\"https:\/\/www.ecoentradas.com\/elegirsesion\/2815\" target=\"_blank\" rel=\"noopener\">Ecoentradas<\/a> a partir de 10 euros.<\/p>\n<p>A trav\u00e9s de la m\u00fasica, la narrativa y la danza se dar\u00e1 a conocer la labor que realiza la Asociaci\u00f3n Askar en Palestina y la Asociaci\u00f3n Comunidad Palestina en Canarias. Adem\u00e1s, se pretende visibilizar la insoportable situaci\u00f3n que atraviesa la poblaci\u00f3n palestina en este asedio b\u00e9lico, al tiempo que estrechar lazos de cooperaci\u00f3n cultural y humanitaria desde Canarias.<\/p>\n<p>El acto contar\u00e1 con la presencia de Amjad Al-Rifaie, m\u00e1ximo responsable de la Asociaci\u00f3n Palestina de Askar y figura destacada en la defensa de los derechos del pueblo palestino. Su intervenci\u00f3n durante la velada aportar\u00e1 un testimonio en primera persona sobre la realidad que viven los m\u00e1s de 18.000 habitantes de este campamento de refugiados, que en los \u00faltimos a\u00f1os han sufrido un n\u00famero creciente de incursiones por parte de las Fuerzas de Ocupaci\u00f3n israel\u00edes.<\/p>\n<p><span class=\"im\">Rifaie, que pas\u00f3 cinco a\u00f1os como preso pol\u00edtico en c\u00e1rceles israel\u00edes, ha desempe\u00f1ado un papel clave en el fortalecimiento de la solidaridad internacional con la causa palestina. A trav\u00e9s de iniciativas comunitarias y programas de intercambio cultural, ha logrado implicar a instituciones y organizaciones de distintos pa\u00edses en proyectos de apoyo a la poblaci\u00f3n refugiada.<\/p>\n<p><\/span>Su participaci\u00f3n en este concierto ben\u00e9fico representa una oportunidad para conocer de primera mano las necesidades urgentes del campamento de Askar y la importancia de la cooperaci\u00f3n internacional.<\/p>\n<p>Participan la Sax Pack Big Band, con su espect\u00e1culo \u2018Soul Hits\u2019, y los narradores Juan Carlos Tacoronte y Antonio Conejo. Dirigida por Fran Rodr\u00edguez, esta banda est\u00e1 integrada exclusivamente por saxofones, y est\u00e1 formada por su alumnado y m\u00fasicos amantes del jazz.<\/p>\n<p>Todas las personas que quieran contribuir econ\u00f3micamente pero no puedan asistir al concierto, pueden realizar una aportaci\u00f3n a la fila 0. Los beneficios obtenidos en el concierto se destinar\u00e1n de manera \u00edntegra a la Asociaci\u00f3n Palestina de Askar, que desarrolla proyectos sociales, educativos y culturales en beneficio de la poblaci\u00f3n refugiada. Estos recursos resultan esenciales para sostener programas de atenci\u00f3n a la infancia, apoyo a familias vulnerables y fomento de actividades comunitarias que ayuden a resistir la precariedad derivada de la ocupaci\u00f3n y el desplazamiento forzoso.<\/p>\n<p>El campamento de Askar, situado en la regi\u00f3n de Nablus, en Cisjordania, alberga a m\u00e1s de 18.000 personas que, generaci\u00f3n tras generaci\u00f3n, han debido sobrevivir en condiciones de gran dificultad. La Asociaci\u00f3n Palestina desempe\u00f1a all\u00ed un papel fundamental para garantizar servicios b\u00e1sicos, mantener espacios educativos y reforzar la identidad cultural de su poblaci\u00f3n.<\/p>\n","protected":false},"excerpt":{"rendered":"<p>La Universidad de La Laguna, en coherencia con su compromiso con los derechos humanos y la promoci\u00f3n de la paz,&#8230;<\/p>\n","protected":false},"author":23,"featured_media":84295,"comment_status":"closed","ping_status":"closed","sticky":false,"template":"","format":"standard","meta":{"inline_featured_image":false,"footnotes":""},"categories":[344,345,2765],"tags":[],"acf":[],"yoast_head":"<!-- This site is optimized with the Yoast SEO plugin v21.3 - https:\/\/yoast.com\/wordpress\/plugins\/seo\/ -->\n<title>La Universidad de La Laguna refuerza su apoyo a Palestina con una exposici\u00f3n y un concierto solidario - ULL - Noticias<\/title>\n<meta name=\"robots\" content=\"index, follow, max-snippet:-1, max-image-preview:large, max-video-preview:-1\" \/>\n<link rel=\"canonical\" href=\"https:\/\/www.ull.es\/portal\/noticias\/2025\/la-universidad-de-la-laguna-refuerza-su-apoyo-a-palestina-con-una-exposicion-y-un-concierto-solidario\/\" \/>\n<meta property=\"og:locale\" content=\"es_ES\" \/>\n<meta property=\"og:type\" content=\"article\" \/>\n<meta property=\"og:title\" content=\"La Universidad de La Laguna refuerza su apoyo a Palestina con una exposici\u00f3n y un concierto solidario - ULL - Noticias\" \/>\n<meta property=\"og:description\" content=\"La Universidad de La Laguna, en coherencia con su compromiso con los derechos humanos y la promoci\u00f3n de la paz,...\" \/>\n<meta property=\"og:url\" content=\"https:\/\/www.ull.es\/portal\/noticias\/2025\/la-universidad-de-la-laguna-refuerza-su-apoyo-a-palestina-con-una-exposicion-y-un-concierto-solidario\/\" \/>\n<meta property=\"og:site_name\" content=\"ULL - Noticias\" \/>\n<meta property=\"article:publisher\" content=\"https:\/\/www.facebook.com\/universidaddelalaguna\/\" \/>\n<meta property=\"article:published_time\" content=\"2025-09-22T12:54:02+00:00\" \/>\n<meta property=\"article:modified_time\" content=\"2025-09-23T13:19:32+00:00\" \/>\n<meta property=\"og:image\" content=\"https:\/\/www.ull.es\/portal\/noticias\/wp-content\/uploads\/sites\/13\/2025\/09\/CONCIERTO-SOLIDARIO-.jpg\" \/>\n\t<meta property=\"og:image:width\" content=\"1600\" \/>\n\t<meta property=\"og:image:height\" content=\"789\" \/>\n\t<meta property=\"og:image:type\" content=\"image\/jpeg\" \/>\n<meta name=\"author\" content=\"gaprsa\" \/>\n<meta name=\"twitter:card\" content=\"summary_large_image\" \/>\n<meta name=\"twitter:creator\" content=\"@CanalULL\" \/>\n<meta name=\"twitter:site\" content=\"@CanalULL\" \/>\n<meta name=\"twitter:label1\" content=\"Escrito por\" \/>\n\t<meta name=\"twitter:data1\" content=\"gaprsa\" \/>\n\t<meta name=\"twitter:label2\" content=\"Tiempo de lectura\" \/>\n\t<meta name=\"twitter:data2\" content=\"3 minutos\" \/>\n<script type=\"application\/ld+json\" class=\"yoast-schema-graph\">{\"@context\":\"https:\/\/schema.org\",\"@graph\":[{\"@type\":\"WebPage\",\"@id\":\"https:\/\/www.ull.es\/portal\/noticias\/2025\/la-universidad-de-la-laguna-refuerza-su-apoyo-a-palestina-con-una-exposicion-y-un-concierto-solidario\/\",\"url\":\"https:\/\/www.ull.es\/portal\/noticias\/2025\/la-universidad-de-la-laguna-refuerza-su-apoyo-a-palestina-con-una-exposicion-y-un-concierto-solidario\/\",\"name\":\"La Universidad de La Laguna refuerza su apoyo a Palestina con una exposici\u00f3n y un concierto solidario - ULL - Noticias\",\"isPartOf\":{\"@id\":\"https:\/\/www.ull.es\/portal\/noticias\/#website\"},\"datePublished\":\"2025-09-22T12:54:02+00:00\",\"dateModified\":\"2025-09-23T13:19:32+00:00\",\"author\":{\"@id\":\"https:\/\/www.ull.es\/portal\/noticias\/#\/schema\/person\/b2b1a89d43ffa609e591f7df8ef3e817\"},\"breadcrumb\":{\"@id\":\"https:\/\/www.ull.es\/portal\/noticias\/2025\/la-universidad-de-la-laguna-refuerza-su-apoyo-a-palestina-con-una-exposicion-y-un-concierto-solidario\/#breadcrumb\"},\"inLanguage\":\"es\",\"potentialAction\":[{\"@type\":\"ReadAction\",\"target\":[\"https:\/\/www.ull.es\/portal\/noticias\/2025\/la-universidad-de-la-laguna-refuerza-su-apoyo-a-palestina-con-una-exposicion-y-un-concierto-solidario\/\"]}]},{\"@type\":\"BreadcrumbList\",\"@id\":\"https:\/\/www.ull.es\/portal\/noticias\/2025\/la-universidad-de-la-laguna-refuerza-su-apoyo-a-palestina-con-una-exposicion-y-un-concierto-solidario\/#breadcrumb\",\"itemListElement\":[{\"@type\":\"ListItem\",\"position\":1,\"name\":\"Portada\",\"item\":\"https:\/\/www.ull.es\/portal\/noticias\/\"},{\"@type\":\"ListItem\",\"position\":2,\"name\":\"La Universidad de La Laguna refuerza su apoyo a Palestina con una exposici\u00f3n y un concierto solidario\"}]},{\"@type\":\"WebSite\",\"@id\":\"https:\/\/www.ull.es\/portal\/noticias\/#website\",\"url\":\"https:\/\/www.ull.es\/portal\/noticias\/\",\"name\":\"ULL - Noticias\",\"description\":\"\",\"potentialAction\":[{\"@type\":\"SearchAction\",\"target\":{\"@type\":\"EntryPoint\",\"urlTemplate\":\"https:\/\/www.ull.es\/portal\/noticias\/?s={search_term_string}\"},\"query-input\":\"required name=search_term_string\"}],\"inLanguage\":\"es\"},{\"@type\":\"Person\",\"@id\":\"https:\/\/www.ull.es\/portal\/noticias\/#\/schema\/person\/b2b1a89d43ffa609e591f7df8ef3e817\",\"name\":\"gaprsa\",\"image\":{\"@type\":\"ImageObject\",\"inLanguage\":\"es\",\"@id\":\"https:\/\/www.ull.es\/portal\/noticias\/#\/schema\/person\/image\/\",\"url\":\"https:\/\/secure.gravatar.com\/avatar\/443820550921091458b4823867723b3d?s=96&d=mm&r=g\",\"contentUrl\":\"https:\/\/secure.gravatar.com\/avatar\/443820550921091458b4823867723b3d?s=96&d=mm&r=g\",\"caption\":\"gaprsa\"},\"url\":\"https:\/\/www.ull.es\/portal\/noticias\/author\/gaprsa\/\"}]}<\/script>\n<!-- \/ Yoast SEO plugin. -->","yoast_head_json":{"title":"La Universidad de La Laguna refuerza su apoyo a Palestina con una exposici\u00f3n y un concierto solidario - ULL - Noticias","robots":{"index":"index","follow":"follow","max-snippet":"max-snippet:-1","max-image-preview":"max-image-preview:large","max-video-preview":"max-video-preview:-1"},"canonical":"https:\/\/www.ull.es\/portal\/noticias\/2025\/la-universidad-de-la-laguna-refuerza-su-apoyo-a-palestina-con-una-exposicion-y-un-concierto-solidario\/","og_locale":"es_ES","og_type":"article","og_title":"La Universidad de La Laguna refuerza su apoyo a Palestina con una exposici\u00f3n y un concierto solidario - ULL - Noticias","og_description":"La Universidad de La Laguna, en coherencia con su compromiso con los derechos humanos y la promoci\u00f3n de la paz,...","og_url":"https:\/\/www.ull.es\/portal\/noticias\/2025\/la-universidad-de-la-laguna-refuerza-su-apoyo-a-palestina-con-una-exposicion-y-un-concierto-solidario\/","og_site_name":"ULL - Noticias","article_publisher":"https:\/\/www.facebook.com\/universidaddelalaguna\/","article_published_time":"2025-09-22T12:54:02+00:00","article_modified_time":"2025-09-23T13:19:32+00:00","og_image":[{"width":1600,"height":789,"url":"https:\/\/www.ull.es\/portal\/noticias\/wp-content\/uploads\/sites\/13\/2025\/09\/CONCIERTO-SOLIDARIO-.jpg","type":"image\/jpeg"}],"author":"gaprsa","twitter_card":"summary_large_image","twitter_creator":"@CanalULL","twitter_site":"@CanalULL","twitter_misc":{"Escrito por":"gaprsa","Tiempo de lectura":"3 minutos"},"schema":{"@context":"https:\/\/schema.org","@graph":[{"@type":"WebPage","@id":"https:\/\/www.ull.es\/portal\/noticias\/2025\/la-universidad-de-la-laguna-refuerza-su-apoyo-a-palestina-con-una-exposicion-y-un-concierto-solidario\/","url":"https:\/\/www.ull.es\/portal\/noticias\/2025\/la-universidad-de-la-laguna-refuerza-su-apoyo-a-palestina-con-una-exposicion-y-un-concierto-solidario\/","name":"La Universidad de La Laguna refuerza su apoyo a Palestina con una exposici\u00f3n y un concierto solidario - ULL - Noticias","isPartOf":{"@id":"https:\/\/www.ull.es\/portal\/noticias\/#website"},"datePublished":"2025-09-22T12:54:02+00:00","dateModified":"2025-09-23T13:19:32+00:00","author":{"@id":"https:\/\/www.ull.es\/portal\/noticias\/#\/schema\/person\/b2b1a89d43ffa609e591f7df8ef3e817"},"breadcrumb":{"@id":"https:\/\/www.ull.es\/portal\/noticias\/2025\/la-universidad-de-la-laguna-refuerza-su-apoyo-a-palestina-con-una-exposicion-y-un-concierto-solidario\/#breadcrumb"},"inLanguage":"es","potentialAction":[{"@type":"ReadAction","target":["https:\/\/www.ull.es\/portal\/noticias\/2025\/la-universidad-de-la-laguna-refuerza-su-apoyo-a-palestina-con-una-exposicion-y-un-concierto-solidario\/"]}]},{"@type":"BreadcrumbList","@id":"https:\/\/www.ull.es\/portal\/noticias\/2025\/la-universidad-de-la-laguna-refuerza-su-apoyo-a-palestina-con-una-exposicion-y-un-concierto-solidario\/#breadcrumb","itemListElement":[{"@type":"ListItem","position":1,"name":"Portada","item":"https:\/\/www.ull.es\/portal\/noticias\/"},{"@type":"ListItem","position":2,"name":"La Universidad de La Laguna refuerza su apoyo a Palestina con una exposici\u00f3n y un concierto solidario"}]},{"@type":"WebSite","@id":"https:\/\/www.ull.es\/portal\/noticias\/#website","url":"https:\/\/www.ull.es\/portal\/noticias\/","name":"ULL - Noticias","description":"","potentialAction":[{"@type":"SearchAction","target":{"@type":"EntryPoint","urlTemplate":"https:\/\/www.ull.es\/portal\/noticias\/?s={search_term_string}"},"query-input":"required name=search_term_string"}],"inLanguage":"es"},{"@type":"Person","@id":"https:\/\/www.ull.es\/portal\/noticias\/#\/schema\/person\/b2b1a89d43ffa609e591f7df8ef3e817","name":"gaprsa","image":{"@type":"ImageObject","inLanguage":"es","@id":"https:\/\/www.ull.es\/portal\/noticias\/#\/schema\/person\/image\/","url":"https:\/\/secure.gravatar.com\/avatar\/443820550921091458b4823867723b3d?s=96&d=mm&r=g","contentUrl":"https:\/\/secure.gravatar.com\/avatar\/443820550921091458b4823867723b3d?s=96&d=mm&r=g","caption":"gaprsa"},"url":"https:\/\/www.ull.es\/portal\/noticias\/author\/gaprsa\/"}]}},"primary_category":{"id":345,"name":"Destacado","slug":"destacado","link":"https:\/\/www.ull.es\/portal\/noticias\/category\/destacado\/"},"featured_image_thumbnail_url":"https:\/\/www.ull.es\/portal\/noticias\/wp-content\/uploads\/sites\/13\/2025\/09\/CONCIERTO-SOLIDARIO--300x148.jpg","_links":{"self":[{"href":"https:\/\/www.ull.es\/portal\/noticias\/wp-json\/wp\/v2\/posts\/84292"}],"collection":[{"href":"https:\/\/www.ull.es\/portal\/noticias\/wp-json\/wp\/v2\/posts"}],"about":[{"href":"https:\/\/www.ull.es\/portal\/noticias\/wp-json\/wp\/v2\/types\/post"}],"author":[{"embeddable":true,"href":"https:\/\/www.ull.es\/portal\/noticias\/wp-json\/wp\/v2\/users\/23"}],"replies":[{"embeddable":true,"href":"https:\/\/www.ull.es\/portal\/noticias\/wp-json\/wp\/v2\/comments?post=84292"}],"version-history":[{"count":5,"href":"https:\/\/www.ull.es\/portal\/noticias\/wp-json\/wp\/v2\/posts\/84292\/revisions"}],"predecessor-version":[{"id":84334,"href":"https:\/\/www.ull.es\/portal\/noticias\/wp-json\/wp\/v2\/posts\/84292\/revisions\/84334"}],"wp:featuredmedia":[{"embeddable":true,"href":"https:\/\/www.ull.es\/portal\/noticias\/wp-json\/wp\/v2\/media\/84295"}],"wp:attachment":[{"href":"https:\/\/www.ull.es\/portal\/noticias\/wp-json\/wp\/v2\/media?parent=84292"}],"wp:term":[{"taxonomy":"category","embeddable":true,"href":"https:\/\/www.ull.es\/portal\/noticias\/wp-json\/wp\/v2\/categories?post=84292"},{"taxonomy":"post_tag","embeddable":true,"href":"https:\/\/www.ull.es\/portal\/noticias\/wp-json\/wp\/v2\/tags?post=84292"}],"curies":[{"name":"wp","href":"https:\/\/api.w.org\/{rel}","templated":true}]}}