{"id":84307,"date":"2025-09-23T08:43:11","date_gmt":"2025-09-23T08:43:11","guid":{"rendered":"https:\/\/www.ull.es\/portal\/noticias\/?p=84307"},"modified":"2025-09-24T09:04:36","modified_gmt":"2025-09-24T09:04:36","slug":"zapata-inicio-curso-adeje-cambio-comunitario","status":"publish","type":"post","link":"https:\/\/www.ull.es\/portal\/noticias\/2025\/zapata-inicio-curso-adeje-cambio-comunitario\/","title":{"rendered":"Zapata reivindic\u00f3 en el inicio del curso en Adeje situar a las personas en el centro como motor del cambio comunitario"},"content":{"rendered":"<p>El profesor titular de Geograf\u00eda Humana de la Universidad de La Laguna <a href=\"https:\/\/portalciencia.ull.es\/investigadores\/81889\/detalle\" target=\"_blank\" rel=\"noopener\" target=\"_blank\" rel=\"noopener\">Vicente Zapata Hern\u00e1ndez<\/a> ha reivindicado situar a las personas en el centro como motor indispensable para el cambio comunitario durante la lecci\u00f3n inaugural de la apertura del curso del Grado de Turismo celebrada en la ma\u00f1ana de ayer, 22 de septiembre, en Adeje. El rector de la Universidad de La Laguna, Francisco Garc\u00eda, y el alcalde de Adeje, Jos\u00e9 Miguel Rodr\u00edguez Fraga, presidieron el evento que tuvo lugar en el Convento de Adeje y al que acudi\u00f3 profesorado y alumnado del centro acad\u00e9mico, la corporaci\u00f3n municipal, empresariado y autoridades. Tambi\u00e9n estuvieron presentes la vicerrectora de Cultura y Extensi\u00f3n Universitaria, Isabel Le\u00f3n; la decana de la Facultad de Econom\u00eda, Empresa y Turismo, In\u00e9s Ruiz; y el concejal del \u00c1rea de Cultura, Deportes y Educaci\u00f3n del Ayuntamiento de Adeje, Adolfo Alonso.<\/p>\n<p>El rector fue el encargado de cerrar la sesi\u00f3n inaugural manifestando su preocupaci\u00f3n ante los tiempos \u201ccomplejos\u201d en los que se hace dif\u00edcil para las universidades desarrollar su labor. \u201cLa verdad es un bien escaso porque vivimos una era de desinformaci\u00f3n, manipulaci\u00f3n, donde distintos relatos compiten con la verdad para influir y manipular\u201d. Por ello, en este mundo \u201ccomplejo de realidad l\u00edquida\u201d se\u00f1al\u00f3 que existe una sensaci\u00f3n de miedo colectivo que permea en las sociedades y llega a afectar a la pol\u00edtica. \u201cEl futuro solo est\u00e1 equiparado a la diversidad y la equidad, por lo que creo que, en ese proceso de creaci\u00f3n de miedo a escala global, las universidades tenemos que resistir y ofrecer conocimiento riguroso basado en evidencias\u201d.<\/p>\n<div id=\"attachment_84309\" style=\"width: 310px\" class=\"wp-caption alignleft\"><a href=\"https:\/\/www.ull.es\/portal\/noticias\/wp-content\/uploads\/sites\/13\/2025\/09\/apertura-adeje-rector-alcalde.jpg\" target=\"_blank\" rel=\"noopener\" target=\"_blank\" rel=\"noopener\"><img aria-describedby=\"caption-attachment-84309\" decoding=\"async\" loading=\"lazy\" class=\"wp-image-84309 size-medium\" src=\"https:\/\/www.ull.es\/portal\/noticias\/wp-content\/uploads\/sites\/13\/2025\/09\/apertura-adeje-rector-alcalde-300x200.jpg\" alt=\"El alcalde, Jos\u00e9 Miguel Rodr\u00edguez; el rector, Francisco Garc\u00eda; y la vicerrectora de Cultura y Extensi\u00f3n Universitaria, Isabel Le\u00f3n. \" width=\"300\" height=\"200\" srcset=\"https:\/\/www.ull.es\/portal\/noticias\/wp-content\/uploads\/sites\/13\/2025\/09\/apertura-adeje-rector-alcalde-300x200.jpg 300w, https:\/\/www.ull.es\/portal\/noticias\/wp-content\/uploads\/sites\/13\/2025\/09\/apertura-adeje-rector-alcalde-1024x683.jpg 1024w, https:\/\/www.ull.es\/portal\/noticias\/wp-content\/uploads\/sites\/13\/2025\/09\/apertura-adeje-rector-alcalde-768x512.jpg 768w, https:\/\/www.ull.es\/portal\/noticias\/wp-content\/uploads\/sites\/13\/2025\/09\/apertura-adeje-rector-alcalde-375x250.jpg 375w, https:\/\/www.ull.es\/portal\/noticias\/wp-content\/uploads\/sites\/13\/2025\/09\/apertura-adeje-rector-alcalde-750x500.jpg 750w, https:\/\/www.ull.es\/portal\/noticias\/wp-content\/uploads\/sites\/13\/2025\/09\/apertura-adeje-rector-alcalde-1140x760.jpg 1140w, https:\/\/www.ull.es\/portal\/noticias\/wp-content\/uploads\/sites\/13\/2025\/09\/apertura-adeje-rector-alcalde.jpg 1200w\" sizes=\"(max-width: 300px) 100vw, 300px\" \/><\/a><p id=\"caption-attachment-84309\" class=\"wp-caption-text\">El alcalde, Jos\u00e9 Miguel Rodr\u00edguez; el rector, Francisco Garc\u00eda; y la vicerrectora de Cultura y Extensi\u00f3n Universitaria, Isabel Le\u00f3n.<\/p><\/div>\n<p>Garc\u00eda aprovech\u00f3 la presencia de alumnado del Instituto IES Adeje II para comentar que la universidad est\u00e1 en proceso de dise\u00f1o de nuevas titulaciones, para implantarlas en el pr\u00f3ximo curso 2026\/27. \u201cTenemos este curso siete nuevos dobles grados, hemos aumentado el alumnado de nuevo ingreso y recientes informes constatan la importancia de la experiencia universitaria vinculada con el empleo\u201d. As\u00ed, record\u00f3 que, si bien la tasa de desempleo es del 13,5 %, entre universitarios est\u00e1 en un 7% y, si tienen m\u00e1ster o doctorado, la cifra es incluso menor. Reconoci\u00f3 que el reto de la academia es la rapidez: \u201cTenemos que adaptarnos m\u00e1s \u00e1gilmente a las constantes demandas del tejido productivo\u201d.<\/p>\n<p>Por su parte, el alcalde de Adeje puso el foco en dos aspectos, el primero de los cuales fue reafirmar su compromiso y el del ayuntamiento con la universidad para impulsar un turismo de calidad que revierta en la poblaci\u00f3n local, mejorando sus condiciones de vida a trav\u00e9s del conocimiento, la formaci\u00f3n y la inteligencia colectiva. \u201cEl Campus del Sur ya ha atendido a m\u00e1s de 500 alumnos y alumnas, muchos de ellos ya situados en el \u00e1mbito laboral. Es un proceso que se retroalimenta, porque mejores condiciones de empleabilidad repercuten en una mejora de las condiciones del servicio\u201d.<\/p>\n<p>Rodr\u00edguez Fraga subray\u00f3 que el futuro del sector tur\u00edstico no puede sostenerse en discursos vac\u00edos, gritos o decisiones apresuradas. \u201cDebemos apoyarnos en la investigaci\u00f3n, la experimentaci\u00f3n y la reflexi\u00f3n profunda. Desde esta perspectiva, la alianza con la Universidad de La Laguna se convierte en un valor estrat\u00e9gico para avanzar hacia un modelo tur\u00edstico sostenible que apueste por la calidad y evite los riesgos de la masificaci\u00f3n o de ofertas incontroladas que degradan el destino\u201d. Puso en valor que \u201cel destino Costa Adeje est\u00e1 bien posicionado, el conjunto de trabajadores est\u00e1 comprometido, haciendo esfuerzos para la formaci\u00f3n continua y con el empresariado siempre buscando nuevas sinergias en alianza con la universidad\u201d.<\/p>\n<p><strong>Cambio comunitario<\/strong><\/p>\n<p>En su lecci\u00f3n inaugural, Vicente Zapata explic\u00f3 que, si bien las personas deben situarse en el centro del esfuerzo principal durante los cambios comunitarios, se da la paradoja de que son otros actores los que deciden d\u00f3nde, c\u00f3mo, cu\u00e1ndo, para qu\u00e9 y porqu\u00e9 se sit\u00faan.<\/p>\n<p><a href=\"https:\/\/www.ull.es\/portal\/noticias\/wp-content\/uploads\/sites\/13\/2025\/09\/aperturas-adeje-general.jpg\" target=\"_blank\" rel=\"noopener\" target=\"_blank\" rel=\"noopener\"><img decoding=\"async\" loading=\"lazy\" class=\"alignright wp-image-84310 size-medium\" src=\"https:\/\/www.ull.es\/portal\/noticias\/wp-content\/uploads\/sites\/13\/2025\/09\/aperturas-adeje-general-300x200.jpg\" alt=\"\" width=\"300\" height=\"200\" srcset=\"https:\/\/www.ull.es\/portal\/noticias\/wp-content\/uploads\/sites\/13\/2025\/09\/aperturas-adeje-general-300x200.jpg 300w, https:\/\/www.ull.es\/portal\/noticias\/wp-content\/uploads\/sites\/13\/2025\/09\/aperturas-adeje-general-1024x683.jpg 1024w, https:\/\/www.ull.es\/portal\/noticias\/wp-content\/uploads\/sites\/13\/2025\/09\/aperturas-adeje-general-768x512.jpg 768w, https:\/\/www.ull.es\/portal\/noticias\/wp-content\/uploads\/sites\/13\/2025\/09\/aperturas-adeje-general-375x250.jpg 375w, https:\/\/www.ull.es\/portal\/noticias\/wp-content\/uploads\/sites\/13\/2025\/09\/aperturas-adeje-general-750x500.jpg 750w, https:\/\/www.ull.es\/portal\/noticias\/wp-content\/uploads\/sites\/13\/2025\/09\/aperturas-adeje-general-1140x760.jpg 1140w, https:\/\/www.ull.es\/portal\/noticias\/wp-content\/uploads\/sites\/13\/2025\/09\/aperturas-adeje-general.jpg 1200w\" sizes=\"(max-width: 300px) 100vw, 300px\" \/><\/a>Zapata incidi\u00f3 tambi\u00e9n en la corresponsabilidad: \u201cToda persona tiene deberes respecto a la comunidad, puesto que solo en ella puede desarrollar libremente su personalidad. Somos parte esencial de la construcci\u00f3n comunitaria\u201d. Y plante\u00f3 la necesidad de establecer pol\u00edticas que no sean paternalistas. \u201c\u00bfRealmente estamos contribuyendo a que las personas se sit\u00faen en el centro, se proyecten m\u00e1s all\u00e1 de sus entornos, logren un protagonismo mayor en sus vidas y construyan comunidades valiosas?,\u201d se pregunt\u00f3 el experto. \u201cSi no generamos marcos de corresponsabilidad, se acentuar\u00e1n las diferencias sociales y territoriales. El reto demogr\u00e1fico es una oportunidad \u00fanica para volver a sintonizar a nuestra sociedad con las ondas comunitarias\u201d, asegur\u00f3 Zapata Hern\u00e1ndez, para quien \u201cel sur de Tenerife, con su diversidad actual, es un escenario privilegiado\u201d.<\/p>\n<p>El ponente inaugural plante\u00f3 algunas propuestas para alcanzar esta meta a trav\u00e9s de algunas iniciativas exitosas puestas en marcha en Adeje como \u201cBarrios ODS\u201d y \u201cAdeje Amigable\u201d, impulsadas en colaboraci\u00f3n con las diferentes administraciones y la universidad. \u201cEl barrio propicia el encuentro y favorece la comprensi\u00f3n de procesos generales como las migraciones. Construir una comunidad es articular de manera adecuada a sus componentes a trav\u00e9s del encuentro, para que cada uno desempe\u00f1e el papel que le corresponde. Estaremos entonces construyendo sociedades m\u00e1s cohesionadas donde cada persona encuentre su centralidad\u201d.<\/p>\n<p>La apertura del Grado de Turismo en Adeje cont\u00f3, adem\u00e1s, con la participaci\u00f3n del profesorado y directiva de la Escuela de M\u00fasica del municipio sure\u00f1o, as\u00ed como la cantante local Ainhoa Aguilar.<\/p>\n","protected":false},"excerpt":{"rendered":"<p>El profesor titular de Geograf\u00eda Humana de la Universidad de La Laguna Vicente Zapata Hern\u00e1ndez ha reivindicado situar a las&#8230;<\/p>\n","protected":false},"author":21,"featured_media":84308,"comment_status":"closed","ping_status":"closed","sticky":false,"template":"","format":"standard","meta":{"inline_featured_image":false,"footnotes":""},"categories":[345,3906,3872,348,2765],"tags":[391,692,8908,1397,1661,2604],"acf":[],"yoast_head":"<!-- This site is optimized with the Yoast SEO plugin v21.3 - https:\/\/yoast.com\/wordpress\/plugins\/seo\/ -->\n<title>Vicente Zapata dict\u00f3 la lecci\u00f3n inaugural del curso Adeje<\/title>\n<meta name=\"description\" content=\"El profesor de Geograf\u00eda Humana de la ULL reivindic\u00f3 situar a las personas en el centro como motor de todo proceso de cambio comunitario.\" \/>\n<meta name=\"robots\" content=\"index, follow, max-snippet:-1, max-image-preview:large, max-video-preview:-1\" \/>\n<link rel=\"canonical\" href=\"https:\/\/www.ull.es\/portal\/noticias\/2025\/zapata-inicio-curso-adeje-cambio-comunitario\/\" \/>\n<meta property=\"og:locale\" content=\"es_ES\" \/>\n<meta property=\"og:type\" content=\"article\" \/>\n<meta property=\"og:title\" content=\"Vicente Zapata dict\u00f3 la lecci\u00f3n inaugural del curso Adeje\" \/>\n<meta property=\"og:description\" content=\"El profesor de Geograf\u00eda Humana de la ULL reivindic\u00f3 situar a las personas en el centro como motor de todo proceso de cambio comunitario.\" \/>\n<meta property=\"og:url\" content=\"https:\/\/www.ull.es\/portal\/noticias\/2025\/zapata-inicio-curso-adeje-cambio-comunitario\/\" \/>\n<meta property=\"og:site_name\" content=\"ULL - Noticias\" \/>\n<meta property=\"article:publisher\" content=\"https:\/\/www.facebook.com\/universidaddelalaguna\/\" \/>\n<meta property=\"article:published_time\" content=\"2025-09-23T08:43:11+00:00\" \/>\n<meta property=\"article:modified_time\" content=\"2025-09-24T09:04:36+00:00\" \/>\n<meta property=\"og:image\" content=\"https:\/\/www.ull.es\/portal\/noticias\/wp-content\/uploads\/sites\/13\/2025\/09\/apertura-adeje-zapata.jpg\" \/>\n\t<meta property=\"og:image:width\" content=\"1200\" \/>\n\t<meta property=\"og:image:height\" content=\"800\" \/>\n\t<meta property=\"og:image:type\" content=\"image\/jpeg\" \/>\n<meta name=\"author\" content=\"prensa2\" \/>\n<meta name=\"twitter:card\" content=\"summary_large_image\" \/>\n<meta name=\"twitter:creator\" content=\"@CanalULL\" \/>\n<meta name=\"twitter:site\" content=\"@CanalULL\" \/>\n<meta name=\"twitter:label1\" content=\"Escrito por\" \/>\n\t<meta name=\"twitter:data1\" content=\"prensa2\" \/>\n\t<meta name=\"twitter:label2\" content=\"Tiempo de lectura\" \/>\n\t<meta name=\"twitter:data2\" content=\"5 minutos\" \/>\n<script type=\"application\/ld+json\" class=\"yoast-schema-graph\">{\"@context\":\"https:\/\/schema.org\",\"@graph\":[{\"@type\":\"WebPage\",\"@id\":\"https:\/\/www.ull.es\/portal\/noticias\/2025\/zapata-inicio-curso-adeje-cambio-comunitario\/\",\"url\":\"https:\/\/www.ull.es\/portal\/noticias\/2025\/zapata-inicio-curso-adeje-cambio-comunitario\/\",\"name\":\"Vicente Zapata dict\u00f3 la lecci\u00f3n inaugural del curso Adeje\",\"isPartOf\":{\"@id\":\"https:\/\/www.ull.es\/portal\/noticias\/#website\"},\"datePublished\":\"2025-09-23T08:43:11+00:00\",\"dateModified\":\"2025-09-24T09:04:36+00:00\",\"author\":{\"@id\":\"https:\/\/www.ull.es\/portal\/noticias\/#\/schema\/person\/c3b2aa857797592927a03740d6664376\"},\"description\":\"El profesor de Geograf\u00eda Humana de la ULL reivindic\u00f3 situar a las personas en el centro como motor de todo proceso de cambio comunitario.\",\"breadcrumb\":{\"@id\":\"https:\/\/www.ull.es\/portal\/noticias\/2025\/zapata-inicio-curso-adeje-cambio-comunitario\/#breadcrumb\"},\"inLanguage\":\"es\",\"potentialAction\":[{\"@type\":\"ReadAction\",\"target\":[\"https:\/\/www.ull.es\/portal\/noticias\/2025\/zapata-inicio-curso-adeje-cambio-comunitario\/\"]}]},{\"@type\":\"BreadcrumbList\",\"@id\":\"https:\/\/www.ull.es\/portal\/noticias\/2025\/zapata-inicio-curso-adeje-cambio-comunitario\/#breadcrumb\",\"itemListElement\":[{\"@type\":\"ListItem\",\"position\":1,\"name\":\"Portada\",\"item\":\"https:\/\/www.ull.es\/portal\/noticias\/\"},{\"@type\":\"ListItem\",\"position\":2,\"name\":\"Zapata reivindic\u00f3 en el inicio del curso en Adeje situar a las personas en el centro como motor del cambio comunitario\"}]},{\"@type\":\"WebSite\",\"@id\":\"https:\/\/www.ull.es\/portal\/noticias\/#website\",\"url\":\"https:\/\/www.ull.es\/portal\/noticias\/\",\"name\":\"ULL - Noticias\",\"description\":\"\",\"potentialAction\":[{\"@type\":\"SearchAction\",\"target\":{\"@type\":\"EntryPoint\",\"urlTemplate\":\"https:\/\/www.ull.es\/portal\/noticias\/?s={search_term_string}\"},\"query-input\":\"required name=search_term_string\"}],\"inLanguage\":\"es\"},{\"@type\":\"Person\",\"@id\":\"https:\/\/www.ull.es\/portal\/noticias\/#\/schema\/person\/c3b2aa857797592927a03740d6664376\",\"name\":\"prensa2\",\"image\":{\"@type\":\"ImageObject\",\"inLanguage\":\"es\",\"@id\":\"https:\/\/www.ull.es\/portal\/noticias\/#\/schema\/person\/image\/\",\"url\":\"https:\/\/secure.gravatar.com\/avatar\/b58f310a5de5feb33d1e026d2493f23c?s=96&d=mm&r=g\",\"contentUrl\":\"https:\/\/secure.gravatar.com\/avatar\/b58f310a5de5feb33d1e026d2493f23c?s=96&d=mm&r=g\",\"caption\":\"prensa2\"},\"url\":\"https:\/\/www.ull.es\/portal\/noticias\/author\/prensa2\/\"}]}<\/script>\n<!-- \/ Yoast SEO plugin. -->","yoast_head_json":{"title":"Vicente Zapata dict\u00f3 la lecci\u00f3n inaugural del curso Adeje","description":"El profesor de Geograf\u00eda Humana de la ULL reivindic\u00f3 situar a las personas en el centro como motor de todo proceso de cambio comunitario.","robots":{"index":"index","follow":"follow","max-snippet":"max-snippet:-1","max-image-preview":"max-image-preview:large","max-video-preview":"max-video-preview:-1"},"canonical":"https:\/\/www.ull.es\/portal\/noticias\/2025\/zapata-inicio-curso-adeje-cambio-comunitario\/","og_locale":"es_ES","og_type":"article","og_title":"Vicente Zapata dict\u00f3 la lecci\u00f3n inaugural del curso Adeje","og_description":"El profesor de Geograf\u00eda Humana de la ULL reivindic\u00f3 situar a las personas en el centro como motor de todo proceso de cambio comunitario.","og_url":"https:\/\/www.ull.es\/portal\/noticias\/2025\/zapata-inicio-curso-adeje-cambio-comunitario\/","og_site_name":"ULL - Noticias","article_publisher":"https:\/\/www.facebook.com\/universidaddelalaguna\/","article_published_time":"2025-09-23T08:43:11+00:00","article_modified_time":"2025-09-24T09:04:36+00:00","og_image":[{"width":1200,"height":800,"url":"https:\/\/www.ull.es\/portal\/noticias\/wp-content\/uploads\/sites\/13\/2025\/09\/apertura-adeje-zapata.jpg","type":"image\/jpeg"}],"author":"prensa2","twitter_card":"summary_large_image","twitter_creator":"@CanalULL","twitter_site":"@CanalULL","twitter_misc":{"Escrito por":"prensa2","Tiempo de lectura":"5 minutos"},"schema":{"@context":"https:\/\/schema.org","@graph":[{"@type":"WebPage","@id":"https:\/\/www.ull.es\/portal\/noticias\/2025\/zapata-inicio-curso-adeje-cambio-comunitario\/","url":"https:\/\/www.ull.es\/portal\/noticias\/2025\/zapata-inicio-curso-adeje-cambio-comunitario\/","name":"Vicente Zapata dict\u00f3 la lecci\u00f3n inaugural del curso Adeje","isPartOf":{"@id":"https:\/\/www.ull.es\/portal\/noticias\/#website"},"datePublished":"2025-09-23T08:43:11+00:00","dateModified":"2025-09-24T09:04:36+00:00","author":{"@id":"https:\/\/www.ull.es\/portal\/noticias\/#\/schema\/person\/c3b2aa857797592927a03740d6664376"},"description":"El profesor de Geograf\u00eda Humana de la ULL reivindic\u00f3 situar a las personas en el centro como motor de todo proceso de cambio comunitario.","breadcrumb":{"@id":"https:\/\/www.ull.es\/portal\/noticias\/2025\/zapata-inicio-curso-adeje-cambio-comunitario\/#breadcrumb"},"inLanguage":"es","potentialAction":[{"@type":"ReadAction","target":["https:\/\/www.ull.es\/portal\/noticias\/2025\/zapata-inicio-curso-adeje-cambio-comunitario\/"]}]},{"@type":"BreadcrumbList","@id":"https:\/\/www.ull.es\/portal\/noticias\/2025\/zapata-inicio-curso-adeje-cambio-comunitario\/#breadcrumb","itemListElement":[{"@type":"ListItem","position":1,"name":"Portada","item":"https:\/\/www.ull.es\/portal\/noticias\/"},{"@type":"ListItem","position":2,"name":"Zapata reivindic\u00f3 en el inicio del curso en Adeje situar a las personas en el centro como motor del cambio comunitario"}]},{"@type":"WebSite","@id":"https:\/\/www.ull.es\/portal\/noticias\/#website","url":"https:\/\/www.ull.es\/portal\/noticias\/","name":"ULL - Noticias","description":"","potentialAction":[{"@type":"SearchAction","target":{"@type":"EntryPoint","urlTemplate":"https:\/\/www.ull.es\/portal\/noticias\/?s={search_term_string}"},"query-input":"required name=search_term_string"}],"inLanguage":"es"},{"@type":"Person","@id":"https:\/\/www.ull.es\/portal\/noticias\/#\/schema\/person\/c3b2aa857797592927a03740d6664376","name":"prensa2","image":{"@type":"ImageObject","inLanguage":"es","@id":"https:\/\/www.ull.es\/portal\/noticias\/#\/schema\/person\/image\/","url":"https:\/\/secure.gravatar.com\/avatar\/b58f310a5de5feb33d1e026d2493f23c?s=96&d=mm&r=g","contentUrl":"https:\/\/secure.gravatar.com\/avatar\/b58f310a5de5feb33d1e026d2493f23c?s=96&d=mm&r=g","caption":"prensa2"},"url":"https:\/\/www.ull.es\/portal\/noticias\/author\/prensa2\/"}]}},"primary_category":{"id":345,"name":"Destacado","slug":"destacado","link":"https:\/\/www.ull.es\/portal\/noticias\/category\/destacado\/"},"featured_image_thumbnail_url":"https:\/\/www.ull.es\/portal\/noticias\/wp-content\/uploads\/sites\/13\/2025\/09\/apertura-adeje-zapata-300x200.jpg","_links":{"self":[{"href":"https:\/\/www.ull.es\/portal\/noticias\/wp-json\/wp\/v2\/posts\/84307"}],"collection":[{"href":"https:\/\/www.ull.es\/portal\/noticias\/wp-json\/wp\/v2\/posts"}],"about":[{"href":"https:\/\/www.ull.es\/portal\/noticias\/wp-json\/wp\/v2\/types\/post"}],"author":[{"embeddable":true,"href":"https:\/\/www.ull.es\/portal\/noticias\/wp-json\/wp\/v2\/users\/21"}],"replies":[{"embeddable":true,"href":"https:\/\/www.ull.es\/portal\/noticias\/wp-json\/wp\/v2\/comments?post=84307"}],"version-history":[{"count":3,"href":"https:\/\/www.ull.es\/portal\/noticias\/wp-json\/wp\/v2\/posts\/84307\/revisions"}],"predecessor-version":[{"id":84345,"href":"https:\/\/www.ull.es\/portal\/noticias\/wp-json\/wp\/v2\/posts\/84307\/revisions\/84345"}],"wp:featuredmedia":[{"embeddable":true,"href":"https:\/\/www.ull.es\/portal\/noticias\/wp-json\/wp\/v2\/media\/84308"}],"wp:attachment":[{"href":"https:\/\/www.ull.es\/portal\/noticias\/wp-json\/wp\/v2\/media?parent=84307"}],"wp:term":[{"taxonomy":"category","embeddable":true,"href":"https:\/\/www.ull.es\/portal\/noticias\/wp-json\/wp\/v2\/categories?post=84307"},{"taxonomy":"post_tag","embeddable":true,"href":"https:\/\/www.ull.es\/portal\/noticias\/wp-json\/wp\/v2\/tags?post=84307"}],"curies":[{"name":"wp","href":"https:\/\/api.w.org\/{rel}","templated":true}]}}