{"id":84341,"date":"2025-09-24T08:09:03","date_gmt":"2025-09-24T08:09:03","guid":{"rendered":"https:\/\/www.ull.es\/portal\/noticias\/?p=84341"},"modified":"2025-09-24T08:09:03","modified_gmt":"2025-09-24T08:09:03","slug":"el-paraninfo-de-la-ull-trae-fantastic-futures-la-danza-que-abre-futuros-queer","status":"publish","type":"post","link":"https:\/\/www.ull.es\/portal\/noticias\/2025\/el-paraninfo-de-la-ull-trae-fantastic-futures-la-danza-que-abre-futuros-queer\/","title":{"rendered":"El Paraninfo de la ULL trae \u2018Fantastic Futures\u2019, la danza que abre futuros queer"},"content":{"rendered":"<p>Estrenada en mayo en Bulgaria en el contexto de One Dance Festival, con una gran acogida por parte de p\u00fablico y programadores, la pieza de danza\u00a0\u2018<a href=\"https:\/\/www.ull.es\/portal\/agenda\/evento\/fantastic-futures-ff-de-aleksandar-georgiev-danza-contemporanea\/\" target=\"_blank\" rel=\"noopener\">Fantastic Futures<\/a>\u2019 (FF)\u00a0prepara su estreno para el viernes 26 de septiembre en el Paraninfo de la Universidad de La Laguna.\u00a0Las <a href=\"https:\/\/www.ecoentradas.com\/elegirsesion\/2743\" target=\"_blank\" rel=\"noopener\">entradas<\/a> ya est\u00e1n disponibles en la web del Paraninfo al precio de 8 euros.<\/p>\n<p>Se trata del trabajo coreogr\u00e1fico m\u00e1s reciente de Aleksandar Georgiev; parte de una l\u00ednea de investigaci\u00f3n que incluye \u2018The Power of S\u2019, \u2018Screensaver\u2019 y \u2018Atr\u00e1s\u2019. Estas piezas se crean desde la nostalgia queer, la suavidad radical y una mirada pol\u00edtica anal, donde observar y percibir desde atr\u00e1s se convierte en un gesto de resistencia. La pieza cuenta con el apoyo\u00a0del\u00a0Fondo Nacional de Cultura de Bulgaria,\u00a0Toplocentrala, One Dance Festival, Cabildo de Tenerife, Gobierno de Canarias y LAV-Canarias.<\/p>\n<p>En \u2018Fantastic Futures\u2019, la nostalgia no es una trampa del pasado, sino una herramienta especulativa para imaginar futuros queer colectivos. Cuestiona la idea de que la historia es fija y propone su reconstrucci\u00f3n a trav\u00e9s del deseo, la sentimentalidad y la memoria imaginativa. No se trata de reclamar un espacio, sino de reconocer que siempre ha existido, con naturaleza queer. A partir de ah\u00ed, la pieza se mueve con suavidad, lentitud y ternura radical, como un nuevo gesto punk.<\/p>\n<p>La pieza cuenta con un elenco nacional e internacional formado por Dar\u00edo\u00a0Barreto, Caterina Varela,\u00a0Mart\u00edn Los Arcos y el propio Aleksandar Georgiev. Con una banda sonora original de\u00a0Tsvetan Momchilov y una escenograf\u00eda del canario Hector Le\u00f3n.<\/p>\n<p>FF es un producto que evoca la posibilidad de un mundo m\u00e1s tierno. La activista y artista Daniasa Curbel se pregunta si ser\u00e1 la ternura una posibilidad cuando el mundo, tal y como lo conocemos, desaparezca. \u201cYo supongo que s\u00ed. Del mismo modo que pervivi\u00f3 a conquistas, genocidios y guerras nucleares, la ternura volver\u00e1 a aparecer entre los escombros de la sociedad que estamos habitando\u201d.<\/p>\n","protected":false},"excerpt":{"rendered":"<p>Estrenada en mayo en Bulgaria en el contexto de One Dance Festival, con una gran acogida por parte de p\u00fablico&#8230;<\/p>\n","protected":false},"author":23,"featured_media":84343,"comment_status":"closed","ping_status":"closed","sticky":false,"template":"","format":"standard","meta":{"inline_featured_image":false,"footnotes":""},"categories":[344,345,2765],"tags":[],"acf":[],"yoast_head":"<!-- This site is optimized with the Yoast SEO plugin v21.3 - https:\/\/yoast.com\/wordpress\/plugins\/seo\/ -->\n<title>El Paraninfo de la ULL trae \u2018Fantastic Futures\u2019, la danza que abre futuros queer - ULL - Noticias<\/title>\n<meta name=\"robots\" content=\"index, follow, max-snippet:-1, max-image-preview:large, max-video-preview:-1\" \/>\n<link rel=\"canonical\" href=\"https:\/\/www.ull.es\/portal\/noticias\/2025\/el-paraninfo-de-la-ull-trae-fantastic-futures-la-danza-que-abre-futuros-queer\/\" \/>\n<meta property=\"og:locale\" content=\"es_ES\" \/>\n<meta property=\"og:type\" content=\"article\" \/>\n<meta property=\"og:title\" content=\"El Paraninfo de la ULL trae \u2018Fantastic Futures\u2019, la danza que abre futuros queer - ULL - Noticias\" \/>\n<meta property=\"og:description\" content=\"Estrenada en mayo en Bulgaria en el contexto de One Dance Festival, con una gran acogida por parte de p\u00fablico...\" \/>\n<meta property=\"og:url\" content=\"https:\/\/www.ull.es\/portal\/noticias\/2025\/el-paraninfo-de-la-ull-trae-fantastic-futures-la-danza-que-abre-futuros-queer\/\" \/>\n<meta property=\"og:site_name\" content=\"ULL - Noticias\" \/>\n<meta property=\"article:publisher\" content=\"https:\/\/www.facebook.com\/universidaddelalaguna\/\" \/>\n<meta property=\"article:published_time\" content=\"2025-09-24T08:09:03+00:00\" \/>\n<meta property=\"og:image\" content=\"https:\/\/www.ull.es\/portal\/noticias\/wp-content\/uploads\/sites\/13\/2025\/09\/fantastic_futures.jpg\" \/>\n\t<meta property=\"og:image:width\" content=\"750\" \/>\n\t<meta property=\"og:image:height\" content=\"370\" \/>\n\t<meta property=\"og:image:type\" content=\"image\/jpeg\" \/>\n<meta name=\"author\" content=\"gaprsa\" \/>\n<meta name=\"twitter:card\" content=\"summary_large_image\" \/>\n<meta name=\"twitter:creator\" content=\"@CanalULL\" \/>\n<meta name=\"twitter:site\" content=\"@CanalULL\" \/>\n<meta name=\"twitter:label1\" content=\"Escrito por\" \/>\n\t<meta name=\"twitter:data1\" content=\"gaprsa\" \/>\n\t<meta name=\"twitter:label2\" content=\"Tiempo de lectura\" \/>\n\t<meta name=\"twitter:data2\" content=\"2 minutos\" \/>\n<script type=\"application\/ld+json\" class=\"yoast-schema-graph\">{\"@context\":\"https:\/\/schema.org\",\"@graph\":[{\"@type\":\"WebPage\",\"@id\":\"https:\/\/www.ull.es\/portal\/noticias\/2025\/el-paraninfo-de-la-ull-trae-fantastic-futures-la-danza-que-abre-futuros-queer\/\",\"url\":\"https:\/\/www.ull.es\/portal\/noticias\/2025\/el-paraninfo-de-la-ull-trae-fantastic-futures-la-danza-que-abre-futuros-queer\/\",\"name\":\"El Paraninfo de la ULL trae \u2018Fantastic Futures\u2019, la danza que abre futuros queer - ULL - Noticias\",\"isPartOf\":{\"@id\":\"https:\/\/www.ull.es\/portal\/noticias\/#website\"},\"datePublished\":\"2025-09-24T08:09:03+00:00\",\"dateModified\":\"2025-09-24T08:09:03+00:00\",\"author\":{\"@id\":\"https:\/\/www.ull.es\/portal\/noticias\/#\/schema\/person\/b2b1a89d43ffa609e591f7df8ef3e817\"},\"breadcrumb\":{\"@id\":\"https:\/\/www.ull.es\/portal\/noticias\/2025\/el-paraninfo-de-la-ull-trae-fantastic-futures-la-danza-que-abre-futuros-queer\/#breadcrumb\"},\"inLanguage\":\"es\",\"potentialAction\":[{\"@type\":\"ReadAction\",\"target\":[\"https:\/\/www.ull.es\/portal\/noticias\/2025\/el-paraninfo-de-la-ull-trae-fantastic-futures-la-danza-que-abre-futuros-queer\/\"]}]},{\"@type\":\"BreadcrumbList\",\"@id\":\"https:\/\/www.ull.es\/portal\/noticias\/2025\/el-paraninfo-de-la-ull-trae-fantastic-futures-la-danza-que-abre-futuros-queer\/#breadcrumb\",\"itemListElement\":[{\"@type\":\"ListItem\",\"position\":1,\"name\":\"Portada\",\"item\":\"https:\/\/www.ull.es\/portal\/noticias\/\"},{\"@type\":\"ListItem\",\"position\":2,\"name\":\"El Paraninfo de la ULL trae \u2018Fantastic Futures\u2019, la danza que abre futuros queer\"}]},{\"@type\":\"WebSite\",\"@id\":\"https:\/\/www.ull.es\/portal\/noticias\/#website\",\"url\":\"https:\/\/www.ull.es\/portal\/noticias\/\",\"name\":\"ULL - Noticias\",\"description\":\"\",\"potentialAction\":[{\"@type\":\"SearchAction\",\"target\":{\"@type\":\"EntryPoint\",\"urlTemplate\":\"https:\/\/www.ull.es\/portal\/noticias\/?s={search_term_string}\"},\"query-input\":\"required name=search_term_string\"}],\"inLanguage\":\"es\"},{\"@type\":\"Person\",\"@id\":\"https:\/\/www.ull.es\/portal\/noticias\/#\/schema\/person\/b2b1a89d43ffa609e591f7df8ef3e817\",\"name\":\"gaprsa\",\"image\":{\"@type\":\"ImageObject\",\"inLanguage\":\"es\",\"@id\":\"https:\/\/www.ull.es\/portal\/noticias\/#\/schema\/person\/image\/\",\"url\":\"https:\/\/secure.gravatar.com\/avatar\/443820550921091458b4823867723b3d?s=96&d=mm&r=g\",\"contentUrl\":\"https:\/\/secure.gravatar.com\/avatar\/443820550921091458b4823867723b3d?s=96&d=mm&r=g\",\"caption\":\"gaprsa\"},\"url\":\"https:\/\/www.ull.es\/portal\/noticias\/author\/gaprsa\/\"}]}<\/script>\n<!-- \/ Yoast SEO plugin. -->","yoast_head_json":{"title":"El Paraninfo de la ULL trae \u2018Fantastic Futures\u2019, la danza que abre futuros queer - ULL - Noticias","robots":{"index":"index","follow":"follow","max-snippet":"max-snippet:-1","max-image-preview":"max-image-preview:large","max-video-preview":"max-video-preview:-1"},"canonical":"https:\/\/www.ull.es\/portal\/noticias\/2025\/el-paraninfo-de-la-ull-trae-fantastic-futures-la-danza-que-abre-futuros-queer\/","og_locale":"es_ES","og_type":"article","og_title":"El Paraninfo de la ULL trae \u2018Fantastic Futures\u2019, la danza que abre futuros queer - ULL - Noticias","og_description":"Estrenada en mayo en Bulgaria en el contexto de One Dance Festival, con una gran acogida por parte de p\u00fablico...","og_url":"https:\/\/www.ull.es\/portal\/noticias\/2025\/el-paraninfo-de-la-ull-trae-fantastic-futures-la-danza-que-abre-futuros-queer\/","og_site_name":"ULL - Noticias","article_publisher":"https:\/\/www.facebook.com\/universidaddelalaguna\/","article_published_time":"2025-09-24T08:09:03+00:00","og_image":[{"width":750,"height":370,"url":"https:\/\/www.ull.es\/portal\/noticias\/wp-content\/uploads\/sites\/13\/2025\/09\/fantastic_futures.jpg","type":"image\/jpeg"}],"author":"gaprsa","twitter_card":"summary_large_image","twitter_creator":"@CanalULL","twitter_site":"@CanalULL","twitter_misc":{"Escrito por":"gaprsa","Tiempo de lectura":"2 minutos"},"schema":{"@context":"https:\/\/schema.org","@graph":[{"@type":"WebPage","@id":"https:\/\/www.ull.es\/portal\/noticias\/2025\/el-paraninfo-de-la-ull-trae-fantastic-futures-la-danza-que-abre-futuros-queer\/","url":"https:\/\/www.ull.es\/portal\/noticias\/2025\/el-paraninfo-de-la-ull-trae-fantastic-futures-la-danza-que-abre-futuros-queer\/","name":"El Paraninfo de la ULL trae \u2018Fantastic Futures\u2019, la danza que abre futuros queer - ULL - Noticias","isPartOf":{"@id":"https:\/\/www.ull.es\/portal\/noticias\/#website"},"datePublished":"2025-09-24T08:09:03+00:00","dateModified":"2025-09-24T08:09:03+00:00","author":{"@id":"https:\/\/www.ull.es\/portal\/noticias\/#\/schema\/person\/b2b1a89d43ffa609e591f7df8ef3e817"},"breadcrumb":{"@id":"https:\/\/www.ull.es\/portal\/noticias\/2025\/el-paraninfo-de-la-ull-trae-fantastic-futures-la-danza-que-abre-futuros-queer\/#breadcrumb"},"inLanguage":"es","potentialAction":[{"@type":"ReadAction","target":["https:\/\/www.ull.es\/portal\/noticias\/2025\/el-paraninfo-de-la-ull-trae-fantastic-futures-la-danza-que-abre-futuros-queer\/"]}]},{"@type":"BreadcrumbList","@id":"https:\/\/www.ull.es\/portal\/noticias\/2025\/el-paraninfo-de-la-ull-trae-fantastic-futures-la-danza-que-abre-futuros-queer\/#breadcrumb","itemListElement":[{"@type":"ListItem","position":1,"name":"Portada","item":"https:\/\/www.ull.es\/portal\/noticias\/"},{"@type":"ListItem","position":2,"name":"El Paraninfo de la ULL trae \u2018Fantastic Futures\u2019, la danza que abre futuros queer"}]},{"@type":"WebSite","@id":"https:\/\/www.ull.es\/portal\/noticias\/#website","url":"https:\/\/www.ull.es\/portal\/noticias\/","name":"ULL - Noticias","description":"","potentialAction":[{"@type":"SearchAction","target":{"@type":"EntryPoint","urlTemplate":"https:\/\/www.ull.es\/portal\/noticias\/?s={search_term_string}"},"query-input":"required name=search_term_string"}],"inLanguage":"es"},{"@type":"Person","@id":"https:\/\/www.ull.es\/portal\/noticias\/#\/schema\/person\/b2b1a89d43ffa609e591f7df8ef3e817","name":"gaprsa","image":{"@type":"ImageObject","inLanguage":"es","@id":"https:\/\/www.ull.es\/portal\/noticias\/#\/schema\/person\/image\/","url":"https:\/\/secure.gravatar.com\/avatar\/443820550921091458b4823867723b3d?s=96&d=mm&r=g","contentUrl":"https:\/\/secure.gravatar.com\/avatar\/443820550921091458b4823867723b3d?s=96&d=mm&r=g","caption":"gaprsa"},"url":"https:\/\/www.ull.es\/portal\/noticias\/author\/gaprsa\/"}]}},"primary_category":{"id":345,"name":"Destacado","slug":"destacado","link":"https:\/\/www.ull.es\/portal\/noticias\/category\/destacado\/"},"featured_image_thumbnail_url":"https:\/\/www.ull.es\/portal\/noticias\/wp-content\/uploads\/sites\/13\/2025\/09\/fantastic_futures-300x148.jpg","_links":{"self":[{"href":"https:\/\/www.ull.es\/portal\/noticias\/wp-json\/wp\/v2\/posts\/84341"}],"collection":[{"href":"https:\/\/www.ull.es\/portal\/noticias\/wp-json\/wp\/v2\/posts"}],"about":[{"href":"https:\/\/www.ull.es\/portal\/noticias\/wp-json\/wp\/v2\/types\/post"}],"author":[{"embeddable":true,"href":"https:\/\/www.ull.es\/portal\/noticias\/wp-json\/wp\/v2\/users\/23"}],"replies":[{"embeddable":true,"href":"https:\/\/www.ull.es\/portal\/noticias\/wp-json\/wp\/v2\/comments?post=84341"}],"version-history":[{"count":1,"href":"https:\/\/www.ull.es\/portal\/noticias\/wp-json\/wp\/v2\/posts\/84341\/revisions"}],"predecessor-version":[{"id":84342,"href":"https:\/\/www.ull.es\/portal\/noticias\/wp-json\/wp\/v2\/posts\/84341\/revisions\/84342"}],"wp:featuredmedia":[{"embeddable":true,"href":"https:\/\/www.ull.es\/portal\/noticias\/wp-json\/wp\/v2\/media\/84343"}],"wp:attachment":[{"href":"https:\/\/www.ull.es\/portal\/noticias\/wp-json\/wp\/v2\/media?parent=84341"}],"wp:term":[{"taxonomy":"category","embeddable":true,"href":"https:\/\/www.ull.es\/portal\/noticias\/wp-json\/wp\/v2\/categories?post=84341"},{"taxonomy":"post_tag","embeddable":true,"href":"https:\/\/www.ull.es\/portal\/noticias\/wp-json\/wp\/v2\/tags?post=84341"}],"curies":[{"name":"wp","href":"https:\/\/api.w.org\/{rel}","templated":true}]}}