{"id":84392,"date":"2025-09-25T08:56:30","date_gmt":"2025-09-25T08:56:30","guid":{"rendered":"https:\/\/www.ull.es\/portal\/noticias\/?p=84392"},"modified":"2025-09-25T09:08:46","modified_gmt":"2025-09-25T09:08:46","slug":"la-universidad-de-la-laguna-lanza-una-nueva-edicion-del-master-en-interpretacion-de-conferencias","status":"publish","type":"post","link":"https:\/\/www.ull.es\/portal\/noticias\/2025\/la-universidad-de-la-laguna-lanza-una-nueva-edicion-del-master-en-interpretacion-de-conferencias\/","title":{"rendered":"La Universidad de La Laguna lanza una nueva edici\u00f3n del M\u00e1ster en Interpretaci\u00f3n de Conferencias\u00a0"},"content":{"rendered":"<p><span style=\"font-weight: 400\">La Universidad de La Laguna ha inaugurado esta semana la trig\u00e9simo s\u00e9ptima edici\u00f3n del <a href=\"https:\/\/www.ull.es\/formacion-permanente\/master-formacion-permanente-interpretacion-conferencias\/\" target=\"_blank\" rel=\"noopener\">M\u00e1ster en Interpretaci\u00f3n de Conferencias<\/a> (MIC), un t\u00ed<\/span><span style=\"font-weight: 400\">tulo de prestigio que ha marcado un hito en la formaci\u00f3n de int\u00e9rpretes profesionales a nivel nacional e internacional desde su creaci\u00f3n en 1988.<\/span><\/p>\n<p><span style=\"font-weight: 400\">El acto de apertura estuvo presidido por la directora del Centro de Formaci\u00f3n Permanente, Isabel Gonz\u00e1lez D\u00edaz, y cont\u00f3 con la participaci\u00f3n de la directora acad\u00e9mica del m\u00e1ster, Carmen Toledano Buend\u00eda, y la coordinadora acad\u00e9mica, Mar\u00eda Magdalena Fern\u00e1ndez P\u00e9rez, quienes dinamizaron la sesi\u00f3n de presentaci\u00f3n acompa\u00f1adas de una representaci\u00f3n del equipo de formadores que integran el claustro docente.<\/span><\/p>\n<p><span style=\"font-weight: 400\">El MIC es un programa que cuenta con el aval y la colaboraci\u00f3n de la Comisi\u00f3n Europea y el Parlamento Europeo, y que forma parte del consorcio internacional EMCI (European Masters in Conference Interpreting). En este marco, comparte con sus pares una metodolog\u00eda esencialmente profesionalizante que busca, adem\u00e1s del dominio de las t\u00e9cnicas interpretativas, un conocimiento profundo del mercado laboral p\u00fablico y privado\u00a0 de la interpretaci\u00f3n al m\u00e1s alto nivel. Asimismo, el MIC mantiene una colaboraci\u00f3n activa con la Direcci\u00f3n General de Interpretaci\u00f3n de la Comisi\u00f3n Europea (DG SCIC) y la del Parlamento Europeo (DG LINC), cuyos int\u00e9rpretes participan en la formaci\u00f3n del alumnado en calidad de asistentes pedag\u00f3gicos y forman parte, junto a otros profesionales externos, de los tribunales evaluadores. El programa cuenta adem\u00e1s con el apoyo de Naciones Unidas y con la colaboraci\u00f3n de diversas universidades, dentro y fuera del consorcio EMCI.<\/span><\/p>\n<p><span style=\"font-weight: 400\">El m\u00e1ster abarca una amplia variedad de combinaciones ling\u00fc\u00edsticas en su oferta formativa, y adem\u00e1s de las lenguas de trabajo m\u00e1s habituales (alem\u00e1n, espa\u00f1ol, franc\u00e9s, ingl\u00e9s, italiano y portugu\u00e9s), en otras ediciones se han incluido tambi\u00e9n combinaciones con rumano, polaco, griego o japon\u00e9s.<\/span><\/p>\n<p><span style=\"font-weight: 400\">Con esta nueva promoci\u00f3n, la ULL reafirma su papel pionero y su compromiso con la formaci\u00f3n avanzada en lenguas, comunicaci\u00f3n intercultural e inserci\u00f3n profesional de su alumnado, consolidando al MIC como una de las titulaciones m\u00e1s prestigiosas en el \u00e1mbito de la interpretaci\u00f3n de conferencias.<\/span><\/p>\n","protected":false},"excerpt":{"rendered":"<p>La Universidad de La Laguna ha inaugurado esta semana la trig\u00e9simo s\u00e9ptima edici\u00f3n del M\u00e1ster en Interpretaci\u00f3n de Conferencias (MIC),&#8230;<\/p>\n","protected":false},"author":23,"featured_media":84393,"comment_status":"closed","ping_status":"closed","sticky":false,"template":"","format":"standard","meta":{"inline_featured_image":false,"footnotes":""},"categories":[345,346],"tags":[],"acf":[],"yoast_head":"<!-- This site is optimized with the Yoast SEO plugin v21.3 - https:\/\/yoast.com\/wordpress\/plugins\/seo\/ -->\n<title>La Universidad de La Laguna lanza una nueva edici\u00f3n del M\u00e1ster en Interpretaci\u00f3n de Conferencias\u00a0 - ULL - Noticias<\/title>\n<meta name=\"robots\" content=\"index, follow, max-snippet:-1, max-image-preview:large, max-video-preview:-1\" \/>\n<link rel=\"canonical\" href=\"https:\/\/www.ull.es\/portal\/noticias\/2025\/la-universidad-de-la-laguna-lanza-una-nueva-edicion-del-master-en-interpretacion-de-conferencias\/\" \/>\n<meta property=\"og:locale\" content=\"es_ES\" \/>\n<meta property=\"og:type\" content=\"article\" \/>\n<meta property=\"og:title\" content=\"La Universidad de La Laguna lanza una nueva edici\u00f3n del M\u00e1ster en Interpretaci\u00f3n de Conferencias\u00a0 - ULL - Noticias\" \/>\n<meta property=\"og:description\" content=\"La Universidad de La Laguna ha inaugurado esta semana la trig\u00e9simo s\u00e9ptima edici\u00f3n del M\u00e1ster en Interpretaci\u00f3n de Conferencias (MIC),...\" \/>\n<meta property=\"og:url\" content=\"https:\/\/www.ull.es\/portal\/noticias\/2025\/la-universidad-de-la-laguna-lanza-una-nueva-edicion-del-master-en-interpretacion-de-conferencias\/\" \/>\n<meta property=\"og:site_name\" content=\"ULL - Noticias\" \/>\n<meta property=\"article:publisher\" content=\"https:\/\/www.facebook.com\/universidaddelalaguna\/\" \/>\n<meta property=\"article:published_time\" content=\"2025-09-25T08:56:30+00:00\" \/>\n<meta property=\"article:modified_time\" content=\"2025-09-25T09:08:46+00:00\" \/>\n<meta property=\"og:image\" content=\"https:\/\/www.ull.es\/portal\/noticias\/wp-content\/uploads\/sites\/13\/2025\/09\/WhatsApp-Image-2025-09-24-at-18.23.56-1.jpeg\" \/>\n\t<meta property=\"og:image:width\" content=\"1600\" \/>\n\t<meta property=\"og:image:height\" content=\"900\" \/>\n\t<meta property=\"og:image:type\" content=\"image\/jpeg\" \/>\n<meta name=\"author\" content=\"gaprsa\" \/>\n<meta name=\"twitter:card\" content=\"summary_large_image\" \/>\n<meta name=\"twitter:creator\" content=\"@CanalULL\" \/>\n<meta name=\"twitter:site\" content=\"@CanalULL\" \/>\n<meta name=\"twitter:label1\" content=\"Escrito por\" \/>\n\t<meta name=\"twitter:data1\" content=\"gaprsa\" \/>\n\t<meta name=\"twitter:label2\" content=\"Tiempo de lectura\" \/>\n\t<meta name=\"twitter:data2\" content=\"2 minutos\" \/>\n<script type=\"application\/ld+json\" class=\"yoast-schema-graph\">{\"@context\":\"https:\/\/schema.org\",\"@graph\":[{\"@type\":\"WebPage\",\"@id\":\"https:\/\/www.ull.es\/portal\/noticias\/2025\/la-universidad-de-la-laguna-lanza-una-nueva-edicion-del-master-en-interpretacion-de-conferencias\/\",\"url\":\"https:\/\/www.ull.es\/portal\/noticias\/2025\/la-universidad-de-la-laguna-lanza-una-nueva-edicion-del-master-en-interpretacion-de-conferencias\/\",\"name\":\"La Universidad de La Laguna lanza una nueva edici\u00f3n del M\u00e1ster en Interpretaci\u00f3n de Conferencias\u00a0 - ULL - Noticias\",\"isPartOf\":{\"@id\":\"https:\/\/www.ull.es\/portal\/noticias\/#website\"},\"datePublished\":\"2025-09-25T08:56:30+00:00\",\"dateModified\":\"2025-09-25T09:08:46+00:00\",\"author\":{\"@id\":\"https:\/\/www.ull.es\/portal\/noticias\/#\/schema\/person\/b2b1a89d43ffa609e591f7df8ef3e817\"},\"breadcrumb\":{\"@id\":\"https:\/\/www.ull.es\/portal\/noticias\/2025\/la-universidad-de-la-laguna-lanza-una-nueva-edicion-del-master-en-interpretacion-de-conferencias\/#breadcrumb\"},\"inLanguage\":\"es\",\"potentialAction\":[{\"@type\":\"ReadAction\",\"target\":[\"https:\/\/www.ull.es\/portal\/noticias\/2025\/la-universidad-de-la-laguna-lanza-una-nueva-edicion-del-master-en-interpretacion-de-conferencias\/\"]}]},{\"@type\":\"BreadcrumbList\",\"@id\":\"https:\/\/www.ull.es\/portal\/noticias\/2025\/la-universidad-de-la-laguna-lanza-una-nueva-edicion-del-master-en-interpretacion-de-conferencias\/#breadcrumb\",\"itemListElement\":[{\"@type\":\"ListItem\",\"position\":1,\"name\":\"Portada\",\"item\":\"https:\/\/www.ull.es\/portal\/noticias\/\"},{\"@type\":\"ListItem\",\"position\":2,\"name\":\"La Universidad de La Laguna lanza una nueva edici\u00f3n del M\u00e1ster en Interpretaci\u00f3n de Conferencias\u00a0\"}]},{\"@type\":\"WebSite\",\"@id\":\"https:\/\/www.ull.es\/portal\/noticias\/#website\",\"url\":\"https:\/\/www.ull.es\/portal\/noticias\/\",\"name\":\"ULL - Noticias\",\"description\":\"\",\"potentialAction\":[{\"@type\":\"SearchAction\",\"target\":{\"@type\":\"EntryPoint\",\"urlTemplate\":\"https:\/\/www.ull.es\/portal\/noticias\/?s={search_term_string}\"},\"query-input\":\"required name=search_term_string\"}],\"inLanguage\":\"es\"},{\"@type\":\"Person\",\"@id\":\"https:\/\/www.ull.es\/portal\/noticias\/#\/schema\/person\/b2b1a89d43ffa609e591f7df8ef3e817\",\"name\":\"gaprsa\",\"image\":{\"@type\":\"ImageObject\",\"inLanguage\":\"es\",\"@id\":\"https:\/\/www.ull.es\/portal\/noticias\/#\/schema\/person\/image\/\",\"url\":\"https:\/\/secure.gravatar.com\/avatar\/443820550921091458b4823867723b3d?s=96&d=mm&r=g\",\"contentUrl\":\"https:\/\/secure.gravatar.com\/avatar\/443820550921091458b4823867723b3d?s=96&d=mm&r=g\",\"caption\":\"gaprsa\"},\"url\":\"https:\/\/www.ull.es\/portal\/noticias\/author\/gaprsa\/\"}]}<\/script>\n<!-- \/ Yoast SEO plugin. -->","yoast_head_json":{"title":"La Universidad de La Laguna lanza una nueva edici\u00f3n del M\u00e1ster en Interpretaci\u00f3n de Conferencias\u00a0 - ULL - Noticias","robots":{"index":"index","follow":"follow","max-snippet":"max-snippet:-1","max-image-preview":"max-image-preview:large","max-video-preview":"max-video-preview:-1"},"canonical":"https:\/\/www.ull.es\/portal\/noticias\/2025\/la-universidad-de-la-laguna-lanza-una-nueva-edicion-del-master-en-interpretacion-de-conferencias\/","og_locale":"es_ES","og_type":"article","og_title":"La Universidad de La Laguna lanza una nueva edici\u00f3n del M\u00e1ster en Interpretaci\u00f3n de Conferencias\u00a0 - ULL - Noticias","og_description":"La Universidad de La Laguna ha inaugurado esta semana la trig\u00e9simo s\u00e9ptima edici\u00f3n del M\u00e1ster en Interpretaci\u00f3n de Conferencias (MIC),...","og_url":"https:\/\/www.ull.es\/portal\/noticias\/2025\/la-universidad-de-la-laguna-lanza-una-nueva-edicion-del-master-en-interpretacion-de-conferencias\/","og_site_name":"ULL - Noticias","article_publisher":"https:\/\/www.facebook.com\/universidaddelalaguna\/","article_published_time":"2025-09-25T08:56:30+00:00","article_modified_time":"2025-09-25T09:08:46+00:00","og_image":[{"width":1600,"height":900,"url":"https:\/\/www.ull.es\/portal\/noticias\/wp-content\/uploads\/sites\/13\/2025\/09\/WhatsApp-Image-2025-09-24-at-18.23.56-1.jpeg","type":"image\/jpeg"}],"author":"gaprsa","twitter_card":"summary_large_image","twitter_creator":"@CanalULL","twitter_site":"@CanalULL","twitter_misc":{"Escrito por":"gaprsa","Tiempo de lectura":"2 minutos"},"schema":{"@context":"https:\/\/schema.org","@graph":[{"@type":"WebPage","@id":"https:\/\/www.ull.es\/portal\/noticias\/2025\/la-universidad-de-la-laguna-lanza-una-nueva-edicion-del-master-en-interpretacion-de-conferencias\/","url":"https:\/\/www.ull.es\/portal\/noticias\/2025\/la-universidad-de-la-laguna-lanza-una-nueva-edicion-del-master-en-interpretacion-de-conferencias\/","name":"La Universidad de La Laguna lanza una nueva edici\u00f3n del M\u00e1ster en Interpretaci\u00f3n de Conferencias\u00a0 - ULL - Noticias","isPartOf":{"@id":"https:\/\/www.ull.es\/portal\/noticias\/#website"},"datePublished":"2025-09-25T08:56:30+00:00","dateModified":"2025-09-25T09:08:46+00:00","author":{"@id":"https:\/\/www.ull.es\/portal\/noticias\/#\/schema\/person\/b2b1a89d43ffa609e591f7df8ef3e817"},"breadcrumb":{"@id":"https:\/\/www.ull.es\/portal\/noticias\/2025\/la-universidad-de-la-laguna-lanza-una-nueva-edicion-del-master-en-interpretacion-de-conferencias\/#breadcrumb"},"inLanguage":"es","potentialAction":[{"@type":"ReadAction","target":["https:\/\/www.ull.es\/portal\/noticias\/2025\/la-universidad-de-la-laguna-lanza-una-nueva-edicion-del-master-en-interpretacion-de-conferencias\/"]}]},{"@type":"BreadcrumbList","@id":"https:\/\/www.ull.es\/portal\/noticias\/2025\/la-universidad-de-la-laguna-lanza-una-nueva-edicion-del-master-en-interpretacion-de-conferencias\/#breadcrumb","itemListElement":[{"@type":"ListItem","position":1,"name":"Portada","item":"https:\/\/www.ull.es\/portal\/noticias\/"},{"@type":"ListItem","position":2,"name":"La Universidad de La Laguna lanza una nueva edici\u00f3n del M\u00e1ster en Interpretaci\u00f3n de Conferencias\u00a0"}]},{"@type":"WebSite","@id":"https:\/\/www.ull.es\/portal\/noticias\/#website","url":"https:\/\/www.ull.es\/portal\/noticias\/","name":"ULL - Noticias","description":"","potentialAction":[{"@type":"SearchAction","target":{"@type":"EntryPoint","urlTemplate":"https:\/\/www.ull.es\/portal\/noticias\/?s={search_term_string}"},"query-input":"required name=search_term_string"}],"inLanguage":"es"},{"@type":"Person","@id":"https:\/\/www.ull.es\/portal\/noticias\/#\/schema\/person\/b2b1a89d43ffa609e591f7df8ef3e817","name":"gaprsa","image":{"@type":"ImageObject","inLanguage":"es","@id":"https:\/\/www.ull.es\/portal\/noticias\/#\/schema\/person\/image\/","url":"https:\/\/secure.gravatar.com\/avatar\/443820550921091458b4823867723b3d?s=96&d=mm&r=g","contentUrl":"https:\/\/secure.gravatar.com\/avatar\/443820550921091458b4823867723b3d?s=96&d=mm&r=g","caption":"gaprsa"},"url":"https:\/\/www.ull.es\/portal\/noticias\/author\/gaprsa\/"}]}},"primary_category":{"id":345,"name":"Destacado","slug":"destacado","link":"https:\/\/www.ull.es\/portal\/noticias\/category\/destacado\/"},"featured_image_thumbnail_url":"https:\/\/www.ull.es\/portal\/noticias\/wp-content\/uploads\/sites\/13\/2025\/09\/WhatsApp-Image-2025-09-24-at-18.23.56-1-300x169.jpeg","_links":{"self":[{"href":"https:\/\/www.ull.es\/portal\/noticias\/wp-json\/wp\/v2\/posts\/84392"}],"collection":[{"href":"https:\/\/www.ull.es\/portal\/noticias\/wp-json\/wp\/v2\/posts"}],"about":[{"href":"https:\/\/www.ull.es\/portal\/noticias\/wp-json\/wp\/v2\/types\/post"}],"author":[{"embeddable":true,"href":"https:\/\/www.ull.es\/portal\/noticias\/wp-json\/wp\/v2\/users\/23"}],"replies":[{"embeddable":true,"href":"https:\/\/www.ull.es\/portal\/noticias\/wp-json\/wp\/v2\/comments?post=84392"}],"version-history":[{"count":1,"href":"https:\/\/www.ull.es\/portal\/noticias\/wp-json\/wp\/v2\/posts\/84392\/revisions"}],"predecessor-version":[{"id":84395,"href":"https:\/\/www.ull.es\/portal\/noticias\/wp-json\/wp\/v2\/posts\/84392\/revisions\/84395"}],"wp:featuredmedia":[{"embeddable":true,"href":"https:\/\/www.ull.es\/portal\/noticias\/wp-json\/wp\/v2\/media\/84393"}],"wp:attachment":[{"href":"https:\/\/www.ull.es\/portal\/noticias\/wp-json\/wp\/v2\/media?parent=84392"}],"wp:term":[{"taxonomy":"category","embeddable":true,"href":"https:\/\/www.ull.es\/portal\/noticias\/wp-json\/wp\/v2\/categories?post=84392"},{"taxonomy":"post_tag","embeddable":true,"href":"https:\/\/www.ull.es\/portal\/noticias\/wp-json\/wp\/v2\/tags?post=84392"}],"curies":[{"name":"wp","href":"https:\/\/api.w.org\/{rel}","templated":true}]}}