{"id":84434,"date":"2025-09-26T08:43:13","date_gmt":"2025-09-26T08:43:13","guid":{"rendered":"https:\/\/www.ull.es\/portal\/noticias\/?p=84434"},"modified":"2025-09-26T08:43:13","modified_gmt":"2025-09-26T08:43:13","slug":"tesis-influencia-punk-tinerfeno-espana","status":"publish","type":"post","link":"https:\/\/www.ull.es\/portal\/noticias\/2025\/tesis-influencia-punk-tinerfeno-espana\/","title":{"rendered":"Una tesis doctoral le\u00edda en la ULL analiza la influencia del punk tinerfe\u00f1o en Espa\u00f1a"},"content":{"rendered":"<p>La memoria de los movimientos contraculturales es en ocasiones fr\u00e1gil y puede resultar en la p\u00e9rdida de identidades e historias compartidas si no se documentan a tiempo. Con el objetivo de preservar y reivindicar una parte poco explorada de la cultura tinerfe\u00f1a, la tesis doctoral \u201cRuido y oscuridad: estudio del punk y sus derivados en Tenerife\u201d, defendida recientemente por Dami\u00e1n Mart\u00edn Marrero en el programa de doctorado en Arte y Humanidades de la Universidad de La Laguna, analiza la relevancia del punk no solo como estilo musical, sino como fen\u00f3meno social y cultural en la isla.<\/p>\n<p>La investigaci\u00f3n aborda la escena punk en Tenerife desde el nacimiento de los primeros grupos, influenciados por el contexto brit\u00e1nico y el turismo a finales de los a\u00f1os 70, hasta su resurgimiento tras la pandemia del COVID-19, impulsado por nuevas generaciones desencantadas con la escena musical local. Uno de los hallazgos m\u00e1s significativos fue descubrir que bandas como Escorbuto Cr\u00f3nico o Familia Real no solo fueron pioneras en el desarrollo de un estilo propio, sino que tambi\u00e9n influyeron en la escena nacional: \u201cSu estilo musical no solo no era una imitaci\u00f3n de lo que ven\u00eda de la Pen\u00ednsula, sino que sus caracter\u00edsticas influyeron notablemente en otras bandas del pa\u00eds\u201d, se\u00f1ala Mart\u00edn Marrero.<\/p>\n<p>De esta forma, su trabajo desmonta prejuicios como la idea de que la cultura canaria siempre llega filtrada por Madrid u otras grandes ciudades, y subraya que desde Tenerife tambi\u00e9n surgieron propuestas originales para la escena punk nacional.<\/p>\n<p><strong><a href=\"https:\/\/www.ull.es\/portal\/noticias\/wp-content\/uploads\/sites\/13\/2025\/09\/Tesis-Damian-Martin-01.jpg\" target=\"_blank\" rel=\"noopener\" target=\"_blank\" rel=\"noopener\"><img decoding=\"async\" loading=\"lazy\" class=\"alignleft wp-image-84436 size-medium\" src=\"https:\/\/www.ull.es\/portal\/noticias\/wp-content\/uploads\/sites\/13\/2025\/09\/Tesis-Damian-Martin-01-300x201.jpg\" alt=\"\" width=\"300\" height=\"201\" srcset=\"https:\/\/www.ull.es\/portal\/noticias\/wp-content\/uploads\/sites\/13\/2025\/09\/Tesis-Damian-Martin-01-300x201.jpg 300w, https:\/\/www.ull.es\/portal\/noticias\/wp-content\/uploads\/sites\/13\/2025\/09\/Tesis-Damian-Martin-01-1024x686.jpg 1024w, https:\/\/www.ull.es\/portal\/noticias\/wp-content\/uploads\/sites\/13\/2025\/09\/Tesis-Damian-Martin-01-768x515.jpg 768w, https:\/\/www.ull.es\/portal\/noticias\/wp-content\/uploads\/sites\/13\/2025\/09\/Tesis-Damian-Martin-01-375x251.jpg 375w, https:\/\/www.ull.es\/portal\/noticias\/wp-content\/uploads\/sites\/13\/2025\/09\/Tesis-Damian-Martin-01-750x503.jpg 750w, https:\/\/www.ull.es\/portal\/noticias\/wp-content\/uploads\/sites\/13\/2025\/09\/Tesis-Damian-Martin-01-1140x764.jpg 1140w, https:\/\/www.ull.es\/portal\/noticias\/wp-content\/uploads\/sites\/13\/2025\/09\/Tesis-Damian-Martin-01.jpg 1200w\" sizes=\"(max-width: 300px) 100vw, 300px\" \/><\/a>Or\u00edgenes ideol\u00f3gicos y proyecci\u00f3n <\/strong><\/p>\n<p>A trav\u00e9s del estudio de obras divulgativas, grabaciones, fanzines y entrevistas con integrantes de bandas hist\u00f3ricas y actuales, el investigador ha podido reconstruir las distintas etapas del movimiento en Tenerife. La primera se sit\u00faa a partir de 1978, cuando emergen dos focos diferenciados, tanto en estilo como en ideolog\u00eda: en La Laguna, las bandas nacen con un marcado componente ideol\u00f3gico vinculado al anarquismo y la izquierda revolucionaria, mientras que los grupos de Santa Cruz de Tenerife tienden en sus letras hacia una vertiente m\u00e1s nihilista, centrada en la autoexpresi\u00f3n y la ruptura, sin dar tanto peso a un discurso pol\u00edtico.<\/p>\n<p>A partir de 1983 y hasta la d\u00e9cada de los noventa, el investigador identifica un periodo de ebullici\u00f3n, con la aparici\u00f3n de nuevos grupos y su proyecci\u00f3n m\u00e1s all\u00e1 del archipi\u00e9lago. \u201cFanzines de la \u00e9poca documentan intercambios entre estas bandas y colectivos de Reino Unido, Brasil y Estados Unidos\u201d. Incluso un sencillo de Familia Real lleg\u00f3 a sonar en radios de EE. UU. Durante estos a\u00f1os, muchas formaciones act\u00faan en grandes escenarios del punk nacional como el Pa\u00eds Vasco, donde son valoradas por su innovaci\u00f3n musical.<\/p>\n<p>Tras varias d\u00e9cadas en las que el g\u00e9nero queda relegado por otras corrientes urbanas como la m\u00fasica electr\u00f3nica o el rap, el escenario postpandemia impulsa un nuevo resurgir liderado por j\u00f3venes. \u201cDe forma paralela al circuito convencional de locales y festivales, estas bandas recuperan el estilo clandestino de etapas anteriores y empiezan a dar conciertos peque\u00f1os\u201d. El colectivo Hermano Mono o el grupo Tens\u00f6 son algunos de los principales exponentes de este revival del punk tinerfe\u00f1o, que en los \u00faltimos a\u00f1os incluso ha alcanzado escenarios internacionales, como los de Jap\u00f3n y M\u00e9xico.<\/p>\n<p>Para Mart\u00edn Marrero es significativo que la escena punk actual en Tenerife muestre m\u00e1s actividad que hace veinte a\u00f1os, al coincidir m\u00fasicos veteranos que contin\u00faan activos y una nueva generaci\u00f3n que adapta su estilo a espacios alternativos m\u00e1s all\u00e1 de los locales y salas convencionales, retomando el esp\u00edritu <em>do it yourself<\/em> que marc\u00f3 los inicios del movimiento en la isla.<\/p>\n<div id=\"attachment_84437\" style=\"width: 310px\" class=\"wp-caption alignright\"><a href=\"https:\/\/www.ull.es\/portal\/noticias\/wp-content\/uploads\/sites\/13\/2025\/09\/Tesis-Damian-Martin-grupo.jpg\" target=\"_blank\" rel=\"noopener\" target=\"_blank\" rel=\"noopener\"><img aria-describedby=\"caption-attachment-84437\" decoding=\"async\" loading=\"lazy\" class=\"wp-image-84437 size-medium\" src=\"https:\/\/www.ull.es\/portal\/noticias\/wp-content\/uploads\/sites\/13\/2025\/09\/Tesis-Damian-Martin-grupo-300x200.jpg\" alt=\"Mart\u00edn y su director de tesis Pompeyo P\u00e9rez (el primero por la izquierda) tras la lectura de la tesis. (Cedida).\" width=\"300\" height=\"200\" srcset=\"https:\/\/www.ull.es\/portal\/noticias\/wp-content\/uploads\/sites\/13\/2025\/09\/Tesis-Damian-Martin-grupo-300x200.jpg 300w, https:\/\/www.ull.es\/portal\/noticias\/wp-content\/uploads\/sites\/13\/2025\/09\/Tesis-Damian-Martin-grupo-1024x683.jpg 1024w, https:\/\/www.ull.es\/portal\/noticias\/wp-content\/uploads\/sites\/13\/2025\/09\/Tesis-Damian-Martin-grupo-768x512.jpg 768w, https:\/\/www.ull.es\/portal\/noticias\/wp-content\/uploads\/sites\/13\/2025\/09\/Tesis-Damian-Martin-grupo-375x250.jpg 375w, https:\/\/www.ull.es\/portal\/noticias\/wp-content\/uploads\/sites\/13\/2025\/09\/Tesis-Damian-Martin-grupo-750x500.jpg 750w, https:\/\/www.ull.es\/portal\/noticias\/wp-content\/uploads\/sites\/13\/2025\/09\/Tesis-Damian-Martin-grupo-1140x760.jpg 1140w, https:\/\/www.ull.es\/portal\/noticias\/wp-content\/uploads\/sites\/13\/2025\/09\/Tesis-Damian-Martin-grupo.jpg 1200w\" sizes=\"(max-width: 300px) 100vw, 300px\" \/><\/a><p id=\"caption-attachment-84437\" class=\"wp-caption-text\">Mart\u00edn y su director de tesis Pompeyo P\u00e9rez (el primero por la izquierda) tras la lectura de la tesis. (Cedida).<\/p><\/div>\n<p><strong>Filosof\u00eda, historia y sonido<\/strong><\/p>\n<p>Aunque la revisi\u00f3n cronol\u00f3gica del movimiento constituye su eje central, esta tesis incluye otros dos bloques fundamentales para entender la complejidad del fen\u00f3meno. El primero aborda una dimensi\u00f3n m\u00e1s filos\u00f3fica y conceptual, analizando las ra\u00edces te\u00f3ricas del punk e interpretando el movimiento desde distintas corrientes de pensamiento.<\/p>\n<p>Por su parte, el tercero se centra en el an\u00e1lisis musical pues, como m\u00fasico de formaci\u00f3n, Mart\u00edn Marrero consider\u00f3 esencial abordar tambi\u00e9n los aspectos t\u00e9cnicos del g\u00e9nero. Destaca la importancia de disponer de herramientas de an\u00e1lisis y terminolog\u00eda adecuadas para examinar este estilo contracultural desde una perspectiva especializada. El estudio musical suele ser una dimensi\u00f3n poco explorada en investigaciones sobre punk, por lo que vio necesario definir con precisi\u00f3n algunos conceptos clave que faciliten su comprensi\u00f3n a quienes no tienen formaci\u00f3n t\u00e9cnica, como desafinaci\u00f3n, distorsi\u00f3n, disonancia o estridencia.<\/p>\n<p>Este an\u00e1lisis no puede aplicar los mismos criterios que en el estudio de, por ejemplo, una sinfon\u00eda de Beethoven: \u201cTuve que ser un poco creativo y explorar los recursos propios del g\u00e9nero, m\u00e1s all\u00e1 de aspectos arm\u00f3nicos o formales m\u00e1s propios de la m\u00fasica acad\u00e9mica\u201d. Su experiencia como guitarrista fue valiosa para abordar de forma pr\u00e1ctica ciertas composiciones que no lograba entender desde una perspectiva puramente te\u00f3rica, y as\u00ed profundizar en los procesos de creaci\u00f3n de algunos de los temas analizados.<\/p>\n<p>Adem\u00e1s de las entrevistas, Mart\u00edn Marrero ha recopilado un amplio cat\u00e1logo de maquetas, fanzines y grabaciones, tanto editadas comercialmente como disponibles en foros de internet. Un archivo detallado y exhaustivo que constituye una valiosa aportaci\u00f3n documental.<\/p>\n<p>El investigador admite que siempre sinti\u00f3 inter\u00e9s por estudiar la m\u00fasica popular urbana en el contexto cultural de Tenerife, pero fue gracias al impulso de su director de tesis, el profesor titular del Departamento de Historia del Arte <a href=\"https:\/\/portalciencia.ull.es\/investigadores\/81825\/detalle\" target=\"_blank\" rel=\"noopener\">Pompeyo Juan P\u00e9rez D\u00edaz<\/a>, que se anim\u00f3 a centrar su trabajo en el punk. Aunque se consideraba seguidor del g\u00e9nero, no imaginaba la magnitud e influencia que hab\u00eda tenido la escena local.<\/p>\n<p style=\"text-align: right\"><em>Unidad de Cultura Cient\u00edfica y de la Innovaci\u00f3n (Cienci@ULL)<\/em><\/p>\n","protected":false},"excerpt":{"rendered":"<p>La memoria de los movimientos contraculturales es en ocasiones fr\u00e1gil y puede resultar en la p\u00e9rdida de identidades e historias&#8230;<\/p>\n","protected":false},"author":21,"featured_media":84435,"comment_status":"closed","ping_status":"closed","sticky":false,"template":"","format":"standard","meta":{"inline_featured_image":false,"footnotes":""},"categories":[3785,345,4048,3994,3140,350,2765],"tags":[11922,1942,7478,11923,2478],"acf":[],"yoast_head":"<!-- This site is optimized with the Yoast SEO plugin v21.3 - https:\/\/yoast.com\/wordpress\/plugins\/seo\/ -->\n<title>Una tesis analiza la influencia del punk tinerfe\u00f1o en Espa\u00f1a<\/title>\n<meta name=\"description\" content=\"Dami\u00e1n Mart\u00edn logra el doctorado por su tesis &quot;Ruido y oscuridad: estudio del punk y sus derivados en Tenerife\u201d, dirigida por Pompeyo P\u00e9rez.\" \/>\n<meta name=\"robots\" content=\"index, follow, max-snippet:-1, max-image-preview:large, max-video-preview:-1\" \/>\n<link rel=\"canonical\" href=\"https:\/\/www.ull.es\/portal\/noticias\/2025\/tesis-influencia-punk-tinerfeno-espana\/\" \/>\n<meta property=\"og:locale\" content=\"es_ES\" \/>\n<meta property=\"og:type\" content=\"article\" \/>\n<meta property=\"og:title\" content=\"Una tesis analiza la influencia del punk tinerfe\u00f1o en Espa\u00f1a\" \/>\n<meta property=\"og:description\" content=\"Dami\u00e1n Mart\u00edn logra el doctorado por su tesis &quot;Ruido y oscuridad: estudio del punk y sus derivados en Tenerife\u201d, dirigida por Pompeyo P\u00e9rez.\" \/>\n<meta property=\"og:url\" content=\"https:\/\/www.ull.es\/portal\/noticias\/2025\/tesis-influencia-punk-tinerfeno-espana\/\" \/>\n<meta property=\"og:site_name\" content=\"ULL - Noticias\" \/>\n<meta property=\"article:publisher\" content=\"https:\/\/www.facebook.com\/universidaddelalaguna\/\" \/>\n<meta property=\"article:published_time\" content=\"2025-09-26T08:43:13+00:00\" \/>\n<meta property=\"og:image\" content=\"https:\/\/www.ull.es\/portal\/noticias\/wp-content\/uploads\/sites\/13\/2025\/09\/Tesis-Damian-Martin-05.jpg\" \/>\n\t<meta property=\"og:image:width\" content=\"1200\" \/>\n\t<meta property=\"og:image:height\" content=\"800\" \/>\n\t<meta property=\"og:image:type\" content=\"image\/jpeg\" \/>\n<meta name=\"author\" content=\"prensa2\" \/>\n<meta name=\"twitter:card\" content=\"summary_large_image\" \/>\n<meta name=\"twitter:creator\" content=\"@CanalULL\" \/>\n<meta name=\"twitter:site\" content=\"@CanalULL\" \/>\n<meta name=\"twitter:label1\" content=\"Escrito por\" \/>\n\t<meta name=\"twitter:data1\" content=\"prensa2\" \/>\n\t<meta name=\"twitter:label2\" content=\"Tiempo de lectura\" \/>\n\t<meta name=\"twitter:data2\" content=\"5 minutos\" \/>\n<script type=\"application\/ld+json\" class=\"yoast-schema-graph\">{\"@context\":\"https:\/\/schema.org\",\"@graph\":[{\"@type\":\"WebPage\",\"@id\":\"https:\/\/www.ull.es\/portal\/noticias\/2025\/tesis-influencia-punk-tinerfeno-espana\/\",\"url\":\"https:\/\/www.ull.es\/portal\/noticias\/2025\/tesis-influencia-punk-tinerfeno-espana\/\",\"name\":\"Una tesis analiza la influencia del punk tinerfe\u00f1o en Espa\u00f1a\",\"isPartOf\":{\"@id\":\"https:\/\/www.ull.es\/portal\/noticias\/#website\"},\"datePublished\":\"2025-09-26T08:43:13+00:00\",\"dateModified\":\"2025-09-26T08:43:13+00:00\",\"author\":{\"@id\":\"https:\/\/www.ull.es\/portal\/noticias\/#\/schema\/person\/c3b2aa857797592927a03740d6664376\"},\"description\":\"Dami\u00e1n Mart\u00edn logra el doctorado por su tesis \\\"Ruido y oscuridad: estudio del punk y sus derivados en Tenerife\u201d, dirigida por Pompeyo P\u00e9rez.\",\"breadcrumb\":{\"@id\":\"https:\/\/www.ull.es\/portal\/noticias\/2025\/tesis-influencia-punk-tinerfeno-espana\/#breadcrumb\"},\"inLanguage\":\"es\",\"potentialAction\":[{\"@type\":\"ReadAction\",\"target\":[\"https:\/\/www.ull.es\/portal\/noticias\/2025\/tesis-influencia-punk-tinerfeno-espana\/\"]}]},{\"@type\":\"BreadcrumbList\",\"@id\":\"https:\/\/www.ull.es\/portal\/noticias\/2025\/tesis-influencia-punk-tinerfeno-espana\/#breadcrumb\",\"itemListElement\":[{\"@type\":\"ListItem\",\"position\":1,\"name\":\"Portada\",\"item\":\"https:\/\/www.ull.es\/portal\/noticias\/\"},{\"@type\":\"ListItem\",\"position\":2,\"name\":\"Una tesis doctoral le\u00edda en la ULL analiza la influencia del punk tinerfe\u00f1o en Espa\u00f1a\"}]},{\"@type\":\"WebSite\",\"@id\":\"https:\/\/www.ull.es\/portal\/noticias\/#website\",\"url\":\"https:\/\/www.ull.es\/portal\/noticias\/\",\"name\":\"ULL - Noticias\",\"description\":\"\",\"potentialAction\":[{\"@type\":\"SearchAction\",\"target\":{\"@type\":\"EntryPoint\",\"urlTemplate\":\"https:\/\/www.ull.es\/portal\/noticias\/?s={search_term_string}\"},\"query-input\":\"required name=search_term_string\"}],\"inLanguage\":\"es\"},{\"@type\":\"Person\",\"@id\":\"https:\/\/www.ull.es\/portal\/noticias\/#\/schema\/person\/c3b2aa857797592927a03740d6664376\",\"name\":\"prensa2\",\"image\":{\"@type\":\"ImageObject\",\"inLanguage\":\"es\",\"@id\":\"https:\/\/www.ull.es\/portal\/noticias\/#\/schema\/person\/image\/\",\"url\":\"https:\/\/secure.gravatar.com\/avatar\/b58f310a5de5feb33d1e026d2493f23c?s=96&d=mm&r=g\",\"contentUrl\":\"https:\/\/secure.gravatar.com\/avatar\/b58f310a5de5feb33d1e026d2493f23c?s=96&d=mm&r=g\",\"caption\":\"prensa2\"},\"url\":\"https:\/\/www.ull.es\/portal\/noticias\/author\/prensa2\/\"}]}<\/script>\n<!-- \/ Yoast SEO plugin. -->","yoast_head_json":{"title":"Una tesis analiza la influencia del punk tinerfe\u00f1o en Espa\u00f1a","description":"Dami\u00e1n Mart\u00edn logra el doctorado por su tesis \"Ruido y oscuridad: estudio del punk y sus derivados en Tenerife\u201d, dirigida por Pompeyo P\u00e9rez.","robots":{"index":"index","follow":"follow","max-snippet":"max-snippet:-1","max-image-preview":"max-image-preview:large","max-video-preview":"max-video-preview:-1"},"canonical":"https:\/\/www.ull.es\/portal\/noticias\/2025\/tesis-influencia-punk-tinerfeno-espana\/","og_locale":"es_ES","og_type":"article","og_title":"Una tesis analiza la influencia del punk tinerfe\u00f1o en Espa\u00f1a","og_description":"Dami\u00e1n Mart\u00edn logra el doctorado por su tesis \"Ruido y oscuridad: estudio del punk y sus derivados en Tenerife\u201d, dirigida por Pompeyo P\u00e9rez.","og_url":"https:\/\/www.ull.es\/portal\/noticias\/2025\/tesis-influencia-punk-tinerfeno-espana\/","og_site_name":"ULL - Noticias","article_publisher":"https:\/\/www.facebook.com\/universidaddelalaguna\/","article_published_time":"2025-09-26T08:43:13+00:00","og_image":[{"width":1200,"height":800,"url":"https:\/\/www.ull.es\/portal\/noticias\/wp-content\/uploads\/sites\/13\/2025\/09\/Tesis-Damian-Martin-05.jpg","type":"image\/jpeg"}],"author":"prensa2","twitter_card":"summary_large_image","twitter_creator":"@CanalULL","twitter_site":"@CanalULL","twitter_misc":{"Escrito por":"prensa2","Tiempo de lectura":"5 minutos"},"schema":{"@context":"https:\/\/schema.org","@graph":[{"@type":"WebPage","@id":"https:\/\/www.ull.es\/portal\/noticias\/2025\/tesis-influencia-punk-tinerfeno-espana\/","url":"https:\/\/www.ull.es\/portal\/noticias\/2025\/tesis-influencia-punk-tinerfeno-espana\/","name":"Una tesis analiza la influencia del punk tinerfe\u00f1o en Espa\u00f1a","isPartOf":{"@id":"https:\/\/www.ull.es\/portal\/noticias\/#website"},"datePublished":"2025-09-26T08:43:13+00:00","dateModified":"2025-09-26T08:43:13+00:00","author":{"@id":"https:\/\/www.ull.es\/portal\/noticias\/#\/schema\/person\/c3b2aa857797592927a03740d6664376"},"description":"Dami\u00e1n Mart\u00edn logra el doctorado por su tesis \"Ruido y oscuridad: estudio del punk y sus derivados en Tenerife\u201d, dirigida por Pompeyo P\u00e9rez.","breadcrumb":{"@id":"https:\/\/www.ull.es\/portal\/noticias\/2025\/tesis-influencia-punk-tinerfeno-espana\/#breadcrumb"},"inLanguage":"es","potentialAction":[{"@type":"ReadAction","target":["https:\/\/www.ull.es\/portal\/noticias\/2025\/tesis-influencia-punk-tinerfeno-espana\/"]}]},{"@type":"BreadcrumbList","@id":"https:\/\/www.ull.es\/portal\/noticias\/2025\/tesis-influencia-punk-tinerfeno-espana\/#breadcrumb","itemListElement":[{"@type":"ListItem","position":1,"name":"Portada","item":"https:\/\/www.ull.es\/portal\/noticias\/"},{"@type":"ListItem","position":2,"name":"Una tesis doctoral le\u00edda en la ULL analiza la influencia del punk tinerfe\u00f1o en Espa\u00f1a"}]},{"@type":"WebSite","@id":"https:\/\/www.ull.es\/portal\/noticias\/#website","url":"https:\/\/www.ull.es\/portal\/noticias\/","name":"ULL - Noticias","description":"","potentialAction":[{"@type":"SearchAction","target":{"@type":"EntryPoint","urlTemplate":"https:\/\/www.ull.es\/portal\/noticias\/?s={search_term_string}"},"query-input":"required name=search_term_string"}],"inLanguage":"es"},{"@type":"Person","@id":"https:\/\/www.ull.es\/portal\/noticias\/#\/schema\/person\/c3b2aa857797592927a03740d6664376","name":"prensa2","image":{"@type":"ImageObject","inLanguage":"es","@id":"https:\/\/www.ull.es\/portal\/noticias\/#\/schema\/person\/image\/","url":"https:\/\/secure.gravatar.com\/avatar\/b58f310a5de5feb33d1e026d2493f23c?s=96&d=mm&r=g","contentUrl":"https:\/\/secure.gravatar.com\/avatar\/b58f310a5de5feb33d1e026d2493f23c?s=96&d=mm&r=g","caption":"prensa2"},"url":"https:\/\/www.ull.es\/portal\/noticias\/author\/prensa2\/"}]}},"primary_category":{"id":345,"name":"Destacado","slug":"destacado","link":"https:\/\/www.ull.es\/portal\/noticias\/category\/destacado\/"},"featured_image_thumbnail_url":"https:\/\/www.ull.es\/portal\/noticias\/wp-content\/uploads\/sites\/13\/2025\/09\/Tesis-Damian-Martin-05-300x200.jpg","_links":{"self":[{"href":"https:\/\/www.ull.es\/portal\/noticias\/wp-json\/wp\/v2\/posts\/84434"}],"collection":[{"href":"https:\/\/www.ull.es\/portal\/noticias\/wp-json\/wp\/v2\/posts"}],"about":[{"href":"https:\/\/www.ull.es\/portal\/noticias\/wp-json\/wp\/v2\/types\/post"}],"author":[{"embeddable":true,"href":"https:\/\/www.ull.es\/portal\/noticias\/wp-json\/wp\/v2\/users\/21"}],"replies":[{"embeddable":true,"href":"https:\/\/www.ull.es\/portal\/noticias\/wp-json\/wp\/v2\/comments?post=84434"}],"version-history":[{"count":1,"href":"https:\/\/www.ull.es\/portal\/noticias\/wp-json\/wp\/v2\/posts\/84434\/revisions"}],"predecessor-version":[{"id":84438,"href":"https:\/\/www.ull.es\/portal\/noticias\/wp-json\/wp\/v2\/posts\/84434\/revisions\/84438"}],"wp:featuredmedia":[{"embeddable":true,"href":"https:\/\/www.ull.es\/portal\/noticias\/wp-json\/wp\/v2\/media\/84435"}],"wp:attachment":[{"href":"https:\/\/www.ull.es\/portal\/noticias\/wp-json\/wp\/v2\/media?parent=84434"}],"wp:term":[{"taxonomy":"category","embeddable":true,"href":"https:\/\/www.ull.es\/portal\/noticias\/wp-json\/wp\/v2\/categories?post=84434"},{"taxonomy":"post_tag","embeddable":true,"href":"https:\/\/www.ull.es\/portal\/noticias\/wp-json\/wp\/v2\/tags?post=84434"}],"curies":[{"name":"wp","href":"https:\/\/api.w.org\/{rel}","templated":true}]}}