{"id":84454,"date":"2025-09-26T11:25:19","date_gmt":"2025-09-26T11:25:19","guid":{"rendered":"https:\/\/www.ull.es\/portal\/noticias\/?p=84454"},"modified":"2025-09-29T12:35:50","modified_gmt":"2025-09-29T12:35:50","slug":"el-claustro-de-la-ull-aprueba-las-directrices-presupuestarias-de-la-universidad-para-2026","status":"publish","type":"post","link":"https:\/\/www.ull.es\/portal\/noticias\/2025\/el-claustro-de-la-ull-aprueba-las-directrices-presupuestarias-de-la-universidad-para-2026\/","title":{"rendered":"El Claustro de la ULL respalda de las directrices presupuestarias de la universidad para 2026"},"content":{"rendered":"<p>Arranca el proceso presupuestario de 2026 en la Universidad de La Laguna. Hace escasos d\u00edas, se llev\u00f3 el documento de directrices a estudio por parte del Consejo Social. Hoy 26 de septiembre lo ha hecho el <a href=\"https:\/\/www.ull.es\/la-universidad\/claustro\/\" target=\"_blank\" rel=\"noopener\">Claustro Universitario<\/a>, quien ha respaldado un texto que ahora ser\u00e1 trasladado en breve al Consejo de Gobierno.<\/p>\n<p>La gerenta de la instituci\u00f3n acad\u00e9mica, Lidia Pereira, reconoci\u00f3 en su presentaci\u00f3n que la carencia de un instrumento de financiaci\u00f3n plurianual dificulta la elaboraci\u00f3n del texto presupuestario, pero tambi\u00e9n indic\u00f3 que existe la previsi\u00f3n de que pueda acordarse a lo largo de 2026. Por ahora la comunidad aut\u00f3noma ha planteado un escenario prudente para el pr\u00f3ximo ejercicio, atendiendo en primer lugar los \u00e1mbitos m\u00e1s sociales, como la sanidad, la vivienda o la educaci\u00f3n, relat\u00f3 Pereira.<\/p>\n<p>Aunque la mayor parte del presupuesto est\u00e1 conectado con el gasto de personal, hay otra referida a captaciones de fondos que realiza la universidad a trav\u00e9s de diferentes actividades, especialmente de investigaci\u00f3n. En ese punto, la gerenta se propuso una mayor cercan\u00eda del presupuesto con la propia acci\u00f3n diaria del centro acad\u00e9mico.<\/p>\n<div id=\"attachment_84457\" style=\"width: 310px\" class=\"wp-caption alignleft\"><a href=\"https:\/\/www.ull.es\/portal\/noticias\/wp-content\/uploads\/sites\/13\/2025\/09\/Claustro-ULL-26-9-37.jpg\" target=\"_blank\" rel=\"noopener\"><img aria-describedby=\"caption-attachment-84457\" decoding=\"async\" loading=\"lazy\" class=\"size-medium wp-image-84457\" src=\"https:\/\/www.ull.es\/portal\/noticias\/wp-content\/uploads\/sites\/13\/2025\/09\/Claustro-ULL-26-9-37-300x201.jpg\" alt=\"\" width=\"300\" height=\"201\" srcset=\"https:\/\/www.ull.es\/portal\/noticias\/wp-content\/uploads\/sites\/13\/2025\/09\/Claustro-ULL-26-9-37-300x201.jpg 300w, https:\/\/www.ull.es\/portal\/noticias\/wp-content\/uploads\/sites\/13\/2025\/09\/Claustro-ULL-26-9-37-1024x686.jpg 1024w, https:\/\/www.ull.es\/portal\/noticias\/wp-content\/uploads\/sites\/13\/2025\/09\/Claustro-ULL-26-9-37-768x515.jpg 768w, https:\/\/www.ull.es\/portal\/noticias\/wp-content\/uploads\/sites\/13\/2025\/09\/Claustro-ULL-26-9-37-375x251.jpg 375w, https:\/\/www.ull.es\/portal\/noticias\/wp-content\/uploads\/sites\/13\/2025\/09\/Claustro-ULL-26-9-37-750x503.jpg 750w, https:\/\/www.ull.es\/portal\/noticias\/wp-content\/uploads\/sites\/13\/2025\/09\/Claustro-ULL-26-9-37-1140x764.jpg 1140w, https:\/\/www.ull.es\/portal\/noticias\/wp-content\/uploads\/sites\/13\/2025\/09\/Claustro-ULL-26-9-37.jpg 1200w\" sizes=\"(max-width: 300px) 100vw, 300px\" \/><\/a><p id=\"caption-attachment-84457\" class=\"wp-caption-text\">Lidia Pereira, gerenta de la instituci\u00f3n.<\/p><\/div>\n<p>Tambi\u00e9n se\u00f1al\u00f3 que los servicios de Gesti\u00f3n Econ\u00f3mica y Financiera, Contrataci\u00f3n y Patrimonio y de Asesor\u00eda Jur\u00eddica deber\u00e1n incorporar los informes respectivos al texto presupeustario, antes de su aprobaci\u00f3n definitiva, que tambi\u00e9n deber\u00e1 contar con los informes de impacto de g\u00e9nero, impacto ambiental, otro de estabilidad presupuestaria y sostenibilidad financiera y el de legalidad del documento.<\/p>\n<p>Las l\u00edneas de actuaci\u00f3n marcadas en estas directrices tienen que ver cinco grandes \u00e1mbitos. La primera es la excelencia educativa, atendiendo a la modernizaci\u00f3n de los t\u00edtulos, oferta de microcredenciales, innovaci\u00f3n, calidad de la docencia y la adecuaci\u00f3n de la relaci\u00f3n con los centros adscritos. Le sigue el estudiantado, con asuntos como el apoyo a la igualdad de oportunidades, un refuerzo de mayor cercan\u00eda a este p\u00fablico, ayudas y alojamiento, servicios de atenci\u00f3n y revisi\u00f3n del reglamento de evaluaci\u00f3n.<\/p>\n<p>En cuanto a la excelencia investigadora, las l\u00edneas de actuaci\u00f3n se dirigir\u00e1n hacia una ciencia para la sociedad, con la implantaci\u00f3n de una planificaci\u00f3n anual de medidas de apoyo, refuerzo de planes predoctorales y posdoctorales, impulso a la valorizaci\u00f3n y la transferencia del conocimiento, adecuaci\u00f3n del marco normativo y de las condiciones del personal investigador, as\u00ed como la mejora en los procesos de contrataci\u00f3n.<\/p>\n<p>Otro gran apartado tiene que ver con la captaci\u00f3n de talento y la gesti\u00f3n del personal, con la adecuaci\u00f3n de las plantillas y las convocatorias, la revisi\u00f3n de los procesos de gesti\u00f3n y los baremos, la renovaci\u00f3n de la plantilla y la revisi\u00f3n de la regulaci\u00f3n interna.<\/p>\n<p>Otra l\u00ednea de actuaci\u00f3n que se reflejar\u00e1 en el presupuesto de 2026 est\u00e1 relacionada con la internacionalizaci\u00f3n, avanzando en el dise\u00f1o de titulaciones internacionales, el incremento de las movilidades y el fomento de la participaci\u00f3n en la alianza STARS EU. Igualmente, la proyecci\u00f3n cultural es otro de los \u00e1mbitos importantes que pretende desplegarse en 2026, con mayor visibilidad del patrimonio, mayor impacto en las acciones de extensi\u00f3n universitaria y de los programas de mayores, as\u00ed como de las c\u00e1tedras culturales y de empresa.<\/p>\n<p>La sostenibilidad, calidad de vida y bienestar fue otro de los aspectos destacados por Lidia Pereira, con la aceleraci\u00f3n de actuaciones medioambientales, dinamizaci\u00f3n de la vida universitaria y avance en la gesti\u00f3n sostenible. Igualmente figura en las directrices una l\u00ednea dedicada a la gesti\u00f3n eficaz, eficiencia, din\u00e1mica y adaptativa, que contempla la simplificaci\u00f3n de procedimientos, una pol\u00edtica de gesti\u00f3n de dato \u00fanico, la puesta en marcha de la contabilidad anal\u00edtica y las alianzas estrat\u00e9gicas con la Universidad de Las Palmas de Gran Canaria, as\u00ed como el trabajo con perspectiva tecnol\u00f3gica.<\/p>\n<p>La necesidad de autonom\u00eda y suficiencia financiera fueron destacados por Pereira, con un impulso a la financiaci\u00f3n plurianual y la mayor automatizaci\u00f3n de los ingresos, al tiempo que rese\u00f1\u00f3 la<a href=\"https:\/\/www.ull.es\/portal\/noticias\/wp-content\/uploads\/sites\/13\/2025\/09\/Claustro-ULL-26-9-01.jpg\" target=\"_blank\" rel=\"noopener\"><img decoding=\"async\" loading=\"lazy\" class=\"alignright size-medium wp-image-84458\" src=\"https:\/\/www.ull.es\/portal\/noticias\/wp-content\/uploads\/sites\/13\/2025\/09\/Claustro-ULL-26-9-01-300x200.jpg\" alt=\"\" width=\"300\" height=\"200\" srcset=\"https:\/\/www.ull.es\/portal\/noticias\/wp-content\/uploads\/sites\/13\/2025\/09\/Claustro-ULL-26-9-01-300x200.jpg 300w, https:\/\/www.ull.es\/portal\/noticias\/wp-content\/uploads\/sites\/13\/2025\/09\/Claustro-ULL-26-9-01-1024x683.jpg 1024w, https:\/\/www.ull.es\/portal\/noticias\/wp-content\/uploads\/sites\/13\/2025\/09\/Claustro-ULL-26-9-01-768x512.jpg 768w, https:\/\/www.ull.es\/portal\/noticias\/wp-content\/uploads\/sites\/13\/2025\/09\/Claustro-ULL-26-9-01-375x250.jpg 375w, https:\/\/www.ull.es\/portal\/noticias\/wp-content\/uploads\/sites\/13\/2025\/09\/Claustro-ULL-26-9-01-750x500.jpg 750w, https:\/\/www.ull.es\/portal\/noticias\/wp-content\/uploads\/sites\/13\/2025\/09\/Claustro-ULL-26-9-01-1140x760.jpg 1140w, https:\/\/www.ull.es\/portal\/noticias\/wp-content\/uploads\/sites\/13\/2025\/09\/Claustro-ULL-26-9-01.jpg 1200w\" sizes=\"(max-width: 300px) 100vw, 300px\" \/><\/a> puesta en marcha de una metodolog\u00eda de evaluaci\u00f3n y seguimiento del presupuesto.<\/p>\n<p>Tras la intervenci\u00f3n de la gerenta, los grupos claustrales tuvieron la ocasi\u00f3n de expresar su parecer acerca del documento de directrices. En general, el texto tuvo buena aceptaci\u00f3n, si bien algunos grupos claustrales le hicieron ver los inconvenientes que marca la ausencia de una financiaci\u00f3n plurianual y la falta de concreci\u00f3n de c\u00f3mo se van a conseguir algunos objetivos, a lo que Pereira repuso que habr\u00e1 que esperar a contar con el anteproyecto para abordar las l\u00edneas de actuaci\u00f3n de forma m\u00e1s concreta.<\/p>\n<p>En otro orden de cosas, el \u00f3rgano colegiado tambi\u00e9n dio su visto bueno al cambio de nombre de Facultad de Ciencias de la Salud a Facultad de Medicina, que albergar\u00e1 la titulaci\u00f3n con el mismo nombre y el grado de Fisioterapia. La extensi\u00f3n de este nombre en el panorama nacional universitario y el arraigo de la facultad en el entorno isle\u00f1o son los principales argumentos esgrimidos en la sesi\u00f3n claustral, en la que se aclar\u00f3 que se mantiene el nombre del Campus de Ciencias de la Salud, donde tambi\u00e9n figura la Facultad de Enfermer\u00eda. Ser\u00e1 ahora el Consejo de Gobierno quien apruebe esta propuesta definitivamente.<\/p>\n","protected":false},"excerpt":{"rendered":"<p>Arranca el proceso presupuestario de 2026 en la Universidad de La Laguna. Hace escasos d\u00edas, se llev\u00f3 el documento de&#8230;<\/p>\n","protected":false},"author":23,"featured_media":84456,"comment_status":"closed","ping_status":"closed","sticky":false,"template":"","format":"standard","meta":{"inline_featured_image":false,"footnotes":""},"categories":[345,347,2765],"tags":[],"acf":[],"yoast_head":"<!-- This site is optimized with the Yoast SEO plugin v21.3 - https:\/\/yoast.com\/wordpress\/plugins\/seo\/ -->\n<title>El Claustro de la ULL respalda de las directrices presupuestarias de la universidad para 2026 - ULL - Noticias<\/title>\n<meta name=\"robots\" content=\"index, follow, max-snippet:-1, max-image-preview:large, max-video-preview:-1\" \/>\n<link rel=\"canonical\" href=\"https:\/\/www.ull.es\/portal\/noticias\/2025\/el-claustro-de-la-ull-aprueba-las-directrices-presupuestarias-de-la-universidad-para-2026\/\" \/>\n<meta property=\"og:locale\" content=\"es_ES\" \/>\n<meta property=\"og:type\" content=\"article\" \/>\n<meta property=\"og:title\" content=\"El Claustro de la ULL respalda de las directrices presupuestarias de la universidad para 2026 - ULL - Noticias\" \/>\n<meta property=\"og:description\" content=\"Arranca el proceso presupuestario de 2026 en la Universidad de La Laguna. Hace escasos d\u00edas, se llev\u00f3 el documento de...\" \/>\n<meta property=\"og:url\" content=\"https:\/\/www.ull.es\/portal\/noticias\/2025\/el-claustro-de-la-ull-aprueba-las-directrices-presupuestarias-de-la-universidad-para-2026\/\" \/>\n<meta property=\"og:site_name\" content=\"ULL - Noticias\" \/>\n<meta property=\"article:publisher\" content=\"https:\/\/www.facebook.com\/universidaddelalaguna\/\" \/>\n<meta property=\"article:published_time\" content=\"2025-09-26T11:25:19+00:00\" \/>\n<meta property=\"article:modified_time\" content=\"2025-09-29T12:35:50+00:00\" \/>\n<meta property=\"og:image\" content=\"https:\/\/www.ull.es\/portal\/noticias\/wp-content\/uploads\/sites\/13\/2025\/09\/Claustro-ULL-26-9-31.jpg\" \/>\n\t<meta property=\"og:image:width\" content=\"1200\" \/>\n\t<meta property=\"og:image:height\" content=\"800\" \/>\n\t<meta property=\"og:image:type\" content=\"image\/jpeg\" \/>\n<meta name=\"author\" content=\"gaprsa\" \/>\n<meta name=\"twitter:card\" content=\"summary_large_image\" \/>\n<meta name=\"twitter:creator\" content=\"@CanalULL\" \/>\n<meta name=\"twitter:site\" content=\"@CanalULL\" \/>\n<meta name=\"twitter:label1\" content=\"Escrito por\" \/>\n\t<meta name=\"twitter:data1\" content=\"gaprsa\" \/>\n\t<meta name=\"twitter:label2\" content=\"Tiempo de lectura\" \/>\n\t<meta name=\"twitter:data2\" content=\"5 minutos\" \/>\n<script type=\"application\/ld+json\" class=\"yoast-schema-graph\">{\"@context\":\"https:\/\/schema.org\",\"@graph\":[{\"@type\":\"WebPage\",\"@id\":\"https:\/\/www.ull.es\/portal\/noticias\/2025\/el-claustro-de-la-ull-aprueba-las-directrices-presupuestarias-de-la-universidad-para-2026\/\",\"url\":\"https:\/\/www.ull.es\/portal\/noticias\/2025\/el-claustro-de-la-ull-aprueba-las-directrices-presupuestarias-de-la-universidad-para-2026\/\",\"name\":\"El Claustro de la ULL respalda de las directrices presupuestarias de la universidad para 2026 - ULL - Noticias\",\"isPartOf\":{\"@id\":\"https:\/\/www.ull.es\/portal\/noticias\/#website\"},\"datePublished\":\"2025-09-26T11:25:19+00:00\",\"dateModified\":\"2025-09-29T12:35:50+00:00\",\"author\":{\"@id\":\"https:\/\/www.ull.es\/portal\/noticias\/#\/schema\/person\/b2b1a89d43ffa609e591f7df8ef3e817\"},\"breadcrumb\":{\"@id\":\"https:\/\/www.ull.es\/portal\/noticias\/2025\/el-claustro-de-la-ull-aprueba-las-directrices-presupuestarias-de-la-universidad-para-2026\/#breadcrumb\"},\"inLanguage\":\"es\",\"potentialAction\":[{\"@type\":\"ReadAction\",\"target\":[\"https:\/\/www.ull.es\/portal\/noticias\/2025\/el-claustro-de-la-ull-aprueba-las-directrices-presupuestarias-de-la-universidad-para-2026\/\"]}]},{\"@type\":\"BreadcrumbList\",\"@id\":\"https:\/\/www.ull.es\/portal\/noticias\/2025\/el-claustro-de-la-ull-aprueba-las-directrices-presupuestarias-de-la-universidad-para-2026\/#breadcrumb\",\"itemListElement\":[{\"@type\":\"ListItem\",\"position\":1,\"name\":\"Portada\",\"item\":\"https:\/\/www.ull.es\/portal\/noticias\/\"},{\"@type\":\"ListItem\",\"position\":2,\"name\":\"El Claustro de la ULL respalda de las directrices presupuestarias de la universidad para 2026\"}]},{\"@type\":\"WebSite\",\"@id\":\"https:\/\/www.ull.es\/portal\/noticias\/#website\",\"url\":\"https:\/\/www.ull.es\/portal\/noticias\/\",\"name\":\"ULL - Noticias\",\"description\":\"\",\"potentialAction\":[{\"@type\":\"SearchAction\",\"target\":{\"@type\":\"EntryPoint\",\"urlTemplate\":\"https:\/\/www.ull.es\/portal\/noticias\/?s={search_term_string}\"},\"query-input\":\"required name=search_term_string\"}],\"inLanguage\":\"es\"},{\"@type\":\"Person\",\"@id\":\"https:\/\/www.ull.es\/portal\/noticias\/#\/schema\/person\/b2b1a89d43ffa609e591f7df8ef3e817\",\"name\":\"gaprsa\",\"image\":{\"@type\":\"ImageObject\",\"inLanguage\":\"es\",\"@id\":\"https:\/\/www.ull.es\/portal\/noticias\/#\/schema\/person\/image\/\",\"url\":\"https:\/\/secure.gravatar.com\/avatar\/443820550921091458b4823867723b3d?s=96&d=mm&r=g\",\"contentUrl\":\"https:\/\/secure.gravatar.com\/avatar\/443820550921091458b4823867723b3d?s=96&d=mm&r=g\",\"caption\":\"gaprsa\"},\"url\":\"https:\/\/www.ull.es\/portal\/noticias\/author\/gaprsa\/\"}]}<\/script>\n<!-- \/ Yoast SEO plugin. -->","yoast_head_json":{"title":"El Claustro de la ULL respalda de las directrices presupuestarias de la universidad para 2026 - ULL - Noticias","robots":{"index":"index","follow":"follow","max-snippet":"max-snippet:-1","max-image-preview":"max-image-preview:large","max-video-preview":"max-video-preview:-1"},"canonical":"https:\/\/www.ull.es\/portal\/noticias\/2025\/el-claustro-de-la-ull-aprueba-las-directrices-presupuestarias-de-la-universidad-para-2026\/","og_locale":"es_ES","og_type":"article","og_title":"El Claustro de la ULL respalda de las directrices presupuestarias de la universidad para 2026 - ULL - Noticias","og_description":"Arranca el proceso presupuestario de 2026 en la Universidad de La Laguna. Hace escasos d\u00edas, se llev\u00f3 el documento de...","og_url":"https:\/\/www.ull.es\/portal\/noticias\/2025\/el-claustro-de-la-ull-aprueba-las-directrices-presupuestarias-de-la-universidad-para-2026\/","og_site_name":"ULL - Noticias","article_publisher":"https:\/\/www.facebook.com\/universidaddelalaguna\/","article_published_time":"2025-09-26T11:25:19+00:00","article_modified_time":"2025-09-29T12:35:50+00:00","og_image":[{"width":1200,"height":800,"url":"https:\/\/www.ull.es\/portal\/noticias\/wp-content\/uploads\/sites\/13\/2025\/09\/Claustro-ULL-26-9-31.jpg","type":"image\/jpeg"}],"author":"gaprsa","twitter_card":"summary_large_image","twitter_creator":"@CanalULL","twitter_site":"@CanalULL","twitter_misc":{"Escrito por":"gaprsa","Tiempo de lectura":"5 minutos"},"schema":{"@context":"https:\/\/schema.org","@graph":[{"@type":"WebPage","@id":"https:\/\/www.ull.es\/portal\/noticias\/2025\/el-claustro-de-la-ull-aprueba-las-directrices-presupuestarias-de-la-universidad-para-2026\/","url":"https:\/\/www.ull.es\/portal\/noticias\/2025\/el-claustro-de-la-ull-aprueba-las-directrices-presupuestarias-de-la-universidad-para-2026\/","name":"El Claustro de la ULL respalda de las directrices presupuestarias de la universidad para 2026 - ULL - Noticias","isPartOf":{"@id":"https:\/\/www.ull.es\/portal\/noticias\/#website"},"datePublished":"2025-09-26T11:25:19+00:00","dateModified":"2025-09-29T12:35:50+00:00","author":{"@id":"https:\/\/www.ull.es\/portal\/noticias\/#\/schema\/person\/b2b1a89d43ffa609e591f7df8ef3e817"},"breadcrumb":{"@id":"https:\/\/www.ull.es\/portal\/noticias\/2025\/el-claustro-de-la-ull-aprueba-las-directrices-presupuestarias-de-la-universidad-para-2026\/#breadcrumb"},"inLanguage":"es","potentialAction":[{"@type":"ReadAction","target":["https:\/\/www.ull.es\/portal\/noticias\/2025\/el-claustro-de-la-ull-aprueba-las-directrices-presupuestarias-de-la-universidad-para-2026\/"]}]},{"@type":"BreadcrumbList","@id":"https:\/\/www.ull.es\/portal\/noticias\/2025\/el-claustro-de-la-ull-aprueba-las-directrices-presupuestarias-de-la-universidad-para-2026\/#breadcrumb","itemListElement":[{"@type":"ListItem","position":1,"name":"Portada","item":"https:\/\/www.ull.es\/portal\/noticias\/"},{"@type":"ListItem","position":2,"name":"El Claustro de la ULL respalda de las directrices presupuestarias de la universidad para 2026"}]},{"@type":"WebSite","@id":"https:\/\/www.ull.es\/portal\/noticias\/#website","url":"https:\/\/www.ull.es\/portal\/noticias\/","name":"ULL - Noticias","description":"","potentialAction":[{"@type":"SearchAction","target":{"@type":"EntryPoint","urlTemplate":"https:\/\/www.ull.es\/portal\/noticias\/?s={search_term_string}"},"query-input":"required name=search_term_string"}],"inLanguage":"es"},{"@type":"Person","@id":"https:\/\/www.ull.es\/portal\/noticias\/#\/schema\/person\/b2b1a89d43ffa609e591f7df8ef3e817","name":"gaprsa","image":{"@type":"ImageObject","inLanguage":"es","@id":"https:\/\/www.ull.es\/portal\/noticias\/#\/schema\/person\/image\/","url":"https:\/\/secure.gravatar.com\/avatar\/443820550921091458b4823867723b3d?s=96&d=mm&r=g","contentUrl":"https:\/\/secure.gravatar.com\/avatar\/443820550921091458b4823867723b3d?s=96&d=mm&r=g","caption":"gaprsa"},"url":"https:\/\/www.ull.es\/portal\/noticias\/author\/gaprsa\/"}]}},"primary_category":{"id":345,"name":"Destacado","slug":"destacado","link":"https:\/\/www.ull.es\/portal\/noticias\/category\/destacado\/"},"featured_image_thumbnail_url":"https:\/\/www.ull.es\/portal\/noticias\/wp-content\/uploads\/sites\/13\/2025\/09\/Claustro-ULL-26-9-31-300x200.jpg","_links":{"self":[{"href":"https:\/\/www.ull.es\/portal\/noticias\/wp-json\/wp\/v2\/posts\/84454"}],"collection":[{"href":"https:\/\/www.ull.es\/portal\/noticias\/wp-json\/wp\/v2\/posts"}],"about":[{"href":"https:\/\/www.ull.es\/portal\/noticias\/wp-json\/wp\/v2\/types\/post"}],"author":[{"embeddable":true,"href":"https:\/\/www.ull.es\/portal\/noticias\/wp-json\/wp\/v2\/users\/23"}],"replies":[{"embeddable":true,"href":"https:\/\/www.ull.es\/portal\/noticias\/wp-json\/wp\/v2\/comments?post=84454"}],"version-history":[{"count":5,"href":"https:\/\/www.ull.es\/portal\/noticias\/wp-json\/wp\/v2\/posts\/84454\/revisions"}],"predecessor-version":[{"id":84500,"href":"https:\/\/www.ull.es\/portal\/noticias\/wp-json\/wp\/v2\/posts\/84454\/revisions\/84500"}],"wp:featuredmedia":[{"embeddable":true,"href":"https:\/\/www.ull.es\/portal\/noticias\/wp-json\/wp\/v2\/media\/84456"}],"wp:attachment":[{"href":"https:\/\/www.ull.es\/portal\/noticias\/wp-json\/wp\/v2\/media?parent=84454"}],"wp:term":[{"taxonomy":"category","embeddable":true,"href":"https:\/\/www.ull.es\/portal\/noticias\/wp-json\/wp\/v2\/categories?post=84454"},{"taxonomy":"post_tag","embeddable":true,"href":"https:\/\/www.ull.es\/portal\/noticias\/wp-json\/wp\/v2\/tags?post=84454"}],"curies":[{"name":"wp","href":"https:\/\/api.w.org\/{rel}","templated":true}]}}