{"id":84520,"date":"2025-09-30T09:45:46","date_gmt":"2025-09-30T09:45:46","guid":{"rendered":"https:\/\/www.ull.es\/portal\/noticias\/?p=84520"},"modified":"2025-09-30T11:06:59","modified_gmt":"2025-09-30T11:06:59","slug":"ull-recibe-estudiantes-movilidad","status":"publish","type":"post","link":"https:\/\/www.ull.es\/portal\/noticias\/2025\/ull-recibe-estudiantes-movilidad\/","title":{"rendered":"La ULL recibe a centenares de estudiantes de movilidad en su jornada de bienvenida"},"content":{"rendered":"<p>La Universidad de La Laguna celebr\u00f3 ayer, lunes 29 de septiembre en la Facultad de Bellas Artes, la <a href=\"https:\/\/www.ull.es\/portal\/agenda\/evento\/acto-de-bienvenida-al-alumnado-de-programas-de-movilidad\/\" target=\"_blank\" rel=\"noopener\" target=\"_blank\" rel=\"noopener\">jornada de bienvenida<\/a> al alumnado participante en programas de movilidad nacional e internacional del primer cuatrimestre, tanto Erasmus + como SICUE, as\u00ed como el de convenios extracomunitarios. Con m\u00e1s de 700 estudiantes previstos este curso, este encuentro tuvo como objetivo facilitar su integraci\u00f3n en la vida acad\u00e9mica y social de la instituci\u00f3n desde el inicio de su estancia.<\/p>\n<p style=\"text-align: center\"><a href=\"https:\/\/drive.google.com\/drive\/folders\/1Kn2SDLQVdnR6K2NbIJ0O_RCtUsBlQuKj?usp=sharing\" target=\"_blank\" rel=\"noopener\" target=\"_blank\" rel=\"noopener\"><strong>Galer\u00eda de im\u00e1genes<\/strong><\/a><\/p>\n<p>La vicerrectora de Estudiantes, Rosario Hern\u00e1ndez, fue la encargada de abrir el acto con unas palabras dirigidas al alumnado reci\u00e9n incorporado. En su intervenci\u00f3n, le anim\u00f3 a disfrutar de esta experiencia y a aprovechar todas las oportunidades de aprendizaje que brinda la universidad, al tiempo que le ofreci\u00f3 varios consejos. En concreto, record\u00f3 prestar atenci\u00f3n a los tr\u00e1mites acad\u00e9micos para evitar problemas posteriores con los cambios de matr\u00edcula o la elecci\u00f3n de asignaturas, lo que sucede habitualmente en todos los cuatrimestres.<\/p>\n<p><a href=\"https:\/\/www.ull.es\/portal\/noticias\/wp-content\/uploads\/sites\/13\/2025\/09\/Bienvenida-Erasmus-15.jpg\" target=\"_blank\" rel=\"noopener\" target=\"_blank\" rel=\"noopener\"><img decoding=\"async\" loading=\"lazy\" class=\"alignleft wp-image-84522 size-medium\" src=\"https:\/\/www.ull.es\/portal\/noticias\/wp-content\/uploads\/sites\/13\/2025\/09\/Bienvenida-Erasmus-15-300x200.jpg\" alt=\"\" width=\"300\" height=\"200\" srcset=\"https:\/\/www.ull.es\/portal\/noticias\/wp-content\/uploads\/sites\/13\/2025\/09\/Bienvenida-Erasmus-15-300x200.jpg 300w, https:\/\/www.ull.es\/portal\/noticias\/wp-content\/uploads\/sites\/13\/2025\/09\/Bienvenida-Erasmus-15-1024x683.jpg 1024w, https:\/\/www.ull.es\/portal\/noticias\/wp-content\/uploads\/sites\/13\/2025\/09\/Bienvenida-Erasmus-15-768x512.jpg 768w, https:\/\/www.ull.es\/portal\/noticias\/wp-content\/uploads\/sites\/13\/2025\/09\/Bienvenida-Erasmus-15-375x250.jpg 375w, https:\/\/www.ull.es\/portal\/noticias\/wp-content\/uploads\/sites\/13\/2025\/09\/Bienvenida-Erasmus-15-750x500.jpg 750w, https:\/\/www.ull.es\/portal\/noticias\/wp-content\/uploads\/sites\/13\/2025\/09\/Bienvenida-Erasmus-15-1140x760.jpg 1140w, https:\/\/www.ull.es\/portal\/noticias\/wp-content\/uploads\/sites\/13\/2025\/09\/Bienvenida-Erasmus-15.jpg 1200w\" sizes=\"(max-width: 300px) 100vw, 300px\" \/><\/a>Por su parte, Inmaculada Gonz\u00e1lez, vicerrectora de Internacionalizaci\u00f3n y Cooperaci\u00f3n, agradeci\u00f3 la confianza depositada en la Universidad de La Laguna y destac\u00f3 que la instituci\u00f3n acoge y acompa\u00f1a a su alumnado con respeto y cercan\u00eda desde todos sus servicios, por lo que les alent\u00f3 a acudir a ellos sin ning\u00fan reparo. Asimismo, subray\u00f3 la importancia de aprovechar la estancia para aprender o perfeccionar el espa\u00f1ol como segunda lengua, ya que los idiomas constituyen \u201cuna mochila de oportunidades\u201d para el futuro. Tambi\u00e9n invit\u00f3 a conocer la riqueza cultural de Tenerife, un territorio que es punto de encuentro de pueblos de todo el mundo y, por lo tanto, un verdadero tesoro de diversidad.<\/p>\n<p>Jorge Cruz, presidente de AEGEE Tenerife, present\u00f3 las l\u00edneas generales de actuaci\u00f3n de su asociaci\u00f3n y, posteriormente, junto a su compa\u00f1ero Daniel Mart\u00edn, hablaron de las actividades gratuitas de la entidad realiza cada semana, visitando diferentes lugares de la isla gracias a la financiaci\u00f3n del Vicerrectorado de Internacionalizaci\u00f3n y Cooperaci\u00f3n.<\/p>\n<p><strong>De Bahamas hasta la Rep\u00fablica Saharaui<\/strong><\/p>\n<p>Las cifras previstas para este curso acad\u00e9mico reflejan la amplitud de la movilidad en la Universidad de La Laguna con un total de 758 estudiantes. En el marco europeo, la instituci\u00f3n acoger\u00e1 245 estudiantes del programa Erasmus+, procedentes principalmente de Italia, Alemania, Polonia, Francia, Portugal, Chequia y Ruman\u00eda, hasta un total de 13 pa\u00edses. A ellos se sumar\u00e1n 38 estudiantes extracomunitarios. De este alumnado, 24 proceden de convenios bilaterales con universidades de pa\u00edses como Bahamas, Chile, Colombia, Costa Rica, Ecuador y M\u00e9xico. Otros 4 estudiantes son beneficiarios de becas de la Fundaci\u00f3n Carolina, provenientes de Argentina, Bolivia y Honduras. Adem\u00e1s, 4 alumnas participan en el programa \u2018Learn Africa\u2019 de la Fundaci\u00f3n Mujeres por \u00c1frica, provenientes de Guinea Ecuatorial, Madagascar, la Rep\u00fablica \u00c1rabe Saharaui Democr\u00e1tica y Senegal. Finalmente, 6 estudiantes procedentes de Cabo Verde y Ben\u00edn cursan un m\u00e1ster en el marco del programa de Becas Canarias-\u00c1frica (PbCA) del Gobierno de Canarias.<\/p>\n<p><a href=\"https:\/\/www.ull.es\/portal\/noticias\/wp-content\/uploads\/sites\/13\/2025\/09\/Bienvenida-Erasmus-30.jpg\" target=\"_blank\" rel=\"noopener\" target=\"_blank\" rel=\"noopener\"><img decoding=\"async\" loading=\"lazy\" class=\"alignright wp-image-84523 size-medium\" src=\"https:\/\/www.ull.es\/portal\/noticias\/wp-content\/uploads\/sites\/13\/2025\/09\/Bienvenida-Erasmus-30-300x200.jpg\" alt=\"\" width=\"300\" height=\"200\" srcset=\"https:\/\/www.ull.es\/portal\/noticias\/wp-content\/uploads\/sites\/13\/2025\/09\/Bienvenida-Erasmus-30-300x200.jpg 300w, https:\/\/www.ull.es\/portal\/noticias\/wp-content\/uploads\/sites\/13\/2025\/09\/Bienvenida-Erasmus-30-1024x683.jpg 1024w, https:\/\/www.ull.es\/portal\/noticias\/wp-content\/uploads\/sites\/13\/2025\/09\/Bienvenida-Erasmus-30-768x512.jpg 768w, https:\/\/www.ull.es\/portal\/noticias\/wp-content\/uploads\/sites\/13\/2025\/09\/Bienvenida-Erasmus-30-375x250.jpg 375w, https:\/\/www.ull.es\/portal\/noticias\/wp-content\/uploads\/sites\/13\/2025\/09\/Bienvenida-Erasmus-30-750x500.jpg 750w, https:\/\/www.ull.es\/portal\/noticias\/wp-content\/uploads\/sites\/13\/2025\/09\/Bienvenida-Erasmus-30-1140x760.jpg 1140w, https:\/\/www.ull.es\/portal\/noticias\/wp-content\/uploads\/sites\/13\/2025\/09\/Bienvenida-Erasmus-30.jpg 1200w\" sizes=\"(max-width: 300px) 100vw, 300px\" \/><\/a>Debido a la buena acogida en la cita anterior, se decidi\u00f3 mantener un formato de feria en el cual el estudiantado pudo visitar durante varias horas los diferentes estands informativos y, de este modo, conocer en detalle los recursos universitarios a su disposici\u00f3n. Estuvieron presentes los servicios de Idiomas, Biblioteca, Deportes, Relaciones Internacionales, Centro de Documentaci\u00f3n Europea e Informaci\u00f3n y Orientaci\u00f3n de la universidad. Tambi\u00e9n tuvieron un papel destacado el banco Santander, la alianza STARS EU, que agrupa a nueve universidades europeas para promover proyectos conjuntos de docencia, investigaci\u00f3n e innovaci\u00f3n social y la asociaci\u00f3n estudiantil AEGEE (Estados Generales de Estudiantes de Europa, en sus siglas en espa\u00f1ol).<\/p>\n<p>La jornada se convirti\u00f3 en un espacio distendido gracias a la m\u00fasica en vivo, a cargo de un DJ, y a un c\u00f3ctel informal. Esta combinaci\u00f3n uni\u00f3 la orientaci\u00f3n acad\u00e9mica con momentos de convivencia, facilitando que el alumnado se acercara a la vida universitaria y diera sus primeros pasos hacia su integraci\u00f3n en la comunidad.<\/p>\n","protected":false},"excerpt":{"rendered":"<p>La Universidad de La Laguna celebr\u00f3 ayer, lunes 29 de septiembre en la Facultad de Bellas Artes, la jornada de&#8230;<\/p>\n","protected":false},"author":21,"featured_media":84521,"comment_status":"closed","ping_status":"closed","sticky":false,"template":"","format":"standard","meta":{"inline_featured_image":false,"footnotes":""},"categories":[343,345,349,2765,8764],"tags":[400,11940,792,1149,3949,2379,2380,2381,2401,8684,2649],"acf":[],"yoast_head":"<!-- This site is optimized with the Yoast SEO plugin v21.3 - https:\/\/yoast.com\/wordpress\/plugins\/seo\/ -->\n<title>La ULL recibe al alumnado de programas de movilidad<\/title>\n<meta name=\"description\" content=\"Este a\u00f1o la ULL recibe a 758 estudiantes de programas de intercambio: 245 de Erasmus+, 38 extracomunitarios y 475 SICUE.\" \/>\n<meta name=\"robots\" content=\"index, follow, max-snippet:-1, max-image-preview:large, max-video-preview:-1\" \/>\n<link rel=\"canonical\" href=\"https:\/\/www.ull.es\/portal\/noticias\/2025\/ull-recibe-estudiantes-movilidad\/\" \/>\n<meta property=\"og:locale\" content=\"es_ES\" \/>\n<meta property=\"og:type\" content=\"article\" \/>\n<meta property=\"og:title\" content=\"La ULL recibe al alumnado de programas de movilidad\" \/>\n<meta property=\"og:description\" content=\"Este a\u00f1o la ULL recibe a 758 estudiantes de programas de intercambio: 245 de Erasmus+, 38 extracomunitarios y 475 SICUE.\" \/>\n<meta property=\"og:url\" content=\"https:\/\/www.ull.es\/portal\/noticias\/2025\/ull-recibe-estudiantes-movilidad\/\" \/>\n<meta property=\"og:site_name\" content=\"ULL - Noticias\" \/>\n<meta property=\"article:publisher\" content=\"https:\/\/www.facebook.com\/universidaddelalaguna\/\" \/>\n<meta property=\"article:published_time\" content=\"2025-09-30T09:45:46+00:00\" \/>\n<meta property=\"article:modified_time\" content=\"2025-09-30T11:06:59+00:00\" \/>\n<meta property=\"og:image\" content=\"https:\/\/www.ull.es\/portal\/noticias\/wp-content\/uploads\/sites\/13\/2025\/09\/Bienvenida-Erasmus-48.jpg\" \/>\n\t<meta property=\"og:image:width\" content=\"1200\" \/>\n\t<meta property=\"og:image:height\" content=\"800\" \/>\n\t<meta property=\"og:image:type\" content=\"image\/jpeg\" \/>\n<meta name=\"author\" content=\"prensa2\" \/>\n<meta name=\"twitter:card\" content=\"summary_large_image\" \/>\n<meta name=\"twitter:creator\" content=\"@CanalULL\" \/>\n<meta name=\"twitter:site\" content=\"@CanalULL\" \/>\n<meta name=\"twitter:label1\" content=\"Escrito por\" \/>\n\t<meta name=\"twitter:data1\" content=\"prensa2\" \/>\n\t<meta name=\"twitter:label2\" content=\"Tiempo de lectura\" \/>\n\t<meta name=\"twitter:data2\" content=\"4 minutos\" \/>\n<script type=\"application\/ld+json\" class=\"yoast-schema-graph\">{\"@context\":\"https:\/\/schema.org\",\"@graph\":[{\"@type\":\"WebPage\",\"@id\":\"https:\/\/www.ull.es\/portal\/noticias\/2025\/ull-recibe-estudiantes-movilidad\/\",\"url\":\"https:\/\/www.ull.es\/portal\/noticias\/2025\/ull-recibe-estudiantes-movilidad\/\",\"name\":\"La ULL recibe al alumnado de programas de movilidad\",\"isPartOf\":{\"@id\":\"https:\/\/www.ull.es\/portal\/noticias\/#website\"},\"datePublished\":\"2025-09-30T09:45:46+00:00\",\"dateModified\":\"2025-09-30T11:06:59+00:00\",\"author\":{\"@id\":\"https:\/\/www.ull.es\/portal\/noticias\/#\/schema\/person\/c3b2aa857797592927a03740d6664376\"},\"description\":\"Este a\u00f1o la ULL recibe a 758 estudiantes de programas de intercambio: 245 de Erasmus+, 38 extracomunitarios y 475 SICUE.\",\"breadcrumb\":{\"@id\":\"https:\/\/www.ull.es\/portal\/noticias\/2025\/ull-recibe-estudiantes-movilidad\/#breadcrumb\"},\"inLanguage\":\"es\",\"potentialAction\":[{\"@type\":\"ReadAction\",\"target\":[\"https:\/\/www.ull.es\/portal\/noticias\/2025\/ull-recibe-estudiantes-movilidad\/\"]}]},{\"@type\":\"BreadcrumbList\",\"@id\":\"https:\/\/www.ull.es\/portal\/noticias\/2025\/ull-recibe-estudiantes-movilidad\/#breadcrumb\",\"itemListElement\":[{\"@type\":\"ListItem\",\"position\":1,\"name\":\"Portada\",\"item\":\"https:\/\/www.ull.es\/portal\/noticias\/\"},{\"@type\":\"ListItem\",\"position\":2,\"name\":\"La ULL recibe a centenares de estudiantes de movilidad en su jornada de bienvenida\"}]},{\"@type\":\"WebSite\",\"@id\":\"https:\/\/www.ull.es\/portal\/noticias\/#website\",\"url\":\"https:\/\/www.ull.es\/portal\/noticias\/\",\"name\":\"ULL - Noticias\",\"description\":\"\",\"potentialAction\":[{\"@type\":\"SearchAction\",\"target\":{\"@type\":\"EntryPoint\",\"urlTemplate\":\"https:\/\/www.ull.es\/portal\/noticias\/?s={search_term_string}\"},\"query-input\":\"required name=search_term_string\"}],\"inLanguage\":\"es\"},{\"@type\":\"Person\",\"@id\":\"https:\/\/www.ull.es\/portal\/noticias\/#\/schema\/person\/c3b2aa857797592927a03740d6664376\",\"name\":\"prensa2\",\"image\":{\"@type\":\"ImageObject\",\"inLanguage\":\"es\",\"@id\":\"https:\/\/www.ull.es\/portal\/noticias\/#\/schema\/person\/image\/\",\"url\":\"https:\/\/secure.gravatar.com\/avatar\/b58f310a5de5feb33d1e026d2493f23c?s=96&d=mm&r=g\",\"contentUrl\":\"https:\/\/secure.gravatar.com\/avatar\/b58f310a5de5feb33d1e026d2493f23c?s=96&d=mm&r=g\",\"caption\":\"prensa2\"},\"url\":\"https:\/\/www.ull.es\/portal\/noticias\/author\/prensa2\/\"}]}<\/script>\n<!-- \/ Yoast SEO plugin. -->","yoast_head_json":{"title":"La ULL recibe al alumnado de programas de movilidad","description":"Este a\u00f1o la ULL recibe a 758 estudiantes de programas de intercambio: 245 de Erasmus+, 38 extracomunitarios y 475 SICUE.","robots":{"index":"index","follow":"follow","max-snippet":"max-snippet:-1","max-image-preview":"max-image-preview:large","max-video-preview":"max-video-preview:-1"},"canonical":"https:\/\/www.ull.es\/portal\/noticias\/2025\/ull-recibe-estudiantes-movilidad\/","og_locale":"es_ES","og_type":"article","og_title":"La ULL recibe al alumnado de programas de movilidad","og_description":"Este a\u00f1o la ULL recibe a 758 estudiantes de programas de intercambio: 245 de Erasmus+, 38 extracomunitarios y 475 SICUE.","og_url":"https:\/\/www.ull.es\/portal\/noticias\/2025\/ull-recibe-estudiantes-movilidad\/","og_site_name":"ULL - Noticias","article_publisher":"https:\/\/www.facebook.com\/universidaddelalaguna\/","article_published_time":"2025-09-30T09:45:46+00:00","article_modified_time":"2025-09-30T11:06:59+00:00","og_image":[{"width":1200,"height":800,"url":"https:\/\/www.ull.es\/portal\/noticias\/wp-content\/uploads\/sites\/13\/2025\/09\/Bienvenida-Erasmus-48.jpg","type":"image\/jpeg"}],"author":"prensa2","twitter_card":"summary_large_image","twitter_creator":"@CanalULL","twitter_site":"@CanalULL","twitter_misc":{"Escrito por":"prensa2","Tiempo de lectura":"4 minutos"},"schema":{"@context":"https:\/\/schema.org","@graph":[{"@type":"WebPage","@id":"https:\/\/www.ull.es\/portal\/noticias\/2025\/ull-recibe-estudiantes-movilidad\/","url":"https:\/\/www.ull.es\/portal\/noticias\/2025\/ull-recibe-estudiantes-movilidad\/","name":"La ULL recibe al alumnado de programas de movilidad","isPartOf":{"@id":"https:\/\/www.ull.es\/portal\/noticias\/#website"},"datePublished":"2025-09-30T09:45:46+00:00","dateModified":"2025-09-30T11:06:59+00:00","author":{"@id":"https:\/\/www.ull.es\/portal\/noticias\/#\/schema\/person\/c3b2aa857797592927a03740d6664376"},"description":"Este a\u00f1o la ULL recibe a 758 estudiantes de programas de intercambio: 245 de Erasmus+, 38 extracomunitarios y 475 SICUE.","breadcrumb":{"@id":"https:\/\/www.ull.es\/portal\/noticias\/2025\/ull-recibe-estudiantes-movilidad\/#breadcrumb"},"inLanguage":"es","potentialAction":[{"@type":"ReadAction","target":["https:\/\/www.ull.es\/portal\/noticias\/2025\/ull-recibe-estudiantes-movilidad\/"]}]},{"@type":"BreadcrumbList","@id":"https:\/\/www.ull.es\/portal\/noticias\/2025\/ull-recibe-estudiantes-movilidad\/#breadcrumb","itemListElement":[{"@type":"ListItem","position":1,"name":"Portada","item":"https:\/\/www.ull.es\/portal\/noticias\/"},{"@type":"ListItem","position":2,"name":"La ULL recibe a centenares de estudiantes de movilidad en su jornada de bienvenida"}]},{"@type":"WebSite","@id":"https:\/\/www.ull.es\/portal\/noticias\/#website","url":"https:\/\/www.ull.es\/portal\/noticias\/","name":"ULL - Noticias","description":"","potentialAction":[{"@type":"SearchAction","target":{"@type":"EntryPoint","urlTemplate":"https:\/\/www.ull.es\/portal\/noticias\/?s={search_term_string}"},"query-input":"required name=search_term_string"}],"inLanguage":"es"},{"@type":"Person","@id":"https:\/\/www.ull.es\/portal\/noticias\/#\/schema\/person\/c3b2aa857797592927a03740d6664376","name":"prensa2","image":{"@type":"ImageObject","inLanguage":"es","@id":"https:\/\/www.ull.es\/portal\/noticias\/#\/schema\/person\/image\/","url":"https:\/\/secure.gravatar.com\/avatar\/b58f310a5de5feb33d1e026d2493f23c?s=96&d=mm&r=g","contentUrl":"https:\/\/secure.gravatar.com\/avatar\/b58f310a5de5feb33d1e026d2493f23c?s=96&d=mm&r=g","caption":"prensa2"},"url":"https:\/\/www.ull.es\/portal\/noticias\/author\/prensa2\/"}]}},"primary_category":{"id":345,"name":"Destacado","slug":"destacado","link":"https:\/\/www.ull.es\/portal\/noticias\/category\/destacado\/"},"featured_image_thumbnail_url":"https:\/\/www.ull.es\/portal\/noticias\/wp-content\/uploads\/sites\/13\/2025\/09\/Bienvenida-Erasmus-48-300x200.jpg","_links":{"self":[{"href":"https:\/\/www.ull.es\/portal\/noticias\/wp-json\/wp\/v2\/posts\/84520"}],"collection":[{"href":"https:\/\/www.ull.es\/portal\/noticias\/wp-json\/wp\/v2\/posts"}],"about":[{"href":"https:\/\/www.ull.es\/portal\/noticias\/wp-json\/wp\/v2\/types\/post"}],"author":[{"embeddable":true,"href":"https:\/\/www.ull.es\/portal\/noticias\/wp-json\/wp\/v2\/users\/21"}],"replies":[{"embeddable":true,"href":"https:\/\/www.ull.es\/portal\/noticias\/wp-json\/wp\/v2\/comments?post=84520"}],"version-history":[{"count":7,"href":"https:\/\/www.ull.es\/portal\/noticias\/wp-json\/wp\/v2\/posts\/84520\/revisions"}],"predecessor-version":[{"id":84532,"href":"https:\/\/www.ull.es\/portal\/noticias\/wp-json\/wp\/v2\/posts\/84520\/revisions\/84532"}],"wp:featuredmedia":[{"embeddable":true,"href":"https:\/\/www.ull.es\/portal\/noticias\/wp-json\/wp\/v2\/media\/84521"}],"wp:attachment":[{"href":"https:\/\/www.ull.es\/portal\/noticias\/wp-json\/wp\/v2\/media?parent=84520"}],"wp:term":[{"taxonomy":"category","embeddable":true,"href":"https:\/\/www.ull.es\/portal\/noticias\/wp-json\/wp\/v2\/categories?post=84520"},{"taxonomy":"post_tag","embeddable":true,"href":"https:\/\/www.ull.es\/portal\/noticias\/wp-json\/wp\/v2\/tags?post=84520"}],"curies":[{"name":"wp","href":"https:\/\/api.w.org\/{rel}","templated":true}]}}