{"id":84617,"date":"2025-10-02T13:04:06","date_gmt":"2025-10-02T13:04:06","guid":{"rendered":"https:\/\/www.ull.es\/portal\/noticias\/?p=84617"},"modified":"2025-10-02T13:05:38","modified_gmt":"2025-10-02T13:05:38","slug":"la-ull-forma-al-profesorado-en-la-atencion-a-estudiantes-con-necesidades-de-apoyo-educativo","status":"publish","type":"post","link":"https:\/\/www.ull.es\/portal\/noticias\/2025\/la-ull-forma-al-profesorado-en-la-atencion-a-estudiantes-con-necesidades-de-apoyo-educativo\/","title":{"rendered":"La ULL forma al profesorado en la atenci\u00f3n a estudiantes con necesidades de apoyo educativo"},"content":{"rendered":"<p>El Vicerrectorado de Estudiantes de la Universidad de La Laguna ha organizado un curso para el personal docente de la instituci\u00f3n acad\u00e9mica que est\u00e1 interesado en desarrollar el rol de tutor o tutora de estudiantes con necesidades espec\u00edficas de apoyo educativo (NEAE).<\/p>\n<p>As\u00ed, esta semana una treintena de docentes se est\u00e1 dando cita en el aulario de Filosof\u00eda del campus de Guajara para recibir esta formaci\u00f3n, de manos Fernando Latorre, director de secretariado del<a href=\"https:\/\/www.ull.es\/portal\/noticias\/wp-content\/uploads\/sites\/13\/2025\/10\/Curso-docentes-NEAE-06.jpg\" target=\"_blank\" rel=\"noopener\"><img decoding=\"async\" loading=\"lazy\" class=\"alignright size-medium wp-image-84620\" src=\"https:\/\/www.ull.es\/portal\/noticias\/wp-content\/uploads\/sites\/13\/2025\/10\/Curso-docentes-NEAE-06-300x200.jpg\" alt=\"\" width=\"300\" height=\"200\" srcset=\"https:\/\/www.ull.es\/portal\/noticias\/wp-content\/uploads\/sites\/13\/2025\/10\/Curso-docentes-NEAE-06-300x200.jpg 300w, https:\/\/www.ull.es\/portal\/noticias\/wp-content\/uploads\/sites\/13\/2025\/10\/Curso-docentes-NEAE-06-1024x683.jpg 1024w, https:\/\/www.ull.es\/portal\/noticias\/wp-content\/uploads\/sites\/13\/2025\/10\/Curso-docentes-NEAE-06-768x512.jpg 768w, https:\/\/www.ull.es\/portal\/noticias\/wp-content\/uploads\/sites\/13\/2025\/10\/Curso-docentes-NEAE-06-375x250.jpg 375w, https:\/\/www.ull.es\/portal\/noticias\/wp-content\/uploads\/sites\/13\/2025\/10\/Curso-docentes-NEAE-06-750x500.jpg 750w, https:\/\/www.ull.es\/portal\/noticias\/wp-content\/uploads\/sites\/13\/2025\/10\/Curso-docentes-NEAE-06-1140x760.jpg 1140w, https:\/\/www.ull.es\/portal\/noticias\/wp-content\/uploads\/sites\/13\/2025\/10\/Curso-docentes-NEAE-06.jpg 1200w\" sizes=\"(max-width: 300px) 100vw, 300px\" \/><\/a> \u00c1rea de Accesibilidad y Diversidad de la Universidad de Zaragoza.<\/p>\n<p>El objetivo de esta acci\u00f3n es promover en las aulas un ambiente inclusivo que asegure la igualdad de oportunidades entre el alumnado. La evaluaci\u00f3n y la metodolog\u00eda han de adaptarse a este tipo de estudiantes, aunque las competencias sean las mismas para todos y todas. \u201cUn ejemplo puede ser ofrecerles m\u00e1s tiempo a la hora de realizar un examen o avanzarles algunos materiales de preparaci\u00f3n de clases por adelantado, pero el contenido ser\u00e1 el mismo\u201d, comenta Rosario Hern\u00e1ndez, vicerrectora de Estudiantes.<\/p>\n<p>El curso no est\u00e1 enfocado exclusivamente en profesorado que quiera ser tutor o tutora NEAE, sino tambi\u00e9n est\u00e1 pensado para aquellos otros interesados en saber c\u00f3mo facilitar su docencia al alumnado con necesidades especiales, a trav\u00e9s del acceso a los materiales o a las herramientas tecnol\u00f3gicas que utilizar\u00e1n durante sus a\u00f1os en la universidad.<\/p>\n<p><a href=\"https:\/\/www.ull.es\/portal\/noticias\/wp-content\/uploads\/sites\/13\/2025\/10\/Curso-docentes-NEAE-11.jpg\" target=\"_blank\" rel=\"noopener\"><img decoding=\"async\" loading=\"lazy\" class=\"alignleft size-medium wp-image-84622\" src=\"https:\/\/www.ull.es\/portal\/noticias\/wp-content\/uploads\/sites\/13\/2025\/10\/Curso-docentes-NEAE-11-200x300.jpg\" alt=\"\" width=\"200\" height=\"300\" srcset=\"https:\/\/www.ull.es\/portal\/noticias\/wp-content\/uploads\/sites\/13\/2025\/10\/Curso-docentes-NEAE-11-200x300.jpg 200w, https:\/\/www.ull.es\/portal\/noticias\/wp-content\/uploads\/sites\/13\/2025\/10\/Curso-docentes-NEAE-11-683x1024.jpg 683w, https:\/\/www.ull.es\/portal\/noticias\/wp-content\/uploads\/sites\/13\/2025\/10\/Curso-docentes-NEAE-11-768x1152.jpg 768w, https:\/\/www.ull.es\/portal\/noticias\/wp-content\/uploads\/sites\/13\/2025\/10\/Curso-docentes-NEAE-11-375x563.jpg 375w, https:\/\/www.ull.es\/portal\/noticias\/wp-content\/uploads\/sites\/13\/2025\/10\/Curso-docentes-NEAE-11-750x1125.jpg 750w, https:\/\/www.ull.es\/portal\/noticias\/wp-content\/uploads\/sites\/13\/2025\/10\/Curso-docentes-NEAE-11.jpg 800w\" sizes=\"(max-width: 200px) 100vw, 200px\" \/><\/a>Se recuerda que la Universidad de La Laguna dispone de un <a href=\"https:\/\/www.ull.es\/la-universidad\/inclusion\/\" target=\"_blank\" rel=\"noopener\">Programa de Apoyo a Estudiantes con Discapacidad<\/a><u> (PAED)<\/u>, donde se ense\u00f1an estrategias efectivas de coordinaci\u00f3n entre el estudiante y el profesorado y tambi\u00e9n donde se forma a los responsables de las tutor\u00edas.<\/p>\n<p>Este programa, que depende del Vicerrectorado de Estudiantes, se encarga de analizar y dar respuesta a las demandas del alumnado con discapacidad (visual, auditiva, f\u00edsica y ps\u00edquica) o necesidades espec\u00edficas de apoyo educativo, que curse sus estudios de grado, m\u00e1ster, doctorado o cursos de acceso a mayores. En este curso acad\u00e9mico, un total de 300 estudiantes han solicitado formar parte del PAED.<\/p>\n","protected":false},"excerpt":{"rendered":"<p>El Vicerrectorado de Estudiantes de la Universidad de La Laguna ha organizado un curso para el personal docente de la&#8230;<\/p>\n","protected":false},"author":23,"featured_media":84621,"comment_status":"closed","ping_status":"closed","sticky":false,"template":"","format":"standard","meta":{"inline_featured_image":false,"footnotes":""},"categories":[343,345,2765],"tags":[],"acf":[],"yoast_head":"<!-- This site is optimized with the Yoast SEO plugin v21.3 - https:\/\/yoast.com\/wordpress\/plugins\/seo\/ -->\n<title>La ULL forma al profesorado en la atenci\u00f3n a estudiantes con necesidades de apoyo educativo - ULL - Noticias<\/title>\n<meta name=\"robots\" content=\"index, follow, max-snippet:-1, max-image-preview:large, max-video-preview:-1\" \/>\n<link rel=\"canonical\" href=\"https:\/\/www.ull.es\/portal\/noticias\/2025\/la-ull-forma-al-profesorado-en-la-atencion-a-estudiantes-con-necesidades-de-apoyo-educativo\/\" \/>\n<meta property=\"og:locale\" content=\"es_ES\" \/>\n<meta property=\"og:type\" content=\"article\" \/>\n<meta property=\"og:title\" content=\"La ULL forma al profesorado en la atenci\u00f3n a estudiantes con necesidades de apoyo educativo - ULL - Noticias\" \/>\n<meta property=\"og:description\" content=\"El Vicerrectorado de Estudiantes de la Universidad de La Laguna ha organizado un curso para el personal docente de la...\" \/>\n<meta property=\"og:url\" content=\"https:\/\/www.ull.es\/portal\/noticias\/2025\/la-ull-forma-al-profesorado-en-la-atencion-a-estudiantes-con-necesidades-de-apoyo-educativo\/\" \/>\n<meta property=\"og:site_name\" content=\"ULL - Noticias\" \/>\n<meta property=\"article:publisher\" content=\"https:\/\/www.facebook.com\/universidaddelalaguna\/\" \/>\n<meta property=\"article:published_time\" content=\"2025-10-02T13:04:06+00:00\" \/>\n<meta property=\"article:modified_time\" content=\"2025-10-02T13:05:38+00:00\" \/>\n<meta property=\"og:image\" content=\"https:\/\/www.ull.es\/portal\/noticias\/wp-content\/uploads\/sites\/13\/2025\/10\/Curso-docentes-NEAE-04.jpg\" \/>\n\t<meta property=\"og:image:width\" content=\"1200\" \/>\n\t<meta property=\"og:image:height\" content=\"800\" \/>\n\t<meta property=\"og:image:type\" content=\"image\/jpeg\" \/>\n<meta name=\"author\" content=\"gaprsa\" \/>\n<meta name=\"twitter:card\" content=\"summary_large_image\" \/>\n<meta name=\"twitter:creator\" content=\"@CanalULL\" \/>\n<meta name=\"twitter:site\" content=\"@CanalULL\" \/>\n<meta name=\"twitter:label1\" content=\"Escrito por\" \/>\n\t<meta name=\"twitter:data1\" content=\"gaprsa\" \/>\n\t<meta name=\"twitter:label2\" content=\"Tiempo de lectura\" \/>\n\t<meta name=\"twitter:data2\" content=\"2 minutos\" \/>\n<script type=\"application\/ld+json\" class=\"yoast-schema-graph\">{\"@context\":\"https:\/\/schema.org\",\"@graph\":[{\"@type\":\"WebPage\",\"@id\":\"https:\/\/www.ull.es\/portal\/noticias\/2025\/la-ull-forma-al-profesorado-en-la-atencion-a-estudiantes-con-necesidades-de-apoyo-educativo\/\",\"url\":\"https:\/\/www.ull.es\/portal\/noticias\/2025\/la-ull-forma-al-profesorado-en-la-atencion-a-estudiantes-con-necesidades-de-apoyo-educativo\/\",\"name\":\"La ULL forma al profesorado en la atenci\u00f3n a estudiantes con necesidades de apoyo educativo - ULL - Noticias\",\"isPartOf\":{\"@id\":\"https:\/\/www.ull.es\/portal\/noticias\/#website\"},\"datePublished\":\"2025-10-02T13:04:06+00:00\",\"dateModified\":\"2025-10-02T13:05:38+00:00\",\"author\":{\"@id\":\"https:\/\/www.ull.es\/portal\/noticias\/#\/schema\/person\/b2b1a89d43ffa609e591f7df8ef3e817\"},\"breadcrumb\":{\"@id\":\"https:\/\/www.ull.es\/portal\/noticias\/2025\/la-ull-forma-al-profesorado-en-la-atencion-a-estudiantes-con-necesidades-de-apoyo-educativo\/#breadcrumb\"},\"inLanguage\":\"es\",\"potentialAction\":[{\"@type\":\"ReadAction\",\"target\":[\"https:\/\/www.ull.es\/portal\/noticias\/2025\/la-ull-forma-al-profesorado-en-la-atencion-a-estudiantes-con-necesidades-de-apoyo-educativo\/\"]}]},{\"@type\":\"BreadcrumbList\",\"@id\":\"https:\/\/www.ull.es\/portal\/noticias\/2025\/la-ull-forma-al-profesorado-en-la-atencion-a-estudiantes-con-necesidades-de-apoyo-educativo\/#breadcrumb\",\"itemListElement\":[{\"@type\":\"ListItem\",\"position\":1,\"name\":\"Portada\",\"item\":\"https:\/\/www.ull.es\/portal\/noticias\/\"},{\"@type\":\"ListItem\",\"position\":2,\"name\":\"La ULL forma al profesorado en la atenci\u00f3n a estudiantes con necesidades de apoyo educativo\"}]},{\"@type\":\"WebSite\",\"@id\":\"https:\/\/www.ull.es\/portal\/noticias\/#website\",\"url\":\"https:\/\/www.ull.es\/portal\/noticias\/\",\"name\":\"ULL - Noticias\",\"description\":\"\",\"potentialAction\":[{\"@type\":\"SearchAction\",\"target\":{\"@type\":\"EntryPoint\",\"urlTemplate\":\"https:\/\/www.ull.es\/portal\/noticias\/?s={search_term_string}\"},\"query-input\":\"required name=search_term_string\"}],\"inLanguage\":\"es\"},{\"@type\":\"Person\",\"@id\":\"https:\/\/www.ull.es\/portal\/noticias\/#\/schema\/person\/b2b1a89d43ffa609e591f7df8ef3e817\",\"name\":\"gaprsa\",\"image\":{\"@type\":\"ImageObject\",\"inLanguage\":\"es\",\"@id\":\"https:\/\/www.ull.es\/portal\/noticias\/#\/schema\/person\/image\/\",\"url\":\"https:\/\/secure.gravatar.com\/avatar\/443820550921091458b4823867723b3d?s=96&d=mm&r=g\",\"contentUrl\":\"https:\/\/secure.gravatar.com\/avatar\/443820550921091458b4823867723b3d?s=96&d=mm&r=g\",\"caption\":\"gaprsa\"},\"url\":\"https:\/\/www.ull.es\/portal\/noticias\/author\/gaprsa\/\"}]}<\/script>\n<!-- \/ Yoast SEO plugin. -->","yoast_head_json":{"title":"La ULL forma al profesorado en la atenci\u00f3n a estudiantes con necesidades de apoyo educativo - ULL - Noticias","robots":{"index":"index","follow":"follow","max-snippet":"max-snippet:-1","max-image-preview":"max-image-preview:large","max-video-preview":"max-video-preview:-1"},"canonical":"https:\/\/www.ull.es\/portal\/noticias\/2025\/la-ull-forma-al-profesorado-en-la-atencion-a-estudiantes-con-necesidades-de-apoyo-educativo\/","og_locale":"es_ES","og_type":"article","og_title":"La ULL forma al profesorado en la atenci\u00f3n a estudiantes con necesidades de apoyo educativo - ULL - Noticias","og_description":"El Vicerrectorado de Estudiantes de la Universidad de La Laguna ha organizado un curso para el personal docente de la...","og_url":"https:\/\/www.ull.es\/portal\/noticias\/2025\/la-ull-forma-al-profesorado-en-la-atencion-a-estudiantes-con-necesidades-de-apoyo-educativo\/","og_site_name":"ULL - Noticias","article_publisher":"https:\/\/www.facebook.com\/universidaddelalaguna\/","article_published_time":"2025-10-02T13:04:06+00:00","article_modified_time":"2025-10-02T13:05:38+00:00","og_image":[{"width":1200,"height":800,"url":"https:\/\/www.ull.es\/portal\/noticias\/wp-content\/uploads\/sites\/13\/2025\/10\/Curso-docentes-NEAE-04.jpg","type":"image\/jpeg"}],"author":"gaprsa","twitter_card":"summary_large_image","twitter_creator":"@CanalULL","twitter_site":"@CanalULL","twitter_misc":{"Escrito por":"gaprsa","Tiempo de lectura":"2 minutos"},"schema":{"@context":"https:\/\/schema.org","@graph":[{"@type":"WebPage","@id":"https:\/\/www.ull.es\/portal\/noticias\/2025\/la-ull-forma-al-profesorado-en-la-atencion-a-estudiantes-con-necesidades-de-apoyo-educativo\/","url":"https:\/\/www.ull.es\/portal\/noticias\/2025\/la-ull-forma-al-profesorado-en-la-atencion-a-estudiantes-con-necesidades-de-apoyo-educativo\/","name":"La ULL forma al profesorado en la atenci\u00f3n a estudiantes con necesidades de apoyo educativo - ULL - Noticias","isPartOf":{"@id":"https:\/\/www.ull.es\/portal\/noticias\/#website"},"datePublished":"2025-10-02T13:04:06+00:00","dateModified":"2025-10-02T13:05:38+00:00","author":{"@id":"https:\/\/www.ull.es\/portal\/noticias\/#\/schema\/person\/b2b1a89d43ffa609e591f7df8ef3e817"},"breadcrumb":{"@id":"https:\/\/www.ull.es\/portal\/noticias\/2025\/la-ull-forma-al-profesorado-en-la-atencion-a-estudiantes-con-necesidades-de-apoyo-educativo\/#breadcrumb"},"inLanguage":"es","potentialAction":[{"@type":"ReadAction","target":["https:\/\/www.ull.es\/portal\/noticias\/2025\/la-ull-forma-al-profesorado-en-la-atencion-a-estudiantes-con-necesidades-de-apoyo-educativo\/"]}]},{"@type":"BreadcrumbList","@id":"https:\/\/www.ull.es\/portal\/noticias\/2025\/la-ull-forma-al-profesorado-en-la-atencion-a-estudiantes-con-necesidades-de-apoyo-educativo\/#breadcrumb","itemListElement":[{"@type":"ListItem","position":1,"name":"Portada","item":"https:\/\/www.ull.es\/portal\/noticias\/"},{"@type":"ListItem","position":2,"name":"La ULL forma al profesorado en la atenci\u00f3n a estudiantes con necesidades de apoyo educativo"}]},{"@type":"WebSite","@id":"https:\/\/www.ull.es\/portal\/noticias\/#website","url":"https:\/\/www.ull.es\/portal\/noticias\/","name":"ULL - Noticias","description":"","potentialAction":[{"@type":"SearchAction","target":{"@type":"EntryPoint","urlTemplate":"https:\/\/www.ull.es\/portal\/noticias\/?s={search_term_string}"},"query-input":"required name=search_term_string"}],"inLanguage":"es"},{"@type":"Person","@id":"https:\/\/www.ull.es\/portal\/noticias\/#\/schema\/person\/b2b1a89d43ffa609e591f7df8ef3e817","name":"gaprsa","image":{"@type":"ImageObject","inLanguage":"es","@id":"https:\/\/www.ull.es\/portal\/noticias\/#\/schema\/person\/image\/","url":"https:\/\/secure.gravatar.com\/avatar\/443820550921091458b4823867723b3d?s=96&d=mm&r=g","contentUrl":"https:\/\/secure.gravatar.com\/avatar\/443820550921091458b4823867723b3d?s=96&d=mm&r=g","caption":"gaprsa"},"url":"https:\/\/www.ull.es\/portal\/noticias\/author\/gaprsa\/"}]}},"primary_category":{"id":345,"name":"Destacado","slug":"destacado","link":"https:\/\/www.ull.es\/portal\/noticias\/category\/destacado\/"},"featured_image_thumbnail_url":"https:\/\/www.ull.es\/portal\/noticias\/wp-content\/uploads\/sites\/13\/2025\/10\/Curso-docentes-NEAE-04-300x200.jpg","_links":{"self":[{"href":"https:\/\/www.ull.es\/portal\/noticias\/wp-json\/wp\/v2\/posts\/84617"}],"collection":[{"href":"https:\/\/www.ull.es\/portal\/noticias\/wp-json\/wp\/v2\/posts"}],"about":[{"href":"https:\/\/www.ull.es\/portal\/noticias\/wp-json\/wp\/v2\/types\/post"}],"author":[{"embeddable":true,"href":"https:\/\/www.ull.es\/portal\/noticias\/wp-json\/wp\/v2\/users\/23"}],"replies":[{"embeddable":true,"href":"https:\/\/www.ull.es\/portal\/noticias\/wp-json\/wp\/v2\/comments?post=84617"}],"version-history":[{"count":3,"href":"https:\/\/www.ull.es\/portal\/noticias\/wp-json\/wp\/v2\/posts\/84617\/revisions"}],"predecessor-version":[{"id":84625,"href":"https:\/\/www.ull.es\/portal\/noticias\/wp-json\/wp\/v2\/posts\/84617\/revisions\/84625"}],"wp:featuredmedia":[{"embeddable":true,"href":"https:\/\/www.ull.es\/portal\/noticias\/wp-json\/wp\/v2\/media\/84621"}],"wp:attachment":[{"href":"https:\/\/www.ull.es\/portal\/noticias\/wp-json\/wp\/v2\/media?parent=84617"}],"wp:term":[{"taxonomy":"category","embeddable":true,"href":"https:\/\/www.ull.es\/portal\/noticias\/wp-json\/wp\/v2\/categories?post=84617"},{"taxonomy":"post_tag","embeddable":true,"href":"https:\/\/www.ull.es\/portal\/noticias\/wp-json\/wp\/v2\/tags?post=84617"}],"curies":[{"name":"wp","href":"https:\/\/api.w.org\/{rel}","templated":true}]}}