{"id":84671,"date":"2025-10-03T13:40:56","date_gmt":"2025-10-03T13:40:56","guid":{"rendered":"https:\/\/www.ull.es\/portal\/noticias\/?p=84671"},"modified":"2025-10-03T13:40:56","modified_gmt":"2025-10-03T13:40:56","slug":"manuela-carmena-inaki-gabilondo-carla-antonelli-actos-ull-transicion","status":"publish","type":"post","link":"https:\/\/www.ull.es\/portal\/noticias\/2025\/manuela-carmena-inaki-gabilondo-carla-antonelli-actos-ull-transicion\/","title":{"rendered":"Manuela Carmena, I\u00f1aki Gabilondo y Carla Antonelli participan en los actos de la ULL para celebrar la transici\u00f3n"},"content":{"rendered":"<p>La Universidad de La Laguna ha organizado el programa de actividades \u201c<a href=\"https:\/\/www.ull.es\/paralalibertad\/\" target=\"_blank\" rel=\"noopener\" target=\"_blank\" rel=\"noopener\">Para la libertad: Espa\u00f1a despu\u00e9s de 1975<\/a>\u201d, con el cual la instituci\u00f3n acad\u00e9mica celebra 50 a\u00f1os del fallecimiento del dictador Francisco Franco y el inicio de la transici\u00f3n democr\u00e1tica. Organizado por el Vicerrectorado de Cultura y Extensi\u00f3n Universitaria, contar\u00e1 con la participaci\u00f3n de protagonistas de aquella \u00e9poca, como la abogada y ex alcaldesa de Madrid Manuela Carmena, los periodistas I\u00f1aki Gabilondo y Jos\u00e9 Antonio Mart\u00ednez Soler, y la activista y pol\u00edtica Carla Antonelli, y tambi\u00e9n habr\u00e1 conciertos y ciclo de cine del periodo.<\/p>\n<p>Con esta iniciativa, la Universidad de La Laguna propone una reflexi\u00f3n sobre c\u00f3mo este tr\u00e1nsito de la dictadura a la democracia impact\u00f3 en m\u00faltiples \u00e1mbitos de la vida, desde la recuperaci\u00f3n de derechos hasta la explosi\u00f3n de nuevas formas de creatividad en diferentes disciplinas, y tambi\u00e9n se busca establecer correspondencias con el momento actual.<\/p>\n<p>Las actividades van dirigidas tanto a la comunidad acad\u00e9mica, muy especialmente al alumnado, como a la sociedad en general, con el prop\u00f3sito de recordar el verdadero significado de la palabra libertad y lo que cost\u00f3 conquistarla. Cuentan con el apoyo de Cajasiete y Fundaci\u00f3n CajaCanarias.<\/p>\n<p><strong>Programa<\/strong><\/p>\n<p>La primera actividad de este ciclo ser\u00e1 la <a href=\"https:\/\/www.ull.es\/portal\/agenda\/evento\/para-la-libertad-espana-despues-de-1975\/\" target=\"_blank\" rel=\"noopener\" target=\"_blank\" rel=\"noopener\">conferencia \u201cLa libertad no fue un regalo\u201d<\/a> a cargo de Jos\u00e9 Antonio Mart\u00ednez Soler, que se celebrar\u00e1 el pr\u00f3ximo mi\u00e9rcoles 8 de octubre a las 11:30 horas en el Sal\u00f3n de actos de la Facultad de Ciencias Sociales y de la Comunicaci\u00f3n (Edificio La Pir\u00e1mide). Este periodista, ensayista y economista dirigi\u00f3 el semanario \u2018Dobl\u00f3n\u2019 durante la Transici\u00f3n, fue director fundador de los diarios El Sol y La Gaceta de los Negocios, redactor jefe de El Pa\u00eds y Cambio 16 y fundador y director general de 20 minutos. Trabaj\u00f3 en Televisi\u00f3n Espa\u00f1ola entre 1980 y 1990 como presentador y entrevistador de personajes pol\u00edticos relevantes.<\/p>\n<p>Los d\u00edas 22 y 23 de octubre las \u201c<a href=\"https:\/\/www.ull.es\/portal\/agenda\/evento\/jornadas-lirico-musicales-letras-y-canciones-para-la-libertad\/\" target=\"_blank\" rel=\"noopener\" target=\"_blank\" rel=\"noopener\">Jornadas l\u00edrico-musicales: letras y canciones para la libertad<\/a>\u201d acercar\u00e1n al p\u00fablico asistente la canci\u00f3n de autor de la Transici\u00f3n espa\u00f1ola a partir de an\u00e1lisis musicol\u00f3gicos y literarios. El objetivo es transmitir al alumnado actual c\u00f3mo figuras de la talla de Javier Krahe, Joaqu\u00edn Sabina, Mari Trini y Roc\u00edo Jurado reflejaron en sus composiciones el cambio sociocultural del pa\u00eds. Las dirige Alberto Garc\u00eda Aguilar, del Departamento de Filolog\u00eda Espa\u00f1ola, y cuenta con conferencias de especialistas en diferentes \u00e1mbitos de la literatura y la m\u00fasica.<\/p>\n<p>El mismo 22 de octubre el Paraninfo acoger\u00e1 el <a href=\"https:\/\/www.ull.es\/portal\/agenda\/evento\/concierto-cancion-protesta\/\" target=\"_blank\" rel=\"noopener\" target=\"_blank\" rel=\"noopener\">concierto \u201cSi me borrara el viento yo lo canto. Historias de la canci\u00f3n protesta en Espa\u00f1a\u201d<\/a>, que ser\u00e1 narrado por el periodista M\u00e1ximo Pradera e interpretado por la soprano Laura Sabatel y el pianista Antonio L\u00f3pez Serrano. El espect\u00e1culo rinde homenaje a algunas de las canciones espa\u00f1olas m\u00e1s memorables de este g\u00e9nero como \u201cAl alba\u201d, \u201cMi querida Espa\u00f1a\u201d, \u201cGallo Rojo, Gallo Negro\u201d, \u201c<em>Al vent<\/em>\u201d y \u201cEspa\u00f1a camisa blanca\u201d.<\/p>\n<p>El <a href=\"https:\/\/www.ull.es\/portal\/agenda\/evento\/seminario-un-pais-para-la-libertad-conquistas-en-las-letras-las-artes-y-los-derechos-en-la-transicion\/\" target=\"_blank\" rel=\"noopener\" target=\"_blank\" rel=\"noopener\">seminario \u201cUn pa\u00eds para la libertad: conquistas en las letras, las artes y los derechos en la Transici\u00f3n\u201d<\/a> profundizar\u00e1 entre el 5 y el 7 de noviembre en los procesos socioculturales que tuvieron lugar durante la Transici\u00f3n en literatura, creaci\u00f3n pl\u00e1stica, teatro, cine, feminismo, reconocimiento a las diferentes identidades sexuales y prensa. Adem\u00e1s de expertos acad\u00e9micos de diferentes especialidades, participan I\u00f1aki Gabilondo, que el 5 de noviembre a las 10:00 mantendr\u00e1 un di\u00e1logo abierto en el Aula Magna C\u00e9sar Manrique del Campus de Guajara; y Carla Antonelli, que protagonizar\u00e1 otro encuentro p\u00fablico el 7 de noviembre a las 19:00 horas en el Paraninfo.<\/p>\n<p>El d\u00eda 4 de diciembre la protagonista ser\u00e1 <a href=\"https:\/\/www.ull.es\/portal\/agenda\/evento\/encuentro-con-manuela-carmena\/\" target=\"_blank\" rel=\"noopener\" target=\"_blank\" rel=\"noopener\">Manuela Carmena<\/a>, quien protagonizar\u00e1 otro encuentro a las 19:00 horas en el Paraninfo. Quien fuera la alcaldesa de Madrid entre 2015 y 2019 fue una figura se suma relevancia en la Transici\u00f3n como cofundadora del despacho laboralista en el que se produjo la matanza de Atocha en 1977. Comenz\u00f3 a ejercer en la carrera judicial en enero de 1981 y en 1996 fue nombrada por el Senado vocal del Consejo General del Poder Judicial.<\/p>\n<p>El cine de la Transici\u00f3n tambi\u00e9n tendr\u00e1 cabida en esta programaci\u00f3n. Durante todos los mi\u00e9rcoles de diciembre, la asociaci\u00f3n <a href=\"https:\/\/www.ull.es\/portal\/agenda\/evento\/charlas-de-cine\/\" target=\"_blank\" rel=\"noopener\" target=\"_blank\" rel=\"noopener\">Charlas de Cine<\/a> organiza unos encuentros cuyo contenido ser\u00e1 anunciado pr\u00f3ximamente y en los que el p\u00fablico podr\u00e1 participar en el coloquio, mientras que del 11 al 14 de diciembre la <a href=\"https:\/\/www.ull.es\/portal\/agenda\/evento\/muestra-de-cine-espanol\/\" target=\"_blank\" rel=\"noopener\" target=\"_blank\" rel=\"noopener\">Muestra de Cine Espa\u00f1ol<\/a>, con programa a\u00fan pendiente, se centrar\u00e1 en este periodo y contar\u00e1 con importantes protagonistas de la \u00e9poca.<\/p>\n","protected":false},"excerpt":{"rendered":"<p>La Universidad de La Laguna ha organizado el programa de actividades \u201cPara la libertad: Espa\u00f1a despu\u00e9s de 1975\u201d, con el&#8230;<\/p>\n","protected":false},"author":21,"featured_media":84672,"comment_status":"closed","ping_status":"closed","sticky":false,"template":"","format":"standard","meta":{"inline_featured_image":false,"footnotes":""},"categories":[344,345,2765],"tags":[9315,6889,11955,11956,6097,11957,11954,6887],"acf":[],"yoast_head":"<!-- This site is optimized with the Yoast SEO plugin v21.3 - https:\/\/yoast.com\/wordpress\/plugins\/seo\/ -->\n<title>La ULL organiza un programa de actos para celebrar la Transici\u00f3n<\/title>\n<meta name=\"description\" content=\"Manuela Carmena, I\u00f1aki Gabilondo y Carl Antonelli, entre los invitados destacados de &quot;Para la libertad: Espa\u00f1a despu\u00e9s de 1975&quot;.\" \/>\n<meta name=\"robots\" content=\"index, follow, max-snippet:-1, max-image-preview:large, max-video-preview:-1\" \/>\n<link rel=\"canonical\" href=\"https:\/\/www.ull.es\/portal\/noticias\/2025\/manuela-carmena-inaki-gabilondo-carla-antonelli-actos-ull-transicion\/\" \/>\n<meta property=\"og:locale\" content=\"es_ES\" \/>\n<meta property=\"og:type\" content=\"article\" \/>\n<meta property=\"og:title\" content=\"La ULL organiza un programa de actos para celebrar la Transici\u00f3n\" \/>\n<meta property=\"og:description\" content=\"Manuela Carmena, I\u00f1aki Gabilondo y Carl Antonelli, entre los invitados destacados de &quot;Para la libertad: Espa\u00f1a despu\u00e9s de 1975&quot;.\" \/>\n<meta property=\"og:url\" content=\"https:\/\/www.ull.es\/portal\/noticias\/2025\/manuela-carmena-inaki-gabilondo-carla-antonelli-actos-ull-transicion\/\" \/>\n<meta property=\"og:site_name\" content=\"ULL - Noticias\" \/>\n<meta property=\"article:publisher\" content=\"https:\/\/www.facebook.com\/universidaddelalaguna\/\" \/>\n<meta property=\"article:published_time\" content=\"2025-10-03T13:40:56+00:00\" \/>\n<meta property=\"og:image\" content=\"https:\/\/www.ull.es\/portal\/noticias\/wp-content\/uploads\/sites\/13\/2025\/10\/Para-la-libertad-Espana-despues-de-1975-banner-eventos.png\" \/>\n\t<meta property=\"og:image:width\" content=\"750\" \/>\n\t<meta property=\"og:image:height\" content=\"370\" \/>\n\t<meta property=\"og:image:type\" content=\"image\/png\" \/>\n<meta name=\"author\" content=\"prensa2\" \/>\n<meta name=\"twitter:card\" content=\"summary_large_image\" \/>\n<meta name=\"twitter:creator\" content=\"@CanalULL\" \/>\n<meta name=\"twitter:site\" content=\"@CanalULL\" \/>\n<meta name=\"twitter:label1\" content=\"Escrito por\" \/>\n\t<meta name=\"twitter:data1\" content=\"prensa2\" \/>\n\t<meta name=\"twitter:label2\" content=\"Tiempo de lectura\" \/>\n\t<meta name=\"twitter:data2\" content=\"4 minutos\" \/>\n<script type=\"application\/ld+json\" class=\"yoast-schema-graph\">{\"@context\":\"https:\/\/schema.org\",\"@graph\":[{\"@type\":\"WebPage\",\"@id\":\"https:\/\/www.ull.es\/portal\/noticias\/2025\/manuela-carmena-inaki-gabilondo-carla-antonelli-actos-ull-transicion\/\",\"url\":\"https:\/\/www.ull.es\/portal\/noticias\/2025\/manuela-carmena-inaki-gabilondo-carla-antonelli-actos-ull-transicion\/\",\"name\":\"La ULL organiza un programa de actos para celebrar la Transici\u00f3n\",\"isPartOf\":{\"@id\":\"https:\/\/www.ull.es\/portal\/noticias\/#website\"},\"datePublished\":\"2025-10-03T13:40:56+00:00\",\"dateModified\":\"2025-10-03T13:40:56+00:00\",\"author\":{\"@id\":\"https:\/\/www.ull.es\/portal\/noticias\/#\/schema\/person\/c3b2aa857797592927a03740d6664376\"},\"description\":\"Manuela Carmena, I\u00f1aki Gabilondo y Carl Antonelli, entre los invitados destacados de \\\"Para la libertad: Espa\u00f1a despu\u00e9s de 1975\\\".\",\"breadcrumb\":{\"@id\":\"https:\/\/www.ull.es\/portal\/noticias\/2025\/manuela-carmena-inaki-gabilondo-carla-antonelli-actos-ull-transicion\/#breadcrumb\"},\"inLanguage\":\"es\",\"potentialAction\":[{\"@type\":\"ReadAction\",\"target\":[\"https:\/\/www.ull.es\/portal\/noticias\/2025\/manuela-carmena-inaki-gabilondo-carla-antonelli-actos-ull-transicion\/\"]}]},{\"@type\":\"BreadcrumbList\",\"@id\":\"https:\/\/www.ull.es\/portal\/noticias\/2025\/manuela-carmena-inaki-gabilondo-carla-antonelli-actos-ull-transicion\/#breadcrumb\",\"itemListElement\":[{\"@type\":\"ListItem\",\"position\":1,\"name\":\"Portada\",\"item\":\"https:\/\/www.ull.es\/portal\/noticias\/\"},{\"@type\":\"ListItem\",\"position\":2,\"name\":\"Manuela Carmena, I\u00f1aki Gabilondo y Carla Antonelli participan en los actos de la ULL para celebrar la transici\u00f3n\"}]},{\"@type\":\"WebSite\",\"@id\":\"https:\/\/www.ull.es\/portal\/noticias\/#website\",\"url\":\"https:\/\/www.ull.es\/portal\/noticias\/\",\"name\":\"ULL - Noticias\",\"description\":\"\",\"potentialAction\":[{\"@type\":\"SearchAction\",\"target\":{\"@type\":\"EntryPoint\",\"urlTemplate\":\"https:\/\/www.ull.es\/portal\/noticias\/?s={search_term_string}\"},\"query-input\":\"required name=search_term_string\"}],\"inLanguage\":\"es\"},{\"@type\":\"Person\",\"@id\":\"https:\/\/www.ull.es\/portal\/noticias\/#\/schema\/person\/c3b2aa857797592927a03740d6664376\",\"name\":\"prensa2\",\"image\":{\"@type\":\"ImageObject\",\"inLanguage\":\"es\",\"@id\":\"https:\/\/www.ull.es\/portal\/noticias\/#\/schema\/person\/image\/\",\"url\":\"https:\/\/secure.gravatar.com\/avatar\/b58f310a5de5feb33d1e026d2493f23c?s=96&d=mm&r=g\",\"contentUrl\":\"https:\/\/secure.gravatar.com\/avatar\/b58f310a5de5feb33d1e026d2493f23c?s=96&d=mm&r=g\",\"caption\":\"prensa2\"},\"url\":\"https:\/\/www.ull.es\/portal\/noticias\/author\/prensa2\/\"}]}<\/script>\n<!-- \/ Yoast SEO plugin. -->","yoast_head_json":{"title":"La ULL organiza un programa de actos para celebrar la Transici\u00f3n","description":"Manuela Carmena, I\u00f1aki Gabilondo y Carl Antonelli, entre los invitados destacados de \"Para la libertad: Espa\u00f1a despu\u00e9s de 1975\".","robots":{"index":"index","follow":"follow","max-snippet":"max-snippet:-1","max-image-preview":"max-image-preview:large","max-video-preview":"max-video-preview:-1"},"canonical":"https:\/\/www.ull.es\/portal\/noticias\/2025\/manuela-carmena-inaki-gabilondo-carla-antonelli-actos-ull-transicion\/","og_locale":"es_ES","og_type":"article","og_title":"La ULL organiza un programa de actos para celebrar la Transici\u00f3n","og_description":"Manuela Carmena, I\u00f1aki Gabilondo y Carl Antonelli, entre los invitados destacados de \"Para la libertad: Espa\u00f1a despu\u00e9s de 1975\".","og_url":"https:\/\/www.ull.es\/portal\/noticias\/2025\/manuela-carmena-inaki-gabilondo-carla-antonelli-actos-ull-transicion\/","og_site_name":"ULL - Noticias","article_publisher":"https:\/\/www.facebook.com\/universidaddelalaguna\/","article_published_time":"2025-10-03T13:40:56+00:00","og_image":[{"width":750,"height":370,"url":"https:\/\/www.ull.es\/portal\/noticias\/wp-content\/uploads\/sites\/13\/2025\/10\/Para-la-libertad-Espana-despues-de-1975-banner-eventos.png","type":"image\/png"}],"author":"prensa2","twitter_card":"summary_large_image","twitter_creator":"@CanalULL","twitter_site":"@CanalULL","twitter_misc":{"Escrito por":"prensa2","Tiempo de lectura":"4 minutos"},"schema":{"@context":"https:\/\/schema.org","@graph":[{"@type":"WebPage","@id":"https:\/\/www.ull.es\/portal\/noticias\/2025\/manuela-carmena-inaki-gabilondo-carla-antonelli-actos-ull-transicion\/","url":"https:\/\/www.ull.es\/portal\/noticias\/2025\/manuela-carmena-inaki-gabilondo-carla-antonelli-actos-ull-transicion\/","name":"La ULL organiza un programa de actos para celebrar la Transici\u00f3n","isPartOf":{"@id":"https:\/\/www.ull.es\/portal\/noticias\/#website"},"datePublished":"2025-10-03T13:40:56+00:00","dateModified":"2025-10-03T13:40:56+00:00","author":{"@id":"https:\/\/www.ull.es\/portal\/noticias\/#\/schema\/person\/c3b2aa857797592927a03740d6664376"},"description":"Manuela Carmena, I\u00f1aki Gabilondo y Carl Antonelli, entre los invitados destacados de \"Para la libertad: Espa\u00f1a despu\u00e9s de 1975\".","breadcrumb":{"@id":"https:\/\/www.ull.es\/portal\/noticias\/2025\/manuela-carmena-inaki-gabilondo-carla-antonelli-actos-ull-transicion\/#breadcrumb"},"inLanguage":"es","potentialAction":[{"@type":"ReadAction","target":["https:\/\/www.ull.es\/portal\/noticias\/2025\/manuela-carmena-inaki-gabilondo-carla-antonelli-actos-ull-transicion\/"]}]},{"@type":"BreadcrumbList","@id":"https:\/\/www.ull.es\/portal\/noticias\/2025\/manuela-carmena-inaki-gabilondo-carla-antonelli-actos-ull-transicion\/#breadcrumb","itemListElement":[{"@type":"ListItem","position":1,"name":"Portada","item":"https:\/\/www.ull.es\/portal\/noticias\/"},{"@type":"ListItem","position":2,"name":"Manuela Carmena, I\u00f1aki Gabilondo y Carla Antonelli participan en los actos de la ULL para celebrar la transici\u00f3n"}]},{"@type":"WebSite","@id":"https:\/\/www.ull.es\/portal\/noticias\/#website","url":"https:\/\/www.ull.es\/portal\/noticias\/","name":"ULL - Noticias","description":"","potentialAction":[{"@type":"SearchAction","target":{"@type":"EntryPoint","urlTemplate":"https:\/\/www.ull.es\/portal\/noticias\/?s={search_term_string}"},"query-input":"required name=search_term_string"}],"inLanguage":"es"},{"@type":"Person","@id":"https:\/\/www.ull.es\/portal\/noticias\/#\/schema\/person\/c3b2aa857797592927a03740d6664376","name":"prensa2","image":{"@type":"ImageObject","inLanguage":"es","@id":"https:\/\/www.ull.es\/portal\/noticias\/#\/schema\/person\/image\/","url":"https:\/\/secure.gravatar.com\/avatar\/b58f310a5de5feb33d1e026d2493f23c?s=96&d=mm&r=g","contentUrl":"https:\/\/secure.gravatar.com\/avatar\/b58f310a5de5feb33d1e026d2493f23c?s=96&d=mm&r=g","caption":"prensa2"},"url":"https:\/\/www.ull.es\/portal\/noticias\/author\/prensa2\/"}]}},"primary_category":{"id":345,"name":"Destacado","slug":"destacado","link":"https:\/\/www.ull.es\/portal\/noticias\/category\/destacado\/"},"featured_image_thumbnail_url":"https:\/\/www.ull.es\/portal\/noticias\/wp-content\/uploads\/sites\/13\/2025\/10\/Para-la-libertad-Espana-despues-de-1975-banner-eventos-300x148.png","_links":{"self":[{"href":"https:\/\/www.ull.es\/portal\/noticias\/wp-json\/wp\/v2\/posts\/84671"}],"collection":[{"href":"https:\/\/www.ull.es\/portal\/noticias\/wp-json\/wp\/v2\/posts"}],"about":[{"href":"https:\/\/www.ull.es\/portal\/noticias\/wp-json\/wp\/v2\/types\/post"}],"author":[{"embeddable":true,"href":"https:\/\/www.ull.es\/portal\/noticias\/wp-json\/wp\/v2\/users\/21"}],"replies":[{"embeddable":true,"href":"https:\/\/www.ull.es\/portal\/noticias\/wp-json\/wp\/v2\/comments?post=84671"}],"version-history":[{"count":1,"href":"https:\/\/www.ull.es\/portal\/noticias\/wp-json\/wp\/v2\/posts\/84671\/revisions"}],"predecessor-version":[{"id":84673,"href":"https:\/\/www.ull.es\/portal\/noticias\/wp-json\/wp\/v2\/posts\/84671\/revisions\/84673"}],"wp:featuredmedia":[{"embeddable":true,"href":"https:\/\/www.ull.es\/portal\/noticias\/wp-json\/wp\/v2\/media\/84672"}],"wp:attachment":[{"href":"https:\/\/www.ull.es\/portal\/noticias\/wp-json\/wp\/v2\/media?parent=84671"}],"wp:term":[{"taxonomy":"category","embeddable":true,"href":"https:\/\/www.ull.es\/portal\/noticias\/wp-json\/wp\/v2\/categories?post=84671"},{"taxonomy":"post_tag","embeddable":true,"href":"https:\/\/www.ull.es\/portal\/noticias\/wp-json\/wp\/v2\/tags?post=84671"}],"curies":[{"name":"wp","href":"https:\/\/api.w.org\/{rel}","templated":true}]}}