{"id":84696,"date":"2025-10-06T11:59:54","date_gmt":"2025-10-06T11:59:54","guid":{"rendered":"https:\/\/www.ull.es\/portal\/noticias\/?p=84696"},"modified":"2025-10-06T11:59:54","modified_gmt":"2025-10-06T11:59:54","slug":"internacionalizacion-avanza-en-el-plan-de-cooperacion-canarias-africa-occidental","status":"publish","type":"post","link":"https:\/\/www.ull.es\/portal\/noticias\/2025\/internacionalizacion-avanza-en-el-plan-de-cooperacion-canarias-africa-occidental\/","title":{"rendered":"Internacionalizaci\u00f3n avanza en el Plan de Cooperaci\u00f3n Canarias-\u00c1frica Occidental"},"content":{"rendered":"<p>El Vicerrectorado de Internacionalizaci\u00f3n y Cooperaci\u00f3n, liderado por Inmaculada Gonz\u00e1lez, ha celebrado recientemente una reuni\u00f3n con los principales actores que trabajan con proyectos en el continente africano, tanto profesorado, como representantes de institutos universitarios, c\u00e1tedras institucionales y empresas. El objetivo es sumarse a un plan abierto, denominado Plan de Cooperaci\u00f3n Canarias-\u00c1frica Occidental, junto con la Universidad de Las Palmas de Gran Canaria.<\/p>\n<p>Se trata de un trabajo conjunto que ya ha recogido las acciones de todos los intervinientes. Y de hecho en esta \u00faltima se ha remitido un primer borrador, que fue presentado en la reuni\u00f3n. El objetivo, como se se\u00f1al\u00f3 en el encuentro anterior, es crear un <em>hub<\/em> acad\u00e9mico Canarias \u2013\u00c1frica, con propuestas que sean compartidas por la comunidad universitaria.<\/p>\n<p>Se ha previsto que hasta esta semana se acepten comentarios y sugerencias de todos los actores implicados en esta iniciativa, con el prop\u00f3sito de definir una propuesta com\u00fan final entre las dos universidades del archipi\u00e9lago.<\/p>\n<p>Para la vicerrectora, lo interesante de este documento que a\u00fan est\u00e1 en borrador, es que recoja el sentir de todas las organizaciones que tiene puestos sus ojos en el continente vecino para no redoblar esfuerzos y optimizar recursos. \u201cLa idea es compartir experiencias para proyectar hacia el futuro\u201d, se\u00f1ala Inmaculada Gonz\u00e1lez, quien matiza que el plan no tiene una visi\u00f3n unidireccional, y que de hecho debe ser refrendado por las universidades africanas.<\/p>\n<p>Las universidades p\u00fablicas canarias aspiran a que sea un plan de largo recorrido, y en esa l\u00ednea figuran las intenciones de presentarse a financiaci\u00f3n de la convocatoria Interreg-MAC y a proyectos de movilidad docente K-171. Otra apuesta es contar con la cooperaci\u00f3n horizontal, es decir, a trav\u00e9s de la financiaci\u00f3n que Europa otorga directamente a las universidades africanas.<\/p>\n","protected":false},"excerpt":{"rendered":"<p>El Vicerrectorado de Internacionalizaci\u00f3n y Cooperaci\u00f3n, liderado por Inmaculada Gonz\u00e1lez, ha celebrado recientemente una reuni\u00f3n con los principales actores que&#8230;<\/p>\n","protected":false},"author":23,"featured_media":84697,"comment_status":"closed","ping_status":"closed","sticky":false,"template":"","format":"standard","meta":{"inline_featured_image":false,"footnotes":""},"categories":[345,349],"tags":[],"acf":[],"yoast_head":"<!-- This site is optimized with the Yoast SEO plugin v21.3 - https:\/\/yoast.com\/wordpress\/plugins\/seo\/ -->\n<title>Internacionalizaci\u00f3n avanza en el Plan de Cooperaci\u00f3n Canarias-\u00c1frica Occidental - ULL - Noticias<\/title>\n<meta name=\"robots\" content=\"index, follow, max-snippet:-1, max-image-preview:large, max-video-preview:-1\" \/>\n<link rel=\"canonical\" href=\"https:\/\/www.ull.es\/portal\/noticias\/2025\/internacionalizacion-avanza-en-el-plan-de-cooperacion-canarias-africa-occidental\/\" \/>\n<meta property=\"og:locale\" content=\"es_ES\" \/>\n<meta property=\"og:type\" content=\"article\" \/>\n<meta property=\"og:title\" content=\"Internacionalizaci\u00f3n avanza en el Plan de Cooperaci\u00f3n Canarias-\u00c1frica Occidental - ULL - Noticias\" \/>\n<meta property=\"og:description\" content=\"El Vicerrectorado de Internacionalizaci\u00f3n y Cooperaci\u00f3n, liderado por Inmaculada Gonz\u00e1lez, ha celebrado recientemente una reuni\u00f3n con los principales actores que...\" \/>\n<meta property=\"og:url\" content=\"https:\/\/www.ull.es\/portal\/noticias\/2025\/internacionalizacion-avanza-en-el-plan-de-cooperacion-canarias-africa-occidental\/\" \/>\n<meta property=\"og:site_name\" content=\"ULL - Noticias\" \/>\n<meta property=\"article:publisher\" content=\"https:\/\/www.facebook.com\/universidaddelalaguna\/\" \/>\n<meta property=\"article:published_time\" content=\"2025-10-06T11:59:54+00:00\" \/>\n<meta property=\"og:image\" content=\"https:\/\/www.ull.es\/portal\/noticias\/wp-content\/uploads\/sites\/13\/2025\/10\/reunion-internacional-2.jpg\" \/>\n\t<meta property=\"og:image:width\" content=\"1200\" \/>\n\t<meta property=\"og:image:height\" content=\"800\" \/>\n\t<meta property=\"og:image:type\" content=\"image\/jpeg\" \/>\n<meta name=\"author\" content=\"gaprsa\" \/>\n<meta name=\"twitter:card\" content=\"summary_large_image\" \/>\n<meta name=\"twitter:creator\" content=\"@CanalULL\" \/>\n<meta name=\"twitter:site\" content=\"@CanalULL\" \/>\n<meta name=\"twitter:label1\" content=\"Escrito por\" \/>\n\t<meta name=\"twitter:data1\" content=\"gaprsa\" \/>\n\t<meta name=\"twitter:label2\" content=\"Tiempo de lectura\" \/>\n\t<meta name=\"twitter:data2\" content=\"2 minutos\" \/>\n<script type=\"application\/ld+json\" class=\"yoast-schema-graph\">{\"@context\":\"https:\/\/schema.org\",\"@graph\":[{\"@type\":\"WebPage\",\"@id\":\"https:\/\/www.ull.es\/portal\/noticias\/2025\/internacionalizacion-avanza-en-el-plan-de-cooperacion-canarias-africa-occidental\/\",\"url\":\"https:\/\/www.ull.es\/portal\/noticias\/2025\/internacionalizacion-avanza-en-el-plan-de-cooperacion-canarias-africa-occidental\/\",\"name\":\"Internacionalizaci\u00f3n avanza en el Plan de Cooperaci\u00f3n Canarias-\u00c1frica Occidental - ULL - Noticias\",\"isPartOf\":{\"@id\":\"https:\/\/www.ull.es\/portal\/noticias\/#website\"},\"datePublished\":\"2025-10-06T11:59:54+00:00\",\"dateModified\":\"2025-10-06T11:59:54+00:00\",\"author\":{\"@id\":\"https:\/\/www.ull.es\/portal\/noticias\/#\/schema\/person\/b2b1a89d43ffa609e591f7df8ef3e817\"},\"breadcrumb\":{\"@id\":\"https:\/\/www.ull.es\/portal\/noticias\/2025\/internacionalizacion-avanza-en-el-plan-de-cooperacion-canarias-africa-occidental\/#breadcrumb\"},\"inLanguage\":\"es\",\"potentialAction\":[{\"@type\":\"ReadAction\",\"target\":[\"https:\/\/www.ull.es\/portal\/noticias\/2025\/internacionalizacion-avanza-en-el-plan-de-cooperacion-canarias-africa-occidental\/\"]}]},{\"@type\":\"BreadcrumbList\",\"@id\":\"https:\/\/www.ull.es\/portal\/noticias\/2025\/internacionalizacion-avanza-en-el-plan-de-cooperacion-canarias-africa-occidental\/#breadcrumb\",\"itemListElement\":[{\"@type\":\"ListItem\",\"position\":1,\"name\":\"Portada\",\"item\":\"https:\/\/www.ull.es\/portal\/noticias\/\"},{\"@type\":\"ListItem\",\"position\":2,\"name\":\"Internacionalizaci\u00f3n avanza en el Plan de Cooperaci\u00f3n Canarias-\u00c1frica Occidental\"}]},{\"@type\":\"WebSite\",\"@id\":\"https:\/\/www.ull.es\/portal\/noticias\/#website\",\"url\":\"https:\/\/www.ull.es\/portal\/noticias\/\",\"name\":\"ULL - Noticias\",\"description\":\"\",\"potentialAction\":[{\"@type\":\"SearchAction\",\"target\":{\"@type\":\"EntryPoint\",\"urlTemplate\":\"https:\/\/www.ull.es\/portal\/noticias\/?s={search_term_string}\"},\"query-input\":\"required name=search_term_string\"}],\"inLanguage\":\"es\"},{\"@type\":\"Person\",\"@id\":\"https:\/\/www.ull.es\/portal\/noticias\/#\/schema\/person\/b2b1a89d43ffa609e591f7df8ef3e817\",\"name\":\"gaprsa\",\"image\":{\"@type\":\"ImageObject\",\"inLanguage\":\"es\",\"@id\":\"https:\/\/www.ull.es\/portal\/noticias\/#\/schema\/person\/image\/\",\"url\":\"https:\/\/secure.gravatar.com\/avatar\/443820550921091458b4823867723b3d?s=96&d=mm&r=g\",\"contentUrl\":\"https:\/\/secure.gravatar.com\/avatar\/443820550921091458b4823867723b3d?s=96&d=mm&r=g\",\"caption\":\"gaprsa\"},\"url\":\"https:\/\/www.ull.es\/portal\/noticias\/author\/gaprsa\/\"}]}<\/script>\n<!-- \/ Yoast SEO plugin. -->","yoast_head_json":{"title":"Internacionalizaci\u00f3n avanza en el Plan de Cooperaci\u00f3n Canarias-\u00c1frica Occidental - ULL - Noticias","robots":{"index":"index","follow":"follow","max-snippet":"max-snippet:-1","max-image-preview":"max-image-preview:large","max-video-preview":"max-video-preview:-1"},"canonical":"https:\/\/www.ull.es\/portal\/noticias\/2025\/internacionalizacion-avanza-en-el-plan-de-cooperacion-canarias-africa-occidental\/","og_locale":"es_ES","og_type":"article","og_title":"Internacionalizaci\u00f3n avanza en el Plan de Cooperaci\u00f3n Canarias-\u00c1frica Occidental - ULL - Noticias","og_description":"El Vicerrectorado de Internacionalizaci\u00f3n y Cooperaci\u00f3n, liderado por Inmaculada Gonz\u00e1lez, ha celebrado recientemente una reuni\u00f3n con los principales actores que...","og_url":"https:\/\/www.ull.es\/portal\/noticias\/2025\/internacionalizacion-avanza-en-el-plan-de-cooperacion-canarias-africa-occidental\/","og_site_name":"ULL - Noticias","article_publisher":"https:\/\/www.facebook.com\/universidaddelalaguna\/","article_published_time":"2025-10-06T11:59:54+00:00","og_image":[{"width":1200,"height":800,"url":"https:\/\/www.ull.es\/portal\/noticias\/wp-content\/uploads\/sites\/13\/2025\/10\/reunion-internacional-2.jpg","type":"image\/jpeg"}],"author":"gaprsa","twitter_card":"summary_large_image","twitter_creator":"@CanalULL","twitter_site":"@CanalULL","twitter_misc":{"Escrito por":"gaprsa","Tiempo de lectura":"2 minutos"},"schema":{"@context":"https:\/\/schema.org","@graph":[{"@type":"WebPage","@id":"https:\/\/www.ull.es\/portal\/noticias\/2025\/internacionalizacion-avanza-en-el-plan-de-cooperacion-canarias-africa-occidental\/","url":"https:\/\/www.ull.es\/portal\/noticias\/2025\/internacionalizacion-avanza-en-el-plan-de-cooperacion-canarias-africa-occidental\/","name":"Internacionalizaci\u00f3n avanza en el Plan de Cooperaci\u00f3n Canarias-\u00c1frica Occidental - ULL - Noticias","isPartOf":{"@id":"https:\/\/www.ull.es\/portal\/noticias\/#website"},"datePublished":"2025-10-06T11:59:54+00:00","dateModified":"2025-10-06T11:59:54+00:00","author":{"@id":"https:\/\/www.ull.es\/portal\/noticias\/#\/schema\/person\/b2b1a89d43ffa609e591f7df8ef3e817"},"breadcrumb":{"@id":"https:\/\/www.ull.es\/portal\/noticias\/2025\/internacionalizacion-avanza-en-el-plan-de-cooperacion-canarias-africa-occidental\/#breadcrumb"},"inLanguage":"es","potentialAction":[{"@type":"ReadAction","target":["https:\/\/www.ull.es\/portal\/noticias\/2025\/internacionalizacion-avanza-en-el-plan-de-cooperacion-canarias-africa-occidental\/"]}]},{"@type":"BreadcrumbList","@id":"https:\/\/www.ull.es\/portal\/noticias\/2025\/internacionalizacion-avanza-en-el-plan-de-cooperacion-canarias-africa-occidental\/#breadcrumb","itemListElement":[{"@type":"ListItem","position":1,"name":"Portada","item":"https:\/\/www.ull.es\/portal\/noticias\/"},{"@type":"ListItem","position":2,"name":"Internacionalizaci\u00f3n avanza en el Plan de Cooperaci\u00f3n Canarias-\u00c1frica Occidental"}]},{"@type":"WebSite","@id":"https:\/\/www.ull.es\/portal\/noticias\/#website","url":"https:\/\/www.ull.es\/portal\/noticias\/","name":"ULL - Noticias","description":"","potentialAction":[{"@type":"SearchAction","target":{"@type":"EntryPoint","urlTemplate":"https:\/\/www.ull.es\/portal\/noticias\/?s={search_term_string}"},"query-input":"required name=search_term_string"}],"inLanguage":"es"},{"@type":"Person","@id":"https:\/\/www.ull.es\/portal\/noticias\/#\/schema\/person\/b2b1a89d43ffa609e591f7df8ef3e817","name":"gaprsa","image":{"@type":"ImageObject","inLanguage":"es","@id":"https:\/\/www.ull.es\/portal\/noticias\/#\/schema\/person\/image\/","url":"https:\/\/secure.gravatar.com\/avatar\/443820550921091458b4823867723b3d?s=96&d=mm&r=g","contentUrl":"https:\/\/secure.gravatar.com\/avatar\/443820550921091458b4823867723b3d?s=96&d=mm&r=g","caption":"gaprsa"},"url":"https:\/\/www.ull.es\/portal\/noticias\/author\/gaprsa\/"}]}},"primary_category":{"id":345,"name":"Destacado","slug":"destacado","link":"https:\/\/www.ull.es\/portal\/noticias\/category\/destacado\/"},"featured_image_thumbnail_url":"https:\/\/www.ull.es\/portal\/noticias\/wp-content\/uploads\/sites\/13\/2025\/10\/reunion-internacional-2-300x200.jpg","_links":{"self":[{"href":"https:\/\/www.ull.es\/portal\/noticias\/wp-json\/wp\/v2\/posts\/84696"}],"collection":[{"href":"https:\/\/www.ull.es\/portal\/noticias\/wp-json\/wp\/v2\/posts"}],"about":[{"href":"https:\/\/www.ull.es\/portal\/noticias\/wp-json\/wp\/v2\/types\/post"}],"author":[{"embeddable":true,"href":"https:\/\/www.ull.es\/portal\/noticias\/wp-json\/wp\/v2\/users\/23"}],"replies":[{"embeddable":true,"href":"https:\/\/www.ull.es\/portal\/noticias\/wp-json\/wp\/v2\/comments?post=84696"}],"version-history":[{"count":1,"href":"https:\/\/www.ull.es\/portal\/noticias\/wp-json\/wp\/v2\/posts\/84696\/revisions"}],"predecessor-version":[{"id":84698,"href":"https:\/\/www.ull.es\/portal\/noticias\/wp-json\/wp\/v2\/posts\/84696\/revisions\/84698"}],"wp:featuredmedia":[{"embeddable":true,"href":"https:\/\/www.ull.es\/portal\/noticias\/wp-json\/wp\/v2\/media\/84697"}],"wp:attachment":[{"href":"https:\/\/www.ull.es\/portal\/noticias\/wp-json\/wp\/v2\/media?parent=84696"}],"wp:term":[{"taxonomy":"category","embeddable":true,"href":"https:\/\/www.ull.es\/portal\/noticias\/wp-json\/wp\/v2\/categories?post=84696"},{"taxonomy":"post_tag","embeddable":true,"href":"https:\/\/www.ull.es\/portal\/noticias\/wp-json\/wp\/v2\/tags?post=84696"}],"curies":[{"name":"wp","href":"https:\/\/api.w.org\/{rel}","templated":true}]}}