{"id":84790,"date":"2025-10-10T14:38:40","date_gmt":"2025-10-10T14:38:40","guid":{"rendered":"https:\/\/www.ull.es\/portal\/noticias\/?p=84790"},"modified":"2025-10-10T16:24:41","modified_gmt":"2025-10-10T16:24:41","slug":"ull-homenajea-hipolito-marrero","status":"publish","type":"post","link":"https:\/\/www.ull.es\/portal\/noticias\/2025\/ull-homenajea-hipolito-marrero\/","title":{"rendered":"\u00a0La ULL homenajea la extensa dedicaci\u00f3n de Hip\u00f3lito Marrero a investigar la Motivaci\u00f3n y la Emoci\u00f3n"},"content":{"rendered":"<p>La Universidad de La Laguna ha celebrado hoy, 10 de octubre, la andadura del Doctor <a href=\"https:\/\/portalciencia.ull.es\/investigadores\/81613\/detalle\" target=\"_blank\" rel=\"noopener\" target=\"_blank\" rel=\"noopener\">Hip\u00f3lito Marrero Hern\u00e1ndez<\/a> a trav\u00e9s de un c\u00e1lido homenaje con motivo de su jubilaci\u00f3n. Organizado por el <a href=\"https:\/\/www.ull.es\/institutos\/instituto-universitario-neurociencia\/\" target=\"_blank\" rel=\"noopener\" target=\"_blank\" rel=\"noopener\">Instituto Universitario de Neurociencia<\/a> (IUNE), el acto, que ha tenido lugar en la sala de audiovisuales de la Facultad de Psicolog\u00eda y Logopedia de la Universidad de La Laguna, ha coincidido en fecha con el D\u00eda Mundial de la Salud Mental. Ha sido el reconocimiento a una carrera investigadora centrada en el estudio de la Motivaci\u00f3n y la Emoci\u00f3n.<\/p>\n<p><a href=\"https:\/\/drive.google.com\/drive\/folders\/1lBwD3z1DkIRqANjYU8bj5kRMFFa9Z0yj?usp=sharing\" target=\"_blank\" rel=\"noopener\" target=\"_blank\" rel=\"noopener\"><strong>Galer\u00eda de im\u00e1genes<\/strong><\/a><\/p>\n<p>La apertura del acto corri\u00f3 a cargo del rector Francisco J. Garc\u00eda Rodr\u00edguez, acompa\u00f1ado por el decano del Colegio de la Psicolog\u00eda de Las Palmas, Francisco S\u00e1nchez; el director del Departamento de Psicolog\u00eda Cognitiva, Social y Organizacional, Horacio Barber; y decano de la Facultad de Psicolog\u00eda y Logopedia, Juan Manuel Bethencourt.<\/p>\n<p>Francisco Garc\u00eda dedic\u00f3 unas palabras al doble objetivo del acto: de reconocimiento a la carrera del experto en Psicolog\u00eda Cognitiva y dedicaci\u00f3n a lo largo de casi 48 a\u00f1os a la Universidad de La Laguna, y gratitud por su contribuci\u00f3n y el ejemplo que ha dado. La celebraci\u00f3n se desarroll\u00f3 en presencia de lo que el rector defini\u00f3 como \u201cla familia acad\u00e9mica, la gen\u00e9tica y la de los afectos\u00bb, como agradecimiento amplio a su ejemplo en la docencia, la investigaci\u00f3n, la gesti\u00f3n y la transferencia a la sociedad.<\/p>\n<p>En primer lugar hab\u00eda hablado Francisco S\u00e1nchez, quien se refiri\u00f3 al homenajeado como \u201cquerido amigo\u201d y record\u00f3 de forma breve el momento en que se conocieron en 2006, cuando Marrero era decano de la Facultad de Psicolog\u00eda y Logopedia, momento en el que se inici\u00f3 \u201cun gran recorrido profesional y de gran amistad\u201d.<\/p>\n<p>Por su parte, Barber subray\u00f3 c\u00f3mo el protagonista de la jornada ha sido un actor principal en la gestaci\u00f3n, en el desarrollo y en la consolidaci\u00f3n del Departamento, \u201cuna tarea que ha realizado d\u00eda a d\u00eda, d\u00e1ndole forma\u201d y a\u00f1adi\u00f3: \u201cEstoy seguro de que, al mismo tiempo que participaba en ese proceso escult\u00f3rico, tambi\u00e9n el Departamento se iba incrustando en el circuito afectivo y motivacional de Hip\u00f3lito\u201d. Para finalizar, Barber elogi\u00f3 tanto las habilidades pedag\u00f3gicas de Marrero como su optimismo sincero por el avance social y su fe en las instituciones p\u00fablicas, especialmente la Universidad.<\/p>\n<p>A continuaci\u00f3n, Bethencourt, destac\u00f3 la huella imborrable que el homenajeado ha dejado: \u00abNo solo en las aulas sino tambi\u00e9n en los laboratorios, en los pasillos de esta Facultad, importantes para la interacci\u00f3n social, y sobre todo, en el coraz\u00f3n de quienes hemos tenido el privilegio de aprender a su lado\u201d. Alab\u00f3 tambi\u00e9n su labor como profesor, ense\u00f1ando a pensar, y como investigador, cuyo trabajo \u201cha contribuido de manera significativa al avance del conocimiento en psicolog\u00eda cognitiva, posicionando y ayudando a posicionar a nuestra Facultad y a nuestra Universidad como referentes en el \u00e1mbito nacional e internacional\u201d, concluy\u00f3.<\/p>\n<p><strong><a href=\"https:\/\/www.ull.es\/portal\/noticias\/wp-content\/uploads\/sites\/13\/2025\/10\/Homenaje-Hipolito-Marrero-14.jpg\" target=\"_blank\" rel=\"noopener\" target=\"_blank\" rel=\"noopener\"><img decoding=\"async\" loading=\"lazy\" class=\"alignleft wp-image-84791 size-medium\" src=\"https:\/\/www.ull.es\/portal\/noticias\/wp-content\/uploads\/sites\/13\/2025\/10\/Homenaje-Hipolito-Marrero-14-300x200.jpg\" alt=\"\" width=\"300\" height=\"200\" srcset=\"https:\/\/www.ull.es\/portal\/noticias\/wp-content\/uploads\/sites\/13\/2025\/10\/Homenaje-Hipolito-Marrero-14-300x200.jpg 300w, https:\/\/www.ull.es\/portal\/noticias\/wp-content\/uploads\/sites\/13\/2025\/10\/Homenaje-Hipolito-Marrero-14-1024x683.jpg 1024w, https:\/\/www.ull.es\/portal\/noticias\/wp-content\/uploads\/sites\/13\/2025\/10\/Homenaje-Hipolito-Marrero-14-768x512.jpg 768w, https:\/\/www.ull.es\/portal\/noticias\/wp-content\/uploads\/sites\/13\/2025\/10\/Homenaje-Hipolito-Marrero-14-375x250.jpg 375w, https:\/\/www.ull.es\/portal\/noticias\/wp-content\/uploads\/sites\/13\/2025\/10\/Homenaje-Hipolito-Marrero-14-750x500.jpg 750w, https:\/\/www.ull.es\/portal\/noticias\/wp-content\/uploads\/sites\/13\/2025\/10\/Homenaje-Hipolito-Marrero-14-1140x760.jpg 1140w, https:\/\/www.ull.es\/portal\/noticias\/wp-content\/uploads\/sites\/13\/2025\/10\/Homenaje-Hipolito-Marrero-14.jpg 1200w\" sizes=\"(max-width: 300px) 100vw, 300px\" \/><\/a>La vida como inspiraci\u00f3n cient\u00edfica<\/strong><\/p>\n<p>Hip\u00f3lito Marrero ha vivido esta celebraci\u00f3n como un reconocimiento a su trayectoria pero tambi\u00e9n como un espacio para compartir con sus compa\u00f1eros y amistades, por lo vivido de la mano en estas casi cinco d\u00e9cadas de carrera, y un premio en \u00faltima instancia. Previo al inicio de la jornada, no par\u00f3 de recibir el afecto de familia venida de Gran Canaria y Fuerteventura, a quienes acogi\u00f3 con sorpresa. Tambi\u00e9n le saludaron muchos amigos que ha hecho a lo largo de su prolongado camino profesional, interrumpido por una \u201cjubilaci\u00f3n forzosa\u201d tras cumplir 70 a\u00f1os que para \u00e9l no marca el final de su contribuci\u00f3n acad\u00e9mica.<\/p>\n<p>Echando la mirada atr\u00e1s, reflexion\u00f3 sobre los hitos de su camino andado: \u201cHe tenido la fortuna de trabajar haciendo lo que me gusta, en respuesta a mi curiosidad intelectual, por la vida y por las interacciones humanas, que me han facilitado el trabajo y lo que me ha permitido pagar las facturas\u201d, reconoce con una sonrisa. Para el catedr\u00e1tico de Psicolog\u00eda, la vida ha sido \u201cuna fuente de inspiraci\u00f3n constante\u201d, siempre muy vinculada a su \u00e1mbito de especializaci\u00f3n que lo permea todo: la Motivaci\u00f3n y Emoci\u00f3n.<\/p>\n<p>Marrero tambi\u00e9n agradeci\u00f3 que en todos estos a\u00f1os haya podido compartir proyectos intelectuales en contextos de relaciones cercanas, con objetivos cient\u00edficos en com\u00fan con compa\u00f1eros y compa\u00f1eras que \u00e9l mismo ha formado, creando equipos de investigaci\u00f3n. Esta labor le llev\u00f3 a iniciar compromisos institucionales, implicado desde el comienzo del propio IUNE, donde se forjaron tambi\u00e9n relaciones de amistad, respeto y familiares en torno a la neurociencia y la psicolog\u00eda.<\/p>\n<p>El especialista en ciencia cognitiva valor\u00f3 tambi\u00e9n a las nuevas generaciones de la que se ha rodeado en los \u00faltimos a\u00f1os, que para \u00e9l generan \u201cun entusiasmo satisfactorio e incluso placentero\u201d. Destac\u00f3 de su trabajo en las aulas la honestidad a la hora de \u201ctransmitir al alumnado la pasi\u00f3n por la conducta y el aprendizaje de comprender y comprenderse a s\u00ed mismos y a los dem\u00e1s, siempre a la luz de la ciencia\u201d.<\/p>\n<p><strong><a href=\"https:\/\/www.ull.es\/portal\/noticias\/wp-content\/uploads\/sites\/13\/2025\/10\/Homenaje-Hipolito-Marrero-23.jpg\" target=\"_blank\" rel=\"noopener\" target=\"_blank\" rel=\"noopener\"><img decoding=\"async\" loading=\"lazy\" class=\"alignright wp-image-84792 size-medium\" src=\"https:\/\/www.ull.es\/portal\/noticias\/wp-content\/uploads\/sites\/13\/2025\/10\/Homenaje-Hipolito-Marrero-23-300x200.jpg\" alt=\"\" width=\"300\" height=\"200\" srcset=\"https:\/\/www.ull.es\/portal\/noticias\/wp-content\/uploads\/sites\/13\/2025\/10\/Homenaje-Hipolito-Marrero-23-300x200.jpg 300w, https:\/\/www.ull.es\/portal\/noticias\/wp-content\/uploads\/sites\/13\/2025\/10\/Homenaje-Hipolito-Marrero-23-1024x683.jpg 1024w, https:\/\/www.ull.es\/portal\/noticias\/wp-content\/uploads\/sites\/13\/2025\/10\/Homenaje-Hipolito-Marrero-23-768x512.jpg 768w, https:\/\/www.ull.es\/portal\/noticias\/wp-content\/uploads\/sites\/13\/2025\/10\/Homenaje-Hipolito-Marrero-23-375x250.jpg 375w, https:\/\/www.ull.es\/portal\/noticias\/wp-content\/uploads\/sites\/13\/2025\/10\/Homenaje-Hipolito-Marrero-23-750x500.jpg 750w, https:\/\/www.ull.es\/portal\/noticias\/wp-content\/uploads\/sites\/13\/2025\/10\/Homenaje-Hipolito-Marrero-23-1140x760.jpg 1140w, https:\/\/www.ull.es\/portal\/noticias\/wp-content\/uploads\/sites\/13\/2025\/10\/Homenaje-Hipolito-Marrero-23.jpg 1200w\" sizes=\"(max-width: 300px) 100vw, 300px\" \/><\/a>Repaso a su carrera<br \/>\n<\/strong>A lo largo de m\u00e1s de casi cinco d\u00e9cadas, la trayectoria acad\u00e9mica del profesor Hip\u00f3lito Marrero Hern\u00e1ndez ha dejado una estela profunda en la Universidad de La Laguna y en el panorama nacional de la psicolog\u00eda y la neurociencia cognitiva. Licenciado en Filosof\u00eda y Letras (Psicolog\u00eda) por la Universidad Complutense en 1978 y doctor en Psicolog\u00eda por la Universidad de La Laguna en 1983, ha desarrollado toda su carrera universitaria sobre la base de una s\u00f3lida formaci\u00f3n te\u00f3rica y un firme compromiso con la investigaci\u00f3n rigurosa.<\/p>\n<p>Como catedr\u00e1tico del \u00e1rea de Psicolog\u00eda B\u00e1sica en el Departamento de Psicolog\u00eda Cognitiva, Social y Organizacional, ha impartido docencia desde los primeros cursos hasta la supervisi\u00f3n de trabajos de fin de grado, contribuyendo a la formaci\u00f3n de generaciones de psic\u00f3logos con un alto nivel cient\u00edfico. Su labor en la formaci\u00f3n de posgrado ha sido igualmente relevante, con un buen n\u00famero de trabajos de fin de m\u00e1ster y tesis doctorales dirigidos, y es director del t\u00edtulo de experto en Neurociencia Afectiva y Psicolog\u00eda Cl\u00ednica.<\/p>\n<p>Su actividad investigadora ha abarcado diversas l\u00edneas tem\u00e1ticas interconectadas \u2014la inteligencia, el afecto, el lenguaje, el razonamiento motivado y los sesgos de aproximaci\u00f3n\/evitaci\u00f3n en la cognici\u00f3n social\u2014. Ha sido investigador principal en proyectos de gran relevancia, como LANGUA: Language and Affect. Understanding Approach\/Avoidance Direction in Social Actions o Neuro-cognitive toolbox to assess approach-avoidance and inhibition in mental disorders (NEUCOGTOOL), en los que gestion\u00f3 fondos competitivos y coordin\u00f3 equipos pluridisciplinares. Fruto de esta labor, ha publicado varios libros y m\u00e1s de setenta art\u00edculos cient\u00edficos, adem\u00e1s de mantener fruct\u00edferas colaboraciones con investigadores de Am\u00e9rica Latina y de instituciones internacionales.<\/p>\n<p>Destaca tambi\u00e9n su implicaci\u00f3n en la gesti\u00f3n universitaria. Fue director del departamento de Psicolog\u00eda Cognitiva, Social y Organizacional (2003-2006),decano de la Facultad de Psicolog\u00eda (2006-2010), y entre 2011 y 2015 form\u00f3 parte del equipo de gobierno de la Universidad como vicerrector de Calidad Institucional e Innovaci\u00f3n Educativa, impulsando la evaluaci\u00f3n y acreditaci\u00f3n de titulaciones, la pol\u00edtica de calidad y la responsabilidad social universitaria. En 2017 se incorpor\u00f3 al equipo de direcci\u00f3n del Instituto Universitario de Neurociencia (IUNE) como subdirector de Recursos Humanos del que fue posteriormente su director (2020-23), liderando la investigaci\u00f3n institucional en un momento clave de crecimiento.<\/p>\n","protected":false},"excerpt":{"rendered":"<p>La Universidad de La Laguna ha celebrado hoy, 10 de octubre, la andadura del Doctor Hip\u00f3lito Marrero Hern\u00e1ndez a trav\u00e9s&#8230;<\/p>\n","protected":false},"author":21,"featured_media":84793,"comment_status":"closed","ping_status":"closed","sticky":false,"template":"","format":"standard","meta":{"inline_featured_image":false,"footnotes":""},"categories":[345,4741,348,6860,2765,3495],"tags":[6922,1437,11986],"acf":[],"yoast_head":"<!-- This site is optimized with the Yoast SEO plugin v21.3 - https:\/\/yoast.com\/wordpress\/plugins\/seo\/ -->\n<title>El catedr\u00e1tico Hip\u00f3lito Marrero es homenajeado por su jubilaci\u00f3n<\/title>\n<meta name=\"description\" content=\"El catedr\u00e1tico del \u00e1rea de Psicolog\u00eda B\u00e1sica ha investigado l\u00edneas tem\u00e1ticas interconectadas: inteligencia, afecto y lenguaje, entre otras.\" \/>\n<meta name=\"robots\" content=\"index, follow, max-snippet:-1, max-image-preview:large, max-video-preview:-1\" \/>\n<link rel=\"canonical\" href=\"https:\/\/www.ull.es\/portal\/noticias\/2025\/ull-homenajea-hipolito-marrero\/\" \/>\n<meta property=\"og:locale\" content=\"es_ES\" \/>\n<meta property=\"og:type\" content=\"article\" \/>\n<meta property=\"og:title\" content=\"El catedr\u00e1tico Hip\u00f3lito Marrero es homenajeado por su jubilaci\u00f3n\" \/>\n<meta property=\"og:description\" content=\"El catedr\u00e1tico del \u00e1rea de Psicolog\u00eda B\u00e1sica ha investigado l\u00edneas tem\u00e1ticas interconectadas: inteligencia, afecto y lenguaje, entre otras.\" \/>\n<meta property=\"og:url\" content=\"https:\/\/www.ull.es\/portal\/noticias\/2025\/ull-homenajea-hipolito-marrero\/\" \/>\n<meta property=\"og:site_name\" content=\"ULL - Noticias\" \/>\n<meta property=\"article:publisher\" content=\"https:\/\/www.facebook.com\/universidaddelalaguna\/\" \/>\n<meta property=\"article:published_time\" content=\"2025-10-10T14:38:40+00:00\" \/>\n<meta property=\"article:modified_time\" content=\"2025-10-10T16:24:41+00:00\" \/>\n<meta property=\"og:image\" content=\"https:\/\/www.ull.es\/portal\/noticias\/wp-content\/uploads\/sites\/13\/2025\/10\/Homenaje-Hipolito-Marrero-40.jpg\" \/>\n\t<meta property=\"og:image:width\" content=\"1200\" \/>\n\t<meta property=\"og:image:height\" content=\"800\" \/>\n\t<meta property=\"og:image:type\" content=\"image\/jpeg\" \/>\n<meta name=\"author\" content=\"prensa2\" \/>\n<meta name=\"twitter:card\" content=\"summary_large_image\" \/>\n<meta name=\"twitter:creator\" content=\"@CanalULL\" \/>\n<meta name=\"twitter:site\" content=\"@CanalULL\" \/>\n<meta name=\"twitter:label1\" content=\"Escrito por\" \/>\n\t<meta name=\"twitter:data1\" content=\"prensa2\" \/>\n\t<meta name=\"twitter:label2\" content=\"Tiempo de lectura\" \/>\n\t<meta name=\"twitter:data2\" content=\"6 minutos\" \/>\n<script type=\"application\/ld+json\" class=\"yoast-schema-graph\">{\"@context\":\"https:\/\/schema.org\",\"@graph\":[{\"@type\":\"WebPage\",\"@id\":\"https:\/\/www.ull.es\/portal\/noticias\/2025\/ull-homenajea-hipolito-marrero\/\",\"url\":\"https:\/\/www.ull.es\/portal\/noticias\/2025\/ull-homenajea-hipolito-marrero\/\",\"name\":\"El catedr\u00e1tico Hip\u00f3lito Marrero es homenajeado por su jubilaci\u00f3n\",\"isPartOf\":{\"@id\":\"https:\/\/www.ull.es\/portal\/noticias\/#website\"},\"datePublished\":\"2025-10-10T14:38:40+00:00\",\"dateModified\":\"2025-10-10T16:24:41+00:00\",\"author\":{\"@id\":\"https:\/\/www.ull.es\/portal\/noticias\/#\/schema\/person\/c3b2aa857797592927a03740d6664376\"},\"description\":\"El catedr\u00e1tico del \u00e1rea de Psicolog\u00eda B\u00e1sica ha investigado l\u00edneas tem\u00e1ticas interconectadas: inteligencia, afecto y lenguaje, entre otras.\",\"breadcrumb\":{\"@id\":\"https:\/\/www.ull.es\/portal\/noticias\/2025\/ull-homenajea-hipolito-marrero\/#breadcrumb\"},\"inLanguage\":\"es\",\"potentialAction\":[{\"@type\":\"ReadAction\",\"target\":[\"https:\/\/www.ull.es\/portal\/noticias\/2025\/ull-homenajea-hipolito-marrero\/\"]}]},{\"@type\":\"BreadcrumbList\",\"@id\":\"https:\/\/www.ull.es\/portal\/noticias\/2025\/ull-homenajea-hipolito-marrero\/#breadcrumb\",\"itemListElement\":[{\"@type\":\"ListItem\",\"position\":1,\"name\":\"Portada\",\"item\":\"https:\/\/www.ull.es\/portal\/noticias\/\"},{\"@type\":\"ListItem\",\"position\":2,\"name\":\"\u00a0La ULL homenajea la extensa dedicaci\u00f3n de Hip\u00f3lito Marrero a investigar la Motivaci\u00f3n y la Emoci\u00f3n\"}]},{\"@type\":\"WebSite\",\"@id\":\"https:\/\/www.ull.es\/portal\/noticias\/#website\",\"url\":\"https:\/\/www.ull.es\/portal\/noticias\/\",\"name\":\"ULL - Noticias\",\"description\":\"\",\"potentialAction\":[{\"@type\":\"SearchAction\",\"target\":{\"@type\":\"EntryPoint\",\"urlTemplate\":\"https:\/\/www.ull.es\/portal\/noticias\/?s={search_term_string}\"},\"query-input\":\"required name=search_term_string\"}],\"inLanguage\":\"es\"},{\"@type\":\"Person\",\"@id\":\"https:\/\/www.ull.es\/portal\/noticias\/#\/schema\/person\/c3b2aa857797592927a03740d6664376\",\"name\":\"prensa2\",\"image\":{\"@type\":\"ImageObject\",\"inLanguage\":\"es\",\"@id\":\"https:\/\/www.ull.es\/portal\/noticias\/#\/schema\/person\/image\/\",\"url\":\"https:\/\/secure.gravatar.com\/avatar\/b58f310a5de5feb33d1e026d2493f23c?s=96&d=mm&r=g\",\"contentUrl\":\"https:\/\/secure.gravatar.com\/avatar\/b58f310a5de5feb33d1e026d2493f23c?s=96&d=mm&r=g\",\"caption\":\"prensa2\"},\"url\":\"https:\/\/www.ull.es\/portal\/noticias\/author\/prensa2\/\"}]}<\/script>\n<!-- \/ Yoast SEO plugin. -->","yoast_head_json":{"title":"El catedr\u00e1tico Hip\u00f3lito Marrero es homenajeado por su jubilaci\u00f3n","description":"El catedr\u00e1tico del \u00e1rea de Psicolog\u00eda B\u00e1sica ha investigado l\u00edneas tem\u00e1ticas interconectadas: inteligencia, afecto y lenguaje, entre otras.","robots":{"index":"index","follow":"follow","max-snippet":"max-snippet:-1","max-image-preview":"max-image-preview:large","max-video-preview":"max-video-preview:-1"},"canonical":"https:\/\/www.ull.es\/portal\/noticias\/2025\/ull-homenajea-hipolito-marrero\/","og_locale":"es_ES","og_type":"article","og_title":"El catedr\u00e1tico Hip\u00f3lito Marrero es homenajeado por su jubilaci\u00f3n","og_description":"El catedr\u00e1tico del \u00e1rea de Psicolog\u00eda B\u00e1sica ha investigado l\u00edneas tem\u00e1ticas interconectadas: inteligencia, afecto y lenguaje, entre otras.","og_url":"https:\/\/www.ull.es\/portal\/noticias\/2025\/ull-homenajea-hipolito-marrero\/","og_site_name":"ULL - Noticias","article_publisher":"https:\/\/www.facebook.com\/universidaddelalaguna\/","article_published_time":"2025-10-10T14:38:40+00:00","article_modified_time":"2025-10-10T16:24:41+00:00","og_image":[{"width":1200,"height":800,"url":"https:\/\/www.ull.es\/portal\/noticias\/wp-content\/uploads\/sites\/13\/2025\/10\/Homenaje-Hipolito-Marrero-40.jpg","type":"image\/jpeg"}],"author":"prensa2","twitter_card":"summary_large_image","twitter_creator":"@CanalULL","twitter_site":"@CanalULL","twitter_misc":{"Escrito por":"prensa2","Tiempo de lectura":"6 minutos"},"schema":{"@context":"https:\/\/schema.org","@graph":[{"@type":"WebPage","@id":"https:\/\/www.ull.es\/portal\/noticias\/2025\/ull-homenajea-hipolito-marrero\/","url":"https:\/\/www.ull.es\/portal\/noticias\/2025\/ull-homenajea-hipolito-marrero\/","name":"El catedr\u00e1tico Hip\u00f3lito Marrero es homenajeado por su jubilaci\u00f3n","isPartOf":{"@id":"https:\/\/www.ull.es\/portal\/noticias\/#website"},"datePublished":"2025-10-10T14:38:40+00:00","dateModified":"2025-10-10T16:24:41+00:00","author":{"@id":"https:\/\/www.ull.es\/portal\/noticias\/#\/schema\/person\/c3b2aa857797592927a03740d6664376"},"description":"El catedr\u00e1tico del \u00e1rea de Psicolog\u00eda B\u00e1sica ha investigado l\u00edneas tem\u00e1ticas interconectadas: inteligencia, afecto y lenguaje, entre otras.","breadcrumb":{"@id":"https:\/\/www.ull.es\/portal\/noticias\/2025\/ull-homenajea-hipolito-marrero\/#breadcrumb"},"inLanguage":"es","potentialAction":[{"@type":"ReadAction","target":["https:\/\/www.ull.es\/portal\/noticias\/2025\/ull-homenajea-hipolito-marrero\/"]}]},{"@type":"BreadcrumbList","@id":"https:\/\/www.ull.es\/portal\/noticias\/2025\/ull-homenajea-hipolito-marrero\/#breadcrumb","itemListElement":[{"@type":"ListItem","position":1,"name":"Portada","item":"https:\/\/www.ull.es\/portal\/noticias\/"},{"@type":"ListItem","position":2,"name":"\u00a0La ULL homenajea la extensa dedicaci\u00f3n de Hip\u00f3lito Marrero a investigar la Motivaci\u00f3n y la Emoci\u00f3n"}]},{"@type":"WebSite","@id":"https:\/\/www.ull.es\/portal\/noticias\/#website","url":"https:\/\/www.ull.es\/portal\/noticias\/","name":"ULL - Noticias","description":"","potentialAction":[{"@type":"SearchAction","target":{"@type":"EntryPoint","urlTemplate":"https:\/\/www.ull.es\/portal\/noticias\/?s={search_term_string}"},"query-input":"required name=search_term_string"}],"inLanguage":"es"},{"@type":"Person","@id":"https:\/\/www.ull.es\/portal\/noticias\/#\/schema\/person\/c3b2aa857797592927a03740d6664376","name":"prensa2","image":{"@type":"ImageObject","inLanguage":"es","@id":"https:\/\/www.ull.es\/portal\/noticias\/#\/schema\/person\/image\/","url":"https:\/\/secure.gravatar.com\/avatar\/b58f310a5de5feb33d1e026d2493f23c?s=96&d=mm&r=g","contentUrl":"https:\/\/secure.gravatar.com\/avatar\/b58f310a5de5feb33d1e026d2493f23c?s=96&d=mm&r=g","caption":"prensa2"},"url":"https:\/\/www.ull.es\/portal\/noticias\/author\/prensa2\/"}]}},"primary_category":{"id":345,"name":"Destacado","slug":"destacado","link":"https:\/\/www.ull.es\/portal\/noticias\/category\/destacado\/"},"featured_image_thumbnail_url":"https:\/\/www.ull.es\/portal\/noticias\/wp-content\/uploads\/sites\/13\/2025\/10\/Homenaje-Hipolito-Marrero-40-300x200.jpg","_links":{"self":[{"href":"https:\/\/www.ull.es\/portal\/noticias\/wp-json\/wp\/v2\/posts\/84790"}],"collection":[{"href":"https:\/\/www.ull.es\/portal\/noticias\/wp-json\/wp\/v2\/posts"}],"about":[{"href":"https:\/\/www.ull.es\/portal\/noticias\/wp-json\/wp\/v2\/types\/post"}],"author":[{"embeddable":true,"href":"https:\/\/www.ull.es\/portal\/noticias\/wp-json\/wp\/v2\/users\/21"}],"replies":[{"embeddable":true,"href":"https:\/\/www.ull.es\/portal\/noticias\/wp-json\/wp\/v2\/comments?post=84790"}],"version-history":[{"count":3,"href":"https:\/\/www.ull.es\/portal\/noticias\/wp-json\/wp\/v2\/posts\/84790\/revisions"}],"predecessor-version":[{"id":84796,"href":"https:\/\/www.ull.es\/portal\/noticias\/wp-json\/wp\/v2\/posts\/84790\/revisions\/84796"}],"wp:featuredmedia":[{"embeddable":true,"href":"https:\/\/www.ull.es\/portal\/noticias\/wp-json\/wp\/v2\/media\/84793"}],"wp:attachment":[{"href":"https:\/\/www.ull.es\/portal\/noticias\/wp-json\/wp\/v2\/media?parent=84790"}],"wp:term":[{"taxonomy":"category","embeddable":true,"href":"https:\/\/www.ull.es\/portal\/noticias\/wp-json\/wp\/v2\/categories?post=84790"},{"taxonomy":"post_tag","embeddable":true,"href":"https:\/\/www.ull.es\/portal\/noticias\/wp-json\/wp\/v2\/tags?post=84790"}],"curies":[{"name":"wp","href":"https:\/\/api.w.org\/{rel}","templated":true}]}}