{"id":84835,"date":"2025-10-13T13:00:33","date_gmt":"2025-10-13T13:00:33","guid":{"rendered":"https:\/\/www.ull.es\/portal\/noticias\/?p=84835"},"modified":"2025-10-13T13:00:33","modified_gmt":"2025-10-13T13:00:33","slug":"donar-sangre-la-asignatura-que-nos-une-lema-de-la-nueva-campana-en-las-universidades-publicas-que-arranca-hoy","status":"publish","type":"post","link":"https:\/\/www.ull.es\/portal\/noticias\/2025\/donar-sangre-la-asignatura-que-nos-une-lema-de-la-nueva-campana-en-las-universidades-publicas-que-arranca-hoy\/","title":{"rendered":"&#8216;Donar sangre, la asignatura que nos une&#8217;: lema de la nueva campa\u00f1a en las universidades p\u00fablicas que arranca hoy"},"content":{"rendered":"<p>La Facultad de Farmacia de la Universidad de La Laguna acogi\u00f3 hoy 13 de octubre la presentaci\u00f3n de la primera campa\u00f1a de donaci\u00f3n de sangre del nuevo curso acad\u00e9mico 2025-2026, bajo el lema Donar sangre, la asignatura que nos une&#8217;, recorrer\u00e1 los campus universitarios desde hoy hasta el 6 de noviembre. El acto cont\u00f3 con la participaci\u00f3n Rosario Hern\u00e1ndez, vicerrectora de Estudiantes, y Manuel Tapia, director t\u00e9cnico de la Direcci\u00f3n General de Hemodonaci\u00f3n y Hemoterapia del Servicio Canario de Salud.<\/p>\n<p>Durante su intervenci\u00f3n, la vicerrectora de Estudiantes, Rosario Hern\u00e1ndez subray\u00f3 \u201cla vital importancia\u00bb que tiene para la sociedad la donaci\u00f3n de sangre, \u00abporque de la solidaridad de todos, todos y todas nos beneficiamos\u00bb. Tambi\u00e9n tuvo palabras para considerar que este acto de donaci\u00f3n pone en pr\u00e1ctica los valores universitarios de solidaridad hacia terceras personas, al tiempo que destac\u00f3 que se trata de un amplio colectivo juvenil, de edades muy recomendables par ala donaci\u00f30n y potencialmente sanos.<\/p>\n<p>Por su parte, el hemat\u00f3logo explic\u00f3 la trascendencia que tiene la donaci\u00f3n para el funcionamiento de los hospitales y el aprovechamiento de los distintos hemocomponentes: \u201cUn hospital sin sangre nunca podr\u00e1 funcionar, por eso es tan importante la donaci\u00f3n. Con esta campa\u00f1a tenemos la posibilidad de acercarnos a estos j\u00f3venes donantes, y sin duda supone una garant\u00eda para la renovaci\u00f3n de personas donantes que tiene actualmente el banco de sangre de Canarias\u00bb.<\/p>\n<div id=\"attachment_84839\" style=\"width: 210px\" class=\"wp-caption alignleft\"><a href=\"https:\/\/www.ull.es\/portal\/noticias\/wp-content\/uploads\/sites\/13\/2025\/10\/Hemodonacion-ULL-19.jpg\" target=\"_blank\" rel=\"noopener\"><img aria-describedby=\"caption-attachment-84839\" decoding=\"async\" loading=\"lazy\" class=\"size-medium wp-image-84839\" src=\"https:\/\/www.ull.es\/portal\/noticias\/wp-content\/uploads\/sites\/13\/2025\/10\/Hemodonacion-ULL-19-200x300.jpg\" alt=\"\" width=\"200\" height=\"300\" srcset=\"https:\/\/www.ull.es\/portal\/noticias\/wp-content\/uploads\/sites\/13\/2025\/10\/Hemodonacion-ULL-19-200x300.jpg 200w, https:\/\/www.ull.es\/portal\/noticias\/wp-content\/uploads\/sites\/13\/2025\/10\/Hemodonacion-ULL-19-683x1024.jpg 683w, https:\/\/www.ull.es\/portal\/noticias\/wp-content\/uploads\/sites\/13\/2025\/10\/Hemodonacion-ULL-19-768x1152.jpg 768w, https:\/\/www.ull.es\/portal\/noticias\/wp-content\/uploads\/sites\/13\/2025\/10\/Hemodonacion-ULL-19-375x563.jpg 375w, https:\/\/www.ull.es\/portal\/noticias\/wp-content\/uploads\/sites\/13\/2025\/10\/Hemodonacion-ULL-19-750x1125.jpg 750w, https:\/\/www.ull.es\/portal\/noticias\/wp-content\/uploads\/sites\/13\/2025\/10\/Hemodonacion-ULL-19.jpg 800w\" sizes=\"(max-width: 200px) 100vw, 200px\" \/><\/a><p id=\"caption-attachment-84839\" class=\"wp-caption-text\">Rosario Hern\u00e1ndez, una de las primeras donantes en el d\u00eda de hoy.<\/p><\/div>\n<p><strong>D\u00f3nde se dona en la ULL<\/strong><\/p>\n<p>As\u00ed, de lunes a mi\u00e9rcoles una unidad m\u00f3vil se ha desplazado hasta el Campus de Anchieta para atender a alumnado, docentes y PTGAS de la Facultad de Farmacia y alrededores. La siguiente semana, el lunes 13, martes 14 y mi\u00e9rcoles 15, a los de la Facultad de Ciencias, Secci\u00f3n de Biolog\u00eda; y jueves 16, a las secciones de F\u00edsica y Matem\u00e1ticas, en horario de 9:00 a 19:00 horas.<\/p>\n<p>Simult\u00e1neamente, otra unidad m\u00f3vil estar\u00e1 atendiendo a los donantes del Campus de Guajara, concretamente en la Facultad de Derecho y de Ciencias Sociales y de la Comunicaci\u00f3n, 8:45 a 20:00 horas.<\/p>\n<p>Asimismo, el mi\u00e9rcoles y jueves la unidad m\u00f3vil se instalar\u00e1 en el parking de la cafeter\u00eda del Aulario General C\u00e9sar Manrique, en horario de 8:45 a 19:45horas. Para la siguiente semana de campa\u00f1a, un equipo se desplazar\u00e1 hasta el Campus Central, permaneciendo el lunes 27, en horario de 8:00 a 13:45 y de 16:30 a 20:00 horas, en la calle Heraclio S\u00e1nchez, mientras que se trasladar\u00e1 al aparcamiento del Edificio Central, el martes, mi\u00e9rcoles y jueves, en horario de 9:00 a 19:15 horas.<\/p>\n<p>En el campus de Santa Cruz, un equipo se desplazar\u00e1 el d\u00eda 3 de noviembre, a la Secci\u00f3n de N\u00e1utica, M\u00e1quinas y Radioelectr\u00f3nica Naval, donde se instalar\u00e1 un punto de donaci\u00f3n en la sala de estudio, en horario de 9:5 a 19:30 horas.<\/p>\n<p>En lo que se refiere al campus de Ofra, el punto fijo de donaci\u00f3n del Hospital Universitario de Canarias, permanecer\u00e1 operativo para la Facultad de Ciencias de la Salud, en horario de lunes a viernes, de 8:30 a 20:00 horas y el s\u00e1bado y domingo de 9:00 a 13:00 horas, excepto festivos.<\/p>\n<p>De igual modo, el Hospital Universitario Ntra Sra de la Candelaria (HUNSC), se pone a disposici\u00f3n para los estudiantes de esta escuela adscrita, siendo el horario de lunes a viernes de 8:00 a 20:00 horas y el s\u00e1bado de 8:00 a 13:00 horas.<\/p>\n<p>Por \u00faltimo, tambi\u00e9n habr\u00e1 campa\u00f1a en el Hospital Universitario de La Palma, donde los estudiantes de la Facultad de Enfermer\u00eda, podr\u00e1n donar entre los d\u00edas 13 de octubre y 3 de noviembre, con horario en el Banco de Sangre, de lunes a jueves, de 8:00 a 20:00 horas, el viernes de 10:00 a 13:30 horas y el domingo de 13:00 a 20:00.<\/p>\n<p>Para m\u00e1s informaci\u00f3n sobre los puntos de donaci\u00f3n y el calendario de visitas en cada facultad, pueden consultar los canales oficiales de la Direcci\u00f3n General de Hemodonaci\u00f3n y Hemoterapia o de las universidades participantes.<\/p>\n<p>Para poder ser donante hay que cumplir unos requisitos indispensables. Es necesario tener entre 18 y 65 a\u00f1os (hasta sesenta si es su primera donaci\u00f3n), pesar m\u00e1s de cincuenta kilos, gozar de buena salud general y no estar embarazada. Con el objetivo de resolver cualquier duda, la Direcci\u00f3n General de Hemodonaci\u00f3n y Hemoterapia cuenta con un tel\u00e9fono gratuito de atenci\u00f3n al donante, el 900 234 061.<\/p>\n","protected":false},"excerpt":{"rendered":"<p>La Facultad de Farmacia de la Universidad de La Laguna acogi\u00f3 hoy 13 de octubre la presentaci\u00f3n de la primera&#8230;<\/p>\n","protected":false},"author":23,"featured_media":84841,"comment_status":"closed","ping_status":"closed","sticky":false,"template":"","format":"standard","meta":{"inline_featured_image":false,"footnotes":""},"categories":[345,348,2765],"tags":[],"acf":[],"yoast_head":"<!-- This site is optimized with the Yoast SEO plugin v21.3 - https:\/\/yoast.com\/wordpress\/plugins\/seo\/ -->\n<title>&#039;Donar sangre, la asignatura que nos une&#039;: lema de la nueva campa\u00f1a en las universidades p\u00fablicas que arranca hoy - ULL - Noticias<\/title>\n<meta name=\"robots\" content=\"index, follow, max-snippet:-1, max-image-preview:large, max-video-preview:-1\" \/>\n<link rel=\"canonical\" href=\"https:\/\/www.ull.es\/portal\/noticias\/2025\/donar-sangre-la-asignatura-que-nos-une-lema-de-la-nueva-campana-en-las-universidades-publicas-que-arranca-hoy\/\" \/>\n<meta property=\"og:locale\" content=\"es_ES\" \/>\n<meta property=\"og:type\" content=\"article\" \/>\n<meta property=\"og:title\" content=\"&#039;Donar sangre, la asignatura que nos une&#039;: lema de la nueva campa\u00f1a en las universidades p\u00fablicas que arranca hoy - ULL - Noticias\" \/>\n<meta property=\"og:description\" content=\"La Facultad de Farmacia de la Universidad de La Laguna acogi\u00f3 hoy 13 de octubre la presentaci\u00f3n de la primera...\" \/>\n<meta property=\"og:url\" content=\"https:\/\/www.ull.es\/portal\/noticias\/2025\/donar-sangre-la-asignatura-que-nos-une-lema-de-la-nueva-campana-en-las-universidades-publicas-que-arranca-hoy\/\" \/>\n<meta property=\"og:site_name\" content=\"ULL - Noticias\" \/>\n<meta property=\"article:publisher\" content=\"https:\/\/www.facebook.com\/universidaddelalaguna\/\" \/>\n<meta property=\"article:published_time\" content=\"2025-10-13T13:00:33+00:00\" \/>\n<meta property=\"og:image\" content=\"https:\/\/www.ull.es\/portal\/noticias\/wp-content\/uploads\/sites\/13\/2025\/10\/Hemodonacion-ULL-05.jpg\" \/>\n\t<meta property=\"og:image:width\" content=\"1200\" \/>\n\t<meta property=\"og:image:height\" content=\"807\" \/>\n\t<meta property=\"og:image:type\" content=\"image\/jpeg\" \/>\n<meta name=\"author\" content=\"gaprsa\" \/>\n<meta name=\"twitter:card\" content=\"summary_large_image\" \/>\n<meta name=\"twitter:creator\" content=\"@CanalULL\" \/>\n<meta name=\"twitter:site\" content=\"@CanalULL\" \/>\n<meta name=\"twitter:label1\" content=\"Escrito por\" \/>\n\t<meta name=\"twitter:data1\" content=\"gaprsa\" \/>\n\t<meta name=\"twitter:label2\" content=\"Tiempo de lectura\" \/>\n\t<meta name=\"twitter:data2\" content=\"4 minutos\" \/>\n<script type=\"application\/ld+json\" class=\"yoast-schema-graph\">{\"@context\":\"https:\/\/schema.org\",\"@graph\":[{\"@type\":\"WebPage\",\"@id\":\"https:\/\/www.ull.es\/portal\/noticias\/2025\/donar-sangre-la-asignatura-que-nos-une-lema-de-la-nueva-campana-en-las-universidades-publicas-que-arranca-hoy\/\",\"url\":\"https:\/\/www.ull.es\/portal\/noticias\/2025\/donar-sangre-la-asignatura-que-nos-une-lema-de-la-nueva-campana-en-las-universidades-publicas-que-arranca-hoy\/\",\"name\":\"'Donar sangre, la asignatura que nos une': lema de la nueva campa\u00f1a en las universidades p\u00fablicas que arranca hoy - ULL - Noticias\",\"isPartOf\":{\"@id\":\"https:\/\/www.ull.es\/portal\/noticias\/#website\"},\"datePublished\":\"2025-10-13T13:00:33+00:00\",\"dateModified\":\"2025-10-13T13:00:33+00:00\",\"author\":{\"@id\":\"https:\/\/www.ull.es\/portal\/noticias\/#\/schema\/person\/b2b1a89d43ffa609e591f7df8ef3e817\"},\"breadcrumb\":{\"@id\":\"https:\/\/www.ull.es\/portal\/noticias\/2025\/donar-sangre-la-asignatura-que-nos-une-lema-de-la-nueva-campana-en-las-universidades-publicas-que-arranca-hoy\/#breadcrumb\"},\"inLanguage\":\"es\",\"potentialAction\":[{\"@type\":\"ReadAction\",\"target\":[\"https:\/\/www.ull.es\/portal\/noticias\/2025\/donar-sangre-la-asignatura-que-nos-une-lema-de-la-nueva-campana-en-las-universidades-publicas-que-arranca-hoy\/\"]}]},{\"@type\":\"BreadcrumbList\",\"@id\":\"https:\/\/www.ull.es\/portal\/noticias\/2025\/donar-sangre-la-asignatura-que-nos-une-lema-de-la-nueva-campana-en-las-universidades-publicas-que-arranca-hoy\/#breadcrumb\",\"itemListElement\":[{\"@type\":\"ListItem\",\"position\":1,\"name\":\"Portada\",\"item\":\"https:\/\/www.ull.es\/portal\/noticias\/\"},{\"@type\":\"ListItem\",\"position\":2,\"name\":\"&#8216;Donar sangre, la asignatura que nos une&#8217;: lema de la nueva campa\u00f1a en las universidades p\u00fablicas que arranca hoy\"}]},{\"@type\":\"WebSite\",\"@id\":\"https:\/\/www.ull.es\/portal\/noticias\/#website\",\"url\":\"https:\/\/www.ull.es\/portal\/noticias\/\",\"name\":\"ULL - Noticias\",\"description\":\"\",\"potentialAction\":[{\"@type\":\"SearchAction\",\"target\":{\"@type\":\"EntryPoint\",\"urlTemplate\":\"https:\/\/www.ull.es\/portal\/noticias\/?s={search_term_string}\"},\"query-input\":\"required name=search_term_string\"}],\"inLanguage\":\"es\"},{\"@type\":\"Person\",\"@id\":\"https:\/\/www.ull.es\/portal\/noticias\/#\/schema\/person\/b2b1a89d43ffa609e591f7df8ef3e817\",\"name\":\"gaprsa\",\"image\":{\"@type\":\"ImageObject\",\"inLanguage\":\"es\",\"@id\":\"https:\/\/www.ull.es\/portal\/noticias\/#\/schema\/person\/image\/\",\"url\":\"https:\/\/secure.gravatar.com\/avatar\/443820550921091458b4823867723b3d?s=96&d=mm&r=g\",\"contentUrl\":\"https:\/\/secure.gravatar.com\/avatar\/443820550921091458b4823867723b3d?s=96&d=mm&r=g\",\"caption\":\"gaprsa\"},\"url\":\"https:\/\/www.ull.es\/portal\/noticias\/author\/gaprsa\/\"}]}<\/script>\n<!-- \/ Yoast SEO plugin. -->","yoast_head_json":{"title":"'Donar sangre, la asignatura que nos une': lema de la nueva campa\u00f1a en las universidades p\u00fablicas que arranca hoy - ULL - Noticias","robots":{"index":"index","follow":"follow","max-snippet":"max-snippet:-1","max-image-preview":"max-image-preview:large","max-video-preview":"max-video-preview:-1"},"canonical":"https:\/\/www.ull.es\/portal\/noticias\/2025\/donar-sangre-la-asignatura-que-nos-une-lema-de-la-nueva-campana-en-las-universidades-publicas-que-arranca-hoy\/","og_locale":"es_ES","og_type":"article","og_title":"'Donar sangre, la asignatura que nos une': lema de la nueva campa\u00f1a en las universidades p\u00fablicas que arranca hoy - ULL - Noticias","og_description":"La Facultad de Farmacia de la Universidad de La Laguna acogi\u00f3 hoy 13 de octubre la presentaci\u00f3n de la primera...","og_url":"https:\/\/www.ull.es\/portal\/noticias\/2025\/donar-sangre-la-asignatura-que-nos-une-lema-de-la-nueva-campana-en-las-universidades-publicas-que-arranca-hoy\/","og_site_name":"ULL - Noticias","article_publisher":"https:\/\/www.facebook.com\/universidaddelalaguna\/","article_published_time":"2025-10-13T13:00:33+00:00","og_image":[{"width":1200,"height":807,"url":"https:\/\/www.ull.es\/portal\/noticias\/wp-content\/uploads\/sites\/13\/2025\/10\/Hemodonacion-ULL-05.jpg","type":"image\/jpeg"}],"author":"gaprsa","twitter_card":"summary_large_image","twitter_creator":"@CanalULL","twitter_site":"@CanalULL","twitter_misc":{"Escrito por":"gaprsa","Tiempo de lectura":"4 minutos"},"schema":{"@context":"https:\/\/schema.org","@graph":[{"@type":"WebPage","@id":"https:\/\/www.ull.es\/portal\/noticias\/2025\/donar-sangre-la-asignatura-que-nos-une-lema-de-la-nueva-campana-en-las-universidades-publicas-que-arranca-hoy\/","url":"https:\/\/www.ull.es\/portal\/noticias\/2025\/donar-sangre-la-asignatura-que-nos-une-lema-de-la-nueva-campana-en-las-universidades-publicas-que-arranca-hoy\/","name":"'Donar sangre, la asignatura que nos une': lema de la nueva campa\u00f1a en las universidades p\u00fablicas que arranca hoy - ULL - Noticias","isPartOf":{"@id":"https:\/\/www.ull.es\/portal\/noticias\/#website"},"datePublished":"2025-10-13T13:00:33+00:00","dateModified":"2025-10-13T13:00:33+00:00","author":{"@id":"https:\/\/www.ull.es\/portal\/noticias\/#\/schema\/person\/b2b1a89d43ffa609e591f7df8ef3e817"},"breadcrumb":{"@id":"https:\/\/www.ull.es\/portal\/noticias\/2025\/donar-sangre-la-asignatura-que-nos-une-lema-de-la-nueva-campana-en-las-universidades-publicas-que-arranca-hoy\/#breadcrumb"},"inLanguage":"es","potentialAction":[{"@type":"ReadAction","target":["https:\/\/www.ull.es\/portal\/noticias\/2025\/donar-sangre-la-asignatura-que-nos-une-lema-de-la-nueva-campana-en-las-universidades-publicas-que-arranca-hoy\/"]}]},{"@type":"BreadcrumbList","@id":"https:\/\/www.ull.es\/portal\/noticias\/2025\/donar-sangre-la-asignatura-que-nos-une-lema-de-la-nueva-campana-en-las-universidades-publicas-que-arranca-hoy\/#breadcrumb","itemListElement":[{"@type":"ListItem","position":1,"name":"Portada","item":"https:\/\/www.ull.es\/portal\/noticias\/"},{"@type":"ListItem","position":2,"name":"&#8216;Donar sangre, la asignatura que nos une&#8217;: lema de la nueva campa\u00f1a en las universidades p\u00fablicas que arranca hoy"}]},{"@type":"WebSite","@id":"https:\/\/www.ull.es\/portal\/noticias\/#website","url":"https:\/\/www.ull.es\/portal\/noticias\/","name":"ULL - Noticias","description":"","potentialAction":[{"@type":"SearchAction","target":{"@type":"EntryPoint","urlTemplate":"https:\/\/www.ull.es\/portal\/noticias\/?s={search_term_string}"},"query-input":"required name=search_term_string"}],"inLanguage":"es"},{"@type":"Person","@id":"https:\/\/www.ull.es\/portal\/noticias\/#\/schema\/person\/b2b1a89d43ffa609e591f7df8ef3e817","name":"gaprsa","image":{"@type":"ImageObject","inLanguage":"es","@id":"https:\/\/www.ull.es\/portal\/noticias\/#\/schema\/person\/image\/","url":"https:\/\/secure.gravatar.com\/avatar\/443820550921091458b4823867723b3d?s=96&d=mm&r=g","contentUrl":"https:\/\/secure.gravatar.com\/avatar\/443820550921091458b4823867723b3d?s=96&d=mm&r=g","caption":"gaprsa"},"url":"https:\/\/www.ull.es\/portal\/noticias\/author\/gaprsa\/"}]}},"primary_category":{"id":345,"name":"Destacado","slug":"destacado","link":"https:\/\/www.ull.es\/portal\/noticias\/category\/destacado\/"},"featured_image_thumbnail_url":"https:\/\/www.ull.es\/portal\/noticias\/wp-content\/uploads\/sites\/13\/2025\/10\/Hemodonacion-ULL-05-300x202.jpg","_links":{"self":[{"href":"https:\/\/www.ull.es\/portal\/noticias\/wp-json\/wp\/v2\/posts\/84835"}],"collection":[{"href":"https:\/\/www.ull.es\/portal\/noticias\/wp-json\/wp\/v2\/posts"}],"about":[{"href":"https:\/\/www.ull.es\/portal\/noticias\/wp-json\/wp\/v2\/types\/post"}],"author":[{"embeddable":true,"href":"https:\/\/www.ull.es\/portal\/noticias\/wp-json\/wp\/v2\/users\/23"}],"replies":[{"embeddable":true,"href":"https:\/\/www.ull.es\/portal\/noticias\/wp-json\/wp\/v2\/comments?post=84835"}],"version-history":[{"count":1,"href":"https:\/\/www.ull.es\/portal\/noticias\/wp-json\/wp\/v2\/posts\/84835\/revisions"}],"predecessor-version":[{"id":84842,"href":"https:\/\/www.ull.es\/portal\/noticias\/wp-json\/wp\/v2\/posts\/84835\/revisions\/84842"}],"wp:featuredmedia":[{"embeddable":true,"href":"https:\/\/www.ull.es\/portal\/noticias\/wp-json\/wp\/v2\/media\/84841"}],"wp:attachment":[{"href":"https:\/\/www.ull.es\/portal\/noticias\/wp-json\/wp\/v2\/media?parent=84835"}],"wp:term":[{"taxonomy":"category","embeddable":true,"href":"https:\/\/www.ull.es\/portal\/noticias\/wp-json\/wp\/v2\/categories?post=84835"},{"taxonomy":"post_tag","embeddable":true,"href":"https:\/\/www.ull.es\/portal\/noticias\/wp-json\/wp\/v2\/tags?post=84835"}],"curies":[{"name":"wp","href":"https:\/\/api.w.org\/{rel}","templated":true}]}}