{"id":84850,"date":"2025-10-14T08:50:21","date_gmt":"2025-10-14T08:50:21","guid":{"rendered":"https:\/\/www.ull.es\/portal\/noticias\/?p=84850"},"modified":"2025-10-14T08:50:58","modified_gmt":"2025-10-14T08:50:58","slug":"llega-la-feria-virtual-de-empleo-universitario-talent-and-job-de-la-ull-y-la-fundacion-cajacanarias","status":"publish","type":"post","link":"https:\/\/www.ull.es\/portal\/noticias\/2025\/llega-la-feria-virtual-de-empleo-universitario-talent-and-job-de-la-ull-y-la-fundacion-cajacanarias\/","title":{"rendered":"Llega la Feria Virtual de Empleo Universitario &#8216;Talent and Job&#8217; de la ULL y la Fundaci\u00f3n CajaCanarias"},"content":{"rendered":"<p>La Universidad de La Laguna y la Fundaci\u00f3n CajaCanarias unen sus esfuerzos para organizar la cuarta edici\u00f3n de la <a href=\"http:\/\/www.forotalentandjob.es\" target=\"_blank\" rel=\"noopener\">Feria Virtual de Empleo Universitario y de Formaci\u00f3n Profesional &#8216;Talent and Job&#8217;<\/a>, un encuentro que vuelve a reunir a empresas, instituciones y personas en b\u00fasqueda de desarrollo profesional, con la colaboraci\u00f3n de la Direcci\u00f3n General de Formaci\u00f3n Profesional del Gobierno de Canarias y la direcci\u00f3n t\u00e9cnica de la Fundaci\u00f3n Fyde CajaCanarias.<\/p>\n<p>Esta Feria se suma a otras acciones desarrolladas por la Universidad de La Laguna dentro de la iniciativa \u201cProyecto tu futuro\u201d que trabaja por impulsar la empleabilidad de estudiantes y titulados, actuando como un puente entre el talento que se est\u00e1 formando y las demandas del mercado laboral actual.<\/p>\n<p>La feria se celebra de manera virtual a trav\u00e9s de una plataforma digital con tecnolog\u00eda de inteligencia artificial, que facilita la conexi\u00f3n entre los perfiles de talento y las necesidades de las empresas participantes. En esta edici\u00f3n, el evento re\u00fane a un amplio n\u00famero de empresas e instituciones canarias, nacionales e internacionales, que ofrecen oportunidades de empleo, adem\u00e1s de un foro de orientaci\u00f3n y desarrollo profesional con m\u00e1s de 20 ponencias.<\/p>\n<p>Talen and Job constituye un espacio en el que los participantes encontrar\u00e1n, adem\u00e1s de oportunidades de empleo y becas de inserci\u00f3n laboral, orientaci\u00f3n laboral y formaci\u00f3n, as\u00ed como las claves para avanzar en la mejora de su empleabilidad. Las empresas e instituciones encontrar\u00e1n el talento que necesitan incorporar para abordar con \u00e9xito los grandes retos actuales en un entorno cada vez m\u00e1s competitivo y digitalizado.<\/p>\n<p>Entre las instituciones presentes se encuentran la Universidad de La Laguna, la Fundaci\u00f3n CajaCanarias, el Servicio Canario de Empleo, CEOE Tenerife, la C\u00e1mara de Comercio de Santa Cruz de Tenerife, FEMETE, Afedes y la Sociedad de Desarrollo de Santa Cruz de Tenerife, todas ellas ofreciendo servicios de orientaci\u00f3n laboral y formaci\u00f3n para mejorar la empleabilidad.<\/p>\n<p>Empresas canarias como Hospiten, MAC, Binter, Grupo Fedola Hoteles, Nexo o JR Producciones, junto con empresas de renombre nacional como ATOS, Garrigues o Fundaci\u00f3n ONCE, tambi\u00e9n participan en la feria, ofreciendo oportunidades tanto dentro como fuera de Canarias.<\/p>\n<p>La dimensi\u00f3n internacional tambi\u00e9n est\u00e1 presente, con acceso a los servicios de orientaci\u00f3n y empleo del mercado europeo a trav\u00e9s del Servicio EURES de la Uni\u00f3n Europea, de la mano del Servicio Canario de Empleo, o los programas de becas y formaci\u00f3n en comercio exterior del ICEX, fomentando as\u00ed la movilidad laboral internacional.<\/p>\n<p>Durante los dos d\u00edas del evento, los participantes tendr\u00e1n acceso a un foro de empleabilidad con m\u00e1s de 20 videoconferencias en directo, que abordar\u00e1n temas clave como habilidades comunicativas, de trabajo en equipo, emprendimiento y herramientas para la b\u00fasqueda de empleo, incluyendo la configuraci\u00f3n efectiva de perfiles en LinkedIn y la creaci\u00f3n de curr\u00edculums efectivos.<\/p>\n<p>La conferencia inaugural ser\u00e1 a cargo de Almudena Quereda, Subcampeona del mundo de nataci\u00f3n en aguas abiertas paral\u00edmpicas 2025 y campeona de Espa\u00f1a absoluta 2025 que nos inspirar\u00e1 con su historia de superaci\u00f3n rumbo a los Juegos Ol\u00edmpicos Los \u00c1ngeles 2028.<\/p>\n<p>Las personas interesadas pueden inscribirse a trav\u00e9s de la web <a href=\"http:\/\/www.forotalentandjob.es\" target=\"_blank\" rel=\"noopener\">www.forotalentandjob.es<\/a>, donde encontrar\u00e1n detallada toda la informaci\u00f3n relacionada con la Feria.<\/p>\n<p>&nbsp;<\/p>\n","protected":false},"excerpt":{"rendered":"<p>La Universidad de La Laguna y la Fundaci\u00f3n CajaCanarias unen sus esfuerzos para organizar la cuarta edici\u00f3n de la Feria&#8230;<\/p>\n","protected":false},"author":23,"featured_media":84851,"comment_status":"closed","ping_status":"closed","sticky":false,"template":"","format":"standard","meta":{"inline_featured_image":false,"footnotes":""},"categories":[343,345,2765],"tags":[],"acf":[],"yoast_head":"<!-- This site is optimized with the Yoast SEO plugin v21.3 - https:\/\/yoast.com\/wordpress\/plugins\/seo\/ -->\n<title>Llega la Feria Virtual de Empleo Universitario &#039;Talent and Job&#039; de la ULL y la Fundaci\u00f3n CajaCanarias - ULL - Noticias<\/title>\n<meta name=\"robots\" content=\"index, follow, max-snippet:-1, max-image-preview:large, max-video-preview:-1\" \/>\n<link rel=\"canonical\" href=\"https:\/\/www.ull.es\/portal\/noticias\/2025\/llega-la-feria-virtual-de-empleo-universitario-talent-and-job-de-la-ull-y-la-fundacion-cajacanarias\/\" \/>\n<meta property=\"og:locale\" content=\"es_ES\" \/>\n<meta property=\"og:type\" content=\"article\" \/>\n<meta property=\"og:title\" content=\"Llega la Feria Virtual de Empleo Universitario &#039;Talent and Job&#039; de la ULL y la Fundaci\u00f3n CajaCanarias - ULL - Noticias\" \/>\n<meta property=\"og:description\" content=\"La Universidad de La Laguna y la Fundaci\u00f3n CajaCanarias unen sus esfuerzos para organizar la cuarta edici\u00f3n de la Feria...\" \/>\n<meta property=\"og:url\" content=\"https:\/\/www.ull.es\/portal\/noticias\/2025\/llega-la-feria-virtual-de-empleo-universitario-talent-and-job-de-la-ull-y-la-fundacion-cajacanarias\/\" \/>\n<meta property=\"og:site_name\" content=\"ULL - Noticias\" \/>\n<meta property=\"article:publisher\" content=\"https:\/\/www.facebook.com\/universidaddelalaguna\/\" \/>\n<meta property=\"article:published_time\" content=\"2025-10-14T08:50:21+00:00\" \/>\n<meta property=\"article:modified_time\" content=\"2025-10-14T08:50:58+00:00\" \/>\n<meta property=\"og:image\" content=\"https:\/\/www.ull.es\/portal\/noticias\/wp-content\/uploads\/sites\/13\/2025\/10\/Talent-and-Job.png\" \/>\n\t<meta property=\"og:image:width\" content=\"1400\" \/>\n\t<meta property=\"og:image:height\" content=\"700\" \/>\n\t<meta property=\"og:image:type\" content=\"image\/png\" \/>\n<meta name=\"author\" content=\"gaprsa\" \/>\n<meta name=\"twitter:card\" content=\"summary_large_image\" \/>\n<meta name=\"twitter:creator\" content=\"@CanalULL\" \/>\n<meta name=\"twitter:site\" content=\"@CanalULL\" \/>\n<meta name=\"twitter:label1\" content=\"Escrito por\" \/>\n\t<meta name=\"twitter:data1\" content=\"gaprsa\" \/>\n\t<meta name=\"twitter:label2\" content=\"Tiempo de lectura\" \/>\n\t<meta name=\"twitter:data2\" content=\"3 minutos\" \/>\n<script type=\"application\/ld+json\" class=\"yoast-schema-graph\">{\"@context\":\"https:\/\/schema.org\",\"@graph\":[{\"@type\":\"WebPage\",\"@id\":\"https:\/\/www.ull.es\/portal\/noticias\/2025\/llega-la-feria-virtual-de-empleo-universitario-talent-and-job-de-la-ull-y-la-fundacion-cajacanarias\/\",\"url\":\"https:\/\/www.ull.es\/portal\/noticias\/2025\/llega-la-feria-virtual-de-empleo-universitario-talent-and-job-de-la-ull-y-la-fundacion-cajacanarias\/\",\"name\":\"Llega la Feria Virtual de Empleo Universitario 'Talent and Job' de la ULL y la Fundaci\u00f3n CajaCanarias - ULL - Noticias\",\"isPartOf\":{\"@id\":\"https:\/\/www.ull.es\/portal\/noticias\/#website\"},\"datePublished\":\"2025-10-14T08:50:21+00:00\",\"dateModified\":\"2025-10-14T08:50:58+00:00\",\"author\":{\"@id\":\"https:\/\/www.ull.es\/portal\/noticias\/#\/schema\/person\/b2b1a89d43ffa609e591f7df8ef3e817\"},\"breadcrumb\":{\"@id\":\"https:\/\/www.ull.es\/portal\/noticias\/2025\/llega-la-feria-virtual-de-empleo-universitario-talent-and-job-de-la-ull-y-la-fundacion-cajacanarias\/#breadcrumb\"},\"inLanguage\":\"es\",\"potentialAction\":[{\"@type\":\"ReadAction\",\"target\":[\"https:\/\/www.ull.es\/portal\/noticias\/2025\/llega-la-feria-virtual-de-empleo-universitario-talent-and-job-de-la-ull-y-la-fundacion-cajacanarias\/\"]}]},{\"@type\":\"BreadcrumbList\",\"@id\":\"https:\/\/www.ull.es\/portal\/noticias\/2025\/llega-la-feria-virtual-de-empleo-universitario-talent-and-job-de-la-ull-y-la-fundacion-cajacanarias\/#breadcrumb\",\"itemListElement\":[{\"@type\":\"ListItem\",\"position\":1,\"name\":\"Portada\",\"item\":\"https:\/\/www.ull.es\/portal\/noticias\/\"},{\"@type\":\"ListItem\",\"position\":2,\"name\":\"Llega la Feria Virtual de Empleo Universitario &#8216;Talent and Job&#8217; de la ULL y la Fundaci\u00f3n CajaCanarias\"}]},{\"@type\":\"WebSite\",\"@id\":\"https:\/\/www.ull.es\/portal\/noticias\/#website\",\"url\":\"https:\/\/www.ull.es\/portal\/noticias\/\",\"name\":\"ULL - Noticias\",\"description\":\"\",\"potentialAction\":[{\"@type\":\"SearchAction\",\"target\":{\"@type\":\"EntryPoint\",\"urlTemplate\":\"https:\/\/www.ull.es\/portal\/noticias\/?s={search_term_string}\"},\"query-input\":\"required name=search_term_string\"}],\"inLanguage\":\"es\"},{\"@type\":\"Person\",\"@id\":\"https:\/\/www.ull.es\/portal\/noticias\/#\/schema\/person\/b2b1a89d43ffa609e591f7df8ef3e817\",\"name\":\"gaprsa\",\"image\":{\"@type\":\"ImageObject\",\"inLanguage\":\"es\",\"@id\":\"https:\/\/www.ull.es\/portal\/noticias\/#\/schema\/person\/image\/\",\"url\":\"https:\/\/secure.gravatar.com\/avatar\/443820550921091458b4823867723b3d?s=96&d=mm&r=g\",\"contentUrl\":\"https:\/\/secure.gravatar.com\/avatar\/443820550921091458b4823867723b3d?s=96&d=mm&r=g\",\"caption\":\"gaprsa\"},\"url\":\"https:\/\/www.ull.es\/portal\/noticias\/author\/gaprsa\/\"}]}<\/script>\n<!-- \/ Yoast SEO plugin. -->","yoast_head_json":{"title":"Llega la Feria Virtual de Empleo Universitario 'Talent and Job' de la ULL y la Fundaci\u00f3n CajaCanarias - ULL - Noticias","robots":{"index":"index","follow":"follow","max-snippet":"max-snippet:-1","max-image-preview":"max-image-preview:large","max-video-preview":"max-video-preview:-1"},"canonical":"https:\/\/www.ull.es\/portal\/noticias\/2025\/llega-la-feria-virtual-de-empleo-universitario-talent-and-job-de-la-ull-y-la-fundacion-cajacanarias\/","og_locale":"es_ES","og_type":"article","og_title":"Llega la Feria Virtual de Empleo Universitario 'Talent and Job' de la ULL y la Fundaci\u00f3n CajaCanarias - ULL - Noticias","og_description":"La Universidad de La Laguna y la Fundaci\u00f3n CajaCanarias unen sus esfuerzos para organizar la cuarta edici\u00f3n de la Feria...","og_url":"https:\/\/www.ull.es\/portal\/noticias\/2025\/llega-la-feria-virtual-de-empleo-universitario-talent-and-job-de-la-ull-y-la-fundacion-cajacanarias\/","og_site_name":"ULL - Noticias","article_publisher":"https:\/\/www.facebook.com\/universidaddelalaguna\/","article_published_time":"2025-10-14T08:50:21+00:00","article_modified_time":"2025-10-14T08:50:58+00:00","og_image":[{"width":1400,"height":700,"url":"https:\/\/www.ull.es\/portal\/noticias\/wp-content\/uploads\/sites\/13\/2025\/10\/Talent-and-Job.png","type":"image\/png"}],"author":"gaprsa","twitter_card":"summary_large_image","twitter_creator":"@CanalULL","twitter_site":"@CanalULL","twitter_misc":{"Escrito por":"gaprsa","Tiempo de lectura":"3 minutos"},"schema":{"@context":"https:\/\/schema.org","@graph":[{"@type":"WebPage","@id":"https:\/\/www.ull.es\/portal\/noticias\/2025\/llega-la-feria-virtual-de-empleo-universitario-talent-and-job-de-la-ull-y-la-fundacion-cajacanarias\/","url":"https:\/\/www.ull.es\/portal\/noticias\/2025\/llega-la-feria-virtual-de-empleo-universitario-talent-and-job-de-la-ull-y-la-fundacion-cajacanarias\/","name":"Llega la Feria Virtual de Empleo Universitario 'Talent and Job' de la ULL y la Fundaci\u00f3n CajaCanarias - ULL - Noticias","isPartOf":{"@id":"https:\/\/www.ull.es\/portal\/noticias\/#website"},"datePublished":"2025-10-14T08:50:21+00:00","dateModified":"2025-10-14T08:50:58+00:00","author":{"@id":"https:\/\/www.ull.es\/portal\/noticias\/#\/schema\/person\/b2b1a89d43ffa609e591f7df8ef3e817"},"breadcrumb":{"@id":"https:\/\/www.ull.es\/portal\/noticias\/2025\/llega-la-feria-virtual-de-empleo-universitario-talent-and-job-de-la-ull-y-la-fundacion-cajacanarias\/#breadcrumb"},"inLanguage":"es","potentialAction":[{"@type":"ReadAction","target":["https:\/\/www.ull.es\/portal\/noticias\/2025\/llega-la-feria-virtual-de-empleo-universitario-talent-and-job-de-la-ull-y-la-fundacion-cajacanarias\/"]}]},{"@type":"BreadcrumbList","@id":"https:\/\/www.ull.es\/portal\/noticias\/2025\/llega-la-feria-virtual-de-empleo-universitario-talent-and-job-de-la-ull-y-la-fundacion-cajacanarias\/#breadcrumb","itemListElement":[{"@type":"ListItem","position":1,"name":"Portada","item":"https:\/\/www.ull.es\/portal\/noticias\/"},{"@type":"ListItem","position":2,"name":"Llega la Feria Virtual de Empleo Universitario &#8216;Talent and Job&#8217; de la ULL y la Fundaci\u00f3n CajaCanarias"}]},{"@type":"WebSite","@id":"https:\/\/www.ull.es\/portal\/noticias\/#website","url":"https:\/\/www.ull.es\/portal\/noticias\/","name":"ULL - Noticias","description":"","potentialAction":[{"@type":"SearchAction","target":{"@type":"EntryPoint","urlTemplate":"https:\/\/www.ull.es\/portal\/noticias\/?s={search_term_string}"},"query-input":"required name=search_term_string"}],"inLanguage":"es"},{"@type":"Person","@id":"https:\/\/www.ull.es\/portal\/noticias\/#\/schema\/person\/b2b1a89d43ffa609e591f7df8ef3e817","name":"gaprsa","image":{"@type":"ImageObject","inLanguage":"es","@id":"https:\/\/www.ull.es\/portal\/noticias\/#\/schema\/person\/image\/","url":"https:\/\/secure.gravatar.com\/avatar\/443820550921091458b4823867723b3d?s=96&d=mm&r=g","contentUrl":"https:\/\/secure.gravatar.com\/avatar\/443820550921091458b4823867723b3d?s=96&d=mm&r=g","caption":"gaprsa"},"url":"https:\/\/www.ull.es\/portal\/noticias\/author\/gaprsa\/"}]}},"primary_category":{"id":345,"name":"Destacado","slug":"destacado","link":"https:\/\/www.ull.es\/portal\/noticias\/category\/destacado\/"},"featured_image_thumbnail_url":"https:\/\/www.ull.es\/portal\/noticias\/wp-content\/uploads\/sites\/13\/2025\/10\/Talent-and-Job-300x150.png","_links":{"self":[{"href":"https:\/\/www.ull.es\/portal\/noticias\/wp-json\/wp\/v2\/posts\/84850"}],"collection":[{"href":"https:\/\/www.ull.es\/portal\/noticias\/wp-json\/wp\/v2\/posts"}],"about":[{"href":"https:\/\/www.ull.es\/portal\/noticias\/wp-json\/wp\/v2\/types\/post"}],"author":[{"embeddable":true,"href":"https:\/\/www.ull.es\/portal\/noticias\/wp-json\/wp\/v2\/users\/23"}],"replies":[{"embeddable":true,"href":"https:\/\/www.ull.es\/portal\/noticias\/wp-json\/wp\/v2\/comments?post=84850"}],"version-history":[{"count":1,"href":"https:\/\/www.ull.es\/portal\/noticias\/wp-json\/wp\/v2\/posts\/84850\/revisions"}],"predecessor-version":[{"id":84852,"href":"https:\/\/www.ull.es\/portal\/noticias\/wp-json\/wp\/v2\/posts\/84850\/revisions\/84852"}],"wp:featuredmedia":[{"embeddable":true,"href":"https:\/\/www.ull.es\/portal\/noticias\/wp-json\/wp\/v2\/media\/84851"}],"wp:attachment":[{"href":"https:\/\/www.ull.es\/portal\/noticias\/wp-json\/wp\/v2\/media?parent=84850"}],"wp:term":[{"taxonomy":"category","embeddable":true,"href":"https:\/\/www.ull.es\/portal\/noticias\/wp-json\/wp\/v2\/categories?post=84850"},{"taxonomy":"post_tag","embeddable":true,"href":"https:\/\/www.ull.es\/portal\/noticias\/wp-json\/wp\/v2\/tags?post=84850"}],"curies":[{"name":"wp","href":"https:\/\/api.w.org\/{rel}","templated":true}]}}