{"id":84853,"date":"2025-10-14T09:21:24","date_gmt":"2025-10-14T09:21:24","guid":{"rendered":"https:\/\/www.ull.es\/portal\/noticias\/?p=84853"},"modified":"2025-10-14T09:21:24","modified_gmt":"2025-10-14T09:21:24","slug":"la-ull-renueva-sus-certificaciones-de-aenor-de-igualdad-de-genero-e-igualdad-retributiva","status":"publish","type":"post","link":"https:\/\/www.ull.es\/portal\/noticias\/2025\/la-ull-renueva-sus-certificaciones-de-aenor-de-igualdad-de-genero-e-igualdad-retributiva\/","title":{"rendered":"La ULL renueva sus certificaciones de AENOR de Igualdad de G\u00e9nero e Igualdad Retributiva"},"content":{"rendered":"<p>La Universidad de La Laguna acaba de renovar sus acreditaciones de Igualdad Retributiva e Igualdad de G\u00e9nero de la mano de <a href=\"https:\/\/www.aenor.com\/\" target=\"_blank\" rel=\"noopener\">AENOR<\/a>, certificando as\u00ed las pol\u00edticas igualitarias de la instituci\u00f3n acad\u00e9mica. Este centro docente se hizo con los dos sellos en 2020 y, de hecho, es adem\u00e1s pionera en el mundo acad\u00e9mico universitario de tales logros. En esta ocasi\u00f3n la certificaci\u00f3n se extender\u00e1 hasta 2027, en la que el sistema de gesti\u00f3n de igualdad de g\u00e9nero de del centro acad\u00e9mico se adaptar\u00e1 a la nueva versi\u00f3n de la Especificaci\u00f3n Privada AENOR EP 20101:2020 de Sistema de Gesti\u00f3n de Igualdad de G\u00e9nero seg\u00fan ISO 53800.<\/p>\n<div id=\"attachment_84856\" style=\"width: 310px\" class=\"wp-caption alignleft\"><a href=\"https:\/\/www.ull.es\/portal\/noticias\/wp-content\/uploads\/sites\/13\/2025\/10\/certificaciones-aenor-igualdad-equipo.jpg\" target=\"_blank\" rel=\"noopener\"><img aria-describedby=\"caption-attachment-84856\" decoding=\"async\" loading=\"lazy\" class=\"size-medium wp-image-84856\" src=\"https:\/\/www.ull.es\/portal\/noticias\/wp-content\/uploads\/sites\/13\/2025\/10\/certificaciones-aenor-igualdad-equipo-300x169.jpg\" alt=\"\" width=\"300\" height=\"169\" srcset=\"https:\/\/www.ull.es\/portal\/noticias\/wp-content\/uploads\/sites\/13\/2025\/10\/certificaciones-aenor-igualdad-equipo-300x169.jpg 300w, https:\/\/www.ull.es\/portal\/noticias\/wp-content\/uploads\/sites\/13\/2025\/10\/certificaciones-aenor-igualdad-equipo-1024x575.jpg 1024w, https:\/\/www.ull.es\/portal\/noticias\/wp-content\/uploads\/sites\/13\/2025\/10\/certificaciones-aenor-igualdad-equipo-768x431.jpg 768w, https:\/\/www.ull.es\/portal\/noticias\/wp-content\/uploads\/sites\/13\/2025\/10\/certificaciones-aenor-igualdad-equipo-375x211.jpg 375w, https:\/\/www.ull.es\/portal\/noticias\/wp-content\/uploads\/sites\/13\/2025\/10\/certificaciones-aenor-igualdad-equipo-750x421.jpg 750w, https:\/\/www.ull.es\/portal\/noticias\/wp-content\/uploads\/sites\/13\/2025\/10\/certificaciones-aenor-igualdad-equipo-1140x640.jpg 1140w, https:\/\/www.ull.es\/portal\/noticias\/wp-content\/uploads\/sites\/13\/2025\/10\/certificaciones-aenor-igualdad-equipo.jpg 1200w\" sizes=\"(max-width: 300px) 100vw, 300px\" \/><\/a><p id=\"caption-attachment-84856\" class=\"wp-caption-text\">Equipo completo de la Unidad de Igualdad y t\u00e9cnica de la Fundaci\u00f3n General, a la derecha, junto a los ya citados.<\/p><\/div>\n<p>El proceso ha sido liderado por la <a href=\"https:\/\/www.ull.es\/servicios\/igualdad\/\" target=\"_blank\" rel=\"noopener\">Unidad de Igualdad de G\u00e9nero<\/a>, con apoyo de la Fundaci\u00f3n General. La implantaci\u00f3n del SGIG de la Universidad de La Laguna en el marco de sendas certificaciones ha servido tambi\u00e9n para ponerse al d\u00eda con el II Plan de Igualdad de G\u00e9nero que la propia instituci\u00f3n mantiene en vigor.<\/p>\n<p>Javier Lantigua, director de AENOR en Canarias, destac\u00f3 el compromiso del centro acad\u00e9mico al apostar por la renovaci\u00f3n de sus sellos, lo que demuestra la perseverancia de la instituci\u00f3n en sus valores y \u201csu aterrizaje en la gesti\u00f3n\u201d, en el sentido de que no solo se trata de un compromiso te\u00f3rico, sino que est\u00e1 imbricado en los procesos y procedimientos de esta universidad.<\/p>\n<p>Como ya se hizo en 2020, se ha actualizado un extenso diagn\u00f3stico de la instituci\u00f3n, en el que se ha analizado la selecci\u00f3n y contrataci\u00f3n de personal, la clasificaci\u00f3n profesional, la formaci\u00f3n, la promoci\u00f3n profesional, las condiciones de trabajo, la conciliaci\u00f3n, el sistema retributivo incluyendo auditor\u00eda salarial, la infrarrepresentaci\u00f3n femenina y la prevenci\u00f3n del acoso sexual y por raz\u00f3n de sexo.<\/p>\n<p>El sistema de gesti\u00f3n de igualdad de g\u00e9nero facilita la mayor preparaci\u00f3n de la universidad ante la gesti\u00f3n de los procesos de personas, as\u00ed como las auditor\u00edas retributivas Tambi\u00e9n sirve para que el propio centro universitario disponga de un reporte interno independiente para toda la comunidad educativa y ante otros p\u00fablicos de inter\u00e9s. Adem\u00e1s de contar con otros reportes acerca de posibles reclamaciones por\u00a0discriminaci\u00f3n, por ejemplo, salarial, y de ayudar a gestionar los riesgos reputacionales de la organizaci\u00f3n en esta materia.<\/p>\n<p>La consecuci\u00f3n de estos sellos implica un proceso de auditor\u00eda interna y externa, la detecci\u00f3n de puntos fuertes y d\u00e9biles y la correcci\u00f3n de estos \u00faltimos, adem\u00e1s de un periodo de<\/p>\n<div id=\"attachment_84854\" style=\"width: 310px\" class=\"wp-caption alignright\"><a href=\"https:\/\/www.ull.es\/portal\/noticias\/wp-content\/uploads\/sites\/13\/2025\/10\/certificaciones-aenor-igualdad-sellos.jpg\" target=\"_blank\" rel=\"noopener\"><img aria-describedby=\"caption-attachment-84854\" decoding=\"async\" loading=\"lazy\" class=\"size-medium wp-image-84854\" src=\"https:\/\/www.ull.es\/portal\/noticias\/wp-content\/uploads\/sites\/13\/2025\/10\/certificaciones-aenor-igualdad-sellos-300x200.jpg\" alt=\"\" width=\"300\" height=\"200\" srcset=\"https:\/\/www.ull.es\/portal\/noticias\/wp-content\/uploads\/sites\/13\/2025\/10\/certificaciones-aenor-igualdad-sellos-300x200.jpg 300w, https:\/\/www.ull.es\/portal\/noticias\/wp-content\/uploads\/sites\/13\/2025\/10\/certificaciones-aenor-igualdad-sellos-1024x683.jpg 1024w, https:\/\/www.ull.es\/portal\/noticias\/wp-content\/uploads\/sites\/13\/2025\/10\/certificaciones-aenor-igualdad-sellos-768x512.jpg 768w, https:\/\/www.ull.es\/portal\/noticias\/wp-content\/uploads\/sites\/13\/2025\/10\/certificaciones-aenor-igualdad-sellos-375x250.jpg 375w, https:\/\/www.ull.es\/portal\/noticias\/wp-content\/uploads\/sites\/13\/2025\/10\/certificaciones-aenor-igualdad-sellos-750x500.jpg 750w, https:\/\/www.ull.es\/portal\/noticias\/wp-content\/uploads\/sites\/13\/2025\/10\/certificaciones-aenor-igualdad-sellos-1140x760.jpg 1140w, https:\/\/www.ull.es\/portal\/noticias\/wp-content\/uploads\/sites\/13\/2025\/10\/certificaciones-aenor-igualdad-sellos.jpg 1200w\" sizes=\"(max-width: 300px) 100vw, 300px\" \/><\/a><p id=\"caption-attachment-84854\" class=\"wp-caption-text\">Imagen de los sellos de calidad conseguidos por la ULL.<\/p><\/div>\n<p>acompa\u00f1amiento en la mejora y de supervisi\u00f3n posterior.<\/p>\n<p>Para el rector de la instituci\u00f3n acad\u00e9mica, la igualdad forma parte de los genes de cualquier instituci\u00f3n p\u00fablica. \u201cLa acreditaci\u00f3n se\u00f1ala que vamos por el buen camino, pero en ning\u00fan modo es un punto de llegada, sino una estaci\u00f3n de paso, porque la mejora es siempre continua\u201d, consider\u00f3. Tambi\u00e9n crey\u00f3 muy pertinente la mirada externa que ejerce la auditor\u00eda, en la idea de que observa de forma neutral los procesos y detecta las carencias y las virtudes de la organizaci\u00f3n universitaria.<\/p>\n<p>&nbsp;<\/p>\n","protected":false},"excerpt":{"rendered":"<p>La Universidad de La Laguna acaba de renovar sus acreditaciones de Igualdad Retributiva e Igualdad de G\u00e9nero de la mano&#8230;<\/p>\n","protected":false},"author":23,"featured_media":84855,"comment_status":"closed","ping_status":"closed","sticky":false,"template":"","format":"standard","meta":{"inline_featured_image":false,"footnotes":""},"categories":[345,348,2765],"tags":[],"acf":[],"yoast_head":"<!-- This site is optimized with the Yoast SEO plugin v21.3 - https:\/\/yoast.com\/wordpress\/plugins\/seo\/ -->\n<title>La ULL renueva sus certificaciones de AENOR de Igualdad de G\u00e9nero e Igualdad Retributiva - ULL - Noticias<\/title>\n<meta name=\"robots\" content=\"index, follow, max-snippet:-1, max-image-preview:large, max-video-preview:-1\" \/>\n<link rel=\"canonical\" href=\"https:\/\/www.ull.es\/portal\/noticias\/2025\/la-ull-renueva-sus-certificaciones-de-aenor-de-igualdad-de-genero-e-igualdad-retributiva\/\" \/>\n<meta property=\"og:locale\" content=\"es_ES\" \/>\n<meta property=\"og:type\" content=\"article\" \/>\n<meta property=\"og:title\" content=\"La ULL renueva sus certificaciones de AENOR de Igualdad de G\u00e9nero e Igualdad Retributiva - ULL - Noticias\" \/>\n<meta property=\"og:description\" content=\"La Universidad de La Laguna acaba de renovar sus acreditaciones de Igualdad Retributiva e Igualdad de G\u00e9nero de la mano...\" \/>\n<meta property=\"og:url\" content=\"https:\/\/www.ull.es\/portal\/noticias\/2025\/la-ull-renueva-sus-certificaciones-de-aenor-de-igualdad-de-genero-e-igualdad-retributiva\/\" \/>\n<meta property=\"og:site_name\" content=\"ULL - Noticias\" \/>\n<meta property=\"article:publisher\" content=\"https:\/\/www.facebook.com\/universidaddelalaguna\/\" \/>\n<meta property=\"article:published_time\" content=\"2025-10-14T09:21:24+00:00\" \/>\n<meta property=\"og:image\" content=\"https:\/\/www.ull.es\/portal\/noticias\/wp-content\/uploads\/sites\/13\/2025\/10\/certificaciones-aenor-igualdad-principal.jpg\" \/>\n\t<meta property=\"og:image:width\" content=\"1200\" \/>\n\t<meta property=\"og:image:height\" content=\"800\" \/>\n\t<meta property=\"og:image:type\" content=\"image\/jpeg\" \/>\n<meta name=\"author\" content=\"gaprsa\" \/>\n<meta name=\"twitter:card\" content=\"summary_large_image\" \/>\n<meta name=\"twitter:creator\" content=\"@CanalULL\" \/>\n<meta name=\"twitter:site\" content=\"@CanalULL\" \/>\n<meta name=\"twitter:label1\" content=\"Escrito por\" \/>\n\t<meta name=\"twitter:data1\" content=\"gaprsa\" \/>\n\t<meta name=\"twitter:label2\" content=\"Tiempo de lectura\" \/>\n\t<meta name=\"twitter:data2\" content=\"3 minutos\" \/>\n<script type=\"application\/ld+json\" class=\"yoast-schema-graph\">{\"@context\":\"https:\/\/schema.org\",\"@graph\":[{\"@type\":\"WebPage\",\"@id\":\"https:\/\/www.ull.es\/portal\/noticias\/2025\/la-ull-renueva-sus-certificaciones-de-aenor-de-igualdad-de-genero-e-igualdad-retributiva\/\",\"url\":\"https:\/\/www.ull.es\/portal\/noticias\/2025\/la-ull-renueva-sus-certificaciones-de-aenor-de-igualdad-de-genero-e-igualdad-retributiva\/\",\"name\":\"La ULL renueva sus certificaciones de AENOR de Igualdad de G\u00e9nero e Igualdad Retributiva - ULL - Noticias\",\"isPartOf\":{\"@id\":\"https:\/\/www.ull.es\/portal\/noticias\/#website\"},\"datePublished\":\"2025-10-14T09:21:24+00:00\",\"dateModified\":\"2025-10-14T09:21:24+00:00\",\"author\":{\"@id\":\"https:\/\/www.ull.es\/portal\/noticias\/#\/schema\/person\/b2b1a89d43ffa609e591f7df8ef3e817\"},\"breadcrumb\":{\"@id\":\"https:\/\/www.ull.es\/portal\/noticias\/2025\/la-ull-renueva-sus-certificaciones-de-aenor-de-igualdad-de-genero-e-igualdad-retributiva\/#breadcrumb\"},\"inLanguage\":\"es\",\"potentialAction\":[{\"@type\":\"ReadAction\",\"target\":[\"https:\/\/www.ull.es\/portal\/noticias\/2025\/la-ull-renueva-sus-certificaciones-de-aenor-de-igualdad-de-genero-e-igualdad-retributiva\/\"]}]},{\"@type\":\"BreadcrumbList\",\"@id\":\"https:\/\/www.ull.es\/portal\/noticias\/2025\/la-ull-renueva-sus-certificaciones-de-aenor-de-igualdad-de-genero-e-igualdad-retributiva\/#breadcrumb\",\"itemListElement\":[{\"@type\":\"ListItem\",\"position\":1,\"name\":\"Portada\",\"item\":\"https:\/\/www.ull.es\/portal\/noticias\/\"},{\"@type\":\"ListItem\",\"position\":2,\"name\":\"La ULL renueva sus certificaciones de AENOR de Igualdad de G\u00e9nero e Igualdad Retributiva\"}]},{\"@type\":\"WebSite\",\"@id\":\"https:\/\/www.ull.es\/portal\/noticias\/#website\",\"url\":\"https:\/\/www.ull.es\/portal\/noticias\/\",\"name\":\"ULL - Noticias\",\"description\":\"\",\"potentialAction\":[{\"@type\":\"SearchAction\",\"target\":{\"@type\":\"EntryPoint\",\"urlTemplate\":\"https:\/\/www.ull.es\/portal\/noticias\/?s={search_term_string}\"},\"query-input\":\"required name=search_term_string\"}],\"inLanguage\":\"es\"},{\"@type\":\"Person\",\"@id\":\"https:\/\/www.ull.es\/portal\/noticias\/#\/schema\/person\/b2b1a89d43ffa609e591f7df8ef3e817\",\"name\":\"gaprsa\",\"image\":{\"@type\":\"ImageObject\",\"inLanguage\":\"es\",\"@id\":\"https:\/\/www.ull.es\/portal\/noticias\/#\/schema\/person\/image\/\",\"url\":\"https:\/\/secure.gravatar.com\/avatar\/443820550921091458b4823867723b3d?s=96&d=mm&r=g\",\"contentUrl\":\"https:\/\/secure.gravatar.com\/avatar\/443820550921091458b4823867723b3d?s=96&d=mm&r=g\",\"caption\":\"gaprsa\"},\"url\":\"https:\/\/www.ull.es\/portal\/noticias\/author\/gaprsa\/\"}]}<\/script>\n<!-- \/ Yoast SEO plugin. -->","yoast_head_json":{"title":"La ULL renueva sus certificaciones de AENOR de Igualdad de G\u00e9nero e Igualdad Retributiva - ULL - Noticias","robots":{"index":"index","follow":"follow","max-snippet":"max-snippet:-1","max-image-preview":"max-image-preview:large","max-video-preview":"max-video-preview:-1"},"canonical":"https:\/\/www.ull.es\/portal\/noticias\/2025\/la-ull-renueva-sus-certificaciones-de-aenor-de-igualdad-de-genero-e-igualdad-retributiva\/","og_locale":"es_ES","og_type":"article","og_title":"La ULL renueva sus certificaciones de AENOR de Igualdad de G\u00e9nero e Igualdad Retributiva - ULL - Noticias","og_description":"La Universidad de La Laguna acaba de renovar sus acreditaciones de Igualdad Retributiva e Igualdad de G\u00e9nero de la mano...","og_url":"https:\/\/www.ull.es\/portal\/noticias\/2025\/la-ull-renueva-sus-certificaciones-de-aenor-de-igualdad-de-genero-e-igualdad-retributiva\/","og_site_name":"ULL - Noticias","article_publisher":"https:\/\/www.facebook.com\/universidaddelalaguna\/","article_published_time":"2025-10-14T09:21:24+00:00","og_image":[{"width":1200,"height":800,"url":"https:\/\/www.ull.es\/portal\/noticias\/wp-content\/uploads\/sites\/13\/2025\/10\/certificaciones-aenor-igualdad-principal.jpg","type":"image\/jpeg"}],"author":"gaprsa","twitter_card":"summary_large_image","twitter_creator":"@CanalULL","twitter_site":"@CanalULL","twitter_misc":{"Escrito por":"gaprsa","Tiempo de lectura":"3 minutos"},"schema":{"@context":"https:\/\/schema.org","@graph":[{"@type":"WebPage","@id":"https:\/\/www.ull.es\/portal\/noticias\/2025\/la-ull-renueva-sus-certificaciones-de-aenor-de-igualdad-de-genero-e-igualdad-retributiva\/","url":"https:\/\/www.ull.es\/portal\/noticias\/2025\/la-ull-renueva-sus-certificaciones-de-aenor-de-igualdad-de-genero-e-igualdad-retributiva\/","name":"La ULL renueva sus certificaciones de AENOR de Igualdad de G\u00e9nero e Igualdad Retributiva - ULL - Noticias","isPartOf":{"@id":"https:\/\/www.ull.es\/portal\/noticias\/#website"},"datePublished":"2025-10-14T09:21:24+00:00","dateModified":"2025-10-14T09:21:24+00:00","author":{"@id":"https:\/\/www.ull.es\/portal\/noticias\/#\/schema\/person\/b2b1a89d43ffa609e591f7df8ef3e817"},"breadcrumb":{"@id":"https:\/\/www.ull.es\/portal\/noticias\/2025\/la-ull-renueva-sus-certificaciones-de-aenor-de-igualdad-de-genero-e-igualdad-retributiva\/#breadcrumb"},"inLanguage":"es","potentialAction":[{"@type":"ReadAction","target":["https:\/\/www.ull.es\/portal\/noticias\/2025\/la-ull-renueva-sus-certificaciones-de-aenor-de-igualdad-de-genero-e-igualdad-retributiva\/"]}]},{"@type":"BreadcrumbList","@id":"https:\/\/www.ull.es\/portal\/noticias\/2025\/la-ull-renueva-sus-certificaciones-de-aenor-de-igualdad-de-genero-e-igualdad-retributiva\/#breadcrumb","itemListElement":[{"@type":"ListItem","position":1,"name":"Portada","item":"https:\/\/www.ull.es\/portal\/noticias\/"},{"@type":"ListItem","position":2,"name":"La ULL renueva sus certificaciones de AENOR de Igualdad de G\u00e9nero e Igualdad Retributiva"}]},{"@type":"WebSite","@id":"https:\/\/www.ull.es\/portal\/noticias\/#website","url":"https:\/\/www.ull.es\/portal\/noticias\/","name":"ULL - Noticias","description":"","potentialAction":[{"@type":"SearchAction","target":{"@type":"EntryPoint","urlTemplate":"https:\/\/www.ull.es\/portal\/noticias\/?s={search_term_string}"},"query-input":"required name=search_term_string"}],"inLanguage":"es"},{"@type":"Person","@id":"https:\/\/www.ull.es\/portal\/noticias\/#\/schema\/person\/b2b1a89d43ffa609e591f7df8ef3e817","name":"gaprsa","image":{"@type":"ImageObject","inLanguage":"es","@id":"https:\/\/www.ull.es\/portal\/noticias\/#\/schema\/person\/image\/","url":"https:\/\/secure.gravatar.com\/avatar\/443820550921091458b4823867723b3d?s=96&d=mm&r=g","contentUrl":"https:\/\/secure.gravatar.com\/avatar\/443820550921091458b4823867723b3d?s=96&d=mm&r=g","caption":"gaprsa"},"url":"https:\/\/www.ull.es\/portal\/noticias\/author\/gaprsa\/"}]}},"primary_category":{"id":345,"name":"Destacado","slug":"destacado","link":"https:\/\/www.ull.es\/portal\/noticias\/category\/destacado\/"},"featured_image_thumbnail_url":"https:\/\/www.ull.es\/portal\/noticias\/wp-content\/uploads\/sites\/13\/2025\/10\/certificaciones-aenor-igualdad-principal-300x200.jpg","_links":{"self":[{"href":"https:\/\/www.ull.es\/portal\/noticias\/wp-json\/wp\/v2\/posts\/84853"}],"collection":[{"href":"https:\/\/www.ull.es\/portal\/noticias\/wp-json\/wp\/v2\/posts"}],"about":[{"href":"https:\/\/www.ull.es\/portal\/noticias\/wp-json\/wp\/v2\/types\/post"}],"author":[{"embeddable":true,"href":"https:\/\/www.ull.es\/portal\/noticias\/wp-json\/wp\/v2\/users\/23"}],"replies":[{"embeddable":true,"href":"https:\/\/www.ull.es\/portal\/noticias\/wp-json\/wp\/v2\/comments?post=84853"}],"version-history":[{"count":1,"href":"https:\/\/www.ull.es\/portal\/noticias\/wp-json\/wp\/v2\/posts\/84853\/revisions"}],"predecessor-version":[{"id":84857,"href":"https:\/\/www.ull.es\/portal\/noticias\/wp-json\/wp\/v2\/posts\/84853\/revisions\/84857"}],"wp:featuredmedia":[{"embeddable":true,"href":"https:\/\/www.ull.es\/portal\/noticias\/wp-json\/wp\/v2\/media\/84855"}],"wp:attachment":[{"href":"https:\/\/www.ull.es\/portal\/noticias\/wp-json\/wp\/v2\/media?parent=84853"}],"wp:term":[{"taxonomy":"category","embeddable":true,"href":"https:\/\/www.ull.es\/portal\/noticias\/wp-json\/wp\/v2\/categories?post=84853"},{"taxonomy":"post_tag","embeddable":true,"href":"https:\/\/www.ull.es\/portal\/noticias\/wp-json\/wp\/v2\/tags?post=84853"}],"curies":[{"name":"wp","href":"https:\/\/api.w.org\/{rel}","templated":true}]}}