{"id":85076,"date":"2025-10-23T10:22:13","date_gmt":"2025-10-23T10:22:13","guid":{"rendered":"https:\/\/www.ull.es\/portal\/noticias\/?p=85076"},"modified":"2025-10-23T10:22:13","modified_gmt":"2025-10-23T10:22:13","slug":"la-ull-y-la-escuela-de-musica-de-la-laguna-ponen-en-marcha-el-proyecto-didactico-la-luz-de-aguere","status":"publish","type":"post","link":"https:\/\/www.ull.es\/portal\/noticias\/2025\/la-ull-y-la-escuela-de-musica-de-la-laguna-ponen-en-marcha-el-proyecto-didactico-la-luz-de-aguere\/","title":{"rendered":"La ULL y la Escuela de M\u00fasica de La Laguna ponen en marcha el proyecto did\u00e1ctico \u2018La Luz de Aguere\u2019"},"content":{"rendered":"<p>La Universidad de La Laguna y la Escuela Municipal de M\u00fasica Guillermo Gonz\u00e1lez, dependiente del Organismo Aut\u00f3nomo de Actividades Musicales del Ayuntamiento de San Crist\u00f3bal de La Laguna, han firmado un convenio espec\u00edfico de colaboraci\u00f3n para impulsar el desarrollo del proyecto titulado \u201cLa Luz de Aguere\u201d, una propuesta did\u00e1ctica basada en un cuento infantil ilustrado de car\u00e1cter in\u00e9dito, concebido para la comunidad educativa del municipio.<\/p>\n<p>El acuerdo, rubricado entre el rector de la Universidad de La Laguna, Francisco Garc\u00eda, y el director de la escuela municipal, David Ramos, establece un marco de cooperaci\u00f3n t\u00e9cnica y acad\u00e9mica para la creaci\u00f3n y aplicaci\u00f3n del material did\u00e1ctico, as\u00ed como el an\u00e1lisis de su impacto educativo en el alumnado del segundo ciclo de Educaci\u00f3n Primaria.<\/p>\n<p>\u2018La Luz de Aguere\u2019 es mucho m\u00e1s que un cuento: se trata de un proyecto did\u00e1ctico innovador que combina el relato literario con contenidos patrimoniales, sociales, hist\u00f3ricos y astron\u00f3micos vinculados a la ciudad de La Laguna y su entorno en el siglo XVI. La historia, creada en el seno de la propia Escuela Municipal de M\u00fasica por Bilma D\u00edaz Rodr\u00edguez, con asesoramiento hist\u00f3rico del profesor de la ULL, Jos\u00e9 Farrujia de la Rosa, ofrece un enfoque transversal e interdisciplinar, con especial atenci\u00f3n a la cultura guanche y al rico legado lagunero.<\/p>\n<p>El cuento fue estrenado como espect\u00e1culo m\u00fasico-teatral en el Teatro Leal en junio de 2023, y en el curso 2025\/26 dar\u00e1 el salto al aula como recurso did\u00e1ctico, gracias al respaldo institucional de la Concejal\u00eda de Educaci\u00f3n del Ayuntamiento de La Laguna y la participaci\u00f3n investigadora de la Facultad de Educaci\u00f3n, a trav\u00e9s de profesorado de las \u00e1reas de Did\u00e1ctica de las Ciencias Sociales y Expresi\u00f3n Musical, del Departamento de Did\u00e1cticas Espec\u00edficas.<\/p>\n<p><strong>Finalidades <\/strong><\/p>\n<p>El convenio regula las bases de colaboraci\u00f3n entre ambas entidades y detalla la estructura operativa para mejorar los recursos did\u00e1cticos que se pondr\u00e1n a disposici\u00f3n de los docentes de Primaria, as\u00ed como para convertir el cuento infantil en una herramienta did\u00e1ctica con programaci\u00f3n adaptada a los centros educativos del municipio.<\/p>\n<p>El proyecto se desarrollar\u00e1 durante este curso acad\u00e9mico y constar\u00e1 de ocho sesiones, seis de ellas desarrolladas en el aula con el acompa\u00f1amiento del material proporcionado. La s\u00e9ptima sesi\u00f3n consistir\u00e1 en la asistencia del alumnado a un concierto did\u00e1ctico en el Teatro Leal, el 21 de mayo de 2026, ofrecido por la propia Escuela Municipal de M\u00fasica. Por \u00faltimo, el alumnado elaborar\u00e1 un producto final creativo, que podr\u00e1 ser un v\u00eddeo, grabaci\u00f3n musical, mural o programa de radio. Adem\u00e1s, se prev\u00e9 la selecci\u00f3n de los trabajos m\u00e1s destacados entre los centros participantes, que ser\u00e1n objeto de reconocimiento.<\/p>\n<p>El desarrollo t\u00e9cnico del proyecto estar\u00e1 liderado por un equipo mixto de la ULL y la Escuela Municipal de M\u00fasica. Por parte de la Universidad de La Laguna participan Jos\u00e9 Farrujia de la Rosa, profesor del \u00c1rea de Did\u00e1ctica de las Ciencias Sociales, y Pilar Gil Fr\u00edas, profesora del \u00c1rea de Did\u00e1ctica de la Expresi\u00f3n Musical. Por parte de la Escuela Municipal de M\u00fasica intervienen David Ramos, director del centro y profesor de piano, Sandra Rodr\u00edguez, jefa de estudios y profesora de flauta y Bilma D\u00edaz, docente de Piano y autora del cuento \u2018La Luz de Aguere\u2019.<\/p>\n<p>La colaboraci\u00f3n con la Universidad de La Laguna no solo garantiza la calidad did\u00e1ctica del material, sino que abre nuevas posibilidades para la investigaci\u00f3n en did\u00e1ctica de las Ciencias Sociales y la M\u00fasica, facilitando la publicaci\u00f3n de resultados en congresos y revistas cient\u00edficas. Adem\u00e1s, los datos generados se compartir\u00e1n con fines de investigaci\u00f3n, garantizando la protecci\u00f3n de la propiedad intelectual de ambas partes.<\/p>\n<p>Este acuerdo refuerza el papel de La Laguna como ciudad comprometida con la educaci\u00f3n, la m\u00fasica y la divulgaci\u00f3n de su patrimonio, y consolida una alianza entre el \u00e1mbito universitario y la ense\u00f1anza art\u00edstica municipal, con el prop\u00f3sito de enriquecer la formaci\u00f3n del alumnado desde una mirada cercana, creativa y con identidad propia.<\/p>\n<p>\u2018La Luz de Aguere\u2019 es un ejemplo inspirador de c\u00f3mo la cultura local puede convertirse en una herramienta educativa viva, capaz de conectar generaciones y sembrar conciencia sobre el entorno, la historia y las ra\u00edces que conforman la comunidad, apuntan los docentes de la Universidad de La Laguna.<\/p>\n","protected":false},"excerpt":{"rendered":"<p>La Universidad de La Laguna y la Escuela Municipal de M\u00fasica Guillermo Gonz\u00e1lez, dependiente del Organismo Aut\u00f3nomo de Actividades Musicales&#8230;<\/p>\n","protected":false},"author":23,"featured_media":85077,"comment_status":"closed","ping_status":"closed","sticky":false,"template":"","format":"standard","meta":{"inline_featured_image":false,"footnotes":""},"categories":[345,346,3725,2765],"tags":[],"acf":[],"yoast_head":"<!-- This site is optimized with the Yoast SEO plugin v21.3 - https:\/\/yoast.com\/wordpress\/plugins\/seo\/ -->\n<title>La ULL y la Escuela de M\u00fasica de La Laguna ponen en marcha el proyecto did\u00e1ctico \u2018La Luz de Aguere\u2019 - ULL - Noticias<\/title>\n<meta name=\"robots\" content=\"index, follow, max-snippet:-1, max-image-preview:large, max-video-preview:-1\" \/>\n<link rel=\"canonical\" href=\"https:\/\/www.ull.es\/portal\/noticias\/2025\/la-ull-y-la-escuela-de-musica-de-la-laguna-ponen-en-marcha-el-proyecto-didactico-la-luz-de-aguere\/\" \/>\n<meta property=\"og:locale\" content=\"es_ES\" \/>\n<meta property=\"og:type\" content=\"article\" \/>\n<meta property=\"og:title\" content=\"La ULL y la Escuela de M\u00fasica de La Laguna ponen en marcha el proyecto did\u00e1ctico \u2018La Luz de Aguere\u2019 - ULL - Noticias\" \/>\n<meta property=\"og:description\" content=\"La Universidad de La Laguna y la Escuela Municipal de M\u00fasica Guillermo Gonz\u00e1lez, dependiente del Organismo Aut\u00f3nomo de Actividades Musicales...\" \/>\n<meta property=\"og:url\" content=\"https:\/\/www.ull.es\/portal\/noticias\/2025\/la-ull-y-la-escuela-de-musica-de-la-laguna-ponen-en-marcha-el-proyecto-didactico-la-luz-de-aguere\/\" \/>\n<meta property=\"og:site_name\" content=\"ULL - Noticias\" \/>\n<meta property=\"article:publisher\" content=\"https:\/\/www.facebook.com\/universidaddelalaguna\/\" \/>\n<meta property=\"article:published_time\" content=\"2025-10-23T10:22:13+00:00\" \/>\n<meta property=\"og:image\" content=\"https:\/\/www.ull.es\/portal\/noticias\/wp-content\/uploads\/sites\/13\/2025\/10\/luz-de-aguere-David-Ramos-i-Pilar-Gil-Bilma-Diaz-Jose-Farrujia-d-.jpg\" \/>\n\t<meta property=\"og:image:width\" content=\"1600\" \/>\n\t<meta property=\"og:image:height\" content=\"851\" \/>\n\t<meta property=\"og:image:type\" content=\"image\/jpeg\" \/>\n<meta name=\"author\" content=\"gaprsa\" \/>\n<meta name=\"twitter:card\" content=\"summary_large_image\" \/>\n<meta name=\"twitter:creator\" content=\"@CanalULL\" \/>\n<meta name=\"twitter:site\" content=\"@CanalULL\" \/>\n<meta name=\"twitter:label1\" content=\"Escrito por\" \/>\n\t<meta name=\"twitter:data1\" content=\"gaprsa\" \/>\n\t<meta name=\"twitter:label2\" content=\"Tiempo de lectura\" \/>\n\t<meta name=\"twitter:data2\" content=\"4 minutos\" \/>\n<script type=\"application\/ld+json\" class=\"yoast-schema-graph\">{\"@context\":\"https:\/\/schema.org\",\"@graph\":[{\"@type\":\"WebPage\",\"@id\":\"https:\/\/www.ull.es\/portal\/noticias\/2025\/la-ull-y-la-escuela-de-musica-de-la-laguna-ponen-en-marcha-el-proyecto-didactico-la-luz-de-aguere\/\",\"url\":\"https:\/\/www.ull.es\/portal\/noticias\/2025\/la-ull-y-la-escuela-de-musica-de-la-laguna-ponen-en-marcha-el-proyecto-didactico-la-luz-de-aguere\/\",\"name\":\"La ULL y la Escuela de M\u00fasica de La Laguna ponen en marcha el proyecto did\u00e1ctico \u2018La Luz de Aguere\u2019 - ULL - Noticias\",\"isPartOf\":{\"@id\":\"https:\/\/www.ull.es\/portal\/noticias\/#website\"},\"datePublished\":\"2025-10-23T10:22:13+00:00\",\"dateModified\":\"2025-10-23T10:22:13+00:00\",\"author\":{\"@id\":\"https:\/\/www.ull.es\/portal\/noticias\/#\/schema\/person\/b2b1a89d43ffa609e591f7df8ef3e817\"},\"breadcrumb\":{\"@id\":\"https:\/\/www.ull.es\/portal\/noticias\/2025\/la-ull-y-la-escuela-de-musica-de-la-laguna-ponen-en-marcha-el-proyecto-didactico-la-luz-de-aguere\/#breadcrumb\"},\"inLanguage\":\"es\",\"potentialAction\":[{\"@type\":\"ReadAction\",\"target\":[\"https:\/\/www.ull.es\/portal\/noticias\/2025\/la-ull-y-la-escuela-de-musica-de-la-laguna-ponen-en-marcha-el-proyecto-didactico-la-luz-de-aguere\/\"]}]},{\"@type\":\"BreadcrumbList\",\"@id\":\"https:\/\/www.ull.es\/portal\/noticias\/2025\/la-ull-y-la-escuela-de-musica-de-la-laguna-ponen-en-marcha-el-proyecto-didactico-la-luz-de-aguere\/#breadcrumb\",\"itemListElement\":[{\"@type\":\"ListItem\",\"position\":1,\"name\":\"Portada\",\"item\":\"https:\/\/www.ull.es\/portal\/noticias\/\"},{\"@type\":\"ListItem\",\"position\":2,\"name\":\"La ULL y la Escuela de M\u00fasica de La Laguna ponen en marcha el proyecto did\u00e1ctico \u2018La Luz de Aguere\u2019\"}]},{\"@type\":\"WebSite\",\"@id\":\"https:\/\/www.ull.es\/portal\/noticias\/#website\",\"url\":\"https:\/\/www.ull.es\/portal\/noticias\/\",\"name\":\"ULL - Noticias\",\"description\":\"\",\"potentialAction\":[{\"@type\":\"SearchAction\",\"target\":{\"@type\":\"EntryPoint\",\"urlTemplate\":\"https:\/\/www.ull.es\/portal\/noticias\/?s={search_term_string}\"},\"query-input\":\"required name=search_term_string\"}],\"inLanguage\":\"es\"},{\"@type\":\"Person\",\"@id\":\"https:\/\/www.ull.es\/portal\/noticias\/#\/schema\/person\/b2b1a89d43ffa609e591f7df8ef3e817\",\"name\":\"gaprsa\",\"image\":{\"@type\":\"ImageObject\",\"inLanguage\":\"es\",\"@id\":\"https:\/\/www.ull.es\/portal\/noticias\/#\/schema\/person\/image\/\",\"url\":\"https:\/\/secure.gravatar.com\/avatar\/443820550921091458b4823867723b3d?s=96&d=mm&r=g\",\"contentUrl\":\"https:\/\/secure.gravatar.com\/avatar\/443820550921091458b4823867723b3d?s=96&d=mm&r=g\",\"caption\":\"gaprsa\"},\"url\":\"https:\/\/www.ull.es\/portal\/noticias\/author\/gaprsa\/\"}]}<\/script>\n<!-- \/ Yoast SEO plugin. -->","yoast_head_json":{"title":"La ULL y la Escuela de M\u00fasica de La Laguna ponen en marcha el proyecto did\u00e1ctico \u2018La Luz de Aguere\u2019 - ULL - Noticias","robots":{"index":"index","follow":"follow","max-snippet":"max-snippet:-1","max-image-preview":"max-image-preview:large","max-video-preview":"max-video-preview:-1"},"canonical":"https:\/\/www.ull.es\/portal\/noticias\/2025\/la-ull-y-la-escuela-de-musica-de-la-laguna-ponen-en-marcha-el-proyecto-didactico-la-luz-de-aguere\/","og_locale":"es_ES","og_type":"article","og_title":"La ULL y la Escuela de M\u00fasica de La Laguna ponen en marcha el proyecto did\u00e1ctico \u2018La Luz de Aguere\u2019 - ULL - Noticias","og_description":"La Universidad de La Laguna y la Escuela Municipal de M\u00fasica Guillermo Gonz\u00e1lez, dependiente del Organismo Aut\u00f3nomo de Actividades Musicales...","og_url":"https:\/\/www.ull.es\/portal\/noticias\/2025\/la-ull-y-la-escuela-de-musica-de-la-laguna-ponen-en-marcha-el-proyecto-didactico-la-luz-de-aguere\/","og_site_name":"ULL - Noticias","article_publisher":"https:\/\/www.facebook.com\/universidaddelalaguna\/","article_published_time":"2025-10-23T10:22:13+00:00","og_image":[{"width":1600,"height":851,"url":"https:\/\/www.ull.es\/portal\/noticias\/wp-content\/uploads\/sites\/13\/2025\/10\/luz-de-aguere-David-Ramos-i-Pilar-Gil-Bilma-Diaz-Jose-Farrujia-d-.jpg","type":"image\/jpeg"}],"author":"gaprsa","twitter_card":"summary_large_image","twitter_creator":"@CanalULL","twitter_site":"@CanalULL","twitter_misc":{"Escrito por":"gaprsa","Tiempo de lectura":"4 minutos"},"schema":{"@context":"https:\/\/schema.org","@graph":[{"@type":"WebPage","@id":"https:\/\/www.ull.es\/portal\/noticias\/2025\/la-ull-y-la-escuela-de-musica-de-la-laguna-ponen-en-marcha-el-proyecto-didactico-la-luz-de-aguere\/","url":"https:\/\/www.ull.es\/portal\/noticias\/2025\/la-ull-y-la-escuela-de-musica-de-la-laguna-ponen-en-marcha-el-proyecto-didactico-la-luz-de-aguere\/","name":"La ULL y la Escuela de M\u00fasica de La Laguna ponen en marcha el proyecto did\u00e1ctico \u2018La Luz de Aguere\u2019 - ULL - Noticias","isPartOf":{"@id":"https:\/\/www.ull.es\/portal\/noticias\/#website"},"datePublished":"2025-10-23T10:22:13+00:00","dateModified":"2025-10-23T10:22:13+00:00","author":{"@id":"https:\/\/www.ull.es\/portal\/noticias\/#\/schema\/person\/b2b1a89d43ffa609e591f7df8ef3e817"},"breadcrumb":{"@id":"https:\/\/www.ull.es\/portal\/noticias\/2025\/la-ull-y-la-escuela-de-musica-de-la-laguna-ponen-en-marcha-el-proyecto-didactico-la-luz-de-aguere\/#breadcrumb"},"inLanguage":"es","potentialAction":[{"@type":"ReadAction","target":["https:\/\/www.ull.es\/portal\/noticias\/2025\/la-ull-y-la-escuela-de-musica-de-la-laguna-ponen-en-marcha-el-proyecto-didactico-la-luz-de-aguere\/"]}]},{"@type":"BreadcrumbList","@id":"https:\/\/www.ull.es\/portal\/noticias\/2025\/la-ull-y-la-escuela-de-musica-de-la-laguna-ponen-en-marcha-el-proyecto-didactico-la-luz-de-aguere\/#breadcrumb","itemListElement":[{"@type":"ListItem","position":1,"name":"Portada","item":"https:\/\/www.ull.es\/portal\/noticias\/"},{"@type":"ListItem","position":2,"name":"La ULL y la Escuela de M\u00fasica de La Laguna ponen en marcha el proyecto did\u00e1ctico \u2018La Luz de Aguere\u2019"}]},{"@type":"WebSite","@id":"https:\/\/www.ull.es\/portal\/noticias\/#website","url":"https:\/\/www.ull.es\/portal\/noticias\/","name":"ULL - Noticias","description":"","potentialAction":[{"@type":"SearchAction","target":{"@type":"EntryPoint","urlTemplate":"https:\/\/www.ull.es\/portal\/noticias\/?s={search_term_string}"},"query-input":"required name=search_term_string"}],"inLanguage":"es"},{"@type":"Person","@id":"https:\/\/www.ull.es\/portal\/noticias\/#\/schema\/person\/b2b1a89d43ffa609e591f7df8ef3e817","name":"gaprsa","image":{"@type":"ImageObject","inLanguage":"es","@id":"https:\/\/www.ull.es\/portal\/noticias\/#\/schema\/person\/image\/","url":"https:\/\/secure.gravatar.com\/avatar\/443820550921091458b4823867723b3d?s=96&d=mm&r=g","contentUrl":"https:\/\/secure.gravatar.com\/avatar\/443820550921091458b4823867723b3d?s=96&d=mm&r=g","caption":"gaprsa"},"url":"https:\/\/www.ull.es\/portal\/noticias\/author\/gaprsa\/"}]}},"primary_category":{"id":345,"name":"Destacado","slug":"destacado","link":"https:\/\/www.ull.es\/portal\/noticias\/category\/destacado\/"},"featured_image_thumbnail_url":"https:\/\/www.ull.es\/portal\/noticias\/wp-content\/uploads\/sites\/13\/2025\/10\/luz-de-aguere-David-Ramos-i-Pilar-Gil-Bilma-Diaz-Jose-Farrujia-d--300x160.jpg","_links":{"self":[{"href":"https:\/\/www.ull.es\/portal\/noticias\/wp-json\/wp\/v2\/posts\/85076"}],"collection":[{"href":"https:\/\/www.ull.es\/portal\/noticias\/wp-json\/wp\/v2\/posts"}],"about":[{"href":"https:\/\/www.ull.es\/portal\/noticias\/wp-json\/wp\/v2\/types\/post"}],"author":[{"embeddable":true,"href":"https:\/\/www.ull.es\/portal\/noticias\/wp-json\/wp\/v2\/users\/23"}],"replies":[{"embeddable":true,"href":"https:\/\/www.ull.es\/portal\/noticias\/wp-json\/wp\/v2\/comments?post=85076"}],"version-history":[{"count":1,"href":"https:\/\/www.ull.es\/portal\/noticias\/wp-json\/wp\/v2\/posts\/85076\/revisions"}],"predecessor-version":[{"id":85078,"href":"https:\/\/www.ull.es\/portal\/noticias\/wp-json\/wp\/v2\/posts\/85076\/revisions\/85078"}],"wp:featuredmedia":[{"embeddable":true,"href":"https:\/\/www.ull.es\/portal\/noticias\/wp-json\/wp\/v2\/media\/85077"}],"wp:attachment":[{"href":"https:\/\/www.ull.es\/portal\/noticias\/wp-json\/wp\/v2\/media?parent=85076"}],"wp:term":[{"taxonomy":"category","embeddable":true,"href":"https:\/\/www.ull.es\/portal\/noticias\/wp-json\/wp\/v2\/categories?post=85076"},{"taxonomy":"post_tag","embeddable":true,"href":"https:\/\/www.ull.es\/portal\/noticias\/wp-json\/wp\/v2\/tags?post=85076"}],"curies":[{"name":"wp","href":"https:\/\/api.w.org\/{rel}","templated":true}]}}