{"id":85092,"date":"2025-10-23T12:59:10","date_gmt":"2025-10-23T12:59:10","guid":{"rendered":"https:\/\/www.ull.es\/portal\/noticias\/?p=85092"},"modified":"2025-12-11T14:11:27","modified_gmt":"2025-12-11T14:11:27","slug":"abierta-septima-edicion-ingenia","status":"publish","type":"post","link":"https:\/\/www.ull.es\/portal\/noticias\/2025\/abierta-septima-edicion-ingenia\/","title":{"rendered":"Abierta la s\u00e9ptima edici\u00f3n de Ingenia para presentar propuestas alineadas con los ODS"},"content":{"rendered":"<p>La Universidad de La Laguna y el Cabildo de Tenerife, a trav\u00e9s del \u00e1rea de Educaci\u00f3n, Empleo y Juventud, han puesto en marcha la s\u00e9ptima edici\u00f3n de Ingenia, un proyecto de innovaci\u00f3n y emprendimiento juvenil que permite obtener hasta 3.000 euros de financiaci\u00f3n para ejecutar iniciativas que solucionen problemas sociales y medioambientales en Canarias. Este programa mantendr\u00e1 la <a href=\"https:\/\/forms.gle\/sWNut6JcNLsD5CWe9\" target=\"_blank\" rel=\"noopener\" target=\"_blank\" rel=\"noopener\">convocatoria abierta<\/a> hasta el 22 de diciembre de 2025.<\/p>\n<p>La iniciativa brinda asesoramiento y financiaci\u00f3n a aquellas personas que tienen ideas para hacer frente a los retos de la isla de Tenerife relacionadas con los Objetivos de Desarrollo Sostenible (ODS). Los equipos seleccionados recibir\u00e1n asesoramiento en distintas etapas, como la revisi\u00f3n de objetivos, la planificaci\u00f3n de recursos, la ejecuci\u00f3n progresiva del proyecto y la evaluaci\u00f3n de su impacto. Todo este proceso se llevar\u00e1 a cabo durante el segundo cuatrimestre del curso acad\u00e9mico 2025-2026.<\/p>\n<p>En los seis a\u00f1os de trayectoria del programa se han acompa\u00f1ado 55 proyectos, entre los que se encuentran ejemplos de \u00e9xito que se han seguido desarrollando y creciendo. En ediciones anteriores, INGENIA ha sido el trampol\u00edn para varias iniciativas que han alcanzado un notable impacto, como es el caso del proyecto Nunca Solo, que promueve la inclusi\u00f3n social de personas mayores y fue reconocida en 2021 con el Premio Nacional Enfermer\u00eda en Desarrollo, evidenciando su impacto en el \u00e1mbito social; o Imagos, participante de la quinta edici\u00f3n, ganador del concurso de proyectos cient\u00edficos y tecnol\u00f3gicos \u00c1frica Canarias Challenge, demostrando su potencial en innovaci\u00f3n tecnol\u00f3gica aplicada para que el proyecto sea accesible y gratuito para todos los pa\u00edses receptores de inmigraci\u00f3n.<\/p>\n<p>Ingenia est\u00e1 dirigido a personas menores de 31 a\u00f1os, as\u00ed como al profesorado de centros de Tenerife que tenga intenci\u00f3n de promover proyectos con estudiantes de Ciclo Medio o Superior y universitarios en la creaci\u00f3n de proyectos. Los equipos estar\u00e1n compuestos por entre dos y cinco personas, que deber\u00e1n ajustarse a alguna de las siguientes categor\u00edas: equipos de estudiantes de Formaci\u00f3n Profesional, equipos de estudiantes de grado universitario, equipos de estudiantes de m\u00e1ster o doctorado o p\u00fablico general menor de 31 a\u00f1os empadronado en la isla.<\/p>\n<p>Las propuestas presentadas deber\u00e1n ser iniciativas sociales, tecnol\u00f3gicas o medioambientales vinculadas al desarrollo sostenible en Tenerife. Las distintas ideas se evaluar\u00e1n en base a unos criterios recogidos en las bases entre los que se valorar\u00e1 la relevancia del problema planteado o la viabilidad de la soluci\u00f3n, entre otros. Solo los proyectos que obtengan al menos un 50% de la puntuaci\u00f3n pasar\u00e1n a una segunda fase, en la cual los y las participantes defender\u00e1n su idea en una entrevista y recibir\u00e1n una nueva valoraci\u00f3n.<\/p>\n","protected":false},"excerpt":{"rendered":"<p>La Universidad de La Laguna y el Cabildo de Tenerife, a trav\u00e9s del \u00e1rea de Educaci\u00f3n, Empleo y Juventud, han&#8230;<\/p>\n","protected":false},"author":21,"featured_media":85093,"comment_status":"closed","ping_status":"closed","sticky":false,"template":"","format":"standard","meta":{"inline_featured_image":false,"footnotes":""},"categories":[345,8720,348,2765],"tags":[665,3692,1127,1493,1504,4150],"acf":[],"yoast_head":"<!-- This site is optimized with the Yoast SEO plugin v21.3 - https:\/\/yoast.com\/wordpress\/plugins\/seo\/ -->\n<title>Abierta la s\u00e9ptima edici\u00f3n de Ingenia<\/title>\n<meta name=\"description\" content=\"Este proyecto de innovaci\u00f3n y emprendimiento juvenil mantendr\u00e1 esta nueva convocatoria abierta hasta el 22 de diciembre de 2025.\" \/>\n<meta name=\"robots\" content=\"index, follow, max-snippet:-1, max-image-preview:large, max-video-preview:-1\" \/>\n<link rel=\"canonical\" href=\"https:\/\/www.ull.es\/portal\/noticias\/2025\/abierta-septima-edicion-ingenia\/\" \/>\n<meta property=\"og:locale\" content=\"es_ES\" \/>\n<meta property=\"og:type\" content=\"article\" \/>\n<meta property=\"og:title\" content=\"Abierta la s\u00e9ptima edici\u00f3n de Ingenia\" \/>\n<meta property=\"og:description\" content=\"Este proyecto de innovaci\u00f3n y emprendimiento juvenil mantendr\u00e1 esta nueva convocatoria abierta hasta el 22 de diciembre de 2025.\" \/>\n<meta property=\"og:url\" content=\"https:\/\/www.ull.es\/portal\/noticias\/2025\/abierta-septima-edicion-ingenia\/\" \/>\n<meta property=\"og:site_name\" content=\"ULL - Noticias\" \/>\n<meta property=\"article:publisher\" content=\"https:\/\/www.facebook.com\/universidaddelalaguna\/\" \/>\n<meta property=\"article:published_time\" content=\"2025-10-23T12:59:10+00:00\" \/>\n<meta property=\"article:modified_time\" content=\"2025-12-11T14:11:27+00:00\" \/>\n<meta property=\"og:image\" content=\"https:\/\/www.ull.es\/portal\/noticias\/wp-content\/uploads\/sites\/13\/2025\/10\/Nueva-edicion-ingenia_Noticia.jpg\" \/>\n\t<meta property=\"og:image:width\" content=\"1200\" \/>\n\t<meta property=\"og:image:height\" content=\"800\" \/>\n\t<meta property=\"og:image:type\" content=\"image\/jpeg\" \/>\n<meta name=\"author\" content=\"prensa2\" \/>\n<meta name=\"twitter:card\" content=\"summary_large_image\" \/>\n<meta name=\"twitter:creator\" content=\"@CanalULL\" \/>\n<meta name=\"twitter:site\" content=\"@CanalULL\" \/>\n<meta name=\"twitter:label1\" content=\"Escrito por\" \/>\n\t<meta name=\"twitter:data1\" content=\"prensa2\" \/>\n\t<meta name=\"twitter:label2\" content=\"Tiempo de lectura\" \/>\n\t<meta name=\"twitter:data2\" content=\"2 minutos\" \/>\n<script type=\"application\/ld+json\" class=\"yoast-schema-graph\">{\"@context\":\"https:\/\/schema.org\",\"@graph\":[{\"@type\":\"WebPage\",\"@id\":\"https:\/\/www.ull.es\/portal\/noticias\/2025\/abierta-septima-edicion-ingenia\/\",\"url\":\"https:\/\/www.ull.es\/portal\/noticias\/2025\/abierta-septima-edicion-ingenia\/\",\"name\":\"Abierta la s\u00e9ptima edici\u00f3n de Ingenia\",\"isPartOf\":{\"@id\":\"https:\/\/www.ull.es\/portal\/noticias\/#website\"},\"datePublished\":\"2025-10-23T12:59:10+00:00\",\"dateModified\":\"2025-12-11T14:11:27+00:00\",\"author\":{\"@id\":\"https:\/\/www.ull.es\/portal\/noticias\/#\/schema\/person\/c3b2aa857797592927a03740d6664376\"},\"description\":\"Este proyecto de innovaci\u00f3n y emprendimiento juvenil mantendr\u00e1 esta nueva convocatoria abierta hasta el 22 de diciembre de 2025.\",\"breadcrumb\":{\"@id\":\"https:\/\/www.ull.es\/portal\/noticias\/2025\/abierta-septima-edicion-ingenia\/#breadcrumb\"},\"inLanguage\":\"es\",\"potentialAction\":[{\"@type\":\"ReadAction\",\"target\":[\"https:\/\/www.ull.es\/portal\/noticias\/2025\/abierta-septima-edicion-ingenia\/\"]}]},{\"@type\":\"BreadcrumbList\",\"@id\":\"https:\/\/www.ull.es\/portal\/noticias\/2025\/abierta-septima-edicion-ingenia\/#breadcrumb\",\"itemListElement\":[{\"@type\":\"ListItem\",\"position\":1,\"name\":\"Portada\",\"item\":\"https:\/\/www.ull.es\/portal\/noticias\/\"},{\"@type\":\"ListItem\",\"position\":2,\"name\":\"Abierta la s\u00e9ptima edici\u00f3n de Ingenia para presentar propuestas alineadas con los ODS\"}]},{\"@type\":\"WebSite\",\"@id\":\"https:\/\/www.ull.es\/portal\/noticias\/#website\",\"url\":\"https:\/\/www.ull.es\/portal\/noticias\/\",\"name\":\"ULL - Noticias\",\"description\":\"\",\"potentialAction\":[{\"@type\":\"SearchAction\",\"target\":{\"@type\":\"EntryPoint\",\"urlTemplate\":\"https:\/\/www.ull.es\/portal\/noticias\/?s={search_term_string}\"},\"query-input\":\"required name=search_term_string\"}],\"inLanguage\":\"es\"},{\"@type\":\"Person\",\"@id\":\"https:\/\/www.ull.es\/portal\/noticias\/#\/schema\/person\/c3b2aa857797592927a03740d6664376\",\"name\":\"prensa2\",\"image\":{\"@type\":\"ImageObject\",\"inLanguage\":\"es\",\"@id\":\"https:\/\/www.ull.es\/portal\/noticias\/#\/schema\/person\/image\/\",\"url\":\"https:\/\/secure.gravatar.com\/avatar\/b58f310a5de5feb33d1e026d2493f23c?s=96&d=mm&r=g\",\"contentUrl\":\"https:\/\/secure.gravatar.com\/avatar\/b58f310a5de5feb33d1e026d2493f23c?s=96&d=mm&r=g\",\"caption\":\"prensa2\"},\"url\":\"https:\/\/www.ull.es\/portal\/noticias\/author\/prensa2\/\"}]}<\/script>\n<!-- \/ Yoast SEO plugin. -->","yoast_head_json":{"title":"Abierta la s\u00e9ptima edici\u00f3n de Ingenia","description":"Este proyecto de innovaci\u00f3n y emprendimiento juvenil mantendr\u00e1 esta nueva convocatoria abierta hasta el 22 de diciembre de 2025.","robots":{"index":"index","follow":"follow","max-snippet":"max-snippet:-1","max-image-preview":"max-image-preview:large","max-video-preview":"max-video-preview:-1"},"canonical":"https:\/\/www.ull.es\/portal\/noticias\/2025\/abierta-septima-edicion-ingenia\/","og_locale":"es_ES","og_type":"article","og_title":"Abierta la s\u00e9ptima edici\u00f3n de Ingenia","og_description":"Este proyecto de innovaci\u00f3n y emprendimiento juvenil mantendr\u00e1 esta nueva convocatoria abierta hasta el 22 de diciembre de 2025.","og_url":"https:\/\/www.ull.es\/portal\/noticias\/2025\/abierta-septima-edicion-ingenia\/","og_site_name":"ULL - Noticias","article_publisher":"https:\/\/www.facebook.com\/universidaddelalaguna\/","article_published_time":"2025-10-23T12:59:10+00:00","article_modified_time":"2025-12-11T14:11:27+00:00","og_image":[{"width":1200,"height":800,"url":"https:\/\/www.ull.es\/portal\/noticias\/wp-content\/uploads\/sites\/13\/2025\/10\/Nueva-edicion-ingenia_Noticia.jpg","type":"image\/jpeg"}],"author":"prensa2","twitter_card":"summary_large_image","twitter_creator":"@CanalULL","twitter_site":"@CanalULL","twitter_misc":{"Escrito por":"prensa2","Tiempo de lectura":"2 minutos"},"schema":{"@context":"https:\/\/schema.org","@graph":[{"@type":"WebPage","@id":"https:\/\/www.ull.es\/portal\/noticias\/2025\/abierta-septima-edicion-ingenia\/","url":"https:\/\/www.ull.es\/portal\/noticias\/2025\/abierta-septima-edicion-ingenia\/","name":"Abierta la s\u00e9ptima edici\u00f3n de Ingenia","isPartOf":{"@id":"https:\/\/www.ull.es\/portal\/noticias\/#website"},"datePublished":"2025-10-23T12:59:10+00:00","dateModified":"2025-12-11T14:11:27+00:00","author":{"@id":"https:\/\/www.ull.es\/portal\/noticias\/#\/schema\/person\/c3b2aa857797592927a03740d6664376"},"description":"Este proyecto de innovaci\u00f3n y emprendimiento juvenil mantendr\u00e1 esta nueva convocatoria abierta hasta el 22 de diciembre de 2025.","breadcrumb":{"@id":"https:\/\/www.ull.es\/portal\/noticias\/2025\/abierta-septima-edicion-ingenia\/#breadcrumb"},"inLanguage":"es","potentialAction":[{"@type":"ReadAction","target":["https:\/\/www.ull.es\/portal\/noticias\/2025\/abierta-septima-edicion-ingenia\/"]}]},{"@type":"BreadcrumbList","@id":"https:\/\/www.ull.es\/portal\/noticias\/2025\/abierta-septima-edicion-ingenia\/#breadcrumb","itemListElement":[{"@type":"ListItem","position":1,"name":"Portada","item":"https:\/\/www.ull.es\/portal\/noticias\/"},{"@type":"ListItem","position":2,"name":"Abierta la s\u00e9ptima edici\u00f3n de Ingenia para presentar propuestas alineadas con los ODS"}]},{"@type":"WebSite","@id":"https:\/\/www.ull.es\/portal\/noticias\/#website","url":"https:\/\/www.ull.es\/portal\/noticias\/","name":"ULL - Noticias","description":"","potentialAction":[{"@type":"SearchAction","target":{"@type":"EntryPoint","urlTemplate":"https:\/\/www.ull.es\/portal\/noticias\/?s={search_term_string}"},"query-input":"required name=search_term_string"}],"inLanguage":"es"},{"@type":"Person","@id":"https:\/\/www.ull.es\/portal\/noticias\/#\/schema\/person\/c3b2aa857797592927a03740d6664376","name":"prensa2","image":{"@type":"ImageObject","inLanguage":"es","@id":"https:\/\/www.ull.es\/portal\/noticias\/#\/schema\/person\/image\/","url":"https:\/\/secure.gravatar.com\/avatar\/b58f310a5de5feb33d1e026d2493f23c?s=96&d=mm&r=g","contentUrl":"https:\/\/secure.gravatar.com\/avatar\/b58f310a5de5feb33d1e026d2493f23c?s=96&d=mm&r=g","caption":"prensa2"},"url":"https:\/\/www.ull.es\/portal\/noticias\/author\/prensa2\/"}]}},"primary_category":{"id":345,"name":"Destacado","slug":"destacado","link":"https:\/\/www.ull.es\/portal\/noticias\/category\/destacado\/"},"featured_image_thumbnail_url":"https:\/\/www.ull.es\/portal\/noticias\/wp-content\/uploads\/sites\/13\/2025\/10\/Nueva-edicion-ingenia_Noticia-300x200.jpg","_links":{"self":[{"href":"https:\/\/www.ull.es\/portal\/noticias\/wp-json\/wp\/v2\/posts\/85092"}],"collection":[{"href":"https:\/\/www.ull.es\/portal\/noticias\/wp-json\/wp\/v2\/posts"}],"about":[{"href":"https:\/\/www.ull.es\/portal\/noticias\/wp-json\/wp\/v2\/types\/post"}],"author":[{"embeddable":true,"href":"https:\/\/www.ull.es\/portal\/noticias\/wp-json\/wp\/v2\/users\/21"}],"replies":[{"embeddable":true,"href":"https:\/\/www.ull.es\/portal\/noticias\/wp-json\/wp\/v2\/comments?post=85092"}],"version-history":[{"count":1,"href":"https:\/\/www.ull.es\/portal\/noticias\/wp-json\/wp\/v2\/posts\/85092\/revisions"}],"predecessor-version":[{"id":85094,"href":"https:\/\/www.ull.es\/portal\/noticias\/wp-json\/wp\/v2\/posts\/85092\/revisions\/85094"}],"wp:featuredmedia":[{"embeddable":true,"href":"https:\/\/www.ull.es\/portal\/noticias\/wp-json\/wp\/v2\/media\/85093"}],"wp:attachment":[{"href":"https:\/\/www.ull.es\/portal\/noticias\/wp-json\/wp\/v2\/media?parent=85092"}],"wp:term":[{"taxonomy":"category","embeddable":true,"href":"https:\/\/www.ull.es\/portal\/noticias\/wp-json\/wp\/v2\/categories?post=85092"},{"taxonomy":"post_tag","embeddable":true,"href":"https:\/\/www.ull.es\/portal\/noticias\/wp-json\/wp\/v2\/tags?post=85092"}],"curies":[{"name":"wp","href":"https:\/\/api.w.org\/{rel}","templated":true}]}}